{"id":13101,"date":"2019-08-02T02:13:10","date_gmt":"2019-08-02T05:13:10","guid":{"rendered":"http:\/\/www.mundoagropecuario.cl\/new\/?p=13101"},"modified":"2019-08-06T11:31:06","modified_gmt":"2019-08-06T14:31:06","slug":"sag-biobio-da-a-conocer-systems-approach-a-productores-de-arandanos-de-la-region","status":"publish","type":"post","link":"https:\/\/www.mundoagropecuario.cl\/new\/sag-biobio-da-a-conocer-systems-approach-a-productores-de-arandanos-de-la-region\/","title":{"rendered":"SAG Biob\u00edo da a conocer Systems Approach a productores de ar\u00e1ndanos de la regi\u00f3n"},"content":{"rendered":"\n<ul class=\"wp-block-gallery columns-0 is-cropped wp-block-gallery-1 is-layout-flex wp-block-gallery-is-layout-flex\"><\/ul>\n\n\n\n<p><\/p>\n\n\n\n<blockquote class=\"wp-block-quote is-layout-flow wp-block-quote-is-layout-flow\"><p><em>Actualmente, los productores de ar\u00e1ndanos de la regi\u00f3n del Biob\u00edo, junto con \u00d1uble, Maule y O\u00b4Higgins pueden exportar su producci\u00f3n en estado fresco fumigada, en origen o destino, con bromuro de metilo, a Estados Unidos, lo que afecta la calidad de la fruta y en el caso de los productores org\u00e1nicos con lleva a que pierdan esa condici\u00f3n producto de esta fumigaci\u00f3n (Mundo Agropecuario).<\/em><\/p><\/blockquote>\n\n\n\n<p>El Servicio Agr\u00edcola y Ganadero (SAG) de Biob\u00edo se reuni\u00f3 con los productores de ar\u00e1ndanos de la regi\u00f3n, oportunidad en la que di\u00f3 a conocer el Systems Approach que se encuentra evaluando el Departamento de Agricultura de Estados Unidos para autorizar la exportaci\u00f3n de ar\u00e1ndanos desde predios libres o reglamentados fuera del \u00e1rea de control de la polilla del racimo de la vid o Lobesia botrana de las regiones del Biob\u00edo y \u00d1uble.<\/p>\n\n\n\n<p>Al respecto, el Seremi de Agricultura de Biob\u00edo, Francisco Lagos, se\u00f1al\u00f3 que \u201cesta es una importante noticia para el sector frut\u00edcola de nuestra regi\u00f3n. El Gobierno, a trav\u00e9s del Ministerio de Agricultura, ha trabajado para que Estados Unidos apruebe este Systems Approach, por lo que debemos estar preparados para cumplir los requisitos establecidos para exportar ar\u00e1ndanos en estado fresco a ese mercado esta temporada, por ello es importante que los productores que puedan optar al Systems Approach conozcan el plan de trabajo que deben implementar en sus huertos\u201d.<\/p>\n\n\n\n<div class=\"wp-block-image\"><figure class=\"alignleft is-resized\"><img loading=\"lazy\" decoding=\"async\" src=\"https:\/\/www.mundoagropecuario.cl\/new\/wp-content\/uploads\/2019\/08\/IMG-20190801-WA0026-1024x768.jpg\" alt=\"\" class=\"wp-image-13103\" width=\"365\" height=\"274\" srcset=\"https:\/\/www.mundoagropecuario.cl\/new\/wp-content\/uploads\/2019\/08\/IMG-20190801-WA0026-1024x768.jpg 1024w, https:\/\/www.mundoagropecuario.cl\/new\/wp-content\/uploads\/2019\/08\/IMG-20190801-WA0026-586x440.jpg 586w, https:\/\/www.mundoagropecuario.cl\/new\/wp-content\/uploads\/2019\/08\/IMG-20190801-WA0026-768x576.jpg 768w, https:\/\/www.mundoagropecuario.cl\/new\/wp-content\/uploads\/2019\/08\/IMG-20190801-WA0026.jpg 533w\" sizes=\"auto, (max-width: 365px) 100vw, 365px\" \/><\/figure><\/div>\n\n\n\n<p>Por su parte el Director Regional del SAG de Biob\u00edo, Iv\u00e1n Ram\u00edrez, indic\u00f3 que \u201cel System Approach permitir\u00e1 que los predios que no se encuentren en el \u00e1rea de control de la plaga Lobesia botrana,, puedan exportar su producci\u00f3n sin la necesidad de fumigar la fruta, lo que beneficiar\u00e1 a 93 productores de ar\u00e1ndanos, de un universo de 133 productores existentes en la regi\u00f3n\u201d.&nbsp;<\/p>\n\n\n\n<p>Mientras que el Director Ejecutivo del Comit\u00e9 de Ar\u00e1ndanos, Andr\u00e9s Armstromg, explic\u00f3 que \u201cdesde fines del a\u00f1o 2013 los productores de ar\u00e1ndanos de la regi\u00f3n del Biob\u00edo, junto con \u00d1uble, Maule y O\u00b4Higgins pueden exportar su producci\u00f3n en estado fresco a Estados Unidos fumigados, en origen o destino, con bromuro de metilo, lo que afecta la calidad de la fruta y en el caso de los productores org\u00e1nicos conlleva a que pierdan esa condici\u00f3n producto de esta fumigaci\u00f3n\u201d.<\/p>\n\n\n\n<p>El System Approach es un conjunto de medidas de manejo del riesgo de plagas que permite garantizar las condiciones que impone el mercado de Estados Unidos a la importaci\u00f3n de ar\u00e1ndanos que se producen en nuestro pa\u00eds en aquellas zonas libres de la plaga Lobesia botrana, para las regiones del Biob\u00edo y \u00d1uble.<\/p>\n\n\n\n<p>Para acceder al Systems Approach los productores de ar\u00e1ndanos que no se encuentren en el \u00e1rea de control de la plaga, deben inscribirse en el Sistema de Registro Agr\u00edcola (SRA) del SAG, instalar trampas para el monitoreo de la plaga a trav\u00e9s de una empresa autorizada por el SAG antes del 30 de agosto, cuyo listado se encuentra disponible en la p\u00e1gina web www.sag.cl; no tener instalados emisores de confusi\u00f3n sexual, eliminaci\u00f3n de fruta deforme o defectuosa en el proceso de embalaje, inspecci\u00f3n en Sitio SAG \/ USDA, almacenamiento a 2\u00b0C durante 10&nbsp;&nbsp;d\u00edas para env\u00edo v\u00eda mar\u00edtima o a\u00e9rea.<\/p>\n\n\n\n<p>La polilla del racimo de la vid o Lobesia botrana fue detectada por primera vez en nuestro pa\u00eds en la zona de Linderos, Regi\u00f3n Metropolitana. La plaga, originaria de Europa, ataca a los vi\u00f1edos, su larva provoca un da\u00f1o directo al alimentarse de los racimos, produci\u00e9ndose una pudrici\u00f3n y deshidrataci\u00f3n de las bayas, situaci\u00f3n que hace disminuir los rendimientos de las vi\u00f1as.<\/p>\n\n\n\n<p>Debido al grave da\u00f1o fitosanitario que este insecto produce al sector agr\u00edcola, el SAG la declar\u00f3 bajo control obligatorio mediante la Resoluci\u00f3n N\u00b05.916 de 2016 modificada por la Resoluci\u00f3n N\u00b0 3.213 del 25 de mayo de 2017.<\/p>\n","protected":false},"excerpt":{"rendered":"<p>Actualmente, los productores de ar\u00e1ndanos de la regi\u00f3n del Biob\u00edo, junto con \u00d1uble, Maule y O\u00b4Higgins pueden exportar su producci\u00f3n en estado fresco fumigada, en origen o destino, con bromuro&#8230;<\/p>\n","protected":false},"author":2,"featured_media":13102,"comment_status":"closed","ping_status":"closed","sticky":false,"template":"","format":"gallery","meta":{"footnotes":""},"categories":[1986],"tags":[2096,2173,3913],"class_list":["post-13101","post","type-post","status-publish","format-gallery","has-post-thumbnail","hentry","category-frutas","tag-arandanos","tag-sag-biobio","tag-systems-approach","post_format-post-format-gallery"],"yoast_head":"<!-- This site is optimized with the Yoast SEO plugin v26.6 - https:\/\/yoast.com\/wordpress\/plugins\/seo\/ -->\n<title>SAG Biob\u00edo da a conocer Systems Approach a productores de ar\u00e1ndanos de la regi\u00f3n - Mundoagropecuario<\/title>\n<meta name=\"robots\" content=\"index, follow, max-snippet:-1, max-image-preview:large, max-video-preview:-1\" \/>\n<link rel=\"canonical\" href=\"https:\/\/www.mundoagropecuario.cl\/new\/sag-biobio-da-a-conocer-systems-approach-a-productores-de-arandanos-de-la-region\/\" \/>\n<meta property=\"og:locale\" content=\"es_ES\" \/>\n<meta property=\"og:type\" content=\"article\" \/>\n<meta property=\"og:title\" content=\"SAG Biob\u00edo da a conocer Systems Approach a productores de ar\u00e1ndanos de la regi\u00f3n - Mundoagropecuario\" \/>\n<meta property=\"og:description\" content=\"Actualmente, los productores de ar\u00e1ndanos de la regi\u00f3n del Biob\u00edo, junto con \u00d1uble, Maule y O\u00b4Higgins pueden exportar su producci\u00f3n en estado fresco fumigada, en origen o destino, con bromuro...\" \/>\n<meta property=\"og:url\" content=\"https:\/\/www.mundoagropecuario.cl\/new\/sag-biobio-da-a-conocer-systems-approach-a-productores-de-arandanos-de-la-region\/\" \/>\n<meta property=\"og:site_name\" content=\"Mundoagropecuario\" \/>\n<meta property=\"article:publisher\" content=\"https:\/\/www.facebook.com\/mundo.agropecuario.3\" \/>\n<meta property=\"article:published_time\" content=\"2019-08-02T05:13:10+00:00\" \/>\n<meta property=\"article:modified_time\" content=\"2019-08-06T14:31:06+00:00\" \/>\n<meta property=\"og:image\" content=\"https:\/\/www.mundoagropecuario.cl\/new\/wp-content\/uploads\/2019\/08\/IMG-20190801-WA0025.jpg\" \/>\n\t<meta property=\"og:image:width\" content=\"1024\" \/>\n\t<meta property=\"og:image:height\" content=\"768\" \/>\n\t<meta property=\"og:image:type\" content=\"image\/jpeg\" \/>\n<meta name=\"author\" content=\"mundo\" \/>\n<meta name=\"twitter:card\" content=\"summary_large_image\" \/>\n<meta name=\"twitter:creator\" content=\"@MundoAgropecuar\" \/>\n<meta name=\"twitter:site\" content=\"@MundoAgropecuar\" \/>\n<meta name=\"twitter:label1\" content=\"Escrito por\" \/>\n\t<meta name=\"twitter:data1\" content=\"mundo\" \/>\n\t<meta name=\"twitter:label2\" content=\"Tiempo de lectura\" \/>\n\t<meta name=\"twitter:data2\" content=\"3 minutos\" \/>\n<script type=\"application\/ld+json\" class=\"yoast-schema-graph\">{\"@context\":\"https:\/\/schema.org\",\"@graph\":[{\"@type\":\"Article\",\"@id\":\"https:\/\/www.mundoagropecuario.cl\/new\/sag-biobio-da-a-conocer-systems-approach-a-productores-de-arandanos-de-la-region\/#article\",\"isPartOf\":{\"@id\":\"https:\/\/www.mundoagropecuario.cl\/new\/sag-biobio-da-a-conocer-systems-approach-a-productores-de-arandanos-de-la-region\/\"},\"author\":{\"name\":\"mundo\",\"@id\":\"https:\/\/www.mundoagropecuario.cl\/new\/#\/schema\/person\/4e9f74a82a7dac260eb1c44b7eebeb18\"},\"headline\":\"SAG Biob\u00edo da a conocer Systems Approach a productores de ar\u00e1ndanos de la regi\u00f3n\",\"datePublished\":\"2019-08-02T05:13:10+00:00\",\"dateModified\":\"2019-08-06T14:31:06+00:00\",\"mainEntityOfPage\":{\"@id\":\"https:\/\/www.mundoagropecuario.cl\/new\/sag-biobio-da-a-conocer-systems-approach-a-productores-de-arandanos-de-la-region\/\"},\"wordCount\":698,\"publisher\":{\"@id\":\"https:\/\/www.mundoagropecuario.cl\/new\/#organization\"},\"image\":{\"@id\":\"https:\/\/www.mundoagropecuario.cl\/new\/sag-biobio-da-a-conocer-systems-approach-a-productores-de-arandanos-de-la-region\/#primaryimage\"},\"thumbnailUrl\":\"https:\/\/www.mundoagropecuario.cl\/new\/wp-content\/uploads\/2019\/08\/IMG-20190801-WA0025.jpg\",\"keywords\":[\"Ar\u00e1ndanos\",\"SAG Biob\u00edo\",\"Systems Approach\"],\"articleSection\":[\"Frutas\"],\"inLanguage\":\"es\"},{\"@type\":\"WebPage\",\"@id\":\"https:\/\/www.mundoagropecuario.cl\/new\/sag-biobio-da-a-conocer-systems-approach-a-productores-de-arandanos-de-la-region\/\",\"url\":\"https:\/\/www.mundoagropecuario.cl\/new\/sag-biobio-da-a-conocer-systems-approach-a-productores-de-arandanos-de-la-region\/\",\"name\":\"SAG Biob\u00edo da a conocer Systems Approach a productores de ar\u00e1ndanos de la regi\u00f3n - Mundoagropecuario\",\"isPartOf\":{\"@id\":\"https:\/\/www.mundoagropecuario.cl\/new\/#website\"},\"primaryImageOfPage\":{\"@id\":\"https:\/\/www.mundoagropecuario.cl\/new\/sag-biobio-da-a-conocer-systems-approach-a-productores-de-arandanos-de-la-region\/#primaryimage\"},\"image\":{\"@id\":\"https:\/\/www.mundoagropecuario.cl\/new\/sag-biobio-da-a-conocer-systems-approach-a-productores-de-arandanos-de-la-region\/#primaryimage\"},\"thumbnailUrl\":\"https:\/\/www.mundoagropecuario.cl\/new\/wp-content\/uploads\/2019\/08\/IMG-20190801-WA0025.jpg\",\"datePublished\":\"2019-08-02T05:13:10+00:00\",\"dateModified\":\"2019-08-06T14:31:06+00:00\",\"breadcrumb\":{\"@id\":\"https:\/\/www.mundoagropecuario.cl\/new\/sag-biobio-da-a-conocer-systems-approach-a-productores-de-arandanos-de-la-region\/#breadcrumb\"},\"inLanguage\":\"es\",\"potentialAction\":[{\"@type\":\"ReadAction\",\"target\":[\"https:\/\/www.mundoagropecuario.cl\/new\/sag-biobio-da-a-conocer-systems-approach-a-productores-de-arandanos-de-la-region\/\"]}]},{\"@type\":\"ImageObject\",\"inLanguage\":\"es\",\"@id\":\"https:\/\/www.mundoagropecuario.cl\/new\/sag-biobio-da-a-conocer-systems-approach-a-productores-de-arandanos-de-la-region\/#primaryimage\",\"url\":\"https:\/\/www.mundoagropecuario.cl\/new\/wp-content\/uploads\/2019\/08\/IMG-20190801-WA0025.jpg\",\"contentUrl\":\"https:\/\/www.mundoagropecuario.cl\/new\/wp-content\/uploads\/2019\/08\/IMG-20190801-WA0025.jpg\",\"width\":533,\"height\":400},{\"@type\":\"BreadcrumbList\",\"@id\":\"https:\/\/www.mundoagropecuario.cl\/new\/sag-biobio-da-a-conocer-systems-approach-a-productores-de-arandanos-de-la-region\/#breadcrumb\",\"itemListElement\":[{\"@type\":\"ListItem\",\"position\":1,\"name\":\"Portada\",\"item\":\"https:\/\/www.mundoagropecuario.cl\/new\/\"},{\"@type\":\"ListItem\",\"position\":2,\"name\":\"SAG Biob\u00edo da a conocer Systems Approach a productores de ar\u00e1ndanos de la regi\u00f3n\"}]},{\"@type\":\"WebSite\",\"@id\":\"https:\/\/www.mundoagropecuario.cl\/new\/#website\",\"url\":\"https:\/\/www.mundoagropecuario.cl\/new\/\",\"name\":\"Mundoagropecuario\",\"description\":\"Mundo Agropecuario\",\"publisher\":{\"@id\":\"https:\/\/www.mundoagropecuario.cl\/new\/#organization\"},\"potentialAction\":[{\"@type\":\"SearchAction\",\"target\":{\"@type\":\"EntryPoint\",\"urlTemplate\":\"https:\/\/www.mundoagropecuario.cl\/new\/?s={search_term_string}\"},\"query-input\":{\"@type\":\"PropertyValueSpecification\",\"valueRequired\":true,\"valueName\":\"search_term_string\"}}],\"inLanguage\":\"es\"},{\"@type\":\"Organization\",\"@id\":\"https:\/\/www.mundoagropecuario.cl\/new\/#organization\",\"name\":\"Revista de Agricultura\",\"url\":\"https:\/\/www.mundoagropecuario.cl\/new\/\",\"logo\":{\"@type\":\"ImageObject\",\"inLanguage\":\"es\",\"@id\":\"https:\/\/www.mundoagropecuario.cl\/new\/#\/schema\/logo\/image\/\",\"url\":\"https:\/\/www.mundoagropecuario.cl\/new\/wp-content\/uploads\/2020\/11\/PORTAL-1-1.png\",\"contentUrl\":\"https:\/\/www.mundoagropecuario.cl\/new\/wp-content\/uploads\/2020\/11\/PORTAL-1-1.png\",\"width\":1026,\"height\":100,\"caption\":\"Revista de Agricultura\"},\"image\":{\"@id\":\"https:\/\/www.mundoagropecuario.cl\/new\/#\/schema\/logo\/image\/\"},\"sameAs\":[\"https:\/\/www.facebook.com\/mundo.agropecuario.3\",\"https:\/\/x.com\/MundoAgropecuar\",\"https:\/\/www.linkedin.com\/in\/mundo-agropecuario-934009201\/\"]},{\"@type\":\"Person\",\"@id\":\"https:\/\/www.mundoagropecuario.cl\/new\/#\/schema\/person\/4e9f74a82a7dac260eb1c44b7eebeb18\",\"name\":\"mundo\",\"url\":\"https:\/\/www.mundoagropecuario.cl\/new\/author\/mundo\/\"}]}<\/script>\n<!-- \/ Yoast SEO plugin. -->","yoast_head_json":{"title":"SAG Biob\u00edo da a conocer Systems Approach a productores de ar\u00e1ndanos de la regi\u00f3n - Mundoagropecuario","robots":{"index":"index","follow":"follow","max-snippet":"max-snippet:-1","max-image-preview":"max-image-preview:large","max-video-preview":"max-video-preview:-1"},"canonical":"https:\/\/www.mundoagropecuario.cl\/new\/sag-biobio-da-a-conocer-systems-approach-a-productores-de-arandanos-de-la-region\/","og_locale":"es_ES","og_type":"article","og_title":"SAG Biob\u00edo da a conocer Systems Approach a productores de ar\u00e1ndanos de la regi\u00f3n - Mundoagropecuario","og_description":"Actualmente, los productores de ar\u00e1ndanos de la regi\u00f3n del Biob\u00edo, junto con \u00d1uble, Maule y O\u00b4Higgins pueden exportar su producci\u00f3n en estado fresco fumigada, en origen o destino, con bromuro...","og_url":"https:\/\/www.mundoagropecuario.cl\/new\/sag-biobio-da-a-conocer-systems-approach-a-productores-de-arandanos-de-la-region\/","og_site_name":"Mundoagropecuario","article_publisher":"https:\/\/www.facebook.com\/mundo.agropecuario.3","article_published_time":"2019-08-02T05:13:10+00:00","article_modified_time":"2019-08-06T14:31:06+00:00","og_image":[{"width":1024,"height":768,"url":"https:\/\/www.mundoagropecuario.cl\/new\/wp-content\/uploads\/2019\/08\/IMG-20190801-WA0025.jpg","type":"image\/jpeg"}],"author":"mundo","twitter_card":"summary_large_image","twitter_creator":"@MundoAgropecuar","twitter_site":"@MundoAgropecuar","twitter_misc":{"Escrito por":"mundo","Tiempo de lectura":"3 minutos"},"schema":{"@context":"https:\/\/schema.org","@graph":[{"@type":"Article","@id":"https:\/\/www.mundoagropecuario.cl\/new\/sag-biobio-da-a-conocer-systems-approach-a-productores-de-arandanos-de-la-region\/#article","isPartOf":{"@id":"https:\/\/www.mundoagropecuario.cl\/new\/sag-biobio-da-a-conocer-systems-approach-a-productores-de-arandanos-de-la-region\/"},"author":{"name":"mundo","@id":"https:\/\/www.mundoagropecuario.cl\/new\/#\/schema\/person\/4e9f74a82a7dac260eb1c44b7eebeb18"},"headline":"SAG Biob\u00edo da a conocer Systems Approach a productores de ar\u00e1ndanos de la regi\u00f3n","datePublished":"2019-08-02T05:13:10+00:00","dateModified":"2019-08-06T14:31:06+00:00","mainEntityOfPage":{"@id":"https:\/\/www.mundoagropecuario.cl\/new\/sag-biobio-da-a-conocer-systems-approach-a-productores-de-arandanos-de-la-region\/"},"wordCount":698,"publisher":{"@id":"https:\/\/www.mundoagropecuario.cl\/new\/#organization"},"image":{"@id":"https:\/\/www.mundoagropecuario.cl\/new\/sag-biobio-da-a-conocer-systems-approach-a-productores-de-arandanos-de-la-region\/#primaryimage"},"thumbnailUrl":"https:\/\/www.mundoagropecuario.cl\/new\/wp-content\/uploads\/2019\/08\/IMG-20190801-WA0025.jpg","keywords":["Ar\u00e1ndanos","SAG Biob\u00edo","Systems Approach"],"articleSection":["Frutas"],"inLanguage":"es"},{"@type":"WebPage","@id":"https:\/\/www.mundoagropecuario.cl\/new\/sag-biobio-da-a-conocer-systems-approach-a-productores-de-arandanos-de-la-region\/","url":"https:\/\/www.mundoagropecuario.cl\/new\/sag-biobio-da-a-conocer-systems-approach-a-productores-de-arandanos-de-la-region\/","name":"SAG Biob\u00edo da a conocer Systems Approach a productores de ar\u00e1ndanos de la regi\u00f3n - Mundoagropecuario","isPartOf":{"@id":"https:\/\/www.mundoagropecuario.cl\/new\/#website"},"primaryImageOfPage":{"@id":"https:\/\/www.mundoagropecuario.cl\/new\/sag-biobio-da-a-conocer-systems-approach-a-productores-de-arandanos-de-la-region\/#primaryimage"},"image":{"@id":"https:\/\/www.mundoagropecuario.cl\/new\/sag-biobio-da-a-conocer-systems-approach-a-productores-de-arandanos-de-la-region\/#primaryimage"},"thumbnailUrl":"https:\/\/www.mundoagropecuario.cl\/new\/wp-content\/uploads\/2019\/08\/IMG-20190801-WA0025.jpg","datePublished":"2019-08-02T05:13:10+00:00","dateModified":"2019-08-06T14:31:06+00:00","breadcrumb":{"@id":"https:\/\/www.mundoagropecuario.cl\/new\/sag-biobio-da-a-conocer-systems-approach-a-productores-de-arandanos-de-la-region\/#breadcrumb"},"inLanguage":"es","potentialAction":[{"@type":"ReadAction","target":["https:\/\/www.mundoagropecuario.cl\/new\/sag-biobio-da-a-conocer-systems-approach-a-productores-de-arandanos-de-la-region\/"]}]},{"@type":"ImageObject","inLanguage":"es","@id":"https:\/\/www.mundoagropecuario.cl\/new\/sag-biobio-da-a-conocer-systems-approach-a-productores-de-arandanos-de-la-region\/#primaryimage","url":"https:\/\/www.mundoagropecuario.cl\/new\/wp-content\/uploads\/2019\/08\/IMG-20190801-WA0025.jpg","contentUrl":"https:\/\/www.mundoagropecuario.cl\/new\/wp-content\/uploads\/2019\/08\/IMG-20190801-WA0025.jpg","width":533,"height":400},{"@type":"BreadcrumbList","@id":"https:\/\/www.mundoagropecuario.cl\/new\/sag-biobio-da-a-conocer-systems-approach-a-productores-de-arandanos-de-la-region\/#breadcrumb","itemListElement":[{"@type":"ListItem","position":1,"name":"Portada","item":"https:\/\/www.mundoagropecuario.cl\/new\/"},{"@type":"ListItem","position":2,"name":"SAG Biob\u00edo da a conocer Systems Approach a productores de ar\u00e1ndanos de la regi\u00f3n"}]},{"@type":"WebSite","@id":"https:\/\/www.mundoagropecuario.cl\/new\/#website","url":"https:\/\/www.mundoagropecuario.cl\/new\/","name":"Mundoagropecuario","description":"Mundo Agropecuario","publisher":{"@id":"https:\/\/www.mundoagropecuario.cl\/new\/#organization"},"potentialAction":[{"@type":"SearchAction","target":{"@type":"EntryPoint","urlTemplate":"https:\/\/www.mundoagropecuario.cl\/new\/?s={search_term_string}"},"query-input":{"@type":"PropertyValueSpecification","valueRequired":true,"valueName":"search_term_string"}}],"inLanguage":"es"},{"@type":"Organization","@id":"https:\/\/www.mundoagropecuario.cl\/new\/#organization","name":"Revista de Agricultura","url":"https:\/\/www.mundoagropecuario.cl\/new\/","logo":{"@type":"ImageObject","inLanguage":"es","@id":"https:\/\/www.mundoagropecuario.cl\/new\/#\/schema\/logo\/image\/","url":"https:\/\/www.mundoagropecuario.cl\/new\/wp-content\/uploads\/2020\/11\/PORTAL-1-1.png","contentUrl":"https:\/\/www.mundoagropecuario.cl\/new\/wp-content\/uploads\/2020\/11\/PORTAL-1-1.png","width":1026,"height":100,"caption":"Revista de Agricultura"},"image":{"@id":"https:\/\/www.mundoagropecuario.cl\/new\/#\/schema\/logo\/image\/"},"sameAs":["https:\/\/www.facebook.com\/mundo.agropecuario.3","https:\/\/x.com\/MundoAgropecuar","https:\/\/www.linkedin.com\/in\/mundo-agropecuario-934009201\/"]},{"@type":"Person","@id":"https:\/\/www.mundoagropecuario.cl\/new\/#\/schema\/person\/4e9f74a82a7dac260eb1c44b7eebeb18","name":"mundo","url":"https:\/\/www.mundoagropecuario.cl\/new\/author\/mundo\/"}]}},"_links":{"self":[{"href":"https:\/\/www.mundoagropecuario.cl\/new\/wp-json\/wp\/v2\/posts\/13101","targetHints":{"allow":["GET"]}}],"collection":[{"href":"https:\/\/www.mundoagropecuario.cl\/new\/wp-json\/wp\/v2\/posts"}],"about":[{"href":"https:\/\/www.mundoagropecuario.cl\/new\/wp-json\/wp\/v2\/types\/post"}],"author":[{"embeddable":true,"href":"https:\/\/www.mundoagropecuario.cl\/new\/wp-json\/wp\/v2\/users\/2"}],"replies":[{"embeddable":true,"href":"https:\/\/www.mundoagropecuario.cl\/new\/wp-json\/wp\/v2\/comments?post=13101"}],"version-history":[{"count":1,"href":"https:\/\/www.mundoagropecuario.cl\/new\/wp-json\/wp\/v2\/posts\/13101\/revisions"}],"predecessor-version":[{"id":13105,"href":"https:\/\/www.mundoagropecuario.cl\/new\/wp-json\/wp\/v2\/posts\/13101\/revisions\/13105"}],"wp:featuredmedia":[{"embeddable":true,"href":"https:\/\/www.mundoagropecuario.cl\/new\/wp-json\/wp\/v2\/media\/13102"}],"wp:attachment":[{"href":"https:\/\/www.mundoagropecuario.cl\/new\/wp-json\/wp\/v2\/media?parent=13101"}],"wp:term":[{"taxonomy":"category","embeddable":true,"href":"https:\/\/www.mundoagropecuario.cl\/new\/wp-json\/wp\/v2\/categories?post=13101"},{"taxonomy":"post_tag","embeddable":true,"href":"https:\/\/www.mundoagropecuario.cl\/new\/wp-json\/wp\/v2\/tags?post=13101"}],"curies":[{"name":"wp","href":"https:\/\/api.w.org\/{rel}","templated":true}]}}