{"id":13068,"date":"2019-07-31T12:30:12","date_gmt":"2019-07-31T15:30:12","guid":{"rendered":"http:\/\/www.mundoagropecuario.cl\/new\/?p=13068"},"modified":"2019-08-01T11:26:46","modified_gmt":"2019-08-01T14:26:46","slug":"directivos-de-colegio-de-valdivia-buscan-establecer-alianzas-con-inia-carillanca","status":"publish","type":"post","link":"https:\/\/www.mundoagropecuario.cl\/new\/directivos-de-colegio-de-valdivia-buscan-establecer-alianzas-con-inia-carillanca\/","title":{"rendered":"Directivos de Colegio de Valdivia buscan establecer alianzas con INIA Carillanca"},"content":{"rendered":"\n<ul class=\"wp-block-gallery columns-0 is-cropped wp-block-gallery-1 is-layout-flex wp-block-gallery-is-layout-flex\"><\/ul>\n\n\n\n<blockquote class=\"wp-block-quote is-layout-flow wp-block-quote-is-layout-flow\"><p>Los directivos del colegio fueron recibidos por la Directora Regional de INIA Carillanca, Elizabeth Kehr; el Subdirector de I&amp;D Jaime Mej\u00edas y el Encargado Regional de UVTT, Carlos Fuentes (Mundo Agropecuario).<\/p><\/blockquote>\n\n\n\n<p>Establecer alianzas con INIA Carillanca y conocer el trabajo que se realiza con el m\u00f3dulo de cosecha de aguas lluvia, que sustenta un invernadero de hortalizas, fue el objetivo de la visita realizada por Mario Plaza y Cecilia Gallegos al Centro Regional. Se trata del Gerente de gesti\u00f3n y desarrollo del colegio Domus Mater de Valdivia y la Presidenta de la sociedad educacional del mismo establecimiento. \u201cConozco muy de cerca el trabajo que hace INIA, como un aporte a la sociedad y el pa\u00eds, por eso esta visita busca analizar c\u00f3mo vincularnos y conocer el invernadero, modelo que queremos replicar en el colegio y que ser\u00eda el primero en la ciudad de Valdivia. La iniciativa tiene un prop\u00f3sito de integraci\u00f3n para todos los que somos parte del colegio (ex alumnos, alumnos, profesores y apoderados), trabajando de manera voluntaria, que sea una sala de clases y centro de investigaci\u00f3n para nuestros estudiantes, adem\u00e1s de abrir una instancia para que ellos generen sus propios emprendimientos\u201d, coment\u00f3 Plaza.<\/p>\n\n\n\n<p>Domus-Mater es un colegio laico que apoya la labor educativa del estado chileno a trav\u00e9s del sistema de financiamiento particular pagado y que, centrado en la filosof\u00eda de Calidad, proyecta su quehacer pedag\u00f3gico con un sentido organizacional moderno y en b\u00fasqueda permanente de la excelencia tanto de sus docentes como de sus estudiantes. Este \u00faltimo punto se ha reflejado en las distintas mediciones externas que realiza el MINEDUC a trav\u00e9s de sistemas de medici\u00f3n de Calidad los cuales ubican a este colegio entre los mejores de Valdivia, con excelencia acad\u00e9mica.<\/p>\n\n\n\n<p>El proyecto educativo considera 5 mil metros cuadrados construidos, distribuido en laboratorios, salas de clases, patios techados, gimnasio, comedores, salas de Inform\u00e1tica y \u00e1reas administrativas, destinados a entregar a un espacio para el desarrollo habilidades y talentos para los alumnos que acogen.<\/p>\n","protected":false},"excerpt":{"rendered":"<p>Los directivos del colegio fueron recibidos por la Directora Regional de INIA Carillanca, Elizabeth Kehr; el Subdirector de I&amp;D Jaime Mej\u00edas y el Encargado Regional de UVTT, Carlos Fuentes (Mundo&#8230;<\/p>\n","protected":false},"author":2,"featured_media":13069,"comment_status":"closed","ping_status":"closed","sticky":false,"template":"","format":"standard","meta":{"footnotes":""},"categories":[1945],"tags":[3894,2404],"class_list":["post-13068","post","type-post","status-publish","format-standard","has-post-thumbnail","hentry","category-agricultura","tag-domus-mater","tag-inia-carillanca"],"yoast_head":"<!-- This site is optimized with the Yoast SEO plugin v26.6 - https:\/\/yoast.com\/wordpress\/plugins\/seo\/ -->\n<title>Directivos de Colegio de Valdivia buscan establecer alianzas con INIA Carillanca - Mundoagropecuario<\/title>\n<meta name=\"robots\" content=\"index, follow, max-snippet:-1, max-image-preview:large, max-video-preview:-1\" \/>\n<link rel=\"canonical\" href=\"https:\/\/www.mundoagropecuario.cl\/new\/directivos-de-colegio-de-valdivia-buscan-establecer-alianzas-con-inia-carillanca\/\" \/>\n<meta property=\"og:locale\" content=\"es_ES\" \/>\n<meta property=\"og:type\" content=\"article\" \/>\n<meta property=\"og:title\" content=\"Directivos de Colegio de Valdivia buscan establecer alianzas con INIA Carillanca - Mundoagropecuario\" \/>\n<meta property=\"og:description\" content=\"Los directivos del colegio fueron recibidos por la Directora Regional de INIA Carillanca, Elizabeth Kehr; el Subdirector de I&amp;D Jaime Mej\u00edas y el Encargado Regional de UVTT, Carlos Fuentes (Mundo...\" \/>\n<meta property=\"og:url\" content=\"https:\/\/www.mundoagropecuario.cl\/new\/directivos-de-colegio-de-valdivia-buscan-establecer-alianzas-con-inia-carillanca\/\" \/>\n<meta property=\"og:site_name\" content=\"Mundoagropecuario\" \/>\n<meta property=\"article:publisher\" content=\"https:\/\/www.facebook.com\/mundo.agropecuario.3\" \/>\n<meta property=\"article:published_time\" content=\"2019-07-31T15:30:12+00:00\" \/>\n<meta property=\"article:modified_time\" content=\"2019-08-01T14:26:46+00:00\" \/>\n<meta property=\"og:image\" content=\"https:\/\/www.mundoagropecuario.cl\/new\/wp-content\/uploads\/2019\/07\/Colval.jpg\" \/>\n\t<meta property=\"og:image:width\" content=\"800\" \/>\n\t<meta property=\"og:image:height\" content=\"532\" \/>\n\t<meta property=\"og:image:type\" content=\"image\/jpeg\" \/>\n<meta name=\"author\" content=\"mundo\" \/>\n<meta name=\"twitter:card\" content=\"summary_large_image\" \/>\n<meta name=\"twitter:creator\" content=\"@MundoAgropecuar\" \/>\n<meta name=\"twitter:site\" content=\"@MundoAgropecuar\" \/>\n<meta name=\"twitter:label1\" content=\"Escrito por\" \/>\n\t<meta name=\"twitter:data1\" content=\"mundo\" \/>\n\t<meta name=\"twitter:label2\" content=\"Tiempo de lectura\" \/>\n\t<meta name=\"twitter:data2\" content=\"2 minutos\" \/>\n<script type=\"application\/ld+json\" class=\"yoast-schema-graph\">{\"@context\":\"https:\/\/schema.org\",\"@graph\":[{\"@type\":\"Article\",\"@id\":\"https:\/\/www.mundoagropecuario.cl\/new\/directivos-de-colegio-de-valdivia-buscan-establecer-alianzas-con-inia-carillanca\/#article\",\"isPartOf\":{\"@id\":\"https:\/\/www.mundoagropecuario.cl\/new\/directivos-de-colegio-de-valdivia-buscan-establecer-alianzas-con-inia-carillanca\/\"},\"author\":{\"name\":\"mundo\",\"@id\":\"https:\/\/www.mundoagropecuario.cl\/new\/#\/schema\/person\/4e9f74a82a7dac260eb1c44b7eebeb18\"},\"headline\":\"Directivos de Colegio de Valdivia buscan establecer alianzas con INIA Carillanca\",\"datePublished\":\"2019-07-31T15:30:12+00:00\",\"dateModified\":\"2019-08-01T14:26:46+00:00\",\"mainEntityOfPage\":{\"@id\":\"https:\/\/www.mundoagropecuario.cl\/new\/directivos-de-colegio-de-valdivia-buscan-establecer-alianzas-con-inia-carillanca\/\"},\"wordCount\":358,\"publisher\":{\"@id\":\"https:\/\/www.mundoagropecuario.cl\/new\/#organization\"},\"image\":{\"@id\":\"https:\/\/www.mundoagropecuario.cl\/new\/directivos-de-colegio-de-valdivia-buscan-establecer-alianzas-con-inia-carillanca\/#primaryimage\"},\"thumbnailUrl\":\"https:\/\/www.mundoagropecuario.cl\/new\/wp-content\/uploads\/2019\/07\/Colval.jpg\",\"keywords\":[\"Domus-Mater\",\"INIA Carillanca\"],\"articleSection\":[\"Agricultura\"],\"inLanguage\":\"es\"},{\"@type\":\"WebPage\",\"@id\":\"https:\/\/www.mundoagropecuario.cl\/new\/directivos-de-colegio-de-valdivia-buscan-establecer-alianzas-con-inia-carillanca\/\",\"url\":\"https:\/\/www.mundoagropecuario.cl\/new\/directivos-de-colegio-de-valdivia-buscan-establecer-alianzas-con-inia-carillanca\/\",\"name\":\"Directivos de Colegio de Valdivia buscan establecer alianzas con INIA Carillanca - Mundoagropecuario\",\"isPartOf\":{\"@id\":\"https:\/\/www.mundoagropecuario.cl\/new\/#website\"},\"primaryImageOfPage\":{\"@id\":\"https:\/\/www.mundoagropecuario.cl\/new\/directivos-de-colegio-de-valdivia-buscan-establecer-alianzas-con-inia-carillanca\/#primaryimage\"},\"image\":{\"@id\":\"https:\/\/www.mundoagropecuario.cl\/new\/directivos-de-colegio-de-valdivia-buscan-establecer-alianzas-con-inia-carillanca\/#primaryimage\"},\"thumbnailUrl\":\"https:\/\/www.mundoagropecuario.cl\/new\/wp-content\/uploads\/2019\/07\/Colval.jpg\",\"datePublished\":\"2019-07-31T15:30:12+00:00\",\"dateModified\":\"2019-08-01T14:26:46+00:00\",\"breadcrumb\":{\"@id\":\"https:\/\/www.mundoagropecuario.cl\/new\/directivos-de-colegio-de-valdivia-buscan-establecer-alianzas-con-inia-carillanca\/#breadcrumb\"},\"inLanguage\":\"es\",\"potentialAction\":[{\"@type\":\"ReadAction\",\"target\":[\"https:\/\/www.mundoagropecuario.cl\/new\/directivos-de-colegio-de-valdivia-buscan-establecer-alianzas-con-inia-carillanca\/\"]}]},{\"@type\":\"ImageObject\",\"inLanguage\":\"es\",\"@id\":\"https:\/\/www.mundoagropecuario.cl\/new\/directivos-de-colegio-de-valdivia-buscan-establecer-alianzas-con-inia-carillanca\/#primaryimage\",\"url\":\"https:\/\/www.mundoagropecuario.cl\/new\/wp-content\/uploads\/2019\/07\/Colval.jpg\",\"contentUrl\":\"https:\/\/www.mundoagropecuario.cl\/new\/wp-content\/uploads\/2019\/07\/Colval.jpg\",\"width\":602,\"height\":400},{\"@type\":\"BreadcrumbList\",\"@id\":\"https:\/\/www.mundoagropecuario.cl\/new\/directivos-de-colegio-de-valdivia-buscan-establecer-alianzas-con-inia-carillanca\/#breadcrumb\",\"itemListElement\":[{\"@type\":\"ListItem\",\"position\":1,\"name\":\"Portada\",\"item\":\"https:\/\/www.mundoagropecuario.cl\/new\/\"},{\"@type\":\"ListItem\",\"position\":2,\"name\":\"Directivos de Colegio de Valdivia buscan establecer alianzas con INIA Carillanca\"}]},{\"@type\":\"WebSite\",\"@id\":\"https:\/\/www.mundoagropecuario.cl\/new\/#website\",\"url\":\"https:\/\/www.mundoagropecuario.cl\/new\/\",\"name\":\"Mundoagropecuario\",\"description\":\"Mundo Agropecuario\",\"publisher\":{\"@id\":\"https:\/\/www.mundoagropecuario.cl\/new\/#organization\"},\"potentialAction\":[{\"@type\":\"SearchAction\",\"target\":{\"@type\":\"EntryPoint\",\"urlTemplate\":\"https:\/\/www.mundoagropecuario.cl\/new\/?s={search_term_string}\"},\"query-input\":{\"@type\":\"PropertyValueSpecification\",\"valueRequired\":true,\"valueName\":\"search_term_string\"}}],\"inLanguage\":\"es\"},{\"@type\":\"Organization\",\"@id\":\"https:\/\/www.mundoagropecuario.cl\/new\/#organization\",\"name\":\"Revista de Agricultura\",\"url\":\"https:\/\/www.mundoagropecuario.cl\/new\/\",\"logo\":{\"@type\":\"ImageObject\",\"inLanguage\":\"es\",\"@id\":\"https:\/\/www.mundoagropecuario.cl\/new\/#\/schema\/logo\/image\/\",\"url\":\"https:\/\/www.mundoagropecuario.cl\/new\/wp-content\/uploads\/2020\/11\/PORTAL-1-1.png\",\"contentUrl\":\"https:\/\/www.mundoagropecuario.cl\/new\/wp-content\/uploads\/2020\/11\/PORTAL-1-1.png\",\"width\":1026,\"height\":100,\"caption\":\"Revista de Agricultura\"},\"image\":{\"@id\":\"https:\/\/www.mundoagropecuario.cl\/new\/#\/schema\/logo\/image\/\"},\"sameAs\":[\"https:\/\/www.facebook.com\/mundo.agropecuario.3\",\"https:\/\/x.com\/MundoAgropecuar\",\"https:\/\/www.linkedin.com\/in\/mundo-agropecuario-934009201\/\"]},{\"@type\":\"Person\",\"@id\":\"https:\/\/www.mundoagropecuario.cl\/new\/#\/schema\/person\/4e9f74a82a7dac260eb1c44b7eebeb18\",\"name\":\"mundo\",\"url\":\"https:\/\/www.mundoagropecuario.cl\/new\/author\/mundo\/\"}]}<\/script>\n<!-- \/ Yoast SEO plugin. -->","yoast_head_json":{"title":"Directivos de Colegio de Valdivia buscan establecer alianzas con INIA Carillanca - Mundoagropecuario","robots":{"index":"index","follow":"follow","max-snippet":"max-snippet:-1","max-image-preview":"max-image-preview:large","max-video-preview":"max-video-preview:-1"},"canonical":"https:\/\/www.mundoagropecuario.cl\/new\/directivos-de-colegio-de-valdivia-buscan-establecer-alianzas-con-inia-carillanca\/","og_locale":"es_ES","og_type":"article","og_title":"Directivos de Colegio de Valdivia buscan establecer alianzas con INIA Carillanca - Mundoagropecuario","og_description":"Los directivos del colegio fueron recibidos por la Directora Regional de INIA Carillanca, Elizabeth Kehr; el Subdirector de I&amp;D Jaime Mej\u00edas y el Encargado Regional de UVTT, Carlos Fuentes (Mundo...","og_url":"https:\/\/www.mundoagropecuario.cl\/new\/directivos-de-colegio-de-valdivia-buscan-establecer-alianzas-con-inia-carillanca\/","og_site_name":"Mundoagropecuario","article_publisher":"https:\/\/www.facebook.com\/mundo.agropecuario.3","article_published_time":"2019-07-31T15:30:12+00:00","article_modified_time":"2019-08-01T14:26:46+00:00","og_image":[{"width":800,"height":532,"url":"https:\/\/www.mundoagropecuario.cl\/new\/wp-content\/uploads\/2019\/07\/Colval.jpg","type":"image\/jpeg"}],"author":"mundo","twitter_card":"summary_large_image","twitter_creator":"@MundoAgropecuar","twitter_site":"@MundoAgropecuar","twitter_misc":{"Escrito por":"mundo","Tiempo de lectura":"2 minutos"},"schema":{"@context":"https:\/\/schema.org","@graph":[{"@type":"Article","@id":"https:\/\/www.mundoagropecuario.cl\/new\/directivos-de-colegio-de-valdivia-buscan-establecer-alianzas-con-inia-carillanca\/#article","isPartOf":{"@id":"https:\/\/www.mundoagropecuario.cl\/new\/directivos-de-colegio-de-valdivia-buscan-establecer-alianzas-con-inia-carillanca\/"},"author":{"name":"mundo","@id":"https:\/\/www.mundoagropecuario.cl\/new\/#\/schema\/person\/4e9f74a82a7dac260eb1c44b7eebeb18"},"headline":"Directivos de Colegio de Valdivia buscan establecer alianzas con INIA Carillanca","datePublished":"2019-07-31T15:30:12+00:00","dateModified":"2019-08-01T14:26:46+00:00","mainEntityOfPage":{"@id":"https:\/\/www.mundoagropecuario.cl\/new\/directivos-de-colegio-de-valdivia-buscan-establecer-alianzas-con-inia-carillanca\/"},"wordCount":358,"publisher":{"@id":"https:\/\/www.mundoagropecuario.cl\/new\/#organization"},"image":{"@id":"https:\/\/www.mundoagropecuario.cl\/new\/directivos-de-colegio-de-valdivia-buscan-establecer-alianzas-con-inia-carillanca\/#primaryimage"},"thumbnailUrl":"https:\/\/www.mundoagropecuario.cl\/new\/wp-content\/uploads\/2019\/07\/Colval.jpg","keywords":["Domus-Mater","INIA Carillanca"],"articleSection":["Agricultura"],"inLanguage":"es"},{"@type":"WebPage","@id":"https:\/\/www.mundoagropecuario.cl\/new\/directivos-de-colegio-de-valdivia-buscan-establecer-alianzas-con-inia-carillanca\/","url":"https:\/\/www.mundoagropecuario.cl\/new\/directivos-de-colegio-de-valdivia-buscan-establecer-alianzas-con-inia-carillanca\/","name":"Directivos de Colegio de Valdivia buscan establecer alianzas con INIA Carillanca - Mundoagropecuario","isPartOf":{"@id":"https:\/\/www.mundoagropecuario.cl\/new\/#website"},"primaryImageOfPage":{"@id":"https:\/\/www.mundoagropecuario.cl\/new\/directivos-de-colegio-de-valdivia-buscan-establecer-alianzas-con-inia-carillanca\/#primaryimage"},"image":{"@id":"https:\/\/www.mundoagropecuario.cl\/new\/directivos-de-colegio-de-valdivia-buscan-establecer-alianzas-con-inia-carillanca\/#primaryimage"},"thumbnailUrl":"https:\/\/www.mundoagropecuario.cl\/new\/wp-content\/uploads\/2019\/07\/Colval.jpg","datePublished":"2019-07-31T15:30:12+00:00","dateModified":"2019-08-01T14:26:46+00:00","breadcrumb":{"@id":"https:\/\/www.mundoagropecuario.cl\/new\/directivos-de-colegio-de-valdivia-buscan-establecer-alianzas-con-inia-carillanca\/#breadcrumb"},"inLanguage":"es","potentialAction":[{"@type":"ReadAction","target":["https:\/\/www.mundoagropecuario.cl\/new\/directivos-de-colegio-de-valdivia-buscan-establecer-alianzas-con-inia-carillanca\/"]}]},{"@type":"ImageObject","inLanguage":"es","@id":"https:\/\/www.mundoagropecuario.cl\/new\/directivos-de-colegio-de-valdivia-buscan-establecer-alianzas-con-inia-carillanca\/#primaryimage","url":"https:\/\/www.mundoagropecuario.cl\/new\/wp-content\/uploads\/2019\/07\/Colval.jpg","contentUrl":"https:\/\/www.mundoagropecuario.cl\/new\/wp-content\/uploads\/2019\/07\/Colval.jpg","width":602,"height":400},{"@type":"BreadcrumbList","@id":"https:\/\/www.mundoagropecuario.cl\/new\/directivos-de-colegio-de-valdivia-buscan-establecer-alianzas-con-inia-carillanca\/#breadcrumb","itemListElement":[{"@type":"ListItem","position":1,"name":"Portada","item":"https:\/\/www.mundoagropecuario.cl\/new\/"},{"@type":"ListItem","position":2,"name":"Directivos de Colegio de Valdivia buscan establecer alianzas con INIA Carillanca"}]},{"@type":"WebSite","@id":"https:\/\/www.mundoagropecuario.cl\/new\/#website","url":"https:\/\/www.mundoagropecuario.cl\/new\/","name":"Mundoagropecuario","description":"Mundo Agropecuario","publisher":{"@id":"https:\/\/www.mundoagropecuario.cl\/new\/#organization"},"potentialAction":[{"@type":"SearchAction","target":{"@type":"EntryPoint","urlTemplate":"https:\/\/www.mundoagropecuario.cl\/new\/?s={search_term_string}"},"query-input":{"@type":"PropertyValueSpecification","valueRequired":true,"valueName":"search_term_string"}}],"inLanguage":"es"},{"@type":"Organization","@id":"https:\/\/www.mundoagropecuario.cl\/new\/#organization","name":"Revista de Agricultura","url":"https:\/\/www.mundoagropecuario.cl\/new\/","logo":{"@type":"ImageObject","inLanguage":"es","@id":"https:\/\/www.mundoagropecuario.cl\/new\/#\/schema\/logo\/image\/","url":"https:\/\/www.mundoagropecuario.cl\/new\/wp-content\/uploads\/2020\/11\/PORTAL-1-1.png","contentUrl":"https:\/\/www.mundoagropecuario.cl\/new\/wp-content\/uploads\/2020\/11\/PORTAL-1-1.png","width":1026,"height":100,"caption":"Revista de Agricultura"},"image":{"@id":"https:\/\/www.mundoagropecuario.cl\/new\/#\/schema\/logo\/image\/"},"sameAs":["https:\/\/www.facebook.com\/mundo.agropecuario.3","https:\/\/x.com\/MundoAgropecuar","https:\/\/www.linkedin.com\/in\/mundo-agropecuario-934009201\/"]},{"@type":"Person","@id":"https:\/\/www.mundoagropecuario.cl\/new\/#\/schema\/person\/4e9f74a82a7dac260eb1c44b7eebeb18","name":"mundo","url":"https:\/\/www.mundoagropecuario.cl\/new\/author\/mundo\/"}]}},"_links":{"self":[{"href":"https:\/\/www.mundoagropecuario.cl\/new\/wp-json\/wp\/v2\/posts\/13068","targetHints":{"allow":["GET"]}}],"collection":[{"href":"https:\/\/www.mundoagropecuario.cl\/new\/wp-json\/wp\/v2\/posts"}],"about":[{"href":"https:\/\/www.mundoagropecuario.cl\/new\/wp-json\/wp\/v2\/types\/post"}],"author":[{"embeddable":true,"href":"https:\/\/www.mundoagropecuario.cl\/new\/wp-json\/wp\/v2\/users\/2"}],"replies":[{"embeddable":true,"href":"https:\/\/www.mundoagropecuario.cl\/new\/wp-json\/wp\/v2\/comments?post=13068"}],"version-history":[{"count":1,"href":"https:\/\/www.mundoagropecuario.cl\/new\/wp-json\/wp\/v2\/posts\/13068\/revisions"}],"predecessor-version":[{"id":13070,"href":"https:\/\/www.mundoagropecuario.cl\/new\/wp-json\/wp\/v2\/posts\/13068\/revisions\/13070"}],"wp:featuredmedia":[{"embeddable":true,"href":"https:\/\/www.mundoagropecuario.cl\/new\/wp-json\/wp\/v2\/media\/13069"}],"wp:attachment":[{"href":"https:\/\/www.mundoagropecuario.cl\/new\/wp-json\/wp\/v2\/media?parent=13068"}],"wp:term":[{"taxonomy":"category","embeddable":true,"href":"https:\/\/www.mundoagropecuario.cl\/new\/wp-json\/wp\/v2\/categories?post=13068"},{"taxonomy":"post_tag","embeddable":true,"href":"https:\/\/www.mundoagropecuario.cl\/new\/wp-json\/wp\/v2\/tags?post=13068"}],"curies":[{"name":"wp","href":"https:\/\/api.w.org\/{rel}","templated":true}]}}