{"id":13055,"date":"2019-07-30T03:21:45","date_gmt":"2019-07-30T06:21:45","guid":{"rendered":"http:\/\/www.mundoagropecuario.cl\/new\/?p=13055"},"modified":"2019-08-01T11:25:46","modified_gmt":"2019-08-01T14:25:46","slug":"productores-prodesal-de-puerto-natales-reciben-equipos-de-esquila-y-maquinaria-agricola","status":"publish","type":"post","link":"https:\/\/www.mundoagropecuario.cl\/new\/productores-prodesal-de-puerto-natales-reciben-equipos-de-esquila-y-maquinaria-agricola\/","title":{"rendered":"Productores Prodesal de Puerto Natales reciben equipos de esquila y maquinaria agr\u00edcola"},"content":{"rendered":"\n<ul class=\"wp-block-gallery columns-0 is-cropped wp-block-gallery-1 is-layout-flex wp-block-gallery-is-layout-flex\"><\/ul>\n\n\n\n<p><\/p>\n\n\n\n<p class=\"has-medium-font-size\"><em>Algunos usuarios recibieron motosegadoras y otros, motocultivadoras, para mejorar las praderas y la producci\u00f3n forrajera. El costo total de estas inversiones alcanz\u00f3 los 16 millones 842 mil pesos (Mundo Agropecuario).<\/em><\/p>\n\n\n\n<p>Por m\u00e1s de cuatro d\u00e9cadas la guada\u00f1a fue el brazo derecho de\nCarlos Hern\u00e1ndez (67), agricultor de Puerto Natales. A ritmo pausado y en\nextensas jornadas, cosechaba con esta herramienta la avena que requer\u00edan sus\novejas y vacunos. Hoy la cambi\u00f3 por una motosegadora: \u201cUno ya tiene los a\u00f1os\nencima y la cintura no da; ahora hay que usar la tecnolog\u00eda\u201d, explic\u00f3 risue\u00f1o.<\/p>\n\n\n\n<p>En un terreno de una hect\u00e1rea y media del sector de Dorotea,\nantesala de las tur\u00edsticas Torres del Paine, Hern\u00e1ndez produce entre 100 y 150\nfardos de avena que, en las emergencias del invierno, le ayudan a alimentar a\nsus 35 bovinos y 50 ovinos. Ahora, con la nueva maquinaria, espera cosechar m\u00e1s\ny hacer todo el proceso de forma reposada y en menor tiempo.<\/p>\n\n\n\n<p>La alegr\u00eda de este productor agr\u00edcola fue compartida por\notros 12 usuarios de INDAP que participan en el Programa de Desarrollo Local\n(Prodesal) de Puerto Natales, que se ejecuta en conjunto con el municipio local\ndesde hace 10 a\u00f1os.<\/p>\n\n\n\n<p>En un simb\u00f3lico acto que cont\u00f3 con la presencia de\nautoridades provinciales y comunales, adem\u00e1s de funcionarios de INDAP, algunos\nusuarios recibieron motosegadoras y otros, motocultivadoras, para mejorar las\npraderas y la producci\u00f3n forrajera. El costo total de estas inversiones alcanz\u00f3\nlos 16 millones 842 mil pesos.<\/p>\n\n\n\n<p>Luis Uribe, tambi\u00e9n del sector Dorotea, recibi\u00f3 un equipo de\nesquila a motor. Hasta ahora usaba tijera y tardaba alrededor de media en\nesquilar una oveja; con la nueva adquisici\u00f3n asegura que va a tardar 5 minutos\n\u201ccomo mucho\u201d. \u201cLo importante es que el animal sufre menos, se estresa menos, y\nyo avanzo m\u00e1s r\u00e1pido y gano m\u00e1s tiempo\u201d, afirm\u00f3 el beneficiario.<\/p>\n\n\n\n<p>Para el alcalde de Puerto Natales, Fernando Paredes, lo m\u00e1s\nimportante es la suma de voluntades que est\u00e1 detr\u00e1s de este tipo de\niniciativas. \u201cHay un municipio que acoge al Prodesal y la voluntad de un\ngobierno que ayuda a modernizar la actividad agr\u00edcola\u201d, precis\u00f3.<\/p>\n\n\n\n<p>Por su parte, la gobernadora de \u00daltima Esperanza, Ana\nMayorga, valor\u00f3 los esfuerzos del Gobierno Regional y el sostenido apoyo que\nhan tenido la ganader\u00eda y la agricultura a trav\u00e9s de INDAP en los \u00faltimos a\u00f1os.<\/p>\n\n\n\n<p>El director de INDAP Magallanes, Petar Bradasic, valor\u00f3 el\nesfuerzo que hacen los campesinos del sector por modernizarse, capacitarse y\nmejorar su producci\u00f3n ganadera y hortofrut\u00edcola. \u201cAc\u00e1 gana la comunidad entera\ny se da cuenta de un gobierno que est\u00e1 a la altura de las demandas de los\npeque\u00f1os agricultores de la regi\u00f3n\u201d, se\u00f1al\u00f3.<\/p>\n","protected":false},"excerpt":{"rendered":"<p>Algunos usuarios recibieron motosegadoras y otros, motocultivadoras, para mejorar las praderas y la producci\u00f3n forrajera. El costo total de estas inversiones alcanz\u00f3 los 16 millones 842 mil pesos (Mundo Agropecuario)&#8230;.<\/p>\n","protected":false},"author":3,"featured_media":13056,"comment_status":"closed","ping_status":"closed","sticky":false,"template":"","format":"standard","meta":{"footnotes":""},"categories":[1945],"tags":[1992,2091,878],"class_list":["post-13055","post","type-post","status-publish","format-standard","has-post-thumbnail","hentry","category-agricultura","tag-indap","tag-prodesal","tag-puerto-natales"],"yoast_head":"<!-- This site is optimized with the Yoast SEO plugin v26.6 - https:\/\/yoast.com\/wordpress\/plugins\/seo\/ -->\n<title>Productores Prodesal de Puerto Natales reciben equipos de esquila y maquinaria agr\u00edcola - Mundoagropecuario<\/title>\n<meta name=\"robots\" content=\"index, follow, max-snippet:-1, max-image-preview:large, max-video-preview:-1\" \/>\n<link rel=\"canonical\" href=\"https:\/\/www.mundoagropecuario.cl\/new\/productores-prodesal-de-puerto-natales-reciben-equipos-de-esquila-y-maquinaria-agricola\/\" \/>\n<meta property=\"og:locale\" content=\"es_ES\" \/>\n<meta property=\"og:type\" content=\"article\" \/>\n<meta property=\"og:title\" content=\"Productores Prodesal de Puerto Natales reciben equipos de esquila y maquinaria agr\u00edcola - Mundoagropecuario\" \/>\n<meta property=\"og:description\" content=\"Algunos usuarios recibieron motosegadoras y otros, motocultivadoras, para mejorar las praderas y la producci\u00f3n forrajera. El costo total de estas inversiones alcanz\u00f3 los 16 millones 842 mil pesos (Mundo Agropecuario)....\" \/>\n<meta property=\"og:url\" content=\"https:\/\/www.mundoagropecuario.cl\/new\/productores-prodesal-de-puerto-natales-reciben-equipos-de-esquila-y-maquinaria-agricola\/\" \/>\n<meta property=\"og:site_name\" content=\"Mundoagropecuario\" \/>\n<meta property=\"article:publisher\" content=\"https:\/\/www.facebook.com\/mundo.agropecuario.3\" \/>\n<meta property=\"article:published_time\" content=\"2019-07-30T06:21:45+00:00\" \/>\n<meta property=\"article:modified_time\" content=\"2019-08-01T14:25:46+00:00\" \/>\n<meta property=\"og:image\" content=\"https:\/\/www.mundoagropecuario.cl\/new\/wp-content\/uploads\/2019\/07\/inversiones-prodesal-puerto-natales.jpg\" \/>\n\t<meta property=\"og:image:width\" content=\"750\" \/>\n\t<meta property=\"og:image:height\" content=\"511\" \/>\n\t<meta property=\"og:image:type\" content=\"image\/jpeg\" \/>\n<meta name=\"author\" content=\"periodista\" \/>\n<meta name=\"twitter:card\" content=\"summary_large_image\" \/>\n<meta name=\"twitter:creator\" content=\"@MundoAgropecuar\" \/>\n<meta name=\"twitter:site\" content=\"@MundoAgropecuar\" \/>\n<meta name=\"twitter:label1\" content=\"Escrito por\" \/>\n\t<meta name=\"twitter:data1\" content=\"periodista\" \/>\n\t<meta name=\"twitter:label2\" content=\"Tiempo de lectura\" \/>\n\t<meta name=\"twitter:data2\" content=\"2 minutos\" \/>\n<script type=\"application\/ld+json\" class=\"yoast-schema-graph\">{\"@context\":\"https:\/\/schema.org\",\"@graph\":[{\"@type\":\"Article\",\"@id\":\"https:\/\/www.mundoagropecuario.cl\/new\/productores-prodesal-de-puerto-natales-reciben-equipos-de-esquila-y-maquinaria-agricola\/#article\",\"isPartOf\":{\"@id\":\"https:\/\/www.mundoagropecuario.cl\/new\/productores-prodesal-de-puerto-natales-reciben-equipos-de-esquila-y-maquinaria-agricola\/\"},\"author\":{\"name\":\"periodista\",\"@id\":\"https:\/\/www.mundoagropecuario.cl\/new\/#\/schema\/person\/0c221050801c74e45256a7a9a1ff0803\"},\"headline\":\"Productores Prodesal de Puerto Natales reciben equipos de esquila y maquinaria agr\u00edcola\",\"datePublished\":\"2019-07-30T06:21:45+00:00\",\"dateModified\":\"2019-08-01T14:25:46+00:00\",\"mainEntityOfPage\":{\"@id\":\"https:\/\/www.mundoagropecuario.cl\/new\/productores-prodesal-de-puerto-natales-reciben-equipos-de-esquila-y-maquinaria-agricola\/\"},\"wordCount\":477,\"publisher\":{\"@id\":\"https:\/\/www.mundoagropecuario.cl\/new\/#organization\"},\"image\":{\"@id\":\"https:\/\/www.mundoagropecuario.cl\/new\/productores-prodesal-de-puerto-natales-reciben-equipos-de-esquila-y-maquinaria-agricola\/#primaryimage\"},\"thumbnailUrl\":\"https:\/\/www.mundoagropecuario.cl\/new\/wp-content\/uploads\/2019\/07\/inversiones-prodesal-puerto-natales.jpg\",\"keywords\":[\"Indap\",\"Prodesal\",\"Puerto Natales\"],\"articleSection\":[\"Agricultura\"],\"inLanguage\":\"es\"},{\"@type\":\"WebPage\",\"@id\":\"https:\/\/www.mundoagropecuario.cl\/new\/productores-prodesal-de-puerto-natales-reciben-equipos-de-esquila-y-maquinaria-agricola\/\",\"url\":\"https:\/\/www.mundoagropecuario.cl\/new\/productores-prodesal-de-puerto-natales-reciben-equipos-de-esquila-y-maquinaria-agricola\/\",\"name\":\"Productores Prodesal de Puerto Natales reciben equipos de esquila y maquinaria agr\u00edcola - Mundoagropecuario\",\"isPartOf\":{\"@id\":\"https:\/\/www.mundoagropecuario.cl\/new\/#website\"},\"primaryImageOfPage\":{\"@id\":\"https:\/\/www.mundoagropecuario.cl\/new\/productores-prodesal-de-puerto-natales-reciben-equipos-de-esquila-y-maquinaria-agricola\/#primaryimage\"},\"image\":{\"@id\":\"https:\/\/www.mundoagropecuario.cl\/new\/productores-prodesal-de-puerto-natales-reciben-equipos-de-esquila-y-maquinaria-agricola\/#primaryimage\"},\"thumbnailUrl\":\"https:\/\/www.mundoagropecuario.cl\/new\/wp-content\/uploads\/2019\/07\/inversiones-prodesal-puerto-natales.jpg\",\"datePublished\":\"2019-07-30T06:21:45+00:00\",\"dateModified\":\"2019-08-01T14:25:46+00:00\",\"breadcrumb\":{\"@id\":\"https:\/\/www.mundoagropecuario.cl\/new\/productores-prodesal-de-puerto-natales-reciben-equipos-de-esquila-y-maquinaria-agricola\/#breadcrumb\"},\"inLanguage\":\"es\",\"potentialAction\":[{\"@type\":\"ReadAction\",\"target\":[\"https:\/\/www.mundoagropecuario.cl\/new\/productores-prodesal-de-puerto-natales-reciben-equipos-de-esquila-y-maquinaria-agricola\/\"]}]},{\"@type\":\"ImageObject\",\"inLanguage\":\"es\",\"@id\":\"https:\/\/www.mundoagropecuario.cl\/new\/productores-prodesal-de-puerto-natales-reciben-equipos-de-esquila-y-maquinaria-agricola\/#primaryimage\",\"url\":\"https:\/\/www.mundoagropecuario.cl\/new\/wp-content\/uploads\/2019\/07\/inversiones-prodesal-puerto-natales.jpg\",\"contentUrl\":\"https:\/\/www.mundoagropecuario.cl\/new\/wp-content\/uploads\/2019\/07\/inversiones-prodesal-puerto-natales.jpg\",\"width\":587,\"height\":400},{\"@type\":\"BreadcrumbList\",\"@id\":\"https:\/\/www.mundoagropecuario.cl\/new\/productores-prodesal-de-puerto-natales-reciben-equipos-de-esquila-y-maquinaria-agricola\/#breadcrumb\",\"itemListElement\":[{\"@type\":\"ListItem\",\"position\":1,\"name\":\"Portada\",\"item\":\"https:\/\/www.mundoagropecuario.cl\/new\/\"},{\"@type\":\"ListItem\",\"position\":2,\"name\":\"Productores Prodesal de Puerto Natales reciben equipos de esquila y maquinaria agr\u00edcola\"}]},{\"@type\":\"WebSite\",\"@id\":\"https:\/\/www.mundoagropecuario.cl\/new\/#website\",\"url\":\"https:\/\/www.mundoagropecuario.cl\/new\/\",\"name\":\"Mundoagropecuario\",\"description\":\"Mundo Agropecuario\",\"publisher\":{\"@id\":\"https:\/\/www.mundoagropecuario.cl\/new\/#organization\"},\"potentialAction\":[{\"@type\":\"SearchAction\",\"target\":{\"@type\":\"EntryPoint\",\"urlTemplate\":\"https:\/\/www.mundoagropecuario.cl\/new\/?s={search_term_string}\"},\"query-input\":{\"@type\":\"PropertyValueSpecification\",\"valueRequired\":true,\"valueName\":\"search_term_string\"}}],\"inLanguage\":\"es\"},{\"@type\":\"Organization\",\"@id\":\"https:\/\/www.mundoagropecuario.cl\/new\/#organization\",\"name\":\"Revista de Agricultura\",\"url\":\"https:\/\/www.mundoagropecuario.cl\/new\/\",\"logo\":{\"@type\":\"ImageObject\",\"inLanguage\":\"es\",\"@id\":\"https:\/\/www.mundoagropecuario.cl\/new\/#\/schema\/logo\/image\/\",\"url\":\"https:\/\/www.mundoagropecuario.cl\/new\/wp-content\/uploads\/2020\/11\/PORTAL-1-1.png\",\"contentUrl\":\"https:\/\/www.mundoagropecuario.cl\/new\/wp-content\/uploads\/2020\/11\/PORTAL-1-1.png\",\"width\":1026,\"height\":100,\"caption\":\"Revista de Agricultura\"},\"image\":{\"@id\":\"https:\/\/www.mundoagropecuario.cl\/new\/#\/schema\/logo\/image\/\"},\"sameAs\":[\"https:\/\/www.facebook.com\/mundo.agropecuario.3\",\"https:\/\/x.com\/MundoAgropecuar\",\"https:\/\/www.linkedin.com\/in\/mundo-agropecuario-934009201\/\"]},{\"@type\":\"Person\",\"@id\":\"https:\/\/www.mundoagropecuario.cl\/new\/#\/schema\/person\/0c221050801c74e45256a7a9a1ff0803\",\"name\":\"periodista\",\"url\":\"https:\/\/www.mundoagropecuario.cl\/new\/author\/periodista\/\"}]}<\/script>\n<!-- \/ Yoast SEO plugin. -->","yoast_head_json":{"title":"Productores Prodesal de Puerto Natales reciben equipos de esquila y maquinaria agr\u00edcola - Mundoagropecuario","robots":{"index":"index","follow":"follow","max-snippet":"max-snippet:-1","max-image-preview":"max-image-preview:large","max-video-preview":"max-video-preview:-1"},"canonical":"https:\/\/www.mundoagropecuario.cl\/new\/productores-prodesal-de-puerto-natales-reciben-equipos-de-esquila-y-maquinaria-agricola\/","og_locale":"es_ES","og_type":"article","og_title":"Productores Prodesal de Puerto Natales reciben equipos de esquila y maquinaria agr\u00edcola - Mundoagropecuario","og_description":"Algunos usuarios recibieron motosegadoras y otros, motocultivadoras, para mejorar las praderas y la producci\u00f3n forrajera. El costo total de estas inversiones alcanz\u00f3 los 16 millones 842 mil pesos (Mundo Agropecuario)....","og_url":"https:\/\/www.mundoagropecuario.cl\/new\/productores-prodesal-de-puerto-natales-reciben-equipos-de-esquila-y-maquinaria-agricola\/","og_site_name":"Mundoagropecuario","article_publisher":"https:\/\/www.facebook.com\/mundo.agropecuario.3","article_published_time":"2019-07-30T06:21:45+00:00","article_modified_time":"2019-08-01T14:25:46+00:00","og_image":[{"width":750,"height":511,"url":"https:\/\/www.mundoagropecuario.cl\/new\/wp-content\/uploads\/2019\/07\/inversiones-prodesal-puerto-natales.jpg","type":"image\/jpeg"}],"author":"periodista","twitter_card":"summary_large_image","twitter_creator":"@MundoAgropecuar","twitter_site":"@MundoAgropecuar","twitter_misc":{"Escrito por":"periodista","Tiempo de lectura":"2 minutos"},"schema":{"@context":"https:\/\/schema.org","@graph":[{"@type":"Article","@id":"https:\/\/www.mundoagropecuario.cl\/new\/productores-prodesal-de-puerto-natales-reciben-equipos-de-esquila-y-maquinaria-agricola\/#article","isPartOf":{"@id":"https:\/\/www.mundoagropecuario.cl\/new\/productores-prodesal-de-puerto-natales-reciben-equipos-de-esquila-y-maquinaria-agricola\/"},"author":{"name":"periodista","@id":"https:\/\/www.mundoagropecuario.cl\/new\/#\/schema\/person\/0c221050801c74e45256a7a9a1ff0803"},"headline":"Productores Prodesal de Puerto Natales reciben equipos de esquila y maquinaria agr\u00edcola","datePublished":"2019-07-30T06:21:45+00:00","dateModified":"2019-08-01T14:25:46+00:00","mainEntityOfPage":{"@id":"https:\/\/www.mundoagropecuario.cl\/new\/productores-prodesal-de-puerto-natales-reciben-equipos-de-esquila-y-maquinaria-agricola\/"},"wordCount":477,"publisher":{"@id":"https:\/\/www.mundoagropecuario.cl\/new\/#organization"},"image":{"@id":"https:\/\/www.mundoagropecuario.cl\/new\/productores-prodesal-de-puerto-natales-reciben-equipos-de-esquila-y-maquinaria-agricola\/#primaryimage"},"thumbnailUrl":"https:\/\/www.mundoagropecuario.cl\/new\/wp-content\/uploads\/2019\/07\/inversiones-prodesal-puerto-natales.jpg","keywords":["Indap","Prodesal","Puerto Natales"],"articleSection":["Agricultura"],"inLanguage":"es"},{"@type":"WebPage","@id":"https:\/\/www.mundoagropecuario.cl\/new\/productores-prodesal-de-puerto-natales-reciben-equipos-de-esquila-y-maquinaria-agricola\/","url":"https:\/\/www.mundoagropecuario.cl\/new\/productores-prodesal-de-puerto-natales-reciben-equipos-de-esquila-y-maquinaria-agricola\/","name":"Productores Prodesal de Puerto Natales reciben equipos de esquila y maquinaria agr\u00edcola - Mundoagropecuario","isPartOf":{"@id":"https:\/\/www.mundoagropecuario.cl\/new\/#website"},"primaryImageOfPage":{"@id":"https:\/\/www.mundoagropecuario.cl\/new\/productores-prodesal-de-puerto-natales-reciben-equipos-de-esquila-y-maquinaria-agricola\/#primaryimage"},"image":{"@id":"https:\/\/www.mundoagropecuario.cl\/new\/productores-prodesal-de-puerto-natales-reciben-equipos-de-esquila-y-maquinaria-agricola\/#primaryimage"},"thumbnailUrl":"https:\/\/www.mundoagropecuario.cl\/new\/wp-content\/uploads\/2019\/07\/inversiones-prodesal-puerto-natales.jpg","datePublished":"2019-07-30T06:21:45+00:00","dateModified":"2019-08-01T14:25:46+00:00","breadcrumb":{"@id":"https:\/\/www.mundoagropecuario.cl\/new\/productores-prodesal-de-puerto-natales-reciben-equipos-de-esquila-y-maquinaria-agricola\/#breadcrumb"},"inLanguage":"es","potentialAction":[{"@type":"ReadAction","target":["https:\/\/www.mundoagropecuario.cl\/new\/productores-prodesal-de-puerto-natales-reciben-equipos-de-esquila-y-maquinaria-agricola\/"]}]},{"@type":"ImageObject","inLanguage":"es","@id":"https:\/\/www.mundoagropecuario.cl\/new\/productores-prodesal-de-puerto-natales-reciben-equipos-de-esquila-y-maquinaria-agricola\/#primaryimage","url":"https:\/\/www.mundoagropecuario.cl\/new\/wp-content\/uploads\/2019\/07\/inversiones-prodesal-puerto-natales.jpg","contentUrl":"https:\/\/www.mundoagropecuario.cl\/new\/wp-content\/uploads\/2019\/07\/inversiones-prodesal-puerto-natales.jpg","width":587,"height":400},{"@type":"BreadcrumbList","@id":"https:\/\/www.mundoagropecuario.cl\/new\/productores-prodesal-de-puerto-natales-reciben-equipos-de-esquila-y-maquinaria-agricola\/#breadcrumb","itemListElement":[{"@type":"ListItem","position":1,"name":"Portada","item":"https:\/\/www.mundoagropecuario.cl\/new\/"},{"@type":"ListItem","position":2,"name":"Productores Prodesal de Puerto Natales reciben equipos de esquila y maquinaria agr\u00edcola"}]},{"@type":"WebSite","@id":"https:\/\/www.mundoagropecuario.cl\/new\/#website","url":"https:\/\/www.mundoagropecuario.cl\/new\/","name":"Mundoagropecuario","description":"Mundo Agropecuario","publisher":{"@id":"https:\/\/www.mundoagropecuario.cl\/new\/#organization"},"potentialAction":[{"@type":"SearchAction","target":{"@type":"EntryPoint","urlTemplate":"https:\/\/www.mundoagropecuario.cl\/new\/?s={search_term_string}"},"query-input":{"@type":"PropertyValueSpecification","valueRequired":true,"valueName":"search_term_string"}}],"inLanguage":"es"},{"@type":"Organization","@id":"https:\/\/www.mundoagropecuario.cl\/new\/#organization","name":"Revista de Agricultura","url":"https:\/\/www.mundoagropecuario.cl\/new\/","logo":{"@type":"ImageObject","inLanguage":"es","@id":"https:\/\/www.mundoagropecuario.cl\/new\/#\/schema\/logo\/image\/","url":"https:\/\/www.mundoagropecuario.cl\/new\/wp-content\/uploads\/2020\/11\/PORTAL-1-1.png","contentUrl":"https:\/\/www.mundoagropecuario.cl\/new\/wp-content\/uploads\/2020\/11\/PORTAL-1-1.png","width":1026,"height":100,"caption":"Revista de Agricultura"},"image":{"@id":"https:\/\/www.mundoagropecuario.cl\/new\/#\/schema\/logo\/image\/"},"sameAs":["https:\/\/www.facebook.com\/mundo.agropecuario.3","https:\/\/x.com\/MundoAgropecuar","https:\/\/www.linkedin.com\/in\/mundo-agropecuario-934009201\/"]},{"@type":"Person","@id":"https:\/\/www.mundoagropecuario.cl\/new\/#\/schema\/person\/0c221050801c74e45256a7a9a1ff0803","name":"periodista","url":"https:\/\/www.mundoagropecuario.cl\/new\/author\/periodista\/"}]}},"_links":{"self":[{"href":"https:\/\/www.mundoagropecuario.cl\/new\/wp-json\/wp\/v2\/posts\/13055","targetHints":{"allow":["GET"]}}],"collection":[{"href":"https:\/\/www.mundoagropecuario.cl\/new\/wp-json\/wp\/v2\/posts"}],"about":[{"href":"https:\/\/www.mundoagropecuario.cl\/new\/wp-json\/wp\/v2\/types\/post"}],"author":[{"embeddable":true,"href":"https:\/\/www.mundoagropecuario.cl\/new\/wp-json\/wp\/v2\/users\/3"}],"replies":[{"embeddable":true,"href":"https:\/\/www.mundoagropecuario.cl\/new\/wp-json\/wp\/v2\/comments?post=13055"}],"version-history":[{"count":1,"href":"https:\/\/www.mundoagropecuario.cl\/new\/wp-json\/wp\/v2\/posts\/13055\/revisions"}],"predecessor-version":[{"id":13057,"href":"https:\/\/www.mundoagropecuario.cl\/new\/wp-json\/wp\/v2\/posts\/13055\/revisions\/13057"}],"wp:featuredmedia":[{"embeddable":true,"href":"https:\/\/www.mundoagropecuario.cl\/new\/wp-json\/wp\/v2\/media\/13056"}],"wp:attachment":[{"href":"https:\/\/www.mundoagropecuario.cl\/new\/wp-json\/wp\/v2\/media?parent=13055"}],"wp:term":[{"taxonomy":"category","embeddable":true,"href":"https:\/\/www.mundoagropecuario.cl\/new\/wp-json\/wp\/v2\/categories?post=13055"},{"taxonomy":"post_tag","embeddable":true,"href":"https:\/\/www.mundoagropecuario.cl\/new\/wp-json\/wp\/v2\/tags?post=13055"}],"curies":[{"name":"wp","href":"https:\/\/api.w.org\/{rel}","templated":true}]}}