{"id":12994,"date":"2019-07-26T02:21:54","date_gmt":"2019-07-26T05:21:54","guid":{"rendered":"http:\/\/www.mundoagropecuario.cl\/new\/?p=12994"},"modified":"2019-07-30T11:31:26","modified_gmt":"2019-07-30T14:31:26","slug":"lecheros-de-nuble-conocieron-novedades-tecnologicas-por-medio-de-seminario","status":"publish","type":"post","link":"https:\/\/www.mundoagropecuario.cl\/new\/lecheros-de-nuble-conocieron-novedades-tecnologicas-por-medio-de-seminario\/","title":{"rendered":"Lecheros de \u00d1uble conocieron novedades tecnol\u00f3gicas por medio de seminario"},"content":{"rendered":"\n<ul class=\"wp-block-gallery columns-0 is-cropped wp-block-gallery-1 is-layout-flex wp-block-gallery-is-layout-flex\"><\/ul>\n\n\n\n<p><\/p>\n\n\n\n<p class=\"has-medium-font-size\"><em>Se decidi\u00f3 por presentar las nuevas especies forrajeras y pueden hacer una diferencia en mejorar la eficiencia de la producci\u00f3n lechera, tema a cargo del ingeniero agr\u00f3nomo Abraham Uribe, Jefe T\u00e9cnico Zonal de SG 2000 (Mundo Agropecuario).<\/em><\/p>\n\n\n\n<p>Este jueves 25 de julio la Asociaci\u00f3n de Productores de\nLeche de la regi\u00f3n de \u00d1uble, Aproleche \u00d1uble, organiz\u00f3 la 16\u00b0 edici\u00f3n del\nSeminario Anual de Actualizaci\u00f3n de Producci\u00f3n Lechera, un encuentro que tuvo\ncomo principal objetivo transferir conocimiento sobre las \u00faltimas tecnolog\u00edas y\ntendencias aplicadas al sector. <\/p>\n\n\n\n<p>As\u00ed lo confirm\u00f3 el presidente de Aproleche \u00d1uble, Guillermo\nPetermann, quien explica que \u201ccomo asociaci\u00f3n estamos tratando de enfocar este\nseminario como cada a\u00f1o en transferir conocimiento e informaci\u00f3n de valor a los\nproductores de \u00d1uble. Contamos con especialistas en distintas \u00e1reas del\nquehacer lechero y la participaci\u00f3n del gremio nacional\u201d.<\/p>\n\n\n\n<p>El personero detalla adem\u00e1s que para esta oportunidad se\ndecidi\u00f3 por presentar las nuevas especies forrajeras y pueden hacer una\ndiferencia en mejorar la eficiencia de la producci\u00f3n lechera, tema a cargo del\ningeniero agr\u00f3nomo Abraham Uribe, Jefe T\u00e9cnico Zonal de SG 2000.<\/p>\n\n\n\n<p>Mientras Veterqu\u00edmica expuso los \u00faltimos avances y productos\ndisponibles de la empresa para el control de las micotoxinas, un tema novedoso\nque ser\u00e1 disertado por Antonia Mu\u00f1oz, asesora nutricional de la firma.<\/p>\n\n\n\n<p>De igual manera, los productores pudieron conocer los\nalcances y beneficios del nuevo Sistema Nacional de Control Predial (Sinap) un,\nherramienta que cuentan los productores y que fue presentado por Javier\nCapponi, encargado regional pecuario del Servicio Agr\u00edcola y Ganadero (SAG).<\/p>\n\n\n\n<p>En tanto, la coyuntura nacional e internacional del mercado\nde la leche as\u00ed como la acci\u00f3n del gremio ser\u00e1n abordados tanto por el\npresidente de Fedeleche, Eduardo Schwerter, como por el gerente de la entidad,\nCarlos Arancibia. <\/p>\n\n\n\n<p>El seminario cont\u00f3 con el auspicio de las empresas que\noperan en la zona, y se realiz\u00f3 a partir de en la sede de la Asociaci\u00f3n de\nAgricultores de \u00d1uble.<\/p>\n","protected":false},"excerpt":{"rendered":"<p>Se decidi\u00f3 por presentar las nuevas especies forrajeras y pueden hacer una diferencia en mejorar la eficiencia de la producci\u00f3n lechera, tema a cargo del ingeniero agr\u00f3nomo Abraham Uribe, Jefe&#8230;<\/p>\n","protected":false},"author":3,"featured_media":7576,"comment_status":"closed","ping_status":"closed","sticky":false,"template":"","format":"standard","meta":{"footnotes":""},"categories":[1946],"tags":[2699,3068,1151],"class_list":["post-12994","post","type-post","status-publish","format-standard","has-post-thumbnail","hentry","category-lacteos","tag-forraje","tag-lecheros","tag-nuble"],"yoast_head":"<!-- This site is optimized with the Yoast SEO plugin v26.6 - https:\/\/yoast.com\/wordpress\/plugins\/seo\/ -->\n<title>Lecheros de \u00d1uble conocieron novedades tecnol\u00f3gicas por medio de seminario - Mundoagropecuario<\/title>\n<meta name=\"robots\" content=\"index, follow, max-snippet:-1, max-image-preview:large, max-video-preview:-1\" \/>\n<link rel=\"canonical\" href=\"https:\/\/www.mundoagropecuario.cl\/new\/lecheros-de-nuble-conocieron-novedades-tecnologicas-por-medio-de-seminario\/\" \/>\n<meta property=\"og:locale\" content=\"es_ES\" \/>\n<meta property=\"og:type\" content=\"article\" \/>\n<meta property=\"og:title\" content=\"Lecheros de \u00d1uble conocieron novedades tecnol\u00f3gicas por medio de seminario - Mundoagropecuario\" \/>\n<meta property=\"og:description\" content=\"Se decidi\u00f3 por presentar las nuevas especies forrajeras y pueden hacer una diferencia en mejorar la eficiencia de la producci\u00f3n lechera, tema a cargo del ingeniero agr\u00f3nomo Abraham Uribe, Jefe...\" \/>\n<meta property=\"og:url\" content=\"https:\/\/www.mundoagropecuario.cl\/new\/lecheros-de-nuble-conocieron-novedades-tecnologicas-por-medio-de-seminario\/\" \/>\n<meta property=\"og:site_name\" content=\"Mundoagropecuario\" \/>\n<meta property=\"article:publisher\" content=\"https:\/\/www.facebook.com\/mundo.agropecuario.3\" \/>\n<meta property=\"article:published_time\" content=\"2019-07-26T05:21:54+00:00\" \/>\n<meta property=\"article:modified_time\" content=\"2019-07-30T14:31:26+00:00\" \/>\n<meta property=\"og:image\" content=\"https:\/\/www.mundoagropecuario.cl\/new\/wp-content\/uploads\/2018\/07\/Vacas-lecheras.jpg\" \/>\n\t<meta property=\"og:image:width\" content=\"1000\" \/>\n\t<meta property=\"og:image:height\" content=\"750\" \/>\n\t<meta property=\"og:image:type\" content=\"image\/jpeg\" \/>\n<meta name=\"author\" content=\"periodista\" \/>\n<meta name=\"twitter:card\" content=\"summary_large_image\" \/>\n<meta name=\"twitter:creator\" content=\"@MundoAgropecuar\" \/>\n<meta name=\"twitter:site\" content=\"@MundoAgropecuar\" \/>\n<meta name=\"twitter:label1\" content=\"Escrito por\" \/>\n\t<meta name=\"twitter:data1\" content=\"periodista\" \/>\n\t<meta name=\"twitter:label2\" content=\"Tiempo de lectura\" \/>\n\t<meta name=\"twitter:data2\" content=\"2 minutos\" \/>\n<script type=\"application\/ld+json\" class=\"yoast-schema-graph\">{\"@context\":\"https:\/\/schema.org\",\"@graph\":[{\"@type\":\"Article\",\"@id\":\"https:\/\/www.mundoagropecuario.cl\/new\/lecheros-de-nuble-conocieron-novedades-tecnologicas-por-medio-de-seminario\/#article\",\"isPartOf\":{\"@id\":\"https:\/\/www.mundoagropecuario.cl\/new\/lecheros-de-nuble-conocieron-novedades-tecnologicas-por-medio-de-seminario\/\"},\"author\":{\"name\":\"periodista\",\"@id\":\"https:\/\/www.mundoagropecuario.cl\/new\/#\/schema\/person\/0c221050801c74e45256a7a9a1ff0803\"},\"headline\":\"Lecheros de \u00d1uble conocieron novedades tecnol\u00f3gicas por medio de seminario\",\"datePublished\":\"2019-07-26T05:21:54+00:00\",\"dateModified\":\"2019-07-30T14:31:26+00:00\",\"mainEntityOfPage\":{\"@id\":\"https:\/\/www.mundoagropecuario.cl\/new\/lecheros-de-nuble-conocieron-novedades-tecnologicas-por-medio-de-seminario\/\"},\"wordCount\":349,\"publisher\":{\"@id\":\"https:\/\/www.mundoagropecuario.cl\/new\/#organization\"},\"image\":{\"@id\":\"https:\/\/www.mundoagropecuario.cl\/new\/lecheros-de-nuble-conocieron-novedades-tecnologicas-por-medio-de-seminario\/#primaryimage\"},\"thumbnailUrl\":\"https:\/\/www.mundoagropecuario.cl\/new\/wp-content\/uploads\/2018\/07\/Vacas-lecheras.jpg\",\"keywords\":[\"forraje\",\"lecheros\",\"\u00d1uble\"],\"articleSection\":[\"L\u00e1cteos\"],\"inLanguage\":\"es\"},{\"@type\":\"WebPage\",\"@id\":\"https:\/\/www.mundoagropecuario.cl\/new\/lecheros-de-nuble-conocieron-novedades-tecnologicas-por-medio-de-seminario\/\",\"url\":\"https:\/\/www.mundoagropecuario.cl\/new\/lecheros-de-nuble-conocieron-novedades-tecnologicas-por-medio-de-seminario\/\",\"name\":\"Lecheros de \u00d1uble conocieron novedades tecnol\u00f3gicas por medio de seminario - Mundoagropecuario\",\"isPartOf\":{\"@id\":\"https:\/\/www.mundoagropecuario.cl\/new\/#website\"},\"primaryImageOfPage\":{\"@id\":\"https:\/\/www.mundoagropecuario.cl\/new\/lecheros-de-nuble-conocieron-novedades-tecnologicas-por-medio-de-seminario\/#primaryimage\"},\"image\":{\"@id\":\"https:\/\/www.mundoagropecuario.cl\/new\/lecheros-de-nuble-conocieron-novedades-tecnologicas-por-medio-de-seminario\/#primaryimage\"},\"thumbnailUrl\":\"https:\/\/www.mundoagropecuario.cl\/new\/wp-content\/uploads\/2018\/07\/Vacas-lecheras.jpg\",\"datePublished\":\"2019-07-26T05:21:54+00:00\",\"dateModified\":\"2019-07-30T14:31:26+00:00\",\"breadcrumb\":{\"@id\":\"https:\/\/www.mundoagropecuario.cl\/new\/lecheros-de-nuble-conocieron-novedades-tecnologicas-por-medio-de-seminario\/#breadcrumb\"},\"inLanguage\":\"es\",\"potentialAction\":[{\"@type\":\"ReadAction\",\"target\":[\"https:\/\/www.mundoagropecuario.cl\/new\/lecheros-de-nuble-conocieron-novedades-tecnologicas-por-medio-de-seminario\/\"]}]},{\"@type\":\"ImageObject\",\"inLanguage\":\"es\",\"@id\":\"https:\/\/www.mundoagropecuario.cl\/new\/lecheros-de-nuble-conocieron-novedades-tecnologicas-por-medio-de-seminario\/#primaryimage\",\"url\":\"https:\/\/www.mundoagropecuario.cl\/new\/wp-content\/uploads\/2018\/07\/Vacas-lecheras.jpg\",\"contentUrl\":\"https:\/\/www.mundoagropecuario.cl\/new\/wp-content\/uploads\/2018\/07\/Vacas-lecheras.jpg\",\"width\":533,\"height\":400},{\"@type\":\"BreadcrumbList\",\"@id\":\"https:\/\/www.mundoagropecuario.cl\/new\/lecheros-de-nuble-conocieron-novedades-tecnologicas-por-medio-de-seminario\/#breadcrumb\",\"itemListElement\":[{\"@type\":\"ListItem\",\"position\":1,\"name\":\"Portada\",\"item\":\"https:\/\/www.mundoagropecuario.cl\/new\/\"},{\"@type\":\"ListItem\",\"position\":2,\"name\":\"Lecheros de \u00d1uble conocieron novedades tecnol\u00f3gicas por medio de seminario\"}]},{\"@type\":\"WebSite\",\"@id\":\"https:\/\/www.mundoagropecuario.cl\/new\/#website\",\"url\":\"https:\/\/www.mundoagropecuario.cl\/new\/\",\"name\":\"Mundoagropecuario\",\"description\":\"Mundo Agropecuario\",\"publisher\":{\"@id\":\"https:\/\/www.mundoagropecuario.cl\/new\/#organization\"},\"potentialAction\":[{\"@type\":\"SearchAction\",\"target\":{\"@type\":\"EntryPoint\",\"urlTemplate\":\"https:\/\/www.mundoagropecuario.cl\/new\/?s={search_term_string}\"},\"query-input\":{\"@type\":\"PropertyValueSpecification\",\"valueRequired\":true,\"valueName\":\"search_term_string\"}}],\"inLanguage\":\"es\"},{\"@type\":\"Organization\",\"@id\":\"https:\/\/www.mundoagropecuario.cl\/new\/#organization\",\"name\":\"Revista de Agricultura\",\"url\":\"https:\/\/www.mundoagropecuario.cl\/new\/\",\"logo\":{\"@type\":\"ImageObject\",\"inLanguage\":\"es\",\"@id\":\"https:\/\/www.mundoagropecuario.cl\/new\/#\/schema\/logo\/image\/\",\"url\":\"https:\/\/www.mundoagropecuario.cl\/new\/wp-content\/uploads\/2020\/11\/PORTAL-1-1.png\",\"contentUrl\":\"https:\/\/www.mundoagropecuario.cl\/new\/wp-content\/uploads\/2020\/11\/PORTAL-1-1.png\",\"width\":1026,\"height\":100,\"caption\":\"Revista de Agricultura\"},\"image\":{\"@id\":\"https:\/\/www.mundoagropecuario.cl\/new\/#\/schema\/logo\/image\/\"},\"sameAs\":[\"https:\/\/www.facebook.com\/mundo.agropecuario.3\",\"https:\/\/x.com\/MundoAgropecuar\",\"https:\/\/www.linkedin.com\/in\/mundo-agropecuario-934009201\/\"]},{\"@type\":\"Person\",\"@id\":\"https:\/\/www.mundoagropecuario.cl\/new\/#\/schema\/person\/0c221050801c74e45256a7a9a1ff0803\",\"name\":\"periodista\",\"url\":\"https:\/\/www.mundoagropecuario.cl\/new\/author\/periodista\/\"}]}<\/script>\n<!-- \/ Yoast SEO plugin. -->","yoast_head_json":{"title":"Lecheros de \u00d1uble conocieron novedades tecnol\u00f3gicas por medio de seminario - Mundoagropecuario","robots":{"index":"index","follow":"follow","max-snippet":"max-snippet:-1","max-image-preview":"max-image-preview:large","max-video-preview":"max-video-preview:-1"},"canonical":"https:\/\/www.mundoagropecuario.cl\/new\/lecheros-de-nuble-conocieron-novedades-tecnologicas-por-medio-de-seminario\/","og_locale":"es_ES","og_type":"article","og_title":"Lecheros de \u00d1uble conocieron novedades tecnol\u00f3gicas por medio de seminario - Mundoagropecuario","og_description":"Se decidi\u00f3 por presentar las nuevas especies forrajeras y pueden hacer una diferencia en mejorar la eficiencia de la producci\u00f3n lechera, tema a cargo del ingeniero agr\u00f3nomo Abraham Uribe, Jefe...","og_url":"https:\/\/www.mundoagropecuario.cl\/new\/lecheros-de-nuble-conocieron-novedades-tecnologicas-por-medio-de-seminario\/","og_site_name":"Mundoagropecuario","article_publisher":"https:\/\/www.facebook.com\/mundo.agropecuario.3","article_published_time":"2019-07-26T05:21:54+00:00","article_modified_time":"2019-07-30T14:31:26+00:00","og_image":[{"width":1000,"height":750,"url":"https:\/\/www.mundoagropecuario.cl\/new\/wp-content\/uploads\/2018\/07\/Vacas-lecheras.jpg","type":"image\/jpeg"}],"author":"periodista","twitter_card":"summary_large_image","twitter_creator":"@MundoAgropecuar","twitter_site":"@MundoAgropecuar","twitter_misc":{"Escrito por":"periodista","Tiempo de lectura":"2 minutos"},"schema":{"@context":"https:\/\/schema.org","@graph":[{"@type":"Article","@id":"https:\/\/www.mundoagropecuario.cl\/new\/lecheros-de-nuble-conocieron-novedades-tecnologicas-por-medio-de-seminario\/#article","isPartOf":{"@id":"https:\/\/www.mundoagropecuario.cl\/new\/lecheros-de-nuble-conocieron-novedades-tecnologicas-por-medio-de-seminario\/"},"author":{"name":"periodista","@id":"https:\/\/www.mundoagropecuario.cl\/new\/#\/schema\/person\/0c221050801c74e45256a7a9a1ff0803"},"headline":"Lecheros de \u00d1uble conocieron novedades tecnol\u00f3gicas por medio de seminario","datePublished":"2019-07-26T05:21:54+00:00","dateModified":"2019-07-30T14:31:26+00:00","mainEntityOfPage":{"@id":"https:\/\/www.mundoagropecuario.cl\/new\/lecheros-de-nuble-conocieron-novedades-tecnologicas-por-medio-de-seminario\/"},"wordCount":349,"publisher":{"@id":"https:\/\/www.mundoagropecuario.cl\/new\/#organization"},"image":{"@id":"https:\/\/www.mundoagropecuario.cl\/new\/lecheros-de-nuble-conocieron-novedades-tecnologicas-por-medio-de-seminario\/#primaryimage"},"thumbnailUrl":"https:\/\/www.mundoagropecuario.cl\/new\/wp-content\/uploads\/2018\/07\/Vacas-lecheras.jpg","keywords":["forraje","lecheros","\u00d1uble"],"articleSection":["L\u00e1cteos"],"inLanguage":"es"},{"@type":"WebPage","@id":"https:\/\/www.mundoagropecuario.cl\/new\/lecheros-de-nuble-conocieron-novedades-tecnologicas-por-medio-de-seminario\/","url":"https:\/\/www.mundoagropecuario.cl\/new\/lecheros-de-nuble-conocieron-novedades-tecnologicas-por-medio-de-seminario\/","name":"Lecheros de \u00d1uble conocieron novedades tecnol\u00f3gicas por medio de seminario - Mundoagropecuario","isPartOf":{"@id":"https:\/\/www.mundoagropecuario.cl\/new\/#website"},"primaryImageOfPage":{"@id":"https:\/\/www.mundoagropecuario.cl\/new\/lecheros-de-nuble-conocieron-novedades-tecnologicas-por-medio-de-seminario\/#primaryimage"},"image":{"@id":"https:\/\/www.mundoagropecuario.cl\/new\/lecheros-de-nuble-conocieron-novedades-tecnologicas-por-medio-de-seminario\/#primaryimage"},"thumbnailUrl":"https:\/\/www.mundoagropecuario.cl\/new\/wp-content\/uploads\/2018\/07\/Vacas-lecheras.jpg","datePublished":"2019-07-26T05:21:54+00:00","dateModified":"2019-07-30T14:31:26+00:00","breadcrumb":{"@id":"https:\/\/www.mundoagropecuario.cl\/new\/lecheros-de-nuble-conocieron-novedades-tecnologicas-por-medio-de-seminario\/#breadcrumb"},"inLanguage":"es","potentialAction":[{"@type":"ReadAction","target":["https:\/\/www.mundoagropecuario.cl\/new\/lecheros-de-nuble-conocieron-novedades-tecnologicas-por-medio-de-seminario\/"]}]},{"@type":"ImageObject","inLanguage":"es","@id":"https:\/\/www.mundoagropecuario.cl\/new\/lecheros-de-nuble-conocieron-novedades-tecnologicas-por-medio-de-seminario\/#primaryimage","url":"https:\/\/www.mundoagropecuario.cl\/new\/wp-content\/uploads\/2018\/07\/Vacas-lecheras.jpg","contentUrl":"https:\/\/www.mundoagropecuario.cl\/new\/wp-content\/uploads\/2018\/07\/Vacas-lecheras.jpg","width":533,"height":400},{"@type":"BreadcrumbList","@id":"https:\/\/www.mundoagropecuario.cl\/new\/lecheros-de-nuble-conocieron-novedades-tecnologicas-por-medio-de-seminario\/#breadcrumb","itemListElement":[{"@type":"ListItem","position":1,"name":"Portada","item":"https:\/\/www.mundoagropecuario.cl\/new\/"},{"@type":"ListItem","position":2,"name":"Lecheros de \u00d1uble conocieron novedades tecnol\u00f3gicas por medio de seminario"}]},{"@type":"WebSite","@id":"https:\/\/www.mundoagropecuario.cl\/new\/#website","url":"https:\/\/www.mundoagropecuario.cl\/new\/","name":"Mundoagropecuario","description":"Mundo Agropecuario","publisher":{"@id":"https:\/\/www.mundoagropecuario.cl\/new\/#organization"},"potentialAction":[{"@type":"SearchAction","target":{"@type":"EntryPoint","urlTemplate":"https:\/\/www.mundoagropecuario.cl\/new\/?s={search_term_string}"},"query-input":{"@type":"PropertyValueSpecification","valueRequired":true,"valueName":"search_term_string"}}],"inLanguage":"es"},{"@type":"Organization","@id":"https:\/\/www.mundoagropecuario.cl\/new\/#organization","name":"Revista de Agricultura","url":"https:\/\/www.mundoagropecuario.cl\/new\/","logo":{"@type":"ImageObject","inLanguage":"es","@id":"https:\/\/www.mundoagropecuario.cl\/new\/#\/schema\/logo\/image\/","url":"https:\/\/www.mundoagropecuario.cl\/new\/wp-content\/uploads\/2020\/11\/PORTAL-1-1.png","contentUrl":"https:\/\/www.mundoagropecuario.cl\/new\/wp-content\/uploads\/2020\/11\/PORTAL-1-1.png","width":1026,"height":100,"caption":"Revista de Agricultura"},"image":{"@id":"https:\/\/www.mundoagropecuario.cl\/new\/#\/schema\/logo\/image\/"},"sameAs":["https:\/\/www.facebook.com\/mundo.agropecuario.3","https:\/\/x.com\/MundoAgropecuar","https:\/\/www.linkedin.com\/in\/mundo-agropecuario-934009201\/"]},{"@type":"Person","@id":"https:\/\/www.mundoagropecuario.cl\/new\/#\/schema\/person\/0c221050801c74e45256a7a9a1ff0803","name":"periodista","url":"https:\/\/www.mundoagropecuario.cl\/new\/author\/periodista\/"}]}},"_links":{"self":[{"href":"https:\/\/www.mundoagropecuario.cl\/new\/wp-json\/wp\/v2\/posts\/12994","targetHints":{"allow":["GET"]}}],"collection":[{"href":"https:\/\/www.mundoagropecuario.cl\/new\/wp-json\/wp\/v2\/posts"}],"about":[{"href":"https:\/\/www.mundoagropecuario.cl\/new\/wp-json\/wp\/v2\/types\/post"}],"author":[{"embeddable":true,"href":"https:\/\/www.mundoagropecuario.cl\/new\/wp-json\/wp\/v2\/users\/3"}],"replies":[{"embeddable":true,"href":"https:\/\/www.mundoagropecuario.cl\/new\/wp-json\/wp\/v2\/comments?post=12994"}],"version-history":[{"count":1,"href":"https:\/\/www.mundoagropecuario.cl\/new\/wp-json\/wp\/v2\/posts\/12994\/revisions"}],"predecessor-version":[{"id":12995,"href":"https:\/\/www.mundoagropecuario.cl\/new\/wp-json\/wp\/v2\/posts\/12994\/revisions\/12995"}],"wp:featuredmedia":[{"embeddable":true,"href":"https:\/\/www.mundoagropecuario.cl\/new\/wp-json\/wp\/v2\/media\/7576"}],"wp:attachment":[{"href":"https:\/\/www.mundoagropecuario.cl\/new\/wp-json\/wp\/v2\/media?parent=12994"}],"wp:term":[{"taxonomy":"category","embeddable":true,"href":"https:\/\/www.mundoagropecuario.cl\/new\/wp-json\/wp\/v2\/categories?post=12994"},{"taxonomy":"post_tag","embeddable":true,"href":"https:\/\/www.mundoagropecuario.cl\/new\/wp-json\/wp\/v2\/tags?post=12994"}],"curies":[{"name":"wp","href":"https:\/\/api.w.org\/{rel}","templated":true}]}}