{"id":12983,"date":"2019-07-25T03:53:15","date_gmt":"2019-07-25T06:53:15","guid":{"rendered":"http:\/\/www.mundoagropecuario.cl\/new\/?p=12983"},"modified":"2019-07-30T11:40:09","modified_gmt":"2019-07-30T14:40:09","slug":"frambueseros-de-la-araucania-podran-exportar-su-produccion-con-alianza-indap-y-framberry","status":"publish","type":"post","link":"https:\/\/www.mundoagropecuario.cl\/new\/frambueseros-de-la-araucania-podran-exportar-su-produccion-con-alianza-indap-y-framberry\/","title":{"rendered":"Frambueseros de La Araucan\u00eda podr\u00e1n exportar su producci\u00f3n con alianza Indap y Framberry"},"content":{"rendered":"\n<ul class=\"wp-block-gallery columns-0 is-cropped wp-block-gallery-1 is-layout-flex wp-block-gallery-is-layout-flex\"><\/ul>\n\n\n\n<p><\/p>\n\n\n\n<p class=\"has-medium-font-size\"><em>Convenio permitir\u00e1 articular asociativamente la producci\u00f3n y comercializaci\u00f3n de unas 65 toneladas de frambuesas destinadas al mercado internacional (Mundo Agropecuario).<\/em><\/p>\n\n\n\n<p>Las condiciones clim\u00e1ticas, geogr\u00e1ficas, sanitarias y la\nimplementaci\u00f3n del Plan Impulso Araucan\u00eda, que buscar avanzar hacia una\ndiversificaci\u00f3n agr\u00edcola con \u00e9nfasis en la producci\u00f3n de frutales y berries,\ngeneran auspiciosas proyecciones de negocios para los peque\u00f1os agricultores de\nLa Regi\u00f3n.<\/p>\n\n\n\n<p>Seg\u00fan cifras de la Oficina de Estudios P\u00fablicos y Pol\u00edticas\nAgrarias (ODEPA), La Araucan\u00eda alcanza una producci\u00f3n de 225 hect\u00e1reas de\nframbuesas, donde el 30 % lo desarrollan peque\u00f1os agricultores. <\/p>\n\n\n\n<p>Con el objetivo de mejorar los est\u00e1ndares productivos, y abrir\noportunidades de comercializaci\u00f3n sustentable, INDAP firm\u00f3 una Alianza\nProductiva con Framberry S.A., empresa con 40 a\u00f1os de experiencia dedicada a la\nexportaci\u00f3n de congelados de berries a mercados internacionales como de Asia,\nEE.UU. y Europa, principalmente.<\/p>\n\n\n\n<p>La iniciativa, que forma parte de los ejes estrat\u00e9gicos del\nPlan Impulso Araucan\u00eda, beneficiar\u00e1 a 40 peque\u00f1os productores de la\nCooperativas Newen al Sur de La Araucan\u00eda y Newen Berries, de las comunas de\nFreire y Pitrufqu\u00e9n.<\/p>\n\n\n\n<p><strong>Alianza virtuosa <\/strong><\/p>\n\n\n\n<p>Durante la firma del convenio el director nacional de INDAP,\nCarlos Recondo,&nbsp; se\u00f1al\u00f3 que \u201cesta es una\nalianza estrat\u00e9gica&nbsp; porque entre la\nayuda de INDAP, el esfuerzo de los agricultores y el encadenamiento con la\nempresa Framberry, permite cerrar un c\u00edrculo muy virtuoso,&nbsp; que no s\u00f3lo permite comercializar, que es una\nfase muy importante para los agricultores;&nbsp;\naqu\u00ed tambi\u00e9n la peque\u00f1a agricultura, usuarios de INDAP, son tambi\u00e9n\nexportadores&nbsp; , a trav\u00e9s de este\nencadenamiento y la asociatividad\u201d. <\/p>\n\n\n\n<p>La autoridad agreg\u00f3 que la empresa entrega la asistencia\nt\u00e9cnica para mejorar la producci\u00f3n y calidad de la fruta e INDAP apoya con\nrecursos para financiar esa asesor\u00eda, para inversiones en instalaciones\ncomplementarias como equipamiento de frio, congelados, establecimiento de\nplantas, entre otros. <\/p>\n\n\n\n<p>Los agricultores agradecieron el apoyo de INDAP que ha sido\nun pilar fundamental para potenciar el trabajo a trav\u00e9s de la cooperativa.\n\u201cEstamos muy contentos porque alianza nos permitir\u00e1 unificar criterios para tener\nuna fruta calidad y promover la asociatividad, porque como est\u00e1 el mercado\nnecesitamos asociarnos para aumentar los vol\u00famenes\u201d, se\u00f1al\u00f3 Ivette Guti\u00e9rrez, presidenta\nde la Cooperativa Newen al Sur de La Araucan\u00eda.<\/p>\n\n\n\n<p>Asimismo, Claudio Tapia, gerente agr\u00edcola y de\nabastecimientos Framberry, destac\u00f3 que \u201ccon este convenio vamos a estandarizar\ncriterios de producci\u00f3n para que tengan una mayor rentabilidad. Esta temporada\ntendremos dos puntos de compra en Freire y Pitrufquen, que beneficiar\u00e1n a 184\nproductores, incluyendo los socios de las cooperativas que forman parte de esta\nalianza productiva\u201d.<\/p>\n\n\n\n<p>La directora de INDAP Araucan\u00eda, Carolina Meier, agreg\u00f3 que\nesta iniciativa \u201cpermitir\u00e1 articular la comercializaci\u00f3n y exportaci\u00f3n de unas\n65 toneladas de frambuesas que los agricultores entregar\u00e1n a la empresa para\nexportaci\u00f3n al mercado internacional\u201d. <\/p>\n\n\n\n<p>Meier inform\u00f3 que el convenio que contempla una inversi\u00f3n de\nINDAP que supera los $21 millones, se suma a otras tres Alianzas Productivas,\nque se han concretado este a\u00f1o en la regi\u00f3n, como uno de los ejes estrat\u00e9gicos\ndel Plan Impulso Araucan\u00eda, para que los peque\u00f1os productores puedan producir y\ncomercializar m\u00e1s y mejor. La inversi\u00f3n total alcanza los $100 millones de\npesos, y beneficia a 185 emprendedores dedicados a los rubros de cultivo de\nberries; producci\u00f3n ovina y ovina.<\/p>\n","protected":false},"excerpt":{"rendered":"<p>Convenio permitir\u00e1 articular asociativamente la producci\u00f3n y comercializaci\u00f3n de unas 65 toneladas de frambuesas destinadas al mercado internacional (Mundo Agropecuario). Las condiciones clim\u00e1ticas, geogr\u00e1ficas, sanitarias y la implementaci\u00f3n del Plan&#8230;<\/p>\n","protected":false},"author":3,"featured_media":12984,"comment_status":"closed","ping_status":"closed","sticky":false,"template":"","format":"standard","meta":{"footnotes":""},"categories":[1986],"tags":[2104,2024,1992,1735],"class_list":["post-12983","post","type-post","status-publish","format-standard","has-post-thumbnail","hentry","category-frutas","tag-berries","tag-frambuesas","tag-indap","tag-la-araucania"],"yoast_head":"<!-- This site is optimized with the Yoast SEO plugin v26.6 - https:\/\/yoast.com\/wordpress\/plugins\/seo\/ -->\n<title>Frambueseros de La Araucan\u00eda podr\u00e1n exportar su producci\u00f3n con alianza Indap y Framberry - Mundoagropecuario<\/title>\n<meta name=\"robots\" content=\"index, follow, max-snippet:-1, max-image-preview:large, max-video-preview:-1\" \/>\n<link rel=\"canonical\" href=\"https:\/\/www.mundoagropecuario.cl\/new\/frambueseros-de-la-araucania-podran-exportar-su-produccion-con-alianza-indap-y-framberry\/\" \/>\n<meta property=\"og:locale\" content=\"es_ES\" \/>\n<meta property=\"og:type\" content=\"article\" \/>\n<meta property=\"og:title\" content=\"Frambueseros de La Araucan\u00eda podr\u00e1n exportar su producci\u00f3n con alianza Indap y Framberry - Mundoagropecuario\" \/>\n<meta property=\"og:description\" content=\"Convenio permitir\u00e1 articular asociativamente la producci\u00f3n y comercializaci\u00f3n de unas 65 toneladas de frambuesas destinadas al mercado internacional (Mundo Agropecuario). Las condiciones clim\u00e1ticas, geogr\u00e1ficas, sanitarias y la implementaci\u00f3n del Plan...\" \/>\n<meta property=\"og:url\" content=\"https:\/\/www.mundoagropecuario.cl\/new\/frambueseros-de-la-araucania-podran-exportar-su-produccion-con-alianza-indap-y-framberry\/\" \/>\n<meta property=\"og:site_name\" content=\"Mundoagropecuario\" \/>\n<meta property=\"article:publisher\" content=\"https:\/\/www.facebook.com\/mundo.agropecuario.3\" \/>\n<meta property=\"article:published_time\" content=\"2019-07-25T06:53:15+00:00\" \/>\n<meta property=\"article:modified_time\" content=\"2019-07-30T14:40:09+00:00\" \/>\n<meta property=\"og:image\" content=\"https:\/\/www.mundoagropecuario.cl\/new\/wp-content\/uploads\/2019\/07\/frambueseros.jpg\" \/>\n\t<meta property=\"og:image:width\" content=\"1006\" \/>\n\t<meta property=\"og:image:height\" content=\"672\" \/>\n\t<meta property=\"og:image:type\" content=\"image\/jpeg\" \/>\n<meta name=\"author\" content=\"periodista\" \/>\n<meta name=\"twitter:card\" content=\"summary_large_image\" \/>\n<meta name=\"twitter:creator\" content=\"@MundoAgropecuar\" \/>\n<meta name=\"twitter:site\" content=\"@MundoAgropecuar\" \/>\n<meta name=\"twitter:label1\" content=\"Escrito por\" \/>\n\t<meta name=\"twitter:data1\" content=\"periodista\" \/>\n\t<meta name=\"twitter:label2\" content=\"Tiempo de lectura\" \/>\n\t<meta name=\"twitter:data2\" content=\"3 minutos\" \/>\n<script type=\"application\/ld+json\" class=\"yoast-schema-graph\">{\"@context\":\"https:\/\/schema.org\",\"@graph\":[{\"@type\":\"Article\",\"@id\":\"https:\/\/www.mundoagropecuario.cl\/new\/frambueseros-de-la-araucania-podran-exportar-su-produccion-con-alianza-indap-y-framberry\/#article\",\"isPartOf\":{\"@id\":\"https:\/\/www.mundoagropecuario.cl\/new\/frambueseros-de-la-araucania-podran-exportar-su-produccion-con-alianza-indap-y-framberry\/\"},\"author\":{\"name\":\"periodista\",\"@id\":\"https:\/\/www.mundoagropecuario.cl\/new\/#\/schema\/person\/0c221050801c74e45256a7a9a1ff0803\"},\"headline\":\"Frambueseros de La Araucan\u00eda podr\u00e1n exportar su producci\u00f3n con alianza Indap y Framberry\",\"datePublished\":\"2019-07-25T06:53:15+00:00\",\"dateModified\":\"2019-07-30T14:40:09+00:00\",\"mainEntityOfPage\":{\"@id\":\"https:\/\/www.mundoagropecuario.cl\/new\/frambueseros-de-la-araucania-podran-exportar-su-produccion-con-alianza-indap-y-framberry\/\"},\"wordCount\":600,\"publisher\":{\"@id\":\"https:\/\/www.mundoagropecuario.cl\/new\/#organization\"},\"image\":{\"@id\":\"https:\/\/www.mundoagropecuario.cl\/new\/frambueseros-de-la-araucania-podran-exportar-su-produccion-con-alianza-indap-y-framberry\/#primaryimage\"},\"thumbnailUrl\":\"https:\/\/www.mundoagropecuario.cl\/new\/wp-content\/uploads\/2019\/07\/frambueseros.jpg\",\"keywords\":[\"Berries\",\"frambuesas\",\"Indap\",\"La Araucan\u00eda\"],\"articleSection\":[\"Frutas\"],\"inLanguage\":\"es\"},{\"@type\":\"WebPage\",\"@id\":\"https:\/\/www.mundoagropecuario.cl\/new\/frambueseros-de-la-araucania-podran-exportar-su-produccion-con-alianza-indap-y-framberry\/\",\"url\":\"https:\/\/www.mundoagropecuario.cl\/new\/frambueseros-de-la-araucania-podran-exportar-su-produccion-con-alianza-indap-y-framberry\/\",\"name\":\"Frambueseros de La Araucan\u00eda podr\u00e1n exportar su producci\u00f3n con alianza Indap y Framberry - Mundoagropecuario\",\"isPartOf\":{\"@id\":\"https:\/\/www.mundoagropecuario.cl\/new\/#website\"},\"primaryImageOfPage\":{\"@id\":\"https:\/\/www.mundoagropecuario.cl\/new\/frambueseros-de-la-araucania-podran-exportar-su-produccion-con-alianza-indap-y-framberry\/#primaryimage\"},\"image\":{\"@id\":\"https:\/\/www.mundoagropecuario.cl\/new\/frambueseros-de-la-araucania-podran-exportar-su-produccion-con-alianza-indap-y-framberry\/#primaryimage\"},\"thumbnailUrl\":\"https:\/\/www.mundoagropecuario.cl\/new\/wp-content\/uploads\/2019\/07\/frambueseros.jpg\",\"datePublished\":\"2019-07-25T06:53:15+00:00\",\"dateModified\":\"2019-07-30T14:40:09+00:00\",\"breadcrumb\":{\"@id\":\"https:\/\/www.mundoagropecuario.cl\/new\/frambueseros-de-la-araucania-podran-exportar-su-produccion-con-alianza-indap-y-framberry\/#breadcrumb\"},\"inLanguage\":\"es\",\"potentialAction\":[{\"@type\":\"ReadAction\",\"target\":[\"https:\/\/www.mundoagropecuario.cl\/new\/frambueseros-de-la-araucania-podran-exportar-su-produccion-con-alianza-indap-y-framberry\/\"]}]},{\"@type\":\"ImageObject\",\"inLanguage\":\"es\",\"@id\":\"https:\/\/www.mundoagropecuario.cl\/new\/frambueseros-de-la-araucania-podran-exportar-su-produccion-con-alianza-indap-y-framberry\/#primaryimage\",\"url\":\"https:\/\/www.mundoagropecuario.cl\/new\/wp-content\/uploads\/2019\/07\/frambueseros.jpg\",\"contentUrl\":\"https:\/\/www.mundoagropecuario.cl\/new\/wp-content\/uploads\/2019\/07\/frambueseros.jpg\",\"width\":599,\"height\":400},{\"@type\":\"BreadcrumbList\",\"@id\":\"https:\/\/www.mundoagropecuario.cl\/new\/frambueseros-de-la-araucania-podran-exportar-su-produccion-con-alianza-indap-y-framberry\/#breadcrumb\",\"itemListElement\":[{\"@type\":\"ListItem\",\"position\":1,\"name\":\"Portada\",\"item\":\"https:\/\/www.mundoagropecuario.cl\/new\/\"},{\"@type\":\"ListItem\",\"position\":2,\"name\":\"Frambueseros de La Araucan\u00eda podr\u00e1n exportar su producci\u00f3n con alianza Indap y Framberry\"}]},{\"@type\":\"WebSite\",\"@id\":\"https:\/\/www.mundoagropecuario.cl\/new\/#website\",\"url\":\"https:\/\/www.mundoagropecuario.cl\/new\/\",\"name\":\"Mundoagropecuario\",\"description\":\"Mundo Agropecuario\",\"publisher\":{\"@id\":\"https:\/\/www.mundoagropecuario.cl\/new\/#organization\"},\"potentialAction\":[{\"@type\":\"SearchAction\",\"target\":{\"@type\":\"EntryPoint\",\"urlTemplate\":\"https:\/\/www.mundoagropecuario.cl\/new\/?s={search_term_string}\"},\"query-input\":{\"@type\":\"PropertyValueSpecification\",\"valueRequired\":true,\"valueName\":\"search_term_string\"}}],\"inLanguage\":\"es\"},{\"@type\":\"Organization\",\"@id\":\"https:\/\/www.mundoagropecuario.cl\/new\/#organization\",\"name\":\"Revista de Agricultura\",\"url\":\"https:\/\/www.mundoagropecuario.cl\/new\/\",\"logo\":{\"@type\":\"ImageObject\",\"inLanguage\":\"es\",\"@id\":\"https:\/\/www.mundoagropecuario.cl\/new\/#\/schema\/logo\/image\/\",\"url\":\"https:\/\/www.mundoagropecuario.cl\/new\/wp-content\/uploads\/2020\/11\/PORTAL-1-1.png\",\"contentUrl\":\"https:\/\/www.mundoagropecuario.cl\/new\/wp-content\/uploads\/2020\/11\/PORTAL-1-1.png\",\"width\":1026,\"height\":100,\"caption\":\"Revista de Agricultura\"},\"image\":{\"@id\":\"https:\/\/www.mundoagropecuario.cl\/new\/#\/schema\/logo\/image\/\"},\"sameAs\":[\"https:\/\/www.facebook.com\/mundo.agropecuario.3\",\"https:\/\/x.com\/MundoAgropecuar\",\"https:\/\/www.linkedin.com\/in\/mundo-agropecuario-934009201\/\"]},{\"@type\":\"Person\",\"@id\":\"https:\/\/www.mundoagropecuario.cl\/new\/#\/schema\/person\/0c221050801c74e45256a7a9a1ff0803\",\"name\":\"periodista\",\"url\":\"https:\/\/www.mundoagropecuario.cl\/new\/author\/periodista\/\"}]}<\/script>\n<!-- \/ Yoast SEO plugin. -->","yoast_head_json":{"title":"Frambueseros de La Araucan\u00eda podr\u00e1n exportar su producci\u00f3n con alianza Indap y Framberry - Mundoagropecuario","robots":{"index":"index","follow":"follow","max-snippet":"max-snippet:-1","max-image-preview":"max-image-preview:large","max-video-preview":"max-video-preview:-1"},"canonical":"https:\/\/www.mundoagropecuario.cl\/new\/frambueseros-de-la-araucania-podran-exportar-su-produccion-con-alianza-indap-y-framberry\/","og_locale":"es_ES","og_type":"article","og_title":"Frambueseros de La Araucan\u00eda podr\u00e1n exportar su producci\u00f3n con alianza Indap y Framberry - Mundoagropecuario","og_description":"Convenio permitir\u00e1 articular asociativamente la producci\u00f3n y comercializaci\u00f3n de unas 65 toneladas de frambuesas destinadas al mercado internacional (Mundo Agropecuario). Las condiciones clim\u00e1ticas, geogr\u00e1ficas, sanitarias y la implementaci\u00f3n del Plan...","og_url":"https:\/\/www.mundoagropecuario.cl\/new\/frambueseros-de-la-araucania-podran-exportar-su-produccion-con-alianza-indap-y-framberry\/","og_site_name":"Mundoagropecuario","article_publisher":"https:\/\/www.facebook.com\/mundo.agropecuario.3","article_published_time":"2019-07-25T06:53:15+00:00","article_modified_time":"2019-07-30T14:40:09+00:00","og_image":[{"width":1006,"height":672,"url":"https:\/\/www.mundoagropecuario.cl\/new\/wp-content\/uploads\/2019\/07\/frambueseros.jpg","type":"image\/jpeg"}],"author":"periodista","twitter_card":"summary_large_image","twitter_creator":"@MundoAgropecuar","twitter_site":"@MundoAgropecuar","twitter_misc":{"Escrito por":"periodista","Tiempo de lectura":"3 minutos"},"schema":{"@context":"https:\/\/schema.org","@graph":[{"@type":"Article","@id":"https:\/\/www.mundoagropecuario.cl\/new\/frambueseros-de-la-araucania-podran-exportar-su-produccion-con-alianza-indap-y-framberry\/#article","isPartOf":{"@id":"https:\/\/www.mundoagropecuario.cl\/new\/frambueseros-de-la-araucania-podran-exportar-su-produccion-con-alianza-indap-y-framberry\/"},"author":{"name":"periodista","@id":"https:\/\/www.mundoagropecuario.cl\/new\/#\/schema\/person\/0c221050801c74e45256a7a9a1ff0803"},"headline":"Frambueseros de La Araucan\u00eda podr\u00e1n exportar su producci\u00f3n con alianza Indap y Framberry","datePublished":"2019-07-25T06:53:15+00:00","dateModified":"2019-07-30T14:40:09+00:00","mainEntityOfPage":{"@id":"https:\/\/www.mundoagropecuario.cl\/new\/frambueseros-de-la-araucania-podran-exportar-su-produccion-con-alianza-indap-y-framberry\/"},"wordCount":600,"publisher":{"@id":"https:\/\/www.mundoagropecuario.cl\/new\/#organization"},"image":{"@id":"https:\/\/www.mundoagropecuario.cl\/new\/frambueseros-de-la-araucania-podran-exportar-su-produccion-con-alianza-indap-y-framberry\/#primaryimage"},"thumbnailUrl":"https:\/\/www.mundoagropecuario.cl\/new\/wp-content\/uploads\/2019\/07\/frambueseros.jpg","keywords":["Berries","frambuesas","Indap","La Araucan\u00eda"],"articleSection":["Frutas"],"inLanguage":"es"},{"@type":"WebPage","@id":"https:\/\/www.mundoagropecuario.cl\/new\/frambueseros-de-la-araucania-podran-exportar-su-produccion-con-alianza-indap-y-framberry\/","url":"https:\/\/www.mundoagropecuario.cl\/new\/frambueseros-de-la-araucania-podran-exportar-su-produccion-con-alianza-indap-y-framberry\/","name":"Frambueseros de La Araucan\u00eda podr\u00e1n exportar su producci\u00f3n con alianza Indap y Framberry - Mundoagropecuario","isPartOf":{"@id":"https:\/\/www.mundoagropecuario.cl\/new\/#website"},"primaryImageOfPage":{"@id":"https:\/\/www.mundoagropecuario.cl\/new\/frambueseros-de-la-araucania-podran-exportar-su-produccion-con-alianza-indap-y-framberry\/#primaryimage"},"image":{"@id":"https:\/\/www.mundoagropecuario.cl\/new\/frambueseros-de-la-araucania-podran-exportar-su-produccion-con-alianza-indap-y-framberry\/#primaryimage"},"thumbnailUrl":"https:\/\/www.mundoagropecuario.cl\/new\/wp-content\/uploads\/2019\/07\/frambueseros.jpg","datePublished":"2019-07-25T06:53:15+00:00","dateModified":"2019-07-30T14:40:09+00:00","breadcrumb":{"@id":"https:\/\/www.mundoagropecuario.cl\/new\/frambueseros-de-la-araucania-podran-exportar-su-produccion-con-alianza-indap-y-framberry\/#breadcrumb"},"inLanguage":"es","potentialAction":[{"@type":"ReadAction","target":["https:\/\/www.mundoagropecuario.cl\/new\/frambueseros-de-la-araucania-podran-exportar-su-produccion-con-alianza-indap-y-framberry\/"]}]},{"@type":"ImageObject","inLanguage":"es","@id":"https:\/\/www.mundoagropecuario.cl\/new\/frambueseros-de-la-araucania-podran-exportar-su-produccion-con-alianza-indap-y-framberry\/#primaryimage","url":"https:\/\/www.mundoagropecuario.cl\/new\/wp-content\/uploads\/2019\/07\/frambueseros.jpg","contentUrl":"https:\/\/www.mundoagropecuario.cl\/new\/wp-content\/uploads\/2019\/07\/frambueseros.jpg","width":599,"height":400},{"@type":"BreadcrumbList","@id":"https:\/\/www.mundoagropecuario.cl\/new\/frambueseros-de-la-araucania-podran-exportar-su-produccion-con-alianza-indap-y-framberry\/#breadcrumb","itemListElement":[{"@type":"ListItem","position":1,"name":"Portada","item":"https:\/\/www.mundoagropecuario.cl\/new\/"},{"@type":"ListItem","position":2,"name":"Frambueseros de La Araucan\u00eda podr\u00e1n exportar su producci\u00f3n con alianza Indap y Framberry"}]},{"@type":"WebSite","@id":"https:\/\/www.mundoagropecuario.cl\/new\/#website","url":"https:\/\/www.mundoagropecuario.cl\/new\/","name":"Mundoagropecuario","description":"Mundo Agropecuario","publisher":{"@id":"https:\/\/www.mundoagropecuario.cl\/new\/#organization"},"potentialAction":[{"@type":"SearchAction","target":{"@type":"EntryPoint","urlTemplate":"https:\/\/www.mundoagropecuario.cl\/new\/?s={search_term_string}"},"query-input":{"@type":"PropertyValueSpecification","valueRequired":true,"valueName":"search_term_string"}}],"inLanguage":"es"},{"@type":"Organization","@id":"https:\/\/www.mundoagropecuario.cl\/new\/#organization","name":"Revista de Agricultura","url":"https:\/\/www.mundoagropecuario.cl\/new\/","logo":{"@type":"ImageObject","inLanguage":"es","@id":"https:\/\/www.mundoagropecuario.cl\/new\/#\/schema\/logo\/image\/","url":"https:\/\/www.mundoagropecuario.cl\/new\/wp-content\/uploads\/2020\/11\/PORTAL-1-1.png","contentUrl":"https:\/\/www.mundoagropecuario.cl\/new\/wp-content\/uploads\/2020\/11\/PORTAL-1-1.png","width":1026,"height":100,"caption":"Revista de Agricultura"},"image":{"@id":"https:\/\/www.mundoagropecuario.cl\/new\/#\/schema\/logo\/image\/"},"sameAs":["https:\/\/www.facebook.com\/mundo.agropecuario.3","https:\/\/x.com\/MundoAgropecuar","https:\/\/www.linkedin.com\/in\/mundo-agropecuario-934009201\/"]},{"@type":"Person","@id":"https:\/\/www.mundoagropecuario.cl\/new\/#\/schema\/person\/0c221050801c74e45256a7a9a1ff0803","name":"periodista","url":"https:\/\/www.mundoagropecuario.cl\/new\/author\/periodista\/"}]}},"_links":{"self":[{"href":"https:\/\/www.mundoagropecuario.cl\/new\/wp-json\/wp\/v2\/posts\/12983","targetHints":{"allow":["GET"]}}],"collection":[{"href":"https:\/\/www.mundoagropecuario.cl\/new\/wp-json\/wp\/v2\/posts"}],"about":[{"href":"https:\/\/www.mundoagropecuario.cl\/new\/wp-json\/wp\/v2\/types\/post"}],"author":[{"embeddable":true,"href":"https:\/\/www.mundoagropecuario.cl\/new\/wp-json\/wp\/v2\/users\/3"}],"replies":[{"embeddable":true,"href":"https:\/\/www.mundoagropecuario.cl\/new\/wp-json\/wp\/v2\/comments?post=12983"}],"version-history":[{"count":1,"href":"https:\/\/www.mundoagropecuario.cl\/new\/wp-json\/wp\/v2\/posts\/12983\/revisions"}],"predecessor-version":[{"id":12985,"href":"https:\/\/www.mundoagropecuario.cl\/new\/wp-json\/wp\/v2\/posts\/12983\/revisions\/12985"}],"wp:featuredmedia":[{"embeddable":true,"href":"https:\/\/www.mundoagropecuario.cl\/new\/wp-json\/wp\/v2\/media\/12984"}],"wp:attachment":[{"href":"https:\/\/www.mundoagropecuario.cl\/new\/wp-json\/wp\/v2\/media?parent=12983"}],"wp:term":[{"taxonomy":"category","embeddable":true,"href":"https:\/\/www.mundoagropecuario.cl\/new\/wp-json\/wp\/v2\/categories?post=12983"},{"taxonomy":"post_tag","embeddable":true,"href":"https:\/\/www.mundoagropecuario.cl\/new\/wp-json\/wp\/v2\/tags?post=12983"}],"curies":[{"name":"wp","href":"https:\/\/api.w.org\/{rel}","templated":true}]}}