{"id":12966,"date":"2019-07-25T02:30:01","date_gmt":"2019-07-25T05:30:01","guid":{"rendered":"http:\/\/www.mundoagropecuario.cl\/new\/?p=12966"},"modified":"2019-07-30T11:38:10","modified_gmt":"2019-07-30T14:38:10","slug":"productores-de-leche-buscan-potenciar-el-sector-con-exportaciones-a-emiratos-arabes-unidos","status":"publish","type":"post","link":"https:\/\/www.mundoagropecuario.cl\/new\/productores-de-leche-buscan-potenciar-el-sector-con-exportaciones-a-emiratos-arabes-unidos\/","title":{"rendered":"Productores de leche buscan potenciar el sector con exportaciones a Emiratos \u00c1rabes Unidos"},"content":{"rendered":"\n<ul class=\"wp-block-gallery columns-0 is-cropped wp-block-gallery-1 is-layout-flex wp-block-gallery-is-layout-flex\"><\/ul>\n\n\n\n<p><\/p>\n\n\n\n<p class=\"has-medium-font-size\"><em>Representantes de Fedeleche&nbsp; y asociaciones regionales&nbsp; participaron de una reuni\u00f3n con autoridades de Emiratos \u00c1rabes para explorar las posibilidades de aumentar los embarques hacia ese pa\u00eds (Mundo Agropecuario).<\/em><\/p>\n\n\n\n<p>Con el fin de potenciar rubros tan importantes como es la\nproducci\u00f3n de leche y carne,&nbsp; la\nFederaci\u00f3n Nacional de Productores de Leche (Fedeleche) junto con las\nasociaciones regionales del sur y representantes del sector c\u00e1rnico\nparticiparon este lunes en una reuni\u00f3n de alto nivel&nbsp; con la Ministra de Seguridad Alimentaria de\nEmiratos \u00c1rabes Unidos, S.E. Mariam Bint Mohammed Saeed Hareb Al Muhari,&nbsp; el embajador en Chile, Abdelrazaq Hadi,&nbsp; una comitiva de gobierno de ese pa\u00eds, y la\nC\u00e1mara de Comercio Chileno \u00c1rabe. <\/p>\n\n\n\n<p>A este respecto Eduardo Schwerter, presidente de Fedeleche,\nasegur\u00f3 que al gremio le interesa participar en todas las instancias que tengan\nque ver con la apertura de nuevos mercados y la valorizaci\u00f3n de la leche\nnacional. \u201cEl objetivo de este encuentro forma parte del trabajo que estamos\nhaciendo como Federaci\u00f3n y gremios de internacionalizaci\u00f3n de nuestra leche.\nAbrir nuevos mercados para nuestra producci\u00f3n y de paso, agregar valor a\nnuestros productos, incluso buscando posibles inversionistas que permitan\ndesarrollar nueva infraestructura para industrializar nuestra leche o\nincursionar en alternativas de participaci\u00f3n compartida entre inversionistas\nextranjeros y productores nacionales\u201d, explic\u00f3. <\/p>\n\n\n\n<p>Respecto de los pormenores de esta primera cita, el\npersonero ilustr\u00f3 que \u201cfue una primera conversaci\u00f3n donde mostramos lo que es\nel sector lechero nacional y su potencial. Tenemos la capacidad de producir\nproductos de primera calidad y ellos lo que est\u00e1n buscando por el mundo es\njustamente alta calidad de los alimentos para su poblaci\u00f3n, por lo tanto,\npodr\u00edamos abastecer ciertamente una parte de su consumo\u201d.<\/p>\n\n\n\n<p>Los Emiratos \u00c1rabes Unidos es un pa\u00eds constituido por siete\nemiratos, Abu Dabi, Ajm\u00e1n, Dub\u00e1i, Fuyaira, Ras al-Jaima, Sarja y Umm\nal-Qaywayn. Est\u00e1 dentro de los primeros 5 pa\u00edses en el mundo en cuanto a\ningreso per c\u00e1pita y tiene una poblaci\u00f3n en torno a 9,5 millones de habitantes.<\/p>\n\n\n\n<p><strong>Alcances <\/strong><\/p>\n\n\n\n<p>Consultado por el potencial de esta relaci\u00f3n comercial, el\npresidente de Fedeleche indic\u00f3 que en principio se enfocar\u00eda en leche producida\nen la regi\u00f3n de Los Lagos y se har\u00eda extensivo al resto del pa\u00eds en funci\u00f3n de\nlos mayores requerimientos que se puedan ir generando y tambi\u00e9n que los\nEmiratos \u00c1rabes representan la puerta de entrada a otros pa\u00edses de Oriente y\nnuevos consumidores. \u201cPor lo tanto, como productores vemos un mercado potencial\nbastante importante, que est\u00e1 buscando productos de alta calidad y ah\u00ed nosotros\npodemos competir de igual a igual con otros proveedores del mundo\u201d, afirm\u00f3. <\/p>\n\n\n\n<p>Con todo, el presidente de Fedeleche valor\u00f3 el apoyo del\nsenador Iv\u00e1n Moreira \u201cpor la coordinaci\u00f3n y el contacto realizado para\npotenciar rubros tan importante como es la producci\u00f3n de leche y carne\u201d,\ndestacando asimismo el inter\u00e9s&nbsp; y la\nrelevante participaci\u00f3n&nbsp; de los gremios\ndel sur a trav\u00e9s de Rodrigo Lavin, vicepresidente de Agrollanquihue; Cristian\nArnz, presidente de Sago y de la cooperativa lechera Campos Australes;&nbsp; Michel Junod, gerente de Aproleche Osorno y\nFernando Willer, gerente de la cooperativa torrencial lechero, entre otros\nrepresentantes del sector.&nbsp; <\/p>\n","protected":false},"excerpt":{"rendered":"<p>Representantes de Fedeleche&nbsp; y asociaciones regionales&nbsp; participaron de una reuni\u00f3n con autoridades de Emiratos \u00c1rabes para explorar las posibilidades de aumentar los embarques hacia ese pa\u00eds (Mundo Agropecuario). Con el&#8230;<\/p>\n","protected":false},"author":3,"featured_media":12967,"comment_status":"closed","ping_status":"closed","sticky":false,"template":"","format":"standard","meta":{"footnotes":""},"categories":[1946],"tags":[2751,2058,3068],"class_list":["post-12966","post","type-post","status-publish","format-standard","has-post-thumbnail","hentry","category-lacteos","tag-emiratos-arabes-unidos","tag-fedeleche","tag-lecheros"],"yoast_head":"<!-- This site is optimized with the Yoast SEO plugin v26.6 - https:\/\/yoast.com\/wordpress\/plugins\/seo\/ -->\n<title>Productores de leche buscan potenciar el sector con exportaciones a Emiratos \u00c1rabes Unidos - Mundoagropecuario<\/title>\n<meta name=\"robots\" content=\"index, follow, max-snippet:-1, max-image-preview:large, max-video-preview:-1\" \/>\n<link rel=\"canonical\" href=\"https:\/\/www.mundoagropecuario.cl\/new\/productores-de-leche-buscan-potenciar-el-sector-con-exportaciones-a-emiratos-arabes-unidos\/\" \/>\n<meta property=\"og:locale\" content=\"es_ES\" \/>\n<meta property=\"og:type\" content=\"article\" \/>\n<meta property=\"og:title\" content=\"Productores de leche buscan potenciar el sector con exportaciones a Emiratos \u00c1rabes Unidos - Mundoagropecuario\" \/>\n<meta property=\"og:description\" content=\"Representantes de Fedeleche&nbsp; y asociaciones regionales&nbsp; participaron de una reuni\u00f3n con autoridades de Emiratos \u00c1rabes para explorar las posibilidades de aumentar los embarques hacia ese pa\u00eds (Mundo Agropecuario). Con el...\" \/>\n<meta property=\"og:url\" content=\"https:\/\/www.mundoagropecuario.cl\/new\/productores-de-leche-buscan-potenciar-el-sector-con-exportaciones-a-emiratos-arabes-unidos\/\" \/>\n<meta property=\"og:site_name\" content=\"Mundoagropecuario\" \/>\n<meta property=\"article:publisher\" content=\"https:\/\/www.facebook.com\/mundo.agropecuario.3\" \/>\n<meta property=\"article:published_time\" content=\"2019-07-25T05:30:01+00:00\" \/>\n<meta property=\"article:modified_time\" content=\"2019-07-30T14:38:10+00:00\" \/>\n<meta property=\"og:image\" content=\"https:\/\/www.mundoagropecuario.cl\/new\/wp-content\/uploads\/2019\/07\/Fedeleche-EAU.jpg\" \/>\n\t<meta property=\"og:image:width\" content=\"896\" \/>\n\t<meta property=\"og:image:height\" content=\"598\" \/>\n\t<meta property=\"og:image:type\" content=\"image\/jpeg\" \/>\n<meta name=\"author\" content=\"periodista\" \/>\n<meta name=\"twitter:card\" content=\"summary_large_image\" \/>\n<meta name=\"twitter:creator\" content=\"@MundoAgropecuar\" \/>\n<meta name=\"twitter:site\" content=\"@MundoAgropecuar\" \/>\n<meta name=\"twitter:label1\" content=\"Escrito por\" \/>\n\t<meta name=\"twitter:data1\" content=\"periodista\" \/>\n\t<meta name=\"twitter:label2\" content=\"Tiempo de lectura\" \/>\n\t<meta name=\"twitter:data2\" content=\"3 minutos\" \/>\n<script type=\"application\/ld+json\" class=\"yoast-schema-graph\">{\"@context\":\"https:\/\/schema.org\",\"@graph\":[{\"@type\":\"Article\",\"@id\":\"https:\/\/www.mundoagropecuario.cl\/new\/productores-de-leche-buscan-potenciar-el-sector-con-exportaciones-a-emiratos-arabes-unidos\/#article\",\"isPartOf\":{\"@id\":\"https:\/\/www.mundoagropecuario.cl\/new\/productores-de-leche-buscan-potenciar-el-sector-con-exportaciones-a-emiratos-arabes-unidos\/\"},\"author\":{\"name\":\"periodista\",\"@id\":\"https:\/\/www.mundoagropecuario.cl\/new\/#\/schema\/person\/0c221050801c74e45256a7a9a1ff0803\"},\"headline\":\"Productores de leche buscan potenciar el sector con exportaciones a Emiratos \u00c1rabes Unidos\",\"datePublished\":\"2019-07-25T05:30:01+00:00\",\"dateModified\":\"2019-07-30T14:38:10+00:00\",\"mainEntityOfPage\":{\"@id\":\"https:\/\/www.mundoagropecuario.cl\/new\/productores-de-leche-buscan-potenciar-el-sector-con-exportaciones-a-emiratos-arabes-unidos\/\"},\"wordCount\":569,\"publisher\":{\"@id\":\"https:\/\/www.mundoagropecuario.cl\/new\/#organization\"},\"image\":{\"@id\":\"https:\/\/www.mundoagropecuario.cl\/new\/productores-de-leche-buscan-potenciar-el-sector-con-exportaciones-a-emiratos-arabes-unidos\/#primaryimage\"},\"thumbnailUrl\":\"https:\/\/www.mundoagropecuario.cl\/new\/wp-content\/uploads\/2019\/07\/Fedeleche-EAU.jpg\",\"keywords\":[\"Emiratos \u00c1rabes Unidos\",\"Fedeleche\",\"lecheros\"],\"articleSection\":[\"L\u00e1cteos\"],\"inLanguage\":\"es\"},{\"@type\":\"WebPage\",\"@id\":\"https:\/\/www.mundoagropecuario.cl\/new\/productores-de-leche-buscan-potenciar-el-sector-con-exportaciones-a-emiratos-arabes-unidos\/\",\"url\":\"https:\/\/www.mundoagropecuario.cl\/new\/productores-de-leche-buscan-potenciar-el-sector-con-exportaciones-a-emiratos-arabes-unidos\/\",\"name\":\"Productores de leche buscan potenciar el sector con exportaciones a Emiratos \u00c1rabes Unidos - Mundoagropecuario\",\"isPartOf\":{\"@id\":\"https:\/\/www.mundoagropecuario.cl\/new\/#website\"},\"primaryImageOfPage\":{\"@id\":\"https:\/\/www.mundoagropecuario.cl\/new\/productores-de-leche-buscan-potenciar-el-sector-con-exportaciones-a-emiratos-arabes-unidos\/#primaryimage\"},\"image\":{\"@id\":\"https:\/\/www.mundoagropecuario.cl\/new\/productores-de-leche-buscan-potenciar-el-sector-con-exportaciones-a-emiratos-arabes-unidos\/#primaryimage\"},\"thumbnailUrl\":\"https:\/\/www.mundoagropecuario.cl\/new\/wp-content\/uploads\/2019\/07\/Fedeleche-EAU.jpg\",\"datePublished\":\"2019-07-25T05:30:01+00:00\",\"dateModified\":\"2019-07-30T14:38:10+00:00\",\"breadcrumb\":{\"@id\":\"https:\/\/www.mundoagropecuario.cl\/new\/productores-de-leche-buscan-potenciar-el-sector-con-exportaciones-a-emiratos-arabes-unidos\/#breadcrumb\"},\"inLanguage\":\"es\",\"potentialAction\":[{\"@type\":\"ReadAction\",\"target\":[\"https:\/\/www.mundoagropecuario.cl\/new\/productores-de-leche-buscan-potenciar-el-sector-con-exportaciones-a-emiratos-arabes-unidos\/\"]}]},{\"@type\":\"ImageObject\",\"inLanguage\":\"es\",\"@id\":\"https:\/\/www.mundoagropecuario.cl\/new\/productores-de-leche-buscan-potenciar-el-sector-con-exportaciones-a-emiratos-arabes-unidos\/#primaryimage\",\"url\":\"https:\/\/www.mundoagropecuario.cl\/new\/wp-content\/uploads\/2019\/07\/Fedeleche-EAU.jpg\",\"contentUrl\":\"https:\/\/www.mundoagropecuario.cl\/new\/wp-content\/uploads\/2019\/07\/Fedeleche-EAU.jpg\",\"width\":599,\"height\":400},{\"@type\":\"BreadcrumbList\",\"@id\":\"https:\/\/www.mundoagropecuario.cl\/new\/productores-de-leche-buscan-potenciar-el-sector-con-exportaciones-a-emiratos-arabes-unidos\/#breadcrumb\",\"itemListElement\":[{\"@type\":\"ListItem\",\"position\":1,\"name\":\"Portada\",\"item\":\"https:\/\/www.mundoagropecuario.cl\/new\/\"},{\"@type\":\"ListItem\",\"position\":2,\"name\":\"Productores de leche buscan potenciar el sector con exportaciones a Emiratos \u00c1rabes Unidos\"}]},{\"@type\":\"WebSite\",\"@id\":\"https:\/\/www.mundoagropecuario.cl\/new\/#website\",\"url\":\"https:\/\/www.mundoagropecuario.cl\/new\/\",\"name\":\"Mundoagropecuario\",\"description\":\"Mundo Agropecuario\",\"publisher\":{\"@id\":\"https:\/\/www.mundoagropecuario.cl\/new\/#organization\"},\"potentialAction\":[{\"@type\":\"SearchAction\",\"target\":{\"@type\":\"EntryPoint\",\"urlTemplate\":\"https:\/\/www.mundoagropecuario.cl\/new\/?s={search_term_string}\"},\"query-input\":{\"@type\":\"PropertyValueSpecification\",\"valueRequired\":true,\"valueName\":\"search_term_string\"}}],\"inLanguage\":\"es\"},{\"@type\":\"Organization\",\"@id\":\"https:\/\/www.mundoagropecuario.cl\/new\/#organization\",\"name\":\"Revista de Agricultura\",\"url\":\"https:\/\/www.mundoagropecuario.cl\/new\/\",\"logo\":{\"@type\":\"ImageObject\",\"inLanguage\":\"es\",\"@id\":\"https:\/\/www.mundoagropecuario.cl\/new\/#\/schema\/logo\/image\/\",\"url\":\"https:\/\/www.mundoagropecuario.cl\/new\/wp-content\/uploads\/2020\/11\/PORTAL-1-1.png\",\"contentUrl\":\"https:\/\/www.mundoagropecuario.cl\/new\/wp-content\/uploads\/2020\/11\/PORTAL-1-1.png\",\"width\":1026,\"height\":100,\"caption\":\"Revista de Agricultura\"},\"image\":{\"@id\":\"https:\/\/www.mundoagropecuario.cl\/new\/#\/schema\/logo\/image\/\"},\"sameAs\":[\"https:\/\/www.facebook.com\/mundo.agropecuario.3\",\"https:\/\/x.com\/MundoAgropecuar\",\"https:\/\/www.linkedin.com\/in\/mundo-agropecuario-934009201\/\"]},{\"@type\":\"Person\",\"@id\":\"https:\/\/www.mundoagropecuario.cl\/new\/#\/schema\/person\/0c221050801c74e45256a7a9a1ff0803\",\"name\":\"periodista\",\"url\":\"https:\/\/www.mundoagropecuario.cl\/new\/author\/periodista\/\"}]}<\/script>\n<!-- \/ Yoast SEO plugin. -->","yoast_head_json":{"title":"Productores de leche buscan potenciar el sector con exportaciones a Emiratos \u00c1rabes Unidos - Mundoagropecuario","robots":{"index":"index","follow":"follow","max-snippet":"max-snippet:-1","max-image-preview":"max-image-preview:large","max-video-preview":"max-video-preview:-1"},"canonical":"https:\/\/www.mundoagropecuario.cl\/new\/productores-de-leche-buscan-potenciar-el-sector-con-exportaciones-a-emiratos-arabes-unidos\/","og_locale":"es_ES","og_type":"article","og_title":"Productores de leche buscan potenciar el sector con exportaciones a Emiratos \u00c1rabes Unidos - Mundoagropecuario","og_description":"Representantes de Fedeleche&nbsp; y asociaciones regionales&nbsp; participaron de una reuni\u00f3n con autoridades de Emiratos \u00c1rabes para explorar las posibilidades de aumentar los embarques hacia ese pa\u00eds (Mundo Agropecuario). Con el...","og_url":"https:\/\/www.mundoagropecuario.cl\/new\/productores-de-leche-buscan-potenciar-el-sector-con-exportaciones-a-emiratos-arabes-unidos\/","og_site_name":"Mundoagropecuario","article_publisher":"https:\/\/www.facebook.com\/mundo.agropecuario.3","article_published_time":"2019-07-25T05:30:01+00:00","article_modified_time":"2019-07-30T14:38:10+00:00","og_image":[{"width":896,"height":598,"url":"https:\/\/www.mundoagropecuario.cl\/new\/wp-content\/uploads\/2019\/07\/Fedeleche-EAU.jpg","type":"image\/jpeg"}],"author":"periodista","twitter_card":"summary_large_image","twitter_creator":"@MundoAgropecuar","twitter_site":"@MundoAgropecuar","twitter_misc":{"Escrito por":"periodista","Tiempo de lectura":"3 minutos"},"schema":{"@context":"https:\/\/schema.org","@graph":[{"@type":"Article","@id":"https:\/\/www.mundoagropecuario.cl\/new\/productores-de-leche-buscan-potenciar-el-sector-con-exportaciones-a-emiratos-arabes-unidos\/#article","isPartOf":{"@id":"https:\/\/www.mundoagropecuario.cl\/new\/productores-de-leche-buscan-potenciar-el-sector-con-exportaciones-a-emiratos-arabes-unidos\/"},"author":{"name":"periodista","@id":"https:\/\/www.mundoagropecuario.cl\/new\/#\/schema\/person\/0c221050801c74e45256a7a9a1ff0803"},"headline":"Productores de leche buscan potenciar el sector con exportaciones a Emiratos \u00c1rabes Unidos","datePublished":"2019-07-25T05:30:01+00:00","dateModified":"2019-07-30T14:38:10+00:00","mainEntityOfPage":{"@id":"https:\/\/www.mundoagropecuario.cl\/new\/productores-de-leche-buscan-potenciar-el-sector-con-exportaciones-a-emiratos-arabes-unidos\/"},"wordCount":569,"publisher":{"@id":"https:\/\/www.mundoagropecuario.cl\/new\/#organization"},"image":{"@id":"https:\/\/www.mundoagropecuario.cl\/new\/productores-de-leche-buscan-potenciar-el-sector-con-exportaciones-a-emiratos-arabes-unidos\/#primaryimage"},"thumbnailUrl":"https:\/\/www.mundoagropecuario.cl\/new\/wp-content\/uploads\/2019\/07\/Fedeleche-EAU.jpg","keywords":["Emiratos \u00c1rabes Unidos","Fedeleche","lecheros"],"articleSection":["L\u00e1cteos"],"inLanguage":"es"},{"@type":"WebPage","@id":"https:\/\/www.mundoagropecuario.cl\/new\/productores-de-leche-buscan-potenciar-el-sector-con-exportaciones-a-emiratos-arabes-unidos\/","url":"https:\/\/www.mundoagropecuario.cl\/new\/productores-de-leche-buscan-potenciar-el-sector-con-exportaciones-a-emiratos-arabes-unidos\/","name":"Productores de leche buscan potenciar el sector con exportaciones a Emiratos \u00c1rabes Unidos - Mundoagropecuario","isPartOf":{"@id":"https:\/\/www.mundoagropecuario.cl\/new\/#website"},"primaryImageOfPage":{"@id":"https:\/\/www.mundoagropecuario.cl\/new\/productores-de-leche-buscan-potenciar-el-sector-con-exportaciones-a-emiratos-arabes-unidos\/#primaryimage"},"image":{"@id":"https:\/\/www.mundoagropecuario.cl\/new\/productores-de-leche-buscan-potenciar-el-sector-con-exportaciones-a-emiratos-arabes-unidos\/#primaryimage"},"thumbnailUrl":"https:\/\/www.mundoagropecuario.cl\/new\/wp-content\/uploads\/2019\/07\/Fedeleche-EAU.jpg","datePublished":"2019-07-25T05:30:01+00:00","dateModified":"2019-07-30T14:38:10+00:00","breadcrumb":{"@id":"https:\/\/www.mundoagropecuario.cl\/new\/productores-de-leche-buscan-potenciar-el-sector-con-exportaciones-a-emiratos-arabes-unidos\/#breadcrumb"},"inLanguage":"es","potentialAction":[{"@type":"ReadAction","target":["https:\/\/www.mundoagropecuario.cl\/new\/productores-de-leche-buscan-potenciar-el-sector-con-exportaciones-a-emiratos-arabes-unidos\/"]}]},{"@type":"ImageObject","inLanguage":"es","@id":"https:\/\/www.mundoagropecuario.cl\/new\/productores-de-leche-buscan-potenciar-el-sector-con-exportaciones-a-emiratos-arabes-unidos\/#primaryimage","url":"https:\/\/www.mundoagropecuario.cl\/new\/wp-content\/uploads\/2019\/07\/Fedeleche-EAU.jpg","contentUrl":"https:\/\/www.mundoagropecuario.cl\/new\/wp-content\/uploads\/2019\/07\/Fedeleche-EAU.jpg","width":599,"height":400},{"@type":"BreadcrumbList","@id":"https:\/\/www.mundoagropecuario.cl\/new\/productores-de-leche-buscan-potenciar-el-sector-con-exportaciones-a-emiratos-arabes-unidos\/#breadcrumb","itemListElement":[{"@type":"ListItem","position":1,"name":"Portada","item":"https:\/\/www.mundoagropecuario.cl\/new\/"},{"@type":"ListItem","position":2,"name":"Productores de leche buscan potenciar el sector con exportaciones a Emiratos \u00c1rabes Unidos"}]},{"@type":"WebSite","@id":"https:\/\/www.mundoagropecuario.cl\/new\/#website","url":"https:\/\/www.mundoagropecuario.cl\/new\/","name":"Mundoagropecuario","description":"Mundo Agropecuario","publisher":{"@id":"https:\/\/www.mundoagropecuario.cl\/new\/#organization"},"potentialAction":[{"@type":"SearchAction","target":{"@type":"EntryPoint","urlTemplate":"https:\/\/www.mundoagropecuario.cl\/new\/?s={search_term_string}"},"query-input":{"@type":"PropertyValueSpecification","valueRequired":true,"valueName":"search_term_string"}}],"inLanguage":"es"},{"@type":"Organization","@id":"https:\/\/www.mundoagropecuario.cl\/new\/#organization","name":"Revista de Agricultura","url":"https:\/\/www.mundoagropecuario.cl\/new\/","logo":{"@type":"ImageObject","inLanguage":"es","@id":"https:\/\/www.mundoagropecuario.cl\/new\/#\/schema\/logo\/image\/","url":"https:\/\/www.mundoagropecuario.cl\/new\/wp-content\/uploads\/2020\/11\/PORTAL-1-1.png","contentUrl":"https:\/\/www.mundoagropecuario.cl\/new\/wp-content\/uploads\/2020\/11\/PORTAL-1-1.png","width":1026,"height":100,"caption":"Revista de Agricultura"},"image":{"@id":"https:\/\/www.mundoagropecuario.cl\/new\/#\/schema\/logo\/image\/"},"sameAs":["https:\/\/www.facebook.com\/mundo.agropecuario.3","https:\/\/x.com\/MundoAgropecuar","https:\/\/www.linkedin.com\/in\/mundo-agropecuario-934009201\/"]},{"@type":"Person","@id":"https:\/\/www.mundoagropecuario.cl\/new\/#\/schema\/person\/0c221050801c74e45256a7a9a1ff0803","name":"periodista","url":"https:\/\/www.mundoagropecuario.cl\/new\/author\/periodista\/"}]}},"_links":{"self":[{"href":"https:\/\/www.mundoagropecuario.cl\/new\/wp-json\/wp\/v2\/posts\/12966","targetHints":{"allow":["GET"]}}],"collection":[{"href":"https:\/\/www.mundoagropecuario.cl\/new\/wp-json\/wp\/v2\/posts"}],"about":[{"href":"https:\/\/www.mundoagropecuario.cl\/new\/wp-json\/wp\/v2\/types\/post"}],"author":[{"embeddable":true,"href":"https:\/\/www.mundoagropecuario.cl\/new\/wp-json\/wp\/v2\/users\/3"}],"replies":[{"embeddable":true,"href":"https:\/\/www.mundoagropecuario.cl\/new\/wp-json\/wp\/v2\/comments?post=12966"}],"version-history":[{"count":2,"href":"https:\/\/www.mundoagropecuario.cl\/new\/wp-json\/wp\/v2\/posts\/12966\/revisions"}],"predecessor-version":[{"id":13067,"href":"https:\/\/www.mundoagropecuario.cl\/new\/wp-json\/wp\/v2\/posts\/12966\/revisions\/13067"}],"wp:featuredmedia":[{"embeddable":true,"href":"https:\/\/www.mundoagropecuario.cl\/new\/wp-json\/wp\/v2\/media\/12967"}],"wp:attachment":[{"href":"https:\/\/www.mundoagropecuario.cl\/new\/wp-json\/wp\/v2\/media?parent=12966"}],"wp:term":[{"taxonomy":"category","embeddable":true,"href":"https:\/\/www.mundoagropecuario.cl\/new\/wp-json\/wp\/v2\/categories?post=12966"},{"taxonomy":"post_tag","embeddable":true,"href":"https:\/\/www.mundoagropecuario.cl\/new\/wp-json\/wp\/v2\/tags?post=12966"}],"curies":[{"name":"wp","href":"https:\/\/api.w.org\/{rel}","templated":true}]}}