{"id":12945,"date":"2019-07-24T03:14:18","date_gmt":"2019-07-24T06:14:18","guid":{"rendered":"http:\/\/www.mundoagropecuario.cl\/new\/?p=12945"},"modified":"2019-07-24T03:14:25","modified_gmt":"2019-07-24T06:14:25","slug":"gore-de-nuble-aprueba-300-millones-a-indap-para-inversiones-prediales-en-valle-del-itata","status":"publish","type":"post","link":"https:\/\/www.mundoagropecuario.cl\/new\/gore-de-nuble-aprueba-300-millones-a-indap-para-inversiones-prediales-en-valle-del-itata\/","title":{"rendered":"GORE de \u00d1uble aprueba $300 millones a Indap para inversiones prediales en Valle del Itata"},"content":{"rendered":"\n<ul class=\"wp-block-gallery columns-0 is-cropped wp-block-gallery-1 is-layout-flex wp-block-gallery-is-layout-flex\"><\/ul>\n\n\n\n<p><\/p>\n\n\n\n<p class=\"has-medium-font-size\"><em>Aprobaci\u00f3n de los recursos fue valorada por el intendente Mart\u00edn Arrau, quien afirm\u00f3 que se trata de un presupuesto importante para la zona (Mundo Agropecuario).<\/em><\/p>\n\n\n\n<p>Una gran noticia recibieron los peque\u00f1os agricultores del\nValle del Itata, Regi\u00f3n de \u00d1uble, luego que el intendente Mart\u00edn Arrau y la\ndirectora regional de INDAP, Tatiana Merino Coria, firmaran un convenio\nmediante el cual el Gobierno Regional destina $300 millones para proyectos de\ninversi\u00f3n predial en esta zona de rezago, los que se suman a otros $255\nmillones que aportar\u00e1 el servicio del agro.<\/p>\n\n\n\n<p>Seg\u00fan Tatiana Merino Coria, estos recursos mejorar\u00e1n la\ncompetitividad de los agricultores del Valle del Itata: \u201cPensamos apoyar\nproyectos cuyas caracter\u00edsticas permitan que los agricultores emprendan\nprocesos que mejoren su calidad de vida, como la implementaci\u00f3n de invernaderos\nque aumenten la producci\u00f3n de hortalizas en la zona. Tambi\u00e9n apoyaremos la\nincorporaci\u00f3n de nuevas superficies de frutales, la construcci\u00f3n de bodegas y\nel mejoramiento gen\u00e9tico del ganado bovino, caprino y ovino, as\u00ed como la incorporaci\u00f3n\nde peque\u00f1as superficies de frutillas, que estar\u00e1n asociadas a proyectos de\nriego y a la compra de cajones de abejas para nuestros apicultores\u201d.<\/p>\n\n\n\n<p>La aprobaci\u00f3n de los recursos fue valorada por el intendente\nArrau, quien afirm\u00f3 que se trata de un presupuesto importante para la zona:\n\u201c\u00c9ste es el cuarto convenio con INDAP, mediante el cual podr\u00e1 apoyar proyectos\nde inversi\u00f3n predial de agricultores del Valle del Itata en temas relacionados\ncon infraestructura, riego, construcci\u00f3n de galpones y adquisici\u00f3n de\ndiferentes equipos para que sigan viviendo de la tierra\u201d.<\/p>\n\n\n\n<p>El seremi de Agricultura, Fernando B\u00f3rquez, puntualiz\u00f3 que\neste convenio permitir\u00e1 que 200 peque\u00f1os agricultores de la zona de rezago del\nValle del Itata puedan invertir en aspectos que les sean \u00fatiles, \u201clo que les\nbrindar\u00e1 la posibilidad de diversificar su producci\u00f3n, ya que hoy las\ncondiciones clim\u00e1ticas en la zona otorgan la oportunidad de incorporar nuevos\ncultivos, como paltos, limones, clementinas y papayas\u201d.<\/p>\n\n\n\n<p>La aprobaci\u00f3n de los $300 millones del GORE a INDAP, a\ntrav\u00e9s del proyecto \u201cTransferencia Competitividad Inversi\u00f3n Predial Itata II\nParte\u201d, permitir\u00e1 que los usuarios del servicio postulen a proyectos de\ninversi\u00f3n predial para mejorar sus condiciones de producci\u00f3n y su calidad de\nvida.<\/p>\n","protected":false},"excerpt":{"rendered":"<p>Aprobaci\u00f3n de los recursos fue valorada por el intendente Mart\u00edn Arrau, quien afirm\u00f3 que se trata de un presupuesto importante para la zona (Mundo Agropecuario). Una gran noticia recibieron los&#8230;<\/p>\n","protected":false},"author":3,"featured_media":12946,"comment_status":"closed","ping_status":"closed","sticky":false,"template":"","format":"standard","meta":{"footnotes":""},"categories":[1987],"tags":[1992,3130,1151],"class_list":["post-12945","post","type-post","status-publish","format-standard","has-post-thumbnail","hentry","category-instituciones","tag-indap","tag-itata","tag-nuble"],"yoast_head":"<!-- This site is optimized with the Yoast SEO plugin v26.6 - https:\/\/yoast.com\/wordpress\/plugins\/seo\/ -->\n<title>GORE de \u00d1uble aprueba $300 millones a Indap para inversiones prediales en Valle del Itata - Mundoagropecuario<\/title>\n<meta name=\"robots\" content=\"index, follow, max-snippet:-1, max-image-preview:large, max-video-preview:-1\" \/>\n<link rel=\"canonical\" href=\"https:\/\/www.mundoagropecuario.cl\/new\/gore-de-nuble-aprueba-300-millones-a-indap-para-inversiones-prediales-en-valle-del-itata\/\" \/>\n<meta property=\"og:locale\" content=\"es_ES\" \/>\n<meta property=\"og:type\" content=\"article\" \/>\n<meta property=\"og:title\" content=\"GORE de \u00d1uble aprueba $300 millones a Indap para inversiones prediales en Valle del Itata - Mundoagropecuario\" \/>\n<meta property=\"og:description\" content=\"Aprobaci\u00f3n de los recursos fue valorada por el intendente Mart\u00edn Arrau, quien afirm\u00f3 que se trata de un presupuesto importante para la zona (Mundo Agropecuario). Una gran noticia recibieron los...\" \/>\n<meta property=\"og:url\" content=\"https:\/\/www.mundoagropecuario.cl\/new\/gore-de-nuble-aprueba-300-millones-a-indap-para-inversiones-prediales-en-valle-del-itata\/\" \/>\n<meta property=\"og:site_name\" content=\"Mundoagropecuario\" \/>\n<meta property=\"article:publisher\" content=\"https:\/\/www.facebook.com\/mundo.agropecuario.3\" \/>\n<meta property=\"article:published_time\" content=\"2019-07-24T06:14:18+00:00\" \/>\n<meta property=\"article:modified_time\" content=\"2019-07-24T06:14:25+00:00\" \/>\n<meta property=\"og:image\" content=\"https:\/\/www.mundoagropecuario.cl\/new\/wp-content\/uploads\/2019\/07\/convenio-gore-nuble-indap.jpg\" \/>\n\t<meta property=\"og:image:width\" content=\"700\" \/>\n\t<meta property=\"og:image:height\" content=\"442\" \/>\n\t<meta property=\"og:image:type\" content=\"image\/jpeg\" \/>\n<meta name=\"author\" content=\"periodista\" \/>\n<meta name=\"twitter:card\" content=\"summary_large_image\" \/>\n<meta name=\"twitter:creator\" content=\"@MundoAgropecuar\" \/>\n<meta name=\"twitter:site\" content=\"@MundoAgropecuar\" \/>\n<meta name=\"twitter:label1\" content=\"Escrito por\" \/>\n\t<meta name=\"twitter:data1\" content=\"periodista\" \/>\n\t<meta name=\"twitter:label2\" content=\"Tiempo de lectura\" \/>\n\t<meta name=\"twitter:data2\" content=\"2 minutos\" \/>\n<script type=\"application\/ld+json\" class=\"yoast-schema-graph\">{\"@context\":\"https:\/\/schema.org\",\"@graph\":[{\"@type\":\"Article\",\"@id\":\"https:\/\/www.mundoagropecuario.cl\/new\/gore-de-nuble-aprueba-300-millones-a-indap-para-inversiones-prediales-en-valle-del-itata\/#article\",\"isPartOf\":{\"@id\":\"https:\/\/www.mundoagropecuario.cl\/new\/gore-de-nuble-aprueba-300-millones-a-indap-para-inversiones-prediales-en-valle-del-itata\/\"},\"author\":{\"name\":\"periodista\",\"@id\":\"https:\/\/www.mundoagropecuario.cl\/new\/#\/schema\/person\/0c221050801c74e45256a7a9a1ff0803\"},\"headline\":\"GORE de \u00d1uble aprueba $300 millones a Indap para inversiones prediales en Valle del Itata\",\"datePublished\":\"2019-07-24T06:14:18+00:00\",\"dateModified\":\"2019-07-24T06:14:25+00:00\",\"mainEntityOfPage\":{\"@id\":\"https:\/\/www.mundoagropecuario.cl\/new\/gore-de-nuble-aprueba-300-millones-a-indap-para-inversiones-prediales-en-valle-del-itata\/\"},\"wordCount\":402,\"publisher\":{\"@id\":\"https:\/\/www.mundoagropecuario.cl\/new\/#organization\"},\"image\":{\"@id\":\"https:\/\/www.mundoagropecuario.cl\/new\/gore-de-nuble-aprueba-300-millones-a-indap-para-inversiones-prediales-en-valle-del-itata\/#primaryimage\"},\"thumbnailUrl\":\"https:\/\/www.mundoagropecuario.cl\/new\/wp-content\/uploads\/2019\/07\/convenio-gore-nuble-indap.jpg\",\"keywords\":[\"Indap\",\"Itata\",\"\u00d1uble\"],\"articleSection\":[\"Instituciones\"],\"inLanguage\":\"es\"},{\"@type\":\"WebPage\",\"@id\":\"https:\/\/www.mundoagropecuario.cl\/new\/gore-de-nuble-aprueba-300-millones-a-indap-para-inversiones-prediales-en-valle-del-itata\/\",\"url\":\"https:\/\/www.mundoagropecuario.cl\/new\/gore-de-nuble-aprueba-300-millones-a-indap-para-inversiones-prediales-en-valle-del-itata\/\",\"name\":\"GORE de \u00d1uble aprueba $300 millones a Indap para inversiones prediales en Valle del Itata - Mundoagropecuario\",\"isPartOf\":{\"@id\":\"https:\/\/www.mundoagropecuario.cl\/new\/#website\"},\"primaryImageOfPage\":{\"@id\":\"https:\/\/www.mundoagropecuario.cl\/new\/gore-de-nuble-aprueba-300-millones-a-indap-para-inversiones-prediales-en-valle-del-itata\/#primaryimage\"},\"image\":{\"@id\":\"https:\/\/www.mundoagropecuario.cl\/new\/gore-de-nuble-aprueba-300-millones-a-indap-para-inversiones-prediales-en-valle-del-itata\/#primaryimage\"},\"thumbnailUrl\":\"https:\/\/www.mundoagropecuario.cl\/new\/wp-content\/uploads\/2019\/07\/convenio-gore-nuble-indap.jpg\",\"datePublished\":\"2019-07-24T06:14:18+00:00\",\"dateModified\":\"2019-07-24T06:14:25+00:00\",\"breadcrumb\":{\"@id\":\"https:\/\/www.mundoagropecuario.cl\/new\/gore-de-nuble-aprueba-300-millones-a-indap-para-inversiones-prediales-en-valle-del-itata\/#breadcrumb\"},\"inLanguage\":\"es\",\"potentialAction\":[{\"@type\":\"ReadAction\",\"target\":[\"https:\/\/www.mundoagropecuario.cl\/new\/gore-de-nuble-aprueba-300-millones-a-indap-para-inversiones-prediales-en-valle-del-itata\/\"]}]},{\"@type\":\"ImageObject\",\"inLanguage\":\"es\",\"@id\":\"https:\/\/www.mundoagropecuario.cl\/new\/gore-de-nuble-aprueba-300-millones-a-indap-para-inversiones-prediales-en-valle-del-itata\/#primaryimage\",\"url\":\"https:\/\/www.mundoagropecuario.cl\/new\/wp-content\/uploads\/2019\/07\/convenio-gore-nuble-indap.jpg\",\"contentUrl\":\"https:\/\/www.mundoagropecuario.cl\/new\/wp-content\/uploads\/2019\/07\/convenio-gore-nuble-indap.jpg\",\"width\":633,\"height\":400},{\"@type\":\"BreadcrumbList\",\"@id\":\"https:\/\/www.mundoagropecuario.cl\/new\/gore-de-nuble-aprueba-300-millones-a-indap-para-inversiones-prediales-en-valle-del-itata\/#breadcrumb\",\"itemListElement\":[{\"@type\":\"ListItem\",\"position\":1,\"name\":\"Portada\",\"item\":\"https:\/\/www.mundoagropecuario.cl\/new\/\"},{\"@type\":\"ListItem\",\"position\":2,\"name\":\"GORE de \u00d1uble aprueba $300 millones a Indap para inversiones prediales en Valle del Itata\"}]},{\"@type\":\"WebSite\",\"@id\":\"https:\/\/www.mundoagropecuario.cl\/new\/#website\",\"url\":\"https:\/\/www.mundoagropecuario.cl\/new\/\",\"name\":\"Mundoagropecuario\",\"description\":\"Mundo Agropecuario\",\"publisher\":{\"@id\":\"https:\/\/www.mundoagropecuario.cl\/new\/#organization\"},\"potentialAction\":[{\"@type\":\"SearchAction\",\"target\":{\"@type\":\"EntryPoint\",\"urlTemplate\":\"https:\/\/www.mundoagropecuario.cl\/new\/?s={search_term_string}\"},\"query-input\":{\"@type\":\"PropertyValueSpecification\",\"valueRequired\":true,\"valueName\":\"search_term_string\"}}],\"inLanguage\":\"es\"},{\"@type\":\"Organization\",\"@id\":\"https:\/\/www.mundoagropecuario.cl\/new\/#organization\",\"name\":\"Revista de Agricultura\",\"url\":\"https:\/\/www.mundoagropecuario.cl\/new\/\",\"logo\":{\"@type\":\"ImageObject\",\"inLanguage\":\"es\",\"@id\":\"https:\/\/www.mundoagropecuario.cl\/new\/#\/schema\/logo\/image\/\",\"url\":\"https:\/\/www.mundoagropecuario.cl\/new\/wp-content\/uploads\/2020\/11\/PORTAL-1-1.png\",\"contentUrl\":\"https:\/\/www.mundoagropecuario.cl\/new\/wp-content\/uploads\/2020\/11\/PORTAL-1-1.png\",\"width\":1026,\"height\":100,\"caption\":\"Revista de Agricultura\"},\"image\":{\"@id\":\"https:\/\/www.mundoagropecuario.cl\/new\/#\/schema\/logo\/image\/\"},\"sameAs\":[\"https:\/\/www.facebook.com\/mundo.agropecuario.3\",\"https:\/\/x.com\/MundoAgropecuar\",\"https:\/\/www.linkedin.com\/in\/mundo-agropecuario-934009201\/\"]},{\"@type\":\"Person\",\"@id\":\"https:\/\/www.mundoagropecuario.cl\/new\/#\/schema\/person\/0c221050801c74e45256a7a9a1ff0803\",\"name\":\"periodista\",\"url\":\"https:\/\/www.mundoagropecuario.cl\/new\/author\/periodista\/\"}]}<\/script>\n<!-- \/ Yoast SEO plugin. -->","yoast_head_json":{"title":"GORE de \u00d1uble aprueba $300 millones a Indap para inversiones prediales en Valle del Itata - Mundoagropecuario","robots":{"index":"index","follow":"follow","max-snippet":"max-snippet:-1","max-image-preview":"max-image-preview:large","max-video-preview":"max-video-preview:-1"},"canonical":"https:\/\/www.mundoagropecuario.cl\/new\/gore-de-nuble-aprueba-300-millones-a-indap-para-inversiones-prediales-en-valle-del-itata\/","og_locale":"es_ES","og_type":"article","og_title":"GORE de \u00d1uble aprueba $300 millones a Indap para inversiones prediales en Valle del Itata - Mundoagropecuario","og_description":"Aprobaci\u00f3n de los recursos fue valorada por el intendente Mart\u00edn Arrau, quien afirm\u00f3 que se trata de un presupuesto importante para la zona (Mundo Agropecuario). Una gran noticia recibieron los...","og_url":"https:\/\/www.mundoagropecuario.cl\/new\/gore-de-nuble-aprueba-300-millones-a-indap-para-inversiones-prediales-en-valle-del-itata\/","og_site_name":"Mundoagropecuario","article_publisher":"https:\/\/www.facebook.com\/mundo.agropecuario.3","article_published_time":"2019-07-24T06:14:18+00:00","article_modified_time":"2019-07-24T06:14:25+00:00","og_image":[{"width":700,"height":442,"url":"https:\/\/www.mundoagropecuario.cl\/new\/wp-content\/uploads\/2019\/07\/convenio-gore-nuble-indap.jpg","type":"image\/jpeg"}],"author":"periodista","twitter_card":"summary_large_image","twitter_creator":"@MundoAgropecuar","twitter_site":"@MundoAgropecuar","twitter_misc":{"Escrito por":"periodista","Tiempo de lectura":"2 minutos"},"schema":{"@context":"https:\/\/schema.org","@graph":[{"@type":"Article","@id":"https:\/\/www.mundoagropecuario.cl\/new\/gore-de-nuble-aprueba-300-millones-a-indap-para-inversiones-prediales-en-valle-del-itata\/#article","isPartOf":{"@id":"https:\/\/www.mundoagropecuario.cl\/new\/gore-de-nuble-aprueba-300-millones-a-indap-para-inversiones-prediales-en-valle-del-itata\/"},"author":{"name":"periodista","@id":"https:\/\/www.mundoagropecuario.cl\/new\/#\/schema\/person\/0c221050801c74e45256a7a9a1ff0803"},"headline":"GORE de \u00d1uble aprueba $300 millones a Indap para inversiones prediales en Valle del Itata","datePublished":"2019-07-24T06:14:18+00:00","dateModified":"2019-07-24T06:14:25+00:00","mainEntityOfPage":{"@id":"https:\/\/www.mundoagropecuario.cl\/new\/gore-de-nuble-aprueba-300-millones-a-indap-para-inversiones-prediales-en-valle-del-itata\/"},"wordCount":402,"publisher":{"@id":"https:\/\/www.mundoagropecuario.cl\/new\/#organization"},"image":{"@id":"https:\/\/www.mundoagropecuario.cl\/new\/gore-de-nuble-aprueba-300-millones-a-indap-para-inversiones-prediales-en-valle-del-itata\/#primaryimage"},"thumbnailUrl":"https:\/\/www.mundoagropecuario.cl\/new\/wp-content\/uploads\/2019\/07\/convenio-gore-nuble-indap.jpg","keywords":["Indap","Itata","\u00d1uble"],"articleSection":["Instituciones"],"inLanguage":"es"},{"@type":"WebPage","@id":"https:\/\/www.mundoagropecuario.cl\/new\/gore-de-nuble-aprueba-300-millones-a-indap-para-inversiones-prediales-en-valle-del-itata\/","url":"https:\/\/www.mundoagropecuario.cl\/new\/gore-de-nuble-aprueba-300-millones-a-indap-para-inversiones-prediales-en-valle-del-itata\/","name":"GORE de \u00d1uble aprueba $300 millones a Indap para inversiones prediales en Valle del Itata - Mundoagropecuario","isPartOf":{"@id":"https:\/\/www.mundoagropecuario.cl\/new\/#website"},"primaryImageOfPage":{"@id":"https:\/\/www.mundoagropecuario.cl\/new\/gore-de-nuble-aprueba-300-millones-a-indap-para-inversiones-prediales-en-valle-del-itata\/#primaryimage"},"image":{"@id":"https:\/\/www.mundoagropecuario.cl\/new\/gore-de-nuble-aprueba-300-millones-a-indap-para-inversiones-prediales-en-valle-del-itata\/#primaryimage"},"thumbnailUrl":"https:\/\/www.mundoagropecuario.cl\/new\/wp-content\/uploads\/2019\/07\/convenio-gore-nuble-indap.jpg","datePublished":"2019-07-24T06:14:18+00:00","dateModified":"2019-07-24T06:14:25+00:00","breadcrumb":{"@id":"https:\/\/www.mundoagropecuario.cl\/new\/gore-de-nuble-aprueba-300-millones-a-indap-para-inversiones-prediales-en-valle-del-itata\/#breadcrumb"},"inLanguage":"es","potentialAction":[{"@type":"ReadAction","target":["https:\/\/www.mundoagropecuario.cl\/new\/gore-de-nuble-aprueba-300-millones-a-indap-para-inversiones-prediales-en-valle-del-itata\/"]}]},{"@type":"ImageObject","inLanguage":"es","@id":"https:\/\/www.mundoagropecuario.cl\/new\/gore-de-nuble-aprueba-300-millones-a-indap-para-inversiones-prediales-en-valle-del-itata\/#primaryimage","url":"https:\/\/www.mundoagropecuario.cl\/new\/wp-content\/uploads\/2019\/07\/convenio-gore-nuble-indap.jpg","contentUrl":"https:\/\/www.mundoagropecuario.cl\/new\/wp-content\/uploads\/2019\/07\/convenio-gore-nuble-indap.jpg","width":633,"height":400},{"@type":"BreadcrumbList","@id":"https:\/\/www.mundoagropecuario.cl\/new\/gore-de-nuble-aprueba-300-millones-a-indap-para-inversiones-prediales-en-valle-del-itata\/#breadcrumb","itemListElement":[{"@type":"ListItem","position":1,"name":"Portada","item":"https:\/\/www.mundoagropecuario.cl\/new\/"},{"@type":"ListItem","position":2,"name":"GORE de \u00d1uble aprueba $300 millones a Indap para inversiones prediales en Valle del Itata"}]},{"@type":"WebSite","@id":"https:\/\/www.mundoagropecuario.cl\/new\/#website","url":"https:\/\/www.mundoagropecuario.cl\/new\/","name":"Mundoagropecuario","description":"Mundo Agropecuario","publisher":{"@id":"https:\/\/www.mundoagropecuario.cl\/new\/#organization"},"potentialAction":[{"@type":"SearchAction","target":{"@type":"EntryPoint","urlTemplate":"https:\/\/www.mundoagropecuario.cl\/new\/?s={search_term_string}"},"query-input":{"@type":"PropertyValueSpecification","valueRequired":true,"valueName":"search_term_string"}}],"inLanguage":"es"},{"@type":"Organization","@id":"https:\/\/www.mundoagropecuario.cl\/new\/#organization","name":"Revista de Agricultura","url":"https:\/\/www.mundoagropecuario.cl\/new\/","logo":{"@type":"ImageObject","inLanguage":"es","@id":"https:\/\/www.mundoagropecuario.cl\/new\/#\/schema\/logo\/image\/","url":"https:\/\/www.mundoagropecuario.cl\/new\/wp-content\/uploads\/2020\/11\/PORTAL-1-1.png","contentUrl":"https:\/\/www.mundoagropecuario.cl\/new\/wp-content\/uploads\/2020\/11\/PORTAL-1-1.png","width":1026,"height":100,"caption":"Revista de Agricultura"},"image":{"@id":"https:\/\/www.mundoagropecuario.cl\/new\/#\/schema\/logo\/image\/"},"sameAs":["https:\/\/www.facebook.com\/mundo.agropecuario.3","https:\/\/x.com\/MundoAgropecuar","https:\/\/www.linkedin.com\/in\/mundo-agropecuario-934009201\/"]},{"@type":"Person","@id":"https:\/\/www.mundoagropecuario.cl\/new\/#\/schema\/person\/0c221050801c74e45256a7a9a1ff0803","name":"periodista","url":"https:\/\/www.mundoagropecuario.cl\/new\/author\/periodista\/"}]}},"_links":{"self":[{"href":"https:\/\/www.mundoagropecuario.cl\/new\/wp-json\/wp\/v2\/posts\/12945","targetHints":{"allow":["GET"]}}],"collection":[{"href":"https:\/\/www.mundoagropecuario.cl\/new\/wp-json\/wp\/v2\/posts"}],"about":[{"href":"https:\/\/www.mundoagropecuario.cl\/new\/wp-json\/wp\/v2\/types\/post"}],"author":[{"embeddable":true,"href":"https:\/\/www.mundoagropecuario.cl\/new\/wp-json\/wp\/v2\/users\/3"}],"replies":[{"embeddable":true,"href":"https:\/\/www.mundoagropecuario.cl\/new\/wp-json\/wp\/v2\/comments?post=12945"}],"version-history":[{"count":1,"href":"https:\/\/www.mundoagropecuario.cl\/new\/wp-json\/wp\/v2\/posts\/12945\/revisions"}],"predecessor-version":[{"id":12947,"href":"https:\/\/www.mundoagropecuario.cl\/new\/wp-json\/wp\/v2\/posts\/12945\/revisions\/12947"}],"wp:featuredmedia":[{"embeddable":true,"href":"https:\/\/www.mundoagropecuario.cl\/new\/wp-json\/wp\/v2\/media\/12946"}],"wp:attachment":[{"href":"https:\/\/www.mundoagropecuario.cl\/new\/wp-json\/wp\/v2\/media?parent=12945"}],"wp:term":[{"taxonomy":"category","embeddable":true,"href":"https:\/\/www.mundoagropecuario.cl\/new\/wp-json\/wp\/v2\/categories?post=12945"},{"taxonomy":"post_tag","embeddable":true,"href":"https:\/\/www.mundoagropecuario.cl\/new\/wp-json\/wp\/v2\/tags?post=12945"}],"curies":[{"name":"wp","href":"https:\/\/api.w.org\/{rel}","templated":true}]}}