{"id":12920,"date":"2019-07-22T03:10:55","date_gmt":"2019-07-22T06:10:55","guid":{"rendered":"http:\/\/www.mundoagropecuario.cl\/new\/?p=12920"},"modified":"2019-07-24T12:30:17","modified_gmt":"2019-07-24T15:30:17","slug":"productores-mapuche-del-biobio-y-araucania-se-capacitaron-en-control-biologico-de-plagas-en-berries","status":"publish","type":"post","link":"https:\/\/www.mundoagropecuario.cl\/new\/productores-mapuche-del-biobio-y-araucania-se-capacitaron-en-control-biologico-de-plagas-en-berries\/","title":{"rendered":"Productores mapuche del Biob\u00edo y Araucan\u00eda se capacitaron en control biol\u00f3gico de plagas en berries"},"content":{"rendered":"\n<ul class=\"wp-block-gallery columns-0 is-cropped wp-block-gallery-1 is-layout-flex wp-block-gallery-is-layout-flex\"><\/ul>\n\n\n\n<p><\/p>\n\n\n\n<p class=\"has-medium-font-size\"><em>Identificaci\u00f3n de larvas de los insectos plaga y uso de\nhongos entomopat\u00f3genos fueron las tem\u00e1ticas tratadas por profesional de INIA.\nActividad se desarroll\u00f3 en marco de convenio de colaboraci\u00f3n entre comunidades\ny CMPC (Mundo Agropecuario).<\/em><\/p>\n\n\n\n<p>Setenta productores de comunidades mapuche de las comunas de\nTir\u00faa (regi\u00f3n del Biob\u00edo), Collipulli y Victoria (Araucan\u00eda) aprendieron a\nidentificar las principales plagas subterr\u00e1neas que afectan sus huertos de\nberries, aspecto clave para combatirlos usando m\u00e9todos naturales, sin uso de\nqu\u00edmicos.<\/p>\n\n\n\n<p>Las jornadas de capacitaci\u00f3n estuvieron a cargo del\ningeniero agr\u00f3nomo de INIA Quilamapu, Daniel Ortiz, quien se\u00f1al\u00f3 que \u201cmuchos\nproductores conocen las larvas presentes en el suelo sin saber que de \u00e9stas se\noriginan diversos insectos como los San Juanes, Pololos Dorados, y Burritos de\nla Vid, entre varios otros\u201d.<\/p>\n\n\n\n<p>El profesional de INIA agreg\u00f3 que la finalidad de las\ncapacitaciones se concentr\u00f3 en que \u201clos productores aprendieran a identificar,\ntanto las larvas como los adultos de pololos y burritos que son plagas en sus\nhuertos de berries\u201d. Recalc\u00f3 que el reconocimiento exacto de la plaga les\npermitir\u00e1 utilizar controladores biol\u00f3gicos, como los hongos entomopat\u00f3genos,\nque son microorganismos espec\u00edficos para cada uno de los insectos\nidentificados. \u201cEstos microorganismos se tomaron de la naturaleza, en donde\nest\u00e1n controlando poblaciones de insectos, lo que tiene directa relaci\u00f3n con el\nrespeto por la naturaleza que los productores profesan\u201d.<\/p>\n\n\n\n<p>Los agricultores favorecidos por esta actividad pertenecen a\nlas regiones de Biob\u00edo y Araucan\u00eda, correspondiendo a la primera la Asociaci\u00f3n\nInche ta\u00f1i mapu lafken del sector Tir\u00faa Sur. En tanto, de Collipulli fueron\ncapacitados el grupo Siete Comunidades Unidas, el grupo Los Tori y Asociados,\nAntumarichiweo, y Juan de Dios Gua\u00f1aco; mientras que de la comuna de Victoria\nlos favorecidos fueron los grupos Tokiwe, Pitriqueo y Chamichaco.<\/p>\n\n\n\n<p><strong>Estrategias de control de plagas<\/strong><\/p>\n\n\n\n<p>Daniel Ortiz explic\u00f3 que el monitoreo realizado consisti\u00f3 en\nescavar hoyos de 40 cm de profundidad, para observar las larvas presentes en el\nsuelo y el da\u00f1o generado por \u00e9stas a las ra\u00edces de las plantas. \u201cEl trabajo\nrealizado fue muy bien recibido por los productores, quienes no dimensionaban\nel da\u00f1o que estas larvas generan en sus huertos con la consiguiente disminuci\u00f3n\nde sus rendimientos\u201d, detall\u00f3 el profesional de INIA.<\/p>\n\n\n\n<p>Asimismo, resalt\u00f3 la importancia en el uso de hongos\nentomopat\u00f3genos para controlar las plagas. \u201cLos hongos entomopat\u00f3genos son un\ngrupo espec\u00edficos de hongos que s\u00f3lo afectan a insectos y controlan una sola\nplaga en particular, siendo inofensivos los insectos ben\u00e9ficos como abejas,\nchinitas, y otros. Tampoco generan da\u00f1o en las plantas, animales, aves, peces y\nel ser humano. Por lo tanto, es muy importante identificar correctamente la\nplaga presente en el huerto para poder aplicar el hongo preciso para la plaga\u201d.<\/p>\n\n\n\n<p>INIA Quilamapu posee en Chill\u00e1n una planta productora de\ndiversos hongos entomopat\u00f3genos para el control de 10 plagas agr\u00edcolas que\nafectan, principalmente a berries, frutales mayores y praderas. Los insectos\nque se controlan son pololo verde, pololo caf\u00e9, pololo dorado, burrito de la\nvid, capachito de los frutales, gorgojo de los invernaderos, cabrito de la\nframbuesa, cabrito del mait\u00e9n o avellano, chanchito blanco, y cuncunilla negra.<\/p>\n","protected":false},"excerpt":{"rendered":"<p>Identificaci\u00f3n de larvas de los insectos plaga y uso de hongos entomopat\u00f3genos fueron las tem\u00e1ticas tratadas por profesional de INIA. Actividad se desarroll\u00f3 en marco de convenio de colaboraci\u00f3n entre&#8230;<\/p>\n","protected":false},"author":3,"featured_media":12921,"comment_status":"closed","ping_status":"closed","sticky":false,"template":"","format":"standard","meta":{"footnotes":""},"categories":[1986],"tags":[3829,2052,2168,2964],"class_list":["post-12920","post","type-post","status-publish","format-standard","has-post-thumbnail","hentry","category-frutas","tag-cmpc","tag-inia","tag-inia-quilamapu","tag-mapuche"],"yoast_head":"<!-- This site is optimized with the Yoast SEO plugin v26.6 - https:\/\/yoast.com\/wordpress\/plugins\/seo\/ -->\n<title>Productores mapuche del Biob\u00edo y Araucan\u00eda se capacitaron en control biol\u00f3gico de plagas en berries - Mundoagropecuario<\/title>\n<meta name=\"robots\" content=\"index, follow, max-snippet:-1, max-image-preview:large, max-video-preview:-1\" \/>\n<link rel=\"canonical\" href=\"https:\/\/www.mundoagropecuario.cl\/new\/productores-mapuche-del-biobio-y-araucania-se-capacitaron-en-control-biologico-de-plagas-en-berries\/\" \/>\n<meta property=\"og:locale\" content=\"es_ES\" \/>\n<meta property=\"og:type\" content=\"article\" \/>\n<meta property=\"og:title\" content=\"Productores mapuche del Biob\u00edo y Araucan\u00eda se capacitaron en control biol\u00f3gico de plagas en berries - Mundoagropecuario\" \/>\n<meta property=\"og:description\" content=\"Identificaci\u00f3n de larvas de los insectos plaga y uso de hongos entomopat\u00f3genos fueron las tem\u00e1ticas tratadas por profesional de INIA. Actividad se desarroll\u00f3 en marco de convenio de colaboraci\u00f3n entre...\" \/>\n<meta property=\"og:url\" content=\"https:\/\/www.mundoagropecuario.cl\/new\/productores-mapuche-del-biobio-y-araucania-se-capacitaron-en-control-biologico-de-plagas-en-berries\/\" \/>\n<meta property=\"og:site_name\" content=\"Mundoagropecuario\" \/>\n<meta property=\"article:publisher\" content=\"https:\/\/www.facebook.com\/mundo.agropecuario.3\" \/>\n<meta property=\"article:published_time\" content=\"2019-07-22T06:10:55+00:00\" \/>\n<meta property=\"article:modified_time\" content=\"2019-07-24T15:30:17+00:00\" \/>\n<meta property=\"og:image\" content=\"https:\/\/www.mundoagropecuario.cl\/new\/wp-content\/uploads\/2019\/07\/B\u00fasqueda-de-larvas-de-insectos-plaga-en-huertos-de-ar\u00e1ndano.jpeg\" \/>\n\t<meta property=\"og:image:width\" content=\"922\" \/>\n\t<meta property=\"og:image:height\" content=\"692\" \/>\n\t<meta property=\"og:image:type\" content=\"image\/jpeg\" \/>\n<meta name=\"author\" content=\"periodista\" \/>\n<meta name=\"twitter:card\" content=\"summary_large_image\" \/>\n<meta name=\"twitter:creator\" content=\"@MundoAgropecuar\" \/>\n<meta name=\"twitter:site\" content=\"@MundoAgropecuar\" \/>\n<meta name=\"twitter:label1\" content=\"Escrito por\" \/>\n\t<meta name=\"twitter:data1\" content=\"periodista\" \/>\n\t<meta name=\"twitter:label2\" content=\"Tiempo de lectura\" \/>\n\t<meta name=\"twitter:data2\" content=\"3 minutos\" \/>\n<script type=\"application\/ld+json\" class=\"yoast-schema-graph\">{\"@context\":\"https:\/\/schema.org\",\"@graph\":[{\"@type\":\"Article\",\"@id\":\"https:\/\/www.mundoagropecuario.cl\/new\/productores-mapuche-del-biobio-y-araucania-se-capacitaron-en-control-biologico-de-plagas-en-berries\/#article\",\"isPartOf\":{\"@id\":\"https:\/\/www.mundoagropecuario.cl\/new\/productores-mapuche-del-biobio-y-araucania-se-capacitaron-en-control-biologico-de-plagas-en-berries\/\"},\"author\":{\"name\":\"periodista\",\"@id\":\"https:\/\/www.mundoagropecuario.cl\/new\/#\/schema\/person\/0c221050801c74e45256a7a9a1ff0803\"},\"headline\":\"Productores mapuche del Biob\u00edo y Araucan\u00eda se capacitaron en control biol\u00f3gico de plagas en berries\",\"datePublished\":\"2019-07-22T06:10:55+00:00\",\"dateModified\":\"2019-07-24T15:30:17+00:00\",\"mainEntityOfPage\":{\"@id\":\"https:\/\/www.mundoagropecuario.cl\/new\/productores-mapuche-del-biobio-y-araucania-se-capacitaron-en-control-biologico-de-plagas-en-berries\/\"},\"wordCount\":565,\"publisher\":{\"@id\":\"https:\/\/www.mundoagropecuario.cl\/new\/#organization\"},\"image\":{\"@id\":\"https:\/\/www.mundoagropecuario.cl\/new\/productores-mapuche-del-biobio-y-araucania-se-capacitaron-en-control-biologico-de-plagas-en-berries\/#primaryimage\"},\"thumbnailUrl\":\"https:\/\/www.mundoagropecuario.cl\/new\/wp-content\/uploads\/2019\/07\/B\u00fasqueda-de-larvas-de-insectos-plaga-en-huertos-de-ar\u00e1ndano.jpeg\",\"keywords\":[\"CMPC\",\"INIA\",\"INIA Quilamapu\",\"mapuche\"],\"articleSection\":[\"Frutas\"],\"inLanguage\":\"es\"},{\"@type\":\"WebPage\",\"@id\":\"https:\/\/www.mundoagropecuario.cl\/new\/productores-mapuche-del-biobio-y-araucania-se-capacitaron-en-control-biologico-de-plagas-en-berries\/\",\"url\":\"https:\/\/www.mundoagropecuario.cl\/new\/productores-mapuche-del-biobio-y-araucania-se-capacitaron-en-control-biologico-de-plagas-en-berries\/\",\"name\":\"Productores mapuche del Biob\u00edo y Araucan\u00eda se capacitaron en control biol\u00f3gico de plagas en berries - Mundoagropecuario\",\"isPartOf\":{\"@id\":\"https:\/\/www.mundoagropecuario.cl\/new\/#website\"},\"primaryImageOfPage\":{\"@id\":\"https:\/\/www.mundoagropecuario.cl\/new\/productores-mapuche-del-biobio-y-araucania-se-capacitaron-en-control-biologico-de-plagas-en-berries\/#primaryimage\"},\"image\":{\"@id\":\"https:\/\/www.mundoagropecuario.cl\/new\/productores-mapuche-del-biobio-y-araucania-se-capacitaron-en-control-biologico-de-plagas-en-berries\/#primaryimage\"},\"thumbnailUrl\":\"https:\/\/www.mundoagropecuario.cl\/new\/wp-content\/uploads\/2019\/07\/B\u00fasqueda-de-larvas-de-insectos-plaga-en-huertos-de-ar\u00e1ndano.jpeg\",\"datePublished\":\"2019-07-22T06:10:55+00:00\",\"dateModified\":\"2019-07-24T15:30:17+00:00\",\"breadcrumb\":{\"@id\":\"https:\/\/www.mundoagropecuario.cl\/new\/productores-mapuche-del-biobio-y-araucania-se-capacitaron-en-control-biologico-de-plagas-en-berries\/#breadcrumb\"},\"inLanguage\":\"es\",\"potentialAction\":[{\"@type\":\"ReadAction\",\"target\":[\"https:\/\/www.mundoagropecuario.cl\/new\/productores-mapuche-del-biobio-y-araucania-se-capacitaron-en-control-biologico-de-plagas-en-berries\/\"]}]},{\"@type\":\"ImageObject\",\"inLanguage\":\"es\",\"@id\":\"https:\/\/www.mundoagropecuario.cl\/new\/productores-mapuche-del-biobio-y-araucania-se-capacitaron-en-control-biologico-de-plagas-en-berries\/#primaryimage\",\"url\":\"https:\/\/www.mundoagropecuario.cl\/new\/wp-content\/uploads\/2019\/07\/B\u00fasqueda-de-larvas-de-insectos-plaga-en-huertos-de-ar\u00e1ndano.jpeg\",\"contentUrl\":\"https:\/\/www.mundoagropecuario.cl\/new\/wp-content\/uploads\/2019\/07\/B\u00fasqueda-de-larvas-de-insectos-plaga-en-huertos-de-ar\u00e1ndano.jpeg\",\"width\":533,\"height\":400},{\"@type\":\"BreadcrumbList\",\"@id\":\"https:\/\/www.mundoagropecuario.cl\/new\/productores-mapuche-del-biobio-y-araucania-se-capacitaron-en-control-biologico-de-plagas-en-berries\/#breadcrumb\",\"itemListElement\":[{\"@type\":\"ListItem\",\"position\":1,\"name\":\"Portada\",\"item\":\"https:\/\/www.mundoagropecuario.cl\/new\/\"},{\"@type\":\"ListItem\",\"position\":2,\"name\":\"Productores mapuche del Biob\u00edo y Araucan\u00eda se capacitaron en control biol\u00f3gico de plagas en berries\"}]},{\"@type\":\"WebSite\",\"@id\":\"https:\/\/www.mundoagropecuario.cl\/new\/#website\",\"url\":\"https:\/\/www.mundoagropecuario.cl\/new\/\",\"name\":\"Mundoagropecuario\",\"description\":\"Mundo Agropecuario\",\"publisher\":{\"@id\":\"https:\/\/www.mundoagropecuario.cl\/new\/#organization\"},\"potentialAction\":[{\"@type\":\"SearchAction\",\"target\":{\"@type\":\"EntryPoint\",\"urlTemplate\":\"https:\/\/www.mundoagropecuario.cl\/new\/?s={search_term_string}\"},\"query-input\":{\"@type\":\"PropertyValueSpecification\",\"valueRequired\":true,\"valueName\":\"search_term_string\"}}],\"inLanguage\":\"es\"},{\"@type\":\"Organization\",\"@id\":\"https:\/\/www.mundoagropecuario.cl\/new\/#organization\",\"name\":\"Revista de Agricultura\",\"url\":\"https:\/\/www.mundoagropecuario.cl\/new\/\",\"logo\":{\"@type\":\"ImageObject\",\"inLanguage\":\"es\",\"@id\":\"https:\/\/www.mundoagropecuario.cl\/new\/#\/schema\/logo\/image\/\",\"url\":\"https:\/\/www.mundoagropecuario.cl\/new\/wp-content\/uploads\/2020\/11\/PORTAL-1-1.png\",\"contentUrl\":\"https:\/\/www.mundoagropecuario.cl\/new\/wp-content\/uploads\/2020\/11\/PORTAL-1-1.png\",\"width\":1026,\"height\":100,\"caption\":\"Revista de Agricultura\"},\"image\":{\"@id\":\"https:\/\/www.mundoagropecuario.cl\/new\/#\/schema\/logo\/image\/\"},\"sameAs\":[\"https:\/\/www.facebook.com\/mundo.agropecuario.3\",\"https:\/\/x.com\/MundoAgropecuar\",\"https:\/\/www.linkedin.com\/in\/mundo-agropecuario-934009201\/\"]},{\"@type\":\"Person\",\"@id\":\"https:\/\/www.mundoagropecuario.cl\/new\/#\/schema\/person\/0c221050801c74e45256a7a9a1ff0803\",\"name\":\"periodista\",\"url\":\"https:\/\/www.mundoagropecuario.cl\/new\/author\/periodista\/\"}]}<\/script>\n<!-- \/ Yoast SEO plugin. -->","yoast_head_json":{"title":"Productores mapuche del Biob\u00edo y Araucan\u00eda se capacitaron en control biol\u00f3gico de plagas en berries - Mundoagropecuario","robots":{"index":"index","follow":"follow","max-snippet":"max-snippet:-1","max-image-preview":"max-image-preview:large","max-video-preview":"max-video-preview:-1"},"canonical":"https:\/\/www.mundoagropecuario.cl\/new\/productores-mapuche-del-biobio-y-araucania-se-capacitaron-en-control-biologico-de-plagas-en-berries\/","og_locale":"es_ES","og_type":"article","og_title":"Productores mapuche del Biob\u00edo y Araucan\u00eda se capacitaron en control biol\u00f3gico de plagas en berries - Mundoagropecuario","og_description":"Identificaci\u00f3n de larvas de los insectos plaga y uso de hongos entomopat\u00f3genos fueron las tem\u00e1ticas tratadas por profesional de INIA. Actividad se desarroll\u00f3 en marco de convenio de colaboraci\u00f3n entre...","og_url":"https:\/\/www.mundoagropecuario.cl\/new\/productores-mapuche-del-biobio-y-araucania-se-capacitaron-en-control-biologico-de-plagas-en-berries\/","og_site_name":"Mundoagropecuario","article_publisher":"https:\/\/www.facebook.com\/mundo.agropecuario.3","article_published_time":"2019-07-22T06:10:55+00:00","article_modified_time":"2019-07-24T15:30:17+00:00","og_image":[{"width":922,"height":692,"url":"https:\/\/www.mundoagropecuario.cl\/new\/wp-content\/uploads\/2019\/07\/B\u00fasqueda-de-larvas-de-insectos-plaga-en-huertos-de-ar\u00e1ndano.jpeg","type":"image\/jpeg"}],"author":"periodista","twitter_card":"summary_large_image","twitter_creator":"@MundoAgropecuar","twitter_site":"@MundoAgropecuar","twitter_misc":{"Escrito por":"periodista","Tiempo de lectura":"3 minutos"},"schema":{"@context":"https:\/\/schema.org","@graph":[{"@type":"Article","@id":"https:\/\/www.mundoagropecuario.cl\/new\/productores-mapuche-del-biobio-y-araucania-se-capacitaron-en-control-biologico-de-plagas-en-berries\/#article","isPartOf":{"@id":"https:\/\/www.mundoagropecuario.cl\/new\/productores-mapuche-del-biobio-y-araucania-se-capacitaron-en-control-biologico-de-plagas-en-berries\/"},"author":{"name":"periodista","@id":"https:\/\/www.mundoagropecuario.cl\/new\/#\/schema\/person\/0c221050801c74e45256a7a9a1ff0803"},"headline":"Productores mapuche del Biob\u00edo y Araucan\u00eda se capacitaron en control biol\u00f3gico de plagas en berries","datePublished":"2019-07-22T06:10:55+00:00","dateModified":"2019-07-24T15:30:17+00:00","mainEntityOfPage":{"@id":"https:\/\/www.mundoagropecuario.cl\/new\/productores-mapuche-del-biobio-y-araucania-se-capacitaron-en-control-biologico-de-plagas-en-berries\/"},"wordCount":565,"publisher":{"@id":"https:\/\/www.mundoagropecuario.cl\/new\/#organization"},"image":{"@id":"https:\/\/www.mundoagropecuario.cl\/new\/productores-mapuche-del-biobio-y-araucania-se-capacitaron-en-control-biologico-de-plagas-en-berries\/#primaryimage"},"thumbnailUrl":"https:\/\/www.mundoagropecuario.cl\/new\/wp-content\/uploads\/2019\/07\/B\u00fasqueda-de-larvas-de-insectos-plaga-en-huertos-de-ar\u00e1ndano.jpeg","keywords":["CMPC","INIA","INIA Quilamapu","mapuche"],"articleSection":["Frutas"],"inLanguage":"es"},{"@type":"WebPage","@id":"https:\/\/www.mundoagropecuario.cl\/new\/productores-mapuche-del-biobio-y-araucania-se-capacitaron-en-control-biologico-de-plagas-en-berries\/","url":"https:\/\/www.mundoagropecuario.cl\/new\/productores-mapuche-del-biobio-y-araucania-se-capacitaron-en-control-biologico-de-plagas-en-berries\/","name":"Productores mapuche del Biob\u00edo y Araucan\u00eda se capacitaron en control biol\u00f3gico de plagas en berries - Mundoagropecuario","isPartOf":{"@id":"https:\/\/www.mundoagropecuario.cl\/new\/#website"},"primaryImageOfPage":{"@id":"https:\/\/www.mundoagropecuario.cl\/new\/productores-mapuche-del-biobio-y-araucania-se-capacitaron-en-control-biologico-de-plagas-en-berries\/#primaryimage"},"image":{"@id":"https:\/\/www.mundoagropecuario.cl\/new\/productores-mapuche-del-biobio-y-araucania-se-capacitaron-en-control-biologico-de-plagas-en-berries\/#primaryimage"},"thumbnailUrl":"https:\/\/www.mundoagropecuario.cl\/new\/wp-content\/uploads\/2019\/07\/B\u00fasqueda-de-larvas-de-insectos-plaga-en-huertos-de-ar\u00e1ndano.jpeg","datePublished":"2019-07-22T06:10:55+00:00","dateModified":"2019-07-24T15:30:17+00:00","breadcrumb":{"@id":"https:\/\/www.mundoagropecuario.cl\/new\/productores-mapuche-del-biobio-y-araucania-se-capacitaron-en-control-biologico-de-plagas-en-berries\/#breadcrumb"},"inLanguage":"es","potentialAction":[{"@type":"ReadAction","target":["https:\/\/www.mundoagropecuario.cl\/new\/productores-mapuche-del-biobio-y-araucania-se-capacitaron-en-control-biologico-de-plagas-en-berries\/"]}]},{"@type":"ImageObject","inLanguage":"es","@id":"https:\/\/www.mundoagropecuario.cl\/new\/productores-mapuche-del-biobio-y-araucania-se-capacitaron-en-control-biologico-de-plagas-en-berries\/#primaryimage","url":"https:\/\/www.mundoagropecuario.cl\/new\/wp-content\/uploads\/2019\/07\/B\u00fasqueda-de-larvas-de-insectos-plaga-en-huertos-de-ar\u00e1ndano.jpeg","contentUrl":"https:\/\/www.mundoagropecuario.cl\/new\/wp-content\/uploads\/2019\/07\/B\u00fasqueda-de-larvas-de-insectos-plaga-en-huertos-de-ar\u00e1ndano.jpeg","width":533,"height":400},{"@type":"BreadcrumbList","@id":"https:\/\/www.mundoagropecuario.cl\/new\/productores-mapuche-del-biobio-y-araucania-se-capacitaron-en-control-biologico-de-plagas-en-berries\/#breadcrumb","itemListElement":[{"@type":"ListItem","position":1,"name":"Portada","item":"https:\/\/www.mundoagropecuario.cl\/new\/"},{"@type":"ListItem","position":2,"name":"Productores mapuche del Biob\u00edo y Araucan\u00eda se capacitaron en control biol\u00f3gico de plagas en berries"}]},{"@type":"WebSite","@id":"https:\/\/www.mundoagropecuario.cl\/new\/#website","url":"https:\/\/www.mundoagropecuario.cl\/new\/","name":"Mundoagropecuario","description":"Mundo Agropecuario","publisher":{"@id":"https:\/\/www.mundoagropecuario.cl\/new\/#organization"},"potentialAction":[{"@type":"SearchAction","target":{"@type":"EntryPoint","urlTemplate":"https:\/\/www.mundoagropecuario.cl\/new\/?s={search_term_string}"},"query-input":{"@type":"PropertyValueSpecification","valueRequired":true,"valueName":"search_term_string"}}],"inLanguage":"es"},{"@type":"Organization","@id":"https:\/\/www.mundoagropecuario.cl\/new\/#organization","name":"Revista de Agricultura","url":"https:\/\/www.mundoagropecuario.cl\/new\/","logo":{"@type":"ImageObject","inLanguage":"es","@id":"https:\/\/www.mundoagropecuario.cl\/new\/#\/schema\/logo\/image\/","url":"https:\/\/www.mundoagropecuario.cl\/new\/wp-content\/uploads\/2020\/11\/PORTAL-1-1.png","contentUrl":"https:\/\/www.mundoagropecuario.cl\/new\/wp-content\/uploads\/2020\/11\/PORTAL-1-1.png","width":1026,"height":100,"caption":"Revista de Agricultura"},"image":{"@id":"https:\/\/www.mundoagropecuario.cl\/new\/#\/schema\/logo\/image\/"},"sameAs":["https:\/\/www.facebook.com\/mundo.agropecuario.3","https:\/\/x.com\/MundoAgropecuar","https:\/\/www.linkedin.com\/in\/mundo-agropecuario-934009201\/"]},{"@type":"Person","@id":"https:\/\/www.mundoagropecuario.cl\/new\/#\/schema\/person\/0c221050801c74e45256a7a9a1ff0803","name":"periodista","url":"https:\/\/www.mundoagropecuario.cl\/new\/author\/periodista\/"}]}},"_links":{"self":[{"href":"https:\/\/www.mundoagropecuario.cl\/new\/wp-json\/wp\/v2\/posts\/12920","targetHints":{"allow":["GET"]}}],"collection":[{"href":"https:\/\/www.mundoagropecuario.cl\/new\/wp-json\/wp\/v2\/posts"}],"about":[{"href":"https:\/\/www.mundoagropecuario.cl\/new\/wp-json\/wp\/v2\/types\/post"}],"author":[{"embeddable":true,"href":"https:\/\/www.mundoagropecuario.cl\/new\/wp-json\/wp\/v2\/users\/3"}],"replies":[{"embeddable":true,"href":"https:\/\/www.mundoagropecuario.cl\/new\/wp-json\/wp\/v2\/comments?post=12920"}],"version-history":[{"count":1,"href":"https:\/\/www.mundoagropecuario.cl\/new\/wp-json\/wp\/v2\/posts\/12920\/revisions"}],"predecessor-version":[{"id":12922,"href":"https:\/\/www.mundoagropecuario.cl\/new\/wp-json\/wp\/v2\/posts\/12920\/revisions\/12922"}],"wp:featuredmedia":[{"embeddable":true,"href":"https:\/\/www.mundoagropecuario.cl\/new\/wp-json\/wp\/v2\/media\/12921"}],"wp:attachment":[{"href":"https:\/\/www.mundoagropecuario.cl\/new\/wp-json\/wp\/v2\/media?parent=12920"}],"wp:term":[{"taxonomy":"category","embeddable":true,"href":"https:\/\/www.mundoagropecuario.cl\/new\/wp-json\/wp\/v2\/categories?post=12920"},{"taxonomy":"post_tag","embeddable":true,"href":"https:\/\/www.mundoagropecuario.cl\/new\/wp-json\/wp\/v2\/tags?post=12920"}],"curies":[{"name":"wp","href":"https:\/\/api.w.org\/{rel}","templated":true}]}}