{"id":12781,"date":"2019-07-11T13:50:04","date_gmt":"2019-07-11T16:50:04","guid":{"rendered":"http:\/\/www.mundoagropecuario.cl\/new\/?p=12781"},"modified":"2019-07-12T17:42:25","modified_gmt":"2019-07-12T20:42:25","slug":"con-herramientas-de-teledeteccion-esperan-fiscalizar-cultivos-de-papa-en-la-region-de-los-lagos","status":"publish","type":"post","link":"https:\/\/www.mundoagropecuario.cl\/new\/con-herramientas-de-teledeteccion-esperan-fiscalizar-cultivos-de-papa-en-la-region-de-los-lagos\/","title":{"rendered":"Con herramientas de teledetecci\u00f3n esperan fiscalizar cultivos de papa en la regi\u00f3n de Los Lagos"},"content":{"rendered":"\n<ul class=\"wp-block-gallery columns-0 is-cropped wp-block-gallery-1 is-layout-flex wp-block-gallery-is-layout-flex\"><\/ul>\n\n\n\n<p><\/p>\n\n\n\n<p class=\"has-medium-font-size\"><em>Mesa Regional de la Papa reforzar\u00e1 acciones para promover registro legal de este producto (Mundo Agropecuario).<\/em><\/p>\n\n\n\n<p>Con la participaci\u00f3n de representantes del mundo p\u00fablico y\nprivado, los integrantes de la Mesa Regional de la Papa concordaron en que es\nnecesario reforzar las medidas de fiscalizaci\u00f3n asociadas a este cultivo. La\ninstancia liderada por la Seremi de Agricultura de Los Lagos expuso que, de\nesta forma, se busca proteger el \u00e1rea libre de enfermedades cuarentenarias.<\/p>\n\n\n\n<p>En esa l\u00ednea, el Seremi de Agricultura Juan Vicente\nBarrientos indic\u00f3 que \u201cla papa es un producto estrat\u00e9gico de nuestra\nagricultura tradicional y, por ende, debemos cuidar su estatus fitosanitario.\nPara ello, queremos trabajar en un proyecto de teledetecci\u00f3n satelital que nos\npermita comparar los registros realizados ante el Servicio Agr\u00edcola y Ganadero\n(SAG) de este cultivo y lo que existe realmente en los predios. De esta manera,\nsabremos d\u00f3nde fiscalizar y tendremos informaci\u00f3n que nos permita tomar\ndecisiones estrat\u00e9gicas y productivas para el sector\u201d, explic\u00f3 la autoridad del\nagro.<\/p>\n\n\n\n<p>As\u00ed, se postular\u00e1 a la Fundaci\u00f3n para la Innovaci\u00f3n Agraria\n(FIA) recursos para el dise\u00f1o de una plataforma que permita a trav\u00e9s de\nim\u00e1genes satelitales cotejar las hect\u00e1reas cultivadas con los registros\nobligatorios para este rubro.<\/p>\n\n\n\n<p>&nbsp;Al respecto, \u00c1lvaro\nGarc\u00eda, presidente de la Asociaci\u00f3n Chilena de la Papa (Achipa) se\u00f1al\u00f3 que la\nprotecci\u00f3n del patrimonio fitosanitario es la labor m\u00e1s importante al que est\u00e1\navocada la Mesa Regional de la Papa, debido a la dispersi\u00f3n que se ha detectado\nhace ya alg\u00fan tiempo de plagas que afectan al rubro y que amenazan el \u00c1rea\nLibre.<\/p>\n\n\n\n<p>\u201cEn ese sentido, el proyecto de teledetecci\u00f3n y la\nplataforma de inscripci\u00f3n digital para este cultivo son muy importantes. Hay\nque cambiar la manera de ver y hacer las cosas, estamos en un mundo distinto y\ntenemos que aprovechar las plataformas digitales que facilitan los procesos y\nahorran recursos\u201d, sostuvo.<\/p>\n\n\n\n<p>Ivette Acu\u00f1a, fitopat\u00f3loga y subdirectora de Investigaci\u00f3n\nde INIA Remehue, sostuvo que el cultivo de papa es de gran importancia\necon\u00f3mica y social para la zona sur, por lo tanto, proteger el \u00e1rea libre de la\npresencia y diseminaci\u00f3n de plagas cuarentenarias es clave para mantener y\nmejorar la productividad del rubro y la producci\u00f3n de tub\u00e9rculo semilla de\npapa. Para esto es necesario generar conocimiento local sobre el sistema\nproductivo, la plaga y el riesgo de diseminaci\u00f3n de \u00e9stas, adem\u00e1s de aumentar\nla oferta de semilla certificada mediante la formaci\u00f3n de agricultores y\nasesores especialistas en el rubro.<\/p>\n\n\n\n<p>Finalmente, en la prevenci\u00f3n debe participar toda la cadena\nde producci\u00f3n, desde el productor de semilla, productor de papa consumo e\nindustrial, comercializaci\u00f3n, prestadores de servicios, centros de comercializaci\u00f3n\ny venta, industria, las instituciones relacionadas, etc.<\/p>\n","protected":false},"excerpt":{"rendered":"<p>Mesa Regional de la Papa reforzar\u00e1 acciones para promover registro legal de este producto (Mundo Agropecuario). Con la participaci\u00f3n de representantes del mundo p\u00fablico y privado, los integrantes de la&#8230;<\/p>\n","protected":false},"author":3,"featured_media":12782,"comment_status":"closed","ping_status":"closed","sticky":false,"template":"","format":"standard","meta":{"footnotes":""},"categories":[1945],"tags":[3844,2234,3843],"class_list":["post-12781","post","type-post","status-publish","format-standard","has-post-thumbnail","hentry","category-agricultura","tag-mesa-regional-de-la-papa","tag-papa","tag-teledeteccion"],"yoast_head":"<!-- This site is optimized with the Yoast SEO plugin v26.6 - https:\/\/yoast.com\/wordpress\/plugins\/seo\/ -->\n<title>Con herramientas de teledetecci\u00f3n esperan fiscalizar cultivos de papa en la regi\u00f3n de Los Lagos - Mundoagropecuario<\/title>\n<meta name=\"robots\" content=\"index, follow, max-snippet:-1, max-image-preview:large, max-video-preview:-1\" \/>\n<link rel=\"canonical\" href=\"https:\/\/www.mundoagropecuario.cl\/new\/con-herramientas-de-teledeteccion-esperan-fiscalizar-cultivos-de-papa-en-la-region-de-los-lagos\/\" \/>\n<meta property=\"og:locale\" content=\"es_ES\" \/>\n<meta property=\"og:type\" content=\"article\" \/>\n<meta property=\"og:title\" content=\"Con herramientas de teledetecci\u00f3n esperan fiscalizar cultivos de papa en la regi\u00f3n de Los Lagos - Mundoagropecuario\" \/>\n<meta property=\"og:description\" content=\"Mesa Regional de la Papa reforzar\u00e1 acciones para promover registro legal de este producto (Mundo Agropecuario). Con la participaci\u00f3n de representantes del mundo p\u00fablico y privado, los integrantes de la...\" \/>\n<meta property=\"og:url\" content=\"https:\/\/www.mundoagropecuario.cl\/new\/con-herramientas-de-teledeteccion-esperan-fiscalizar-cultivos-de-papa-en-la-region-de-los-lagos\/\" \/>\n<meta property=\"og:site_name\" content=\"Mundoagropecuario\" \/>\n<meta property=\"article:publisher\" content=\"https:\/\/www.facebook.com\/mundo.agropecuario.3\" \/>\n<meta property=\"article:published_time\" content=\"2019-07-11T16:50:04+00:00\" \/>\n<meta property=\"article:modified_time\" content=\"2019-07-12T20:42:25+00:00\" \/>\n<meta property=\"og:image\" content=\"https:\/\/www.mundoagropecuario.cl\/new\/wp-content\/uploads\/2019\/07\/cosecha-papa.jpg\" \/>\n\t<meta property=\"og:image:width\" content=\"1013\" \/>\n\t<meta property=\"og:image:height\" content=\"778\" \/>\n\t<meta property=\"og:image:type\" content=\"image\/jpeg\" \/>\n<meta name=\"author\" content=\"periodista\" \/>\n<meta name=\"twitter:card\" content=\"summary_large_image\" \/>\n<meta name=\"twitter:creator\" content=\"@MundoAgropecuar\" \/>\n<meta name=\"twitter:site\" content=\"@MundoAgropecuar\" \/>\n<meta name=\"twitter:label1\" content=\"Escrito por\" \/>\n\t<meta name=\"twitter:data1\" content=\"periodista\" \/>\n\t<meta name=\"twitter:label2\" content=\"Tiempo de lectura\" \/>\n\t<meta name=\"twitter:data2\" content=\"2 minutos\" \/>\n<script type=\"application\/ld+json\" class=\"yoast-schema-graph\">{\"@context\":\"https:\/\/schema.org\",\"@graph\":[{\"@type\":\"Article\",\"@id\":\"https:\/\/www.mundoagropecuario.cl\/new\/con-herramientas-de-teledeteccion-esperan-fiscalizar-cultivos-de-papa-en-la-region-de-los-lagos\/#article\",\"isPartOf\":{\"@id\":\"https:\/\/www.mundoagropecuario.cl\/new\/con-herramientas-de-teledeteccion-esperan-fiscalizar-cultivos-de-papa-en-la-region-de-los-lagos\/\"},\"author\":{\"name\":\"periodista\",\"@id\":\"https:\/\/www.mundoagropecuario.cl\/new\/#\/schema\/person\/0c221050801c74e45256a7a9a1ff0803\"},\"headline\":\"Con herramientas de teledetecci\u00f3n esperan fiscalizar cultivos de papa en la regi\u00f3n de Los Lagos\",\"datePublished\":\"2019-07-11T16:50:04+00:00\",\"dateModified\":\"2019-07-12T20:42:25+00:00\",\"mainEntityOfPage\":{\"@id\":\"https:\/\/www.mundoagropecuario.cl\/new\/con-herramientas-de-teledeteccion-esperan-fiscalizar-cultivos-de-papa-en-la-region-de-los-lagos\/\"},\"wordCount\":501,\"publisher\":{\"@id\":\"https:\/\/www.mundoagropecuario.cl\/new\/#organization\"},\"image\":{\"@id\":\"https:\/\/www.mundoagropecuario.cl\/new\/con-herramientas-de-teledeteccion-esperan-fiscalizar-cultivos-de-papa-en-la-region-de-los-lagos\/#primaryimage\"},\"thumbnailUrl\":\"https:\/\/www.mundoagropecuario.cl\/new\/wp-content\/uploads\/2019\/07\/cosecha-papa.jpg\",\"keywords\":[\"Mesa Regional de la Papa\",\"Papa\",\"teledetecci\u00f3n\"],\"articleSection\":[\"Agricultura\"],\"inLanguage\":\"es\"},{\"@type\":\"WebPage\",\"@id\":\"https:\/\/www.mundoagropecuario.cl\/new\/con-herramientas-de-teledeteccion-esperan-fiscalizar-cultivos-de-papa-en-la-region-de-los-lagos\/\",\"url\":\"https:\/\/www.mundoagropecuario.cl\/new\/con-herramientas-de-teledeteccion-esperan-fiscalizar-cultivos-de-papa-en-la-region-de-los-lagos\/\",\"name\":\"Con herramientas de teledetecci\u00f3n esperan fiscalizar cultivos de papa en la regi\u00f3n de Los Lagos - Mundoagropecuario\",\"isPartOf\":{\"@id\":\"https:\/\/www.mundoagropecuario.cl\/new\/#website\"},\"primaryImageOfPage\":{\"@id\":\"https:\/\/www.mundoagropecuario.cl\/new\/con-herramientas-de-teledeteccion-esperan-fiscalizar-cultivos-de-papa-en-la-region-de-los-lagos\/#primaryimage\"},\"image\":{\"@id\":\"https:\/\/www.mundoagropecuario.cl\/new\/con-herramientas-de-teledeteccion-esperan-fiscalizar-cultivos-de-papa-en-la-region-de-los-lagos\/#primaryimage\"},\"thumbnailUrl\":\"https:\/\/www.mundoagropecuario.cl\/new\/wp-content\/uploads\/2019\/07\/cosecha-papa.jpg\",\"datePublished\":\"2019-07-11T16:50:04+00:00\",\"dateModified\":\"2019-07-12T20:42:25+00:00\",\"breadcrumb\":{\"@id\":\"https:\/\/www.mundoagropecuario.cl\/new\/con-herramientas-de-teledeteccion-esperan-fiscalizar-cultivos-de-papa-en-la-region-de-los-lagos\/#breadcrumb\"},\"inLanguage\":\"es\",\"potentialAction\":[{\"@type\":\"ReadAction\",\"target\":[\"https:\/\/www.mundoagropecuario.cl\/new\/con-herramientas-de-teledeteccion-esperan-fiscalizar-cultivos-de-papa-en-la-region-de-los-lagos\/\"]}]},{\"@type\":\"ImageObject\",\"inLanguage\":\"es\",\"@id\":\"https:\/\/www.mundoagropecuario.cl\/new\/con-herramientas-de-teledeteccion-esperan-fiscalizar-cultivos-de-papa-en-la-region-de-los-lagos\/#primaryimage\",\"url\":\"https:\/\/www.mundoagropecuario.cl\/new\/wp-content\/uploads\/2019\/07\/cosecha-papa.jpg\",\"contentUrl\":\"https:\/\/www.mundoagropecuario.cl\/new\/wp-content\/uploads\/2019\/07\/cosecha-papa.jpg\",\"width\":521,\"height\":400},{\"@type\":\"BreadcrumbList\",\"@id\":\"https:\/\/www.mundoagropecuario.cl\/new\/con-herramientas-de-teledeteccion-esperan-fiscalizar-cultivos-de-papa-en-la-region-de-los-lagos\/#breadcrumb\",\"itemListElement\":[{\"@type\":\"ListItem\",\"position\":1,\"name\":\"Portada\",\"item\":\"https:\/\/www.mundoagropecuario.cl\/new\/\"},{\"@type\":\"ListItem\",\"position\":2,\"name\":\"Con herramientas de teledetecci\u00f3n esperan fiscalizar cultivos de papa en la regi\u00f3n de Los Lagos\"}]},{\"@type\":\"WebSite\",\"@id\":\"https:\/\/www.mundoagropecuario.cl\/new\/#website\",\"url\":\"https:\/\/www.mundoagropecuario.cl\/new\/\",\"name\":\"Mundoagropecuario\",\"description\":\"Mundo Agropecuario\",\"publisher\":{\"@id\":\"https:\/\/www.mundoagropecuario.cl\/new\/#organization\"},\"potentialAction\":[{\"@type\":\"SearchAction\",\"target\":{\"@type\":\"EntryPoint\",\"urlTemplate\":\"https:\/\/www.mundoagropecuario.cl\/new\/?s={search_term_string}\"},\"query-input\":{\"@type\":\"PropertyValueSpecification\",\"valueRequired\":true,\"valueName\":\"search_term_string\"}}],\"inLanguage\":\"es\"},{\"@type\":\"Organization\",\"@id\":\"https:\/\/www.mundoagropecuario.cl\/new\/#organization\",\"name\":\"Revista de Agricultura\",\"url\":\"https:\/\/www.mundoagropecuario.cl\/new\/\",\"logo\":{\"@type\":\"ImageObject\",\"inLanguage\":\"es\",\"@id\":\"https:\/\/www.mundoagropecuario.cl\/new\/#\/schema\/logo\/image\/\",\"url\":\"https:\/\/www.mundoagropecuario.cl\/new\/wp-content\/uploads\/2020\/11\/PORTAL-1-1.png\",\"contentUrl\":\"https:\/\/www.mundoagropecuario.cl\/new\/wp-content\/uploads\/2020\/11\/PORTAL-1-1.png\",\"width\":1026,\"height\":100,\"caption\":\"Revista de Agricultura\"},\"image\":{\"@id\":\"https:\/\/www.mundoagropecuario.cl\/new\/#\/schema\/logo\/image\/\"},\"sameAs\":[\"https:\/\/www.facebook.com\/mundo.agropecuario.3\",\"https:\/\/x.com\/MundoAgropecuar\",\"https:\/\/www.linkedin.com\/in\/mundo-agropecuario-934009201\/\"]},{\"@type\":\"Person\",\"@id\":\"https:\/\/www.mundoagropecuario.cl\/new\/#\/schema\/person\/0c221050801c74e45256a7a9a1ff0803\",\"name\":\"periodista\",\"url\":\"https:\/\/www.mundoagropecuario.cl\/new\/author\/periodista\/\"}]}<\/script>\n<!-- \/ Yoast SEO plugin. -->","yoast_head_json":{"title":"Con herramientas de teledetecci\u00f3n esperan fiscalizar cultivos de papa en la regi\u00f3n de Los Lagos - Mundoagropecuario","robots":{"index":"index","follow":"follow","max-snippet":"max-snippet:-1","max-image-preview":"max-image-preview:large","max-video-preview":"max-video-preview:-1"},"canonical":"https:\/\/www.mundoagropecuario.cl\/new\/con-herramientas-de-teledeteccion-esperan-fiscalizar-cultivos-de-papa-en-la-region-de-los-lagos\/","og_locale":"es_ES","og_type":"article","og_title":"Con herramientas de teledetecci\u00f3n esperan fiscalizar cultivos de papa en la regi\u00f3n de Los Lagos - Mundoagropecuario","og_description":"Mesa Regional de la Papa reforzar\u00e1 acciones para promover registro legal de este producto (Mundo Agropecuario). Con la participaci\u00f3n de representantes del mundo p\u00fablico y privado, los integrantes de la...","og_url":"https:\/\/www.mundoagropecuario.cl\/new\/con-herramientas-de-teledeteccion-esperan-fiscalizar-cultivos-de-papa-en-la-region-de-los-lagos\/","og_site_name":"Mundoagropecuario","article_publisher":"https:\/\/www.facebook.com\/mundo.agropecuario.3","article_published_time":"2019-07-11T16:50:04+00:00","article_modified_time":"2019-07-12T20:42:25+00:00","og_image":[{"width":1013,"height":778,"url":"https:\/\/www.mundoagropecuario.cl\/new\/wp-content\/uploads\/2019\/07\/cosecha-papa.jpg","type":"image\/jpeg"}],"author":"periodista","twitter_card":"summary_large_image","twitter_creator":"@MundoAgropecuar","twitter_site":"@MundoAgropecuar","twitter_misc":{"Escrito por":"periodista","Tiempo de lectura":"2 minutos"},"schema":{"@context":"https:\/\/schema.org","@graph":[{"@type":"Article","@id":"https:\/\/www.mundoagropecuario.cl\/new\/con-herramientas-de-teledeteccion-esperan-fiscalizar-cultivos-de-papa-en-la-region-de-los-lagos\/#article","isPartOf":{"@id":"https:\/\/www.mundoagropecuario.cl\/new\/con-herramientas-de-teledeteccion-esperan-fiscalizar-cultivos-de-papa-en-la-region-de-los-lagos\/"},"author":{"name":"periodista","@id":"https:\/\/www.mundoagropecuario.cl\/new\/#\/schema\/person\/0c221050801c74e45256a7a9a1ff0803"},"headline":"Con herramientas de teledetecci\u00f3n esperan fiscalizar cultivos de papa en la regi\u00f3n de Los Lagos","datePublished":"2019-07-11T16:50:04+00:00","dateModified":"2019-07-12T20:42:25+00:00","mainEntityOfPage":{"@id":"https:\/\/www.mundoagropecuario.cl\/new\/con-herramientas-de-teledeteccion-esperan-fiscalizar-cultivos-de-papa-en-la-region-de-los-lagos\/"},"wordCount":501,"publisher":{"@id":"https:\/\/www.mundoagropecuario.cl\/new\/#organization"},"image":{"@id":"https:\/\/www.mundoagropecuario.cl\/new\/con-herramientas-de-teledeteccion-esperan-fiscalizar-cultivos-de-papa-en-la-region-de-los-lagos\/#primaryimage"},"thumbnailUrl":"https:\/\/www.mundoagropecuario.cl\/new\/wp-content\/uploads\/2019\/07\/cosecha-papa.jpg","keywords":["Mesa Regional de la Papa","Papa","teledetecci\u00f3n"],"articleSection":["Agricultura"],"inLanguage":"es"},{"@type":"WebPage","@id":"https:\/\/www.mundoagropecuario.cl\/new\/con-herramientas-de-teledeteccion-esperan-fiscalizar-cultivos-de-papa-en-la-region-de-los-lagos\/","url":"https:\/\/www.mundoagropecuario.cl\/new\/con-herramientas-de-teledeteccion-esperan-fiscalizar-cultivos-de-papa-en-la-region-de-los-lagos\/","name":"Con herramientas de teledetecci\u00f3n esperan fiscalizar cultivos de papa en la regi\u00f3n de Los Lagos - Mundoagropecuario","isPartOf":{"@id":"https:\/\/www.mundoagropecuario.cl\/new\/#website"},"primaryImageOfPage":{"@id":"https:\/\/www.mundoagropecuario.cl\/new\/con-herramientas-de-teledeteccion-esperan-fiscalizar-cultivos-de-papa-en-la-region-de-los-lagos\/#primaryimage"},"image":{"@id":"https:\/\/www.mundoagropecuario.cl\/new\/con-herramientas-de-teledeteccion-esperan-fiscalizar-cultivos-de-papa-en-la-region-de-los-lagos\/#primaryimage"},"thumbnailUrl":"https:\/\/www.mundoagropecuario.cl\/new\/wp-content\/uploads\/2019\/07\/cosecha-papa.jpg","datePublished":"2019-07-11T16:50:04+00:00","dateModified":"2019-07-12T20:42:25+00:00","breadcrumb":{"@id":"https:\/\/www.mundoagropecuario.cl\/new\/con-herramientas-de-teledeteccion-esperan-fiscalizar-cultivos-de-papa-en-la-region-de-los-lagos\/#breadcrumb"},"inLanguage":"es","potentialAction":[{"@type":"ReadAction","target":["https:\/\/www.mundoagropecuario.cl\/new\/con-herramientas-de-teledeteccion-esperan-fiscalizar-cultivos-de-papa-en-la-region-de-los-lagos\/"]}]},{"@type":"ImageObject","inLanguage":"es","@id":"https:\/\/www.mundoagropecuario.cl\/new\/con-herramientas-de-teledeteccion-esperan-fiscalizar-cultivos-de-papa-en-la-region-de-los-lagos\/#primaryimage","url":"https:\/\/www.mundoagropecuario.cl\/new\/wp-content\/uploads\/2019\/07\/cosecha-papa.jpg","contentUrl":"https:\/\/www.mundoagropecuario.cl\/new\/wp-content\/uploads\/2019\/07\/cosecha-papa.jpg","width":521,"height":400},{"@type":"BreadcrumbList","@id":"https:\/\/www.mundoagropecuario.cl\/new\/con-herramientas-de-teledeteccion-esperan-fiscalizar-cultivos-de-papa-en-la-region-de-los-lagos\/#breadcrumb","itemListElement":[{"@type":"ListItem","position":1,"name":"Portada","item":"https:\/\/www.mundoagropecuario.cl\/new\/"},{"@type":"ListItem","position":2,"name":"Con herramientas de teledetecci\u00f3n esperan fiscalizar cultivos de papa en la regi\u00f3n de Los Lagos"}]},{"@type":"WebSite","@id":"https:\/\/www.mundoagropecuario.cl\/new\/#website","url":"https:\/\/www.mundoagropecuario.cl\/new\/","name":"Mundoagropecuario","description":"Mundo Agropecuario","publisher":{"@id":"https:\/\/www.mundoagropecuario.cl\/new\/#organization"},"potentialAction":[{"@type":"SearchAction","target":{"@type":"EntryPoint","urlTemplate":"https:\/\/www.mundoagropecuario.cl\/new\/?s={search_term_string}"},"query-input":{"@type":"PropertyValueSpecification","valueRequired":true,"valueName":"search_term_string"}}],"inLanguage":"es"},{"@type":"Organization","@id":"https:\/\/www.mundoagropecuario.cl\/new\/#organization","name":"Revista de Agricultura","url":"https:\/\/www.mundoagropecuario.cl\/new\/","logo":{"@type":"ImageObject","inLanguage":"es","@id":"https:\/\/www.mundoagropecuario.cl\/new\/#\/schema\/logo\/image\/","url":"https:\/\/www.mundoagropecuario.cl\/new\/wp-content\/uploads\/2020\/11\/PORTAL-1-1.png","contentUrl":"https:\/\/www.mundoagropecuario.cl\/new\/wp-content\/uploads\/2020\/11\/PORTAL-1-1.png","width":1026,"height":100,"caption":"Revista de Agricultura"},"image":{"@id":"https:\/\/www.mundoagropecuario.cl\/new\/#\/schema\/logo\/image\/"},"sameAs":["https:\/\/www.facebook.com\/mundo.agropecuario.3","https:\/\/x.com\/MundoAgropecuar","https:\/\/www.linkedin.com\/in\/mundo-agropecuario-934009201\/"]},{"@type":"Person","@id":"https:\/\/www.mundoagropecuario.cl\/new\/#\/schema\/person\/0c221050801c74e45256a7a9a1ff0803","name":"periodista","url":"https:\/\/www.mundoagropecuario.cl\/new\/author\/periodista\/"}]}},"_links":{"self":[{"href":"https:\/\/www.mundoagropecuario.cl\/new\/wp-json\/wp\/v2\/posts\/12781","targetHints":{"allow":["GET"]}}],"collection":[{"href":"https:\/\/www.mundoagropecuario.cl\/new\/wp-json\/wp\/v2\/posts"}],"about":[{"href":"https:\/\/www.mundoagropecuario.cl\/new\/wp-json\/wp\/v2\/types\/post"}],"author":[{"embeddable":true,"href":"https:\/\/www.mundoagropecuario.cl\/new\/wp-json\/wp\/v2\/users\/3"}],"replies":[{"embeddable":true,"href":"https:\/\/www.mundoagropecuario.cl\/new\/wp-json\/wp\/v2\/comments?post=12781"}],"version-history":[{"count":1,"href":"https:\/\/www.mundoagropecuario.cl\/new\/wp-json\/wp\/v2\/posts\/12781\/revisions"}],"predecessor-version":[{"id":12783,"href":"https:\/\/www.mundoagropecuario.cl\/new\/wp-json\/wp\/v2\/posts\/12781\/revisions\/12783"}],"wp:featuredmedia":[{"embeddable":true,"href":"https:\/\/www.mundoagropecuario.cl\/new\/wp-json\/wp\/v2\/media\/12782"}],"wp:attachment":[{"href":"https:\/\/www.mundoagropecuario.cl\/new\/wp-json\/wp\/v2\/media?parent=12781"}],"wp:term":[{"taxonomy":"category","embeddable":true,"href":"https:\/\/www.mundoagropecuario.cl\/new\/wp-json\/wp\/v2\/categories?post=12781"},{"taxonomy":"post_tag","embeddable":true,"href":"https:\/\/www.mundoagropecuario.cl\/new\/wp-json\/wp\/v2\/tags?post=12781"}],"curies":[{"name":"wp","href":"https:\/\/api.w.org\/{rel}","templated":true}]}}