{"id":12742,"date":"2019-07-09T13:21:13","date_gmt":"2019-07-09T16:21:13","guid":{"rendered":"http:\/\/www.mundoagropecuario.cl\/new\/?p=12742"},"modified":"2019-07-10T18:46:57","modified_gmt":"2019-07-10T21:46:57","slug":"debates-en-torno-al-agua-generaron-los-encuentros-regionales-de-fedefruta-en-curico-y-san-fernando","status":"publish","type":"post","link":"https:\/\/www.mundoagropecuario.cl\/new\/debates-en-torno-al-agua-generaron-los-encuentros-regionales-de-fedefruta-en-curico-y-san-fernando\/","title":{"rendered":"Debates en torno al agua generaron los Encuentros Regionales de Fedefruta en Curic\u00f3 y San Fernando"},"content":{"rendered":"\n<ul class=\"wp-block-gallery columns-0 is-cropped wp-block-gallery-1 is-layout-flex wp-block-gallery-is-layout-flex\"><\/ul>\n\n\n\n<p><\/p>\n\n\n\n<p class=\"has-medium-font-size\"><em>El encuentro en Chill\u00e1n, confirmado para el 10 de julio, abordar\u00e1 la problem\u00e1tica que tambi\u00e9n concierne a los productores de la Regi\u00f3n de \u00d1uble (Mundo Agropecuario).<\/em><\/p>\n\n\n\n<p>Concurrid\u00edsimas y con la atenci\u00f3n m\u00e1xima de dirigentes\ngremiales, autoridades y agricultores estuvieron los encuentros de Fedefruta en\nCuric\u00f3 y San Fernando, localidades marcadas por la problem\u00e1tica actual de la\nescasez h\u00eddrica que golpea a las zonas frut\u00edcolas del pa\u00eds.<\/p>\n\n\n\n<p>En Curic\u00f3, el presidente de Fedefruta Jorge Valenzuela se\nsent\u00f3 en un panel con el Ministro de Agricultura Antonio Walker, el Intendente\nde la Regi\u00f3n del Maule Pablo Milad, y la presidenta de Frus\u00e9ptima Carolina\nDosal, para plantear la verdadera seriedad de la situaci\u00f3n, entre otros puntos\nque inciden en el desarrollo frut\u00edcola.<\/p>\n\n\n\n<p>\u201cTenemos que ver c\u00f3mo podemos acelerar las soluciones, c\u00f3mo\nnos podemos ayudar y c\u00f3mo los agricultores estamos dispuestos aportar para\nasegurar el abastecimiento, porque la falta de agua y de pol\u00edticas coordinadas\npara enfrentar la crisis tienen detenida la inversi\u00f3n en el sector frut\u00edcola\u201d,\nse\u00f1al\u00f3 Valenzuela, recordando su propuesta de una \u201cMesa Nacional del Agua\u201d,\ninstancia donde \u201clos pol\u00edticos, los congresistas, las regiones, las zonas\nrurales, los gremios y los movimientos armemos un cronograma de trabajo, porque\nhemos perdido a\u00f1os viendo c\u00f3mo Chile se est\u00e1 secando\u201d.<\/p>\n\n\n\n<p>En San Fernando, el presidente de Fedefruta dio espacio al\nex timonel de la SNA, Patricio Crespo, para entregar datos sobre la actual\nsituaci\u00f3n de los r\u00edos en la Regi\u00f3n de O\u2019Higgins, la dotaci\u00f3n de los caudales y\nel d\u00e9ficit de precipitaciones existentes en el pa\u00eds.<\/p>\n\n\n\n<p>Los intendentes Pablo Milad y Juan Manuel Masferrer\nescucharon los an\u00e1lisis y propuestas de los dirigentes sobre la coordinaci\u00f3n de\npol\u00edticas de gesti\u00f3n h\u00eddrica. Mientras que la m\u00e1xima autoridad de la Regi\u00f3n de\nO\u2019Higgins plante\u00f3 a los agricultores la redacci\u00f3n de un programa de Gesti\u00f3n\nH\u00eddrica para ser evaluado en el presupuesto del gobierno regional, Milad\nanunci\u00f3 que \u201cfirmaremos un convenio para grandes embalses para nuestra regi\u00f3n,\nentre los que est\u00e1n el de La Jaula, de Longav\u00ed, la elevaci\u00f3n mec\u00e1nica de\nLoncomilla y el Parr\u00f3n, y otros estudios a evaluar para ser proyectados\u201d.<\/p>\n\n\n\n<p>As\u00ed, frente a la demanda de los agricultores de accionar con\nrapidez estos proyectos, Milad puntualiz\u00f3 que si bien existen etapas de\nprefactibilidad, factibilidad avanzada, evaluaci\u00f3n ambiental y RSA, \u201cqueremos\nhacer todo eso en conjunto para acelerar estos procesos\u201d.<\/p>\n\n\n\n<p>En tanto, el Ministro Walker indic\u00f3: \u201cEl cambio clim\u00e1tico es\nuna realidad y tenemos que hacernos cargo de eso, y uno de sus mayores efectos\nes que hemos tenido una menor precipitaci\u00f3n en los \u00faltimos 10 a\u00f1os. Tenemos\nmenos reservas de nieve, menos ca\u00edda de agua y, por otro lado, una agricultura\nque crece, por eso tenemos que incorporar nuevas pr\u00e1cticas culturales para el\ndesarrollo de la agricultura chilena\u201d.<\/p>\n\n\n\n<p><strong>Chill\u00e1n<\/strong><\/p>\n\n\n\n<p>La problem\u00e1tica del agua ser\u00e1 parte tambi\u00e9n el pr\u00f3ximo\nEncuentro Regional de Fedefruta en Chill\u00e1n, este mi\u00e9rcoles 10 de julio en la\nFacultad de Agronom\u00eda de la Universidad de Concepci\u00f3n, con la participaci\u00f3n de\nautoridades incluyendo al Intendente de la Regi\u00f3n de \u00d1uble, Mart\u00edn Arrau, y\naliados de Fedefruta a nivel nacional y regional como Corfo y ProChile.&nbsp; <\/p>\n\n\n\n<p>En la ocasi\u00f3n, los dirigentes plantear\u00e1n que la Regi\u00f3n de\n\u00d1uble tiene el potencial de convertirte en el polo hortofrut\u00edcola m\u00e1s grande\ndel Cono Sur, siempre y cuando se avance con la infraestructura de riego, la\ntransferencia tecnol\u00f3gica y el financiamiento para una reconversi\u00f3n bajo\npar\u00e1metros de sinton\u00eda fina en los manejos agron\u00f3micos.<\/p>\n","protected":false},"excerpt":{"rendered":"<p>El encuentro en Chill\u00e1n, confirmado para el 10 de julio, abordar\u00e1 la problem\u00e1tica que tambi\u00e9n concierne a los productores de la Regi\u00f3n de \u00d1uble (Mundo Agropecuario). Concurrid\u00edsimas y con la&#8230;<\/p>\n","protected":false},"author":3,"featured_media":12743,"comment_status":"closed","ping_status":"closed","sticky":false,"template":"","format":"standard","meta":{"footnotes":""},"categories":[1986],"tags":[2095,1151],"class_list":["post-12742","post","type-post","status-publish","format-standard","has-post-thumbnail","hentry","category-frutas","tag-fedefruta","tag-nuble"],"yoast_head":"<!-- This site is optimized with the Yoast SEO plugin v26.6 - https:\/\/yoast.com\/wordpress\/plugins\/seo\/ -->\n<title>Debates en torno al agua generaron los Encuentros Regionales de Fedefruta en Curic\u00f3 y San Fernando - Mundoagropecuario<\/title>\n<meta name=\"robots\" content=\"index, follow, max-snippet:-1, max-image-preview:large, max-video-preview:-1\" \/>\n<link rel=\"canonical\" href=\"https:\/\/www.mundoagropecuario.cl\/new\/debates-en-torno-al-agua-generaron-los-encuentros-regionales-de-fedefruta-en-curico-y-san-fernando\/\" \/>\n<meta property=\"og:locale\" content=\"es_ES\" \/>\n<meta property=\"og:type\" content=\"article\" \/>\n<meta property=\"og:title\" content=\"Debates en torno al agua generaron los Encuentros Regionales de Fedefruta en Curic\u00f3 y San Fernando - Mundoagropecuario\" \/>\n<meta property=\"og:description\" content=\"El encuentro en Chill\u00e1n, confirmado para el 10 de julio, abordar\u00e1 la problem\u00e1tica que tambi\u00e9n concierne a los productores de la Regi\u00f3n de \u00d1uble (Mundo Agropecuario). Concurrid\u00edsimas y con la...\" \/>\n<meta property=\"og:url\" content=\"https:\/\/www.mundoagropecuario.cl\/new\/debates-en-torno-al-agua-generaron-los-encuentros-regionales-de-fedefruta-en-curico-y-san-fernando\/\" \/>\n<meta property=\"og:site_name\" content=\"Mundoagropecuario\" \/>\n<meta property=\"article:publisher\" content=\"https:\/\/www.facebook.com\/mundo.agropecuario.3\" \/>\n<meta property=\"article:published_time\" content=\"2019-07-09T16:21:13+00:00\" \/>\n<meta property=\"article:modified_time\" content=\"2019-07-10T21:46:57+00:00\" \/>\n<meta property=\"og:image\" content=\"https:\/\/www.mundoagropecuario.cl\/new\/wp-content\/uploads\/2019\/07\/encuentro-fedefruta.jpg\" \/>\n\t<meta property=\"og:image:width\" content=\"900\" \/>\n\t<meta property=\"og:image:height\" content=\"508\" \/>\n\t<meta property=\"og:image:type\" content=\"image\/jpeg\" \/>\n<meta name=\"author\" content=\"periodista\" \/>\n<meta name=\"twitter:card\" content=\"summary_large_image\" \/>\n<meta name=\"twitter:creator\" content=\"@MundoAgropecuar\" \/>\n<meta name=\"twitter:site\" content=\"@MundoAgropecuar\" \/>\n<meta name=\"twitter:label1\" content=\"Escrito por\" \/>\n\t<meta name=\"twitter:data1\" content=\"periodista\" \/>\n\t<meta name=\"twitter:label2\" content=\"Tiempo de lectura\" \/>\n\t<meta name=\"twitter:data2\" content=\"3 minutos\" \/>\n<script type=\"application\/ld+json\" class=\"yoast-schema-graph\">{\"@context\":\"https:\/\/schema.org\",\"@graph\":[{\"@type\":\"Article\",\"@id\":\"https:\/\/www.mundoagropecuario.cl\/new\/debates-en-torno-al-agua-generaron-los-encuentros-regionales-de-fedefruta-en-curico-y-san-fernando\/#article\",\"isPartOf\":{\"@id\":\"https:\/\/www.mundoagropecuario.cl\/new\/debates-en-torno-al-agua-generaron-los-encuentros-regionales-de-fedefruta-en-curico-y-san-fernando\/\"},\"author\":{\"name\":\"periodista\",\"@id\":\"https:\/\/www.mundoagropecuario.cl\/new\/#\/schema\/person\/0c221050801c74e45256a7a9a1ff0803\"},\"headline\":\"Debates en torno al agua generaron los Encuentros Regionales de Fedefruta en Curic\u00f3 y San Fernando\",\"datePublished\":\"2019-07-09T16:21:13+00:00\",\"dateModified\":\"2019-07-10T21:46:57+00:00\",\"mainEntityOfPage\":{\"@id\":\"https:\/\/www.mundoagropecuario.cl\/new\/debates-en-torno-al-agua-generaron-los-encuentros-regionales-de-fedefruta-en-curico-y-san-fernando\/\"},\"wordCount\":653,\"publisher\":{\"@id\":\"https:\/\/www.mundoagropecuario.cl\/new\/#organization\"},\"image\":{\"@id\":\"https:\/\/www.mundoagropecuario.cl\/new\/debates-en-torno-al-agua-generaron-los-encuentros-regionales-de-fedefruta-en-curico-y-san-fernando\/#primaryimage\"},\"thumbnailUrl\":\"https:\/\/www.mundoagropecuario.cl\/new\/wp-content\/uploads\/2019\/07\/encuentro-fedefruta.jpg\",\"keywords\":[\"Fedefruta\",\"\u00d1uble\"],\"articleSection\":[\"Frutas\"],\"inLanguage\":\"es\"},{\"@type\":\"WebPage\",\"@id\":\"https:\/\/www.mundoagropecuario.cl\/new\/debates-en-torno-al-agua-generaron-los-encuentros-regionales-de-fedefruta-en-curico-y-san-fernando\/\",\"url\":\"https:\/\/www.mundoagropecuario.cl\/new\/debates-en-torno-al-agua-generaron-los-encuentros-regionales-de-fedefruta-en-curico-y-san-fernando\/\",\"name\":\"Debates en torno al agua generaron los Encuentros Regionales de Fedefruta en Curic\u00f3 y San Fernando - Mundoagropecuario\",\"isPartOf\":{\"@id\":\"https:\/\/www.mundoagropecuario.cl\/new\/#website\"},\"primaryImageOfPage\":{\"@id\":\"https:\/\/www.mundoagropecuario.cl\/new\/debates-en-torno-al-agua-generaron-los-encuentros-regionales-de-fedefruta-en-curico-y-san-fernando\/#primaryimage\"},\"image\":{\"@id\":\"https:\/\/www.mundoagropecuario.cl\/new\/debates-en-torno-al-agua-generaron-los-encuentros-regionales-de-fedefruta-en-curico-y-san-fernando\/#primaryimage\"},\"thumbnailUrl\":\"https:\/\/www.mundoagropecuario.cl\/new\/wp-content\/uploads\/2019\/07\/encuentro-fedefruta.jpg\",\"datePublished\":\"2019-07-09T16:21:13+00:00\",\"dateModified\":\"2019-07-10T21:46:57+00:00\",\"breadcrumb\":{\"@id\":\"https:\/\/www.mundoagropecuario.cl\/new\/debates-en-torno-al-agua-generaron-los-encuentros-regionales-de-fedefruta-en-curico-y-san-fernando\/#breadcrumb\"},\"inLanguage\":\"es\",\"potentialAction\":[{\"@type\":\"ReadAction\",\"target\":[\"https:\/\/www.mundoagropecuario.cl\/new\/debates-en-torno-al-agua-generaron-los-encuentros-regionales-de-fedefruta-en-curico-y-san-fernando\/\"]}]},{\"@type\":\"ImageObject\",\"inLanguage\":\"es\",\"@id\":\"https:\/\/www.mundoagropecuario.cl\/new\/debates-en-torno-al-agua-generaron-los-encuentros-regionales-de-fedefruta-en-curico-y-san-fernando\/#primaryimage\",\"url\":\"https:\/\/www.mundoagropecuario.cl\/new\/wp-content\/uploads\/2019\/07\/encuentro-fedefruta.jpg\",\"contentUrl\":\"https:\/\/www.mundoagropecuario.cl\/new\/wp-content\/uploads\/2019\/07\/encuentro-fedefruta.jpg\",\"width\":709,\"height\":400},{\"@type\":\"BreadcrumbList\",\"@id\":\"https:\/\/www.mundoagropecuario.cl\/new\/debates-en-torno-al-agua-generaron-los-encuentros-regionales-de-fedefruta-en-curico-y-san-fernando\/#breadcrumb\",\"itemListElement\":[{\"@type\":\"ListItem\",\"position\":1,\"name\":\"Portada\",\"item\":\"https:\/\/www.mundoagropecuario.cl\/new\/\"},{\"@type\":\"ListItem\",\"position\":2,\"name\":\"Debates en torno al agua generaron los Encuentros Regionales de Fedefruta en Curic\u00f3 y San Fernando\"}]},{\"@type\":\"WebSite\",\"@id\":\"https:\/\/www.mundoagropecuario.cl\/new\/#website\",\"url\":\"https:\/\/www.mundoagropecuario.cl\/new\/\",\"name\":\"Mundoagropecuario\",\"description\":\"Mundo Agropecuario\",\"publisher\":{\"@id\":\"https:\/\/www.mundoagropecuario.cl\/new\/#organization\"},\"potentialAction\":[{\"@type\":\"SearchAction\",\"target\":{\"@type\":\"EntryPoint\",\"urlTemplate\":\"https:\/\/www.mundoagropecuario.cl\/new\/?s={search_term_string}\"},\"query-input\":{\"@type\":\"PropertyValueSpecification\",\"valueRequired\":true,\"valueName\":\"search_term_string\"}}],\"inLanguage\":\"es\"},{\"@type\":\"Organization\",\"@id\":\"https:\/\/www.mundoagropecuario.cl\/new\/#organization\",\"name\":\"Revista de Agricultura\",\"url\":\"https:\/\/www.mundoagropecuario.cl\/new\/\",\"logo\":{\"@type\":\"ImageObject\",\"inLanguage\":\"es\",\"@id\":\"https:\/\/www.mundoagropecuario.cl\/new\/#\/schema\/logo\/image\/\",\"url\":\"https:\/\/www.mundoagropecuario.cl\/new\/wp-content\/uploads\/2020\/11\/PORTAL-1-1.png\",\"contentUrl\":\"https:\/\/www.mundoagropecuario.cl\/new\/wp-content\/uploads\/2020\/11\/PORTAL-1-1.png\",\"width\":1026,\"height\":100,\"caption\":\"Revista de Agricultura\"},\"image\":{\"@id\":\"https:\/\/www.mundoagropecuario.cl\/new\/#\/schema\/logo\/image\/\"},\"sameAs\":[\"https:\/\/www.facebook.com\/mundo.agropecuario.3\",\"https:\/\/x.com\/MundoAgropecuar\",\"https:\/\/www.linkedin.com\/in\/mundo-agropecuario-934009201\/\"]},{\"@type\":\"Person\",\"@id\":\"https:\/\/www.mundoagropecuario.cl\/new\/#\/schema\/person\/0c221050801c74e45256a7a9a1ff0803\",\"name\":\"periodista\",\"url\":\"https:\/\/www.mundoagropecuario.cl\/new\/author\/periodista\/\"}]}<\/script>\n<!-- \/ Yoast SEO plugin. -->","yoast_head_json":{"title":"Debates en torno al agua generaron los Encuentros Regionales de Fedefruta en Curic\u00f3 y San Fernando - Mundoagropecuario","robots":{"index":"index","follow":"follow","max-snippet":"max-snippet:-1","max-image-preview":"max-image-preview:large","max-video-preview":"max-video-preview:-1"},"canonical":"https:\/\/www.mundoagropecuario.cl\/new\/debates-en-torno-al-agua-generaron-los-encuentros-regionales-de-fedefruta-en-curico-y-san-fernando\/","og_locale":"es_ES","og_type":"article","og_title":"Debates en torno al agua generaron los Encuentros Regionales de Fedefruta en Curic\u00f3 y San Fernando - Mundoagropecuario","og_description":"El encuentro en Chill\u00e1n, confirmado para el 10 de julio, abordar\u00e1 la problem\u00e1tica que tambi\u00e9n concierne a los productores de la Regi\u00f3n de \u00d1uble (Mundo Agropecuario). Concurrid\u00edsimas y con la...","og_url":"https:\/\/www.mundoagropecuario.cl\/new\/debates-en-torno-al-agua-generaron-los-encuentros-regionales-de-fedefruta-en-curico-y-san-fernando\/","og_site_name":"Mundoagropecuario","article_publisher":"https:\/\/www.facebook.com\/mundo.agropecuario.3","article_published_time":"2019-07-09T16:21:13+00:00","article_modified_time":"2019-07-10T21:46:57+00:00","og_image":[{"width":900,"height":508,"url":"https:\/\/www.mundoagropecuario.cl\/new\/wp-content\/uploads\/2019\/07\/encuentro-fedefruta.jpg","type":"image\/jpeg"}],"author":"periodista","twitter_card":"summary_large_image","twitter_creator":"@MundoAgropecuar","twitter_site":"@MundoAgropecuar","twitter_misc":{"Escrito por":"periodista","Tiempo de lectura":"3 minutos"},"schema":{"@context":"https:\/\/schema.org","@graph":[{"@type":"Article","@id":"https:\/\/www.mundoagropecuario.cl\/new\/debates-en-torno-al-agua-generaron-los-encuentros-regionales-de-fedefruta-en-curico-y-san-fernando\/#article","isPartOf":{"@id":"https:\/\/www.mundoagropecuario.cl\/new\/debates-en-torno-al-agua-generaron-los-encuentros-regionales-de-fedefruta-en-curico-y-san-fernando\/"},"author":{"name":"periodista","@id":"https:\/\/www.mundoagropecuario.cl\/new\/#\/schema\/person\/0c221050801c74e45256a7a9a1ff0803"},"headline":"Debates en torno al agua generaron los Encuentros Regionales de Fedefruta en Curic\u00f3 y San Fernando","datePublished":"2019-07-09T16:21:13+00:00","dateModified":"2019-07-10T21:46:57+00:00","mainEntityOfPage":{"@id":"https:\/\/www.mundoagropecuario.cl\/new\/debates-en-torno-al-agua-generaron-los-encuentros-regionales-de-fedefruta-en-curico-y-san-fernando\/"},"wordCount":653,"publisher":{"@id":"https:\/\/www.mundoagropecuario.cl\/new\/#organization"},"image":{"@id":"https:\/\/www.mundoagropecuario.cl\/new\/debates-en-torno-al-agua-generaron-los-encuentros-regionales-de-fedefruta-en-curico-y-san-fernando\/#primaryimage"},"thumbnailUrl":"https:\/\/www.mundoagropecuario.cl\/new\/wp-content\/uploads\/2019\/07\/encuentro-fedefruta.jpg","keywords":["Fedefruta","\u00d1uble"],"articleSection":["Frutas"],"inLanguage":"es"},{"@type":"WebPage","@id":"https:\/\/www.mundoagropecuario.cl\/new\/debates-en-torno-al-agua-generaron-los-encuentros-regionales-de-fedefruta-en-curico-y-san-fernando\/","url":"https:\/\/www.mundoagropecuario.cl\/new\/debates-en-torno-al-agua-generaron-los-encuentros-regionales-de-fedefruta-en-curico-y-san-fernando\/","name":"Debates en torno al agua generaron los Encuentros Regionales de Fedefruta en Curic\u00f3 y San Fernando - Mundoagropecuario","isPartOf":{"@id":"https:\/\/www.mundoagropecuario.cl\/new\/#website"},"primaryImageOfPage":{"@id":"https:\/\/www.mundoagropecuario.cl\/new\/debates-en-torno-al-agua-generaron-los-encuentros-regionales-de-fedefruta-en-curico-y-san-fernando\/#primaryimage"},"image":{"@id":"https:\/\/www.mundoagropecuario.cl\/new\/debates-en-torno-al-agua-generaron-los-encuentros-regionales-de-fedefruta-en-curico-y-san-fernando\/#primaryimage"},"thumbnailUrl":"https:\/\/www.mundoagropecuario.cl\/new\/wp-content\/uploads\/2019\/07\/encuentro-fedefruta.jpg","datePublished":"2019-07-09T16:21:13+00:00","dateModified":"2019-07-10T21:46:57+00:00","breadcrumb":{"@id":"https:\/\/www.mundoagropecuario.cl\/new\/debates-en-torno-al-agua-generaron-los-encuentros-regionales-de-fedefruta-en-curico-y-san-fernando\/#breadcrumb"},"inLanguage":"es","potentialAction":[{"@type":"ReadAction","target":["https:\/\/www.mundoagropecuario.cl\/new\/debates-en-torno-al-agua-generaron-los-encuentros-regionales-de-fedefruta-en-curico-y-san-fernando\/"]}]},{"@type":"ImageObject","inLanguage":"es","@id":"https:\/\/www.mundoagropecuario.cl\/new\/debates-en-torno-al-agua-generaron-los-encuentros-regionales-de-fedefruta-en-curico-y-san-fernando\/#primaryimage","url":"https:\/\/www.mundoagropecuario.cl\/new\/wp-content\/uploads\/2019\/07\/encuentro-fedefruta.jpg","contentUrl":"https:\/\/www.mundoagropecuario.cl\/new\/wp-content\/uploads\/2019\/07\/encuentro-fedefruta.jpg","width":709,"height":400},{"@type":"BreadcrumbList","@id":"https:\/\/www.mundoagropecuario.cl\/new\/debates-en-torno-al-agua-generaron-los-encuentros-regionales-de-fedefruta-en-curico-y-san-fernando\/#breadcrumb","itemListElement":[{"@type":"ListItem","position":1,"name":"Portada","item":"https:\/\/www.mundoagropecuario.cl\/new\/"},{"@type":"ListItem","position":2,"name":"Debates en torno al agua generaron los Encuentros Regionales de Fedefruta en Curic\u00f3 y San Fernando"}]},{"@type":"WebSite","@id":"https:\/\/www.mundoagropecuario.cl\/new\/#website","url":"https:\/\/www.mundoagropecuario.cl\/new\/","name":"Mundoagropecuario","description":"Mundo Agropecuario","publisher":{"@id":"https:\/\/www.mundoagropecuario.cl\/new\/#organization"},"potentialAction":[{"@type":"SearchAction","target":{"@type":"EntryPoint","urlTemplate":"https:\/\/www.mundoagropecuario.cl\/new\/?s={search_term_string}"},"query-input":{"@type":"PropertyValueSpecification","valueRequired":true,"valueName":"search_term_string"}}],"inLanguage":"es"},{"@type":"Organization","@id":"https:\/\/www.mundoagropecuario.cl\/new\/#organization","name":"Revista de Agricultura","url":"https:\/\/www.mundoagropecuario.cl\/new\/","logo":{"@type":"ImageObject","inLanguage":"es","@id":"https:\/\/www.mundoagropecuario.cl\/new\/#\/schema\/logo\/image\/","url":"https:\/\/www.mundoagropecuario.cl\/new\/wp-content\/uploads\/2020\/11\/PORTAL-1-1.png","contentUrl":"https:\/\/www.mundoagropecuario.cl\/new\/wp-content\/uploads\/2020\/11\/PORTAL-1-1.png","width":1026,"height":100,"caption":"Revista de Agricultura"},"image":{"@id":"https:\/\/www.mundoagropecuario.cl\/new\/#\/schema\/logo\/image\/"},"sameAs":["https:\/\/www.facebook.com\/mundo.agropecuario.3","https:\/\/x.com\/MundoAgropecuar","https:\/\/www.linkedin.com\/in\/mundo-agropecuario-934009201\/"]},{"@type":"Person","@id":"https:\/\/www.mundoagropecuario.cl\/new\/#\/schema\/person\/0c221050801c74e45256a7a9a1ff0803","name":"periodista","url":"https:\/\/www.mundoagropecuario.cl\/new\/author\/periodista\/"}]}},"_links":{"self":[{"href":"https:\/\/www.mundoagropecuario.cl\/new\/wp-json\/wp\/v2\/posts\/12742","targetHints":{"allow":["GET"]}}],"collection":[{"href":"https:\/\/www.mundoagropecuario.cl\/new\/wp-json\/wp\/v2\/posts"}],"about":[{"href":"https:\/\/www.mundoagropecuario.cl\/new\/wp-json\/wp\/v2\/types\/post"}],"author":[{"embeddable":true,"href":"https:\/\/www.mundoagropecuario.cl\/new\/wp-json\/wp\/v2\/users\/3"}],"replies":[{"embeddable":true,"href":"https:\/\/www.mundoagropecuario.cl\/new\/wp-json\/wp\/v2\/comments?post=12742"}],"version-history":[{"count":1,"href":"https:\/\/www.mundoagropecuario.cl\/new\/wp-json\/wp\/v2\/posts\/12742\/revisions"}],"predecessor-version":[{"id":12744,"href":"https:\/\/www.mundoagropecuario.cl\/new\/wp-json\/wp\/v2\/posts\/12742\/revisions\/12744"}],"wp:featuredmedia":[{"embeddable":true,"href":"https:\/\/www.mundoagropecuario.cl\/new\/wp-json\/wp\/v2\/media\/12743"}],"wp:attachment":[{"href":"https:\/\/www.mundoagropecuario.cl\/new\/wp-json\/wp\/v2\/media?parent=12742"}],"wp:term":[{"taxonomy":"category","embeddable":true,"href":"https:\/\/www.mundoagropecuario.cl\/new\/wp-json\/wp\/v2\/categories?post=12742"},{"taxonomy":"post_tag","embeddable":true,"href":"https:\/\/www.mundoagropecuario.cl\/new\/wp-json\/wp\/v2\/tags?post=12742"}],"curies":[{"name":"wp","href":"https:\/\/api.w.org\/{rel}","templated":true}]}}