{"id":12723,"date":"2019-07-08T12:30:05","date_gmt":"2019-07-08T15:30:05","guid":{"rendered":"http:\/\/www.mundoagropecuario.cl\/new\/?p=12723"},"modified":"2019-07-10T18:43:49","modified_gmt":"2019-07-10T21:43:49","slug":"tdlc-deja-en-acuerdo-disputa-entre-watts-y-colun","status":"publish","type":"post","link":"https:\/\/www.mundoagropecuario.cl\/new\/tdlc-deja-en-acuerdo-disputa-entre-watts-y-colun\/","title":{"rendered":"TDLC deja en \u201cacuerdo\u201d disputa entre Watt&#8217;s y Colun"},"content":{"rendered":"\n<ul class=\"wp-block-gallery columns-0 is-cropped wp-block-gallery-1 is-layout-flex wp-block-gallery-is-layout-flex\"><\/ul>\n\n\n\n<p><\/p>\n\n\n\n<p class=\"has-medium-font-size\"><em>Organismo dej\u00f3 el caso -que se abri\u00f3 en junio del a\u00f1o pasado- en estado de acuerdo, con lo que comenzar\u00e1 a redactar su fallo. El \u00faltimo round p\u00fablico se hab\u00eda dado en diciembre, cuando fueron los alegatos (Diario Financiero).<\/em><\/p>\n\n\n\n<p>El Tribunal de Defensa de la Libre Competencia tom\u00f3 una\ndefinici\u00f3n en torno a la consulta de Watt\u2019s respecto de la necesidad de que\nactores como Colun informen p\u00fablicamente sus pautas de precios, como lo hacen\ntambi\u00e9n Soprole y Nestl\u00e9.<\/p>\n\n\n\n<p>El organismo dej\u00f3 el caso -que se abri\u00f3 en junio del a\u00f1o\npasado- en estado de acuerdo, con lo que comenzar\u00e1 a redactar su fallo. El\n\u00faltimo round p\u00fablico se hab\u00eda dado en diciembre, cuando fueron los alegatos.<\/p>\n\n\n\n<p>En ese momento, Colun asegur\u00f3 que comprar leche solo a sus\ncooperados sin publicar dicha pauta no marca una ventaja respecto al resto,\nalgo que fue contrarrestado por Watt\u2019s, asegurando que esto ha sido clave para\nque la cooperativa se mantenga como l\u00edder del mercado, e, incluso, tambi\u00e9n\neluda impuestos.<\/p>\n\n\n\n<p>Estas acusaciones han sido negadas por Colun. Durante el\ncaso resalt\u00f3 que el modelo de cooperativa -que funciona mediante integraci\u00f3n\nvertical- la obliga a comprar toda su leche, por lo que su producci\u00f3n depende\ntotalmente de materia prima nacional y que, adem\u00e1s, no tienen necesidad de\ncompetir en el mercado de la compra de leche a otros proveedores, como s\u00ed\nocurre con los dem\u00e1s procesadores.<\/p>\n\n\n\n<p>Watt\u2019s -ligada a la familia Larra\u00edn Pe\u00f1a- dijo que adem\u00e1s de\nexhibir las pautas, su competidora deber\u00eda revelar los pagos de excedentes a\nsus asociados.<\/p>\n","protected":false},"excerpt":{"rendered":"<p>Organismo dej\u00f3 el caso -que se abri\u00f3 en junio del a\u00f1o pasado- en estado de acuerdo, con lo que comenzar\u00e1 a redactar su fallo. El \u00faltimo round p\u00fablico se hab\u00eda&#8230;<\/p>\n","protected":false},"author":3,"featured_media":10284,"comment_status":"closed","ping_status":"closed","sticky":false,"template":"","format":"standard","meta":{"footnotes":""},"categories":[1946],"tags":[2034,2087,2085],"class_list":["post-12723","post","type-post","status-publish","format-standard","has-post-thumbnail","hentry","category-lacteos","tag-colun","tag-tdlc","tag-watts"],"yoast_head":"<!-- This site is optimized with the Yoast SEO plugin v26.6 - https:\/\/yoast.com\/wordpress\/plugins\/seo\/ -->\n<title>TDLC deja en \u201cacuerdo\u201d disputa entre Watt&#039;s y Colun - Mundoagropecuario<\/title>\n<meta name=\"robots\" content=\"index, follow, max-snippet:-1, max-image-preview:large, max-video-preview:-1\" \/>\n<link rel=\"canonical\" href=\"https:\/\/www.mundoagropecuario.cl\/new\/tdlc-deja-en-acuerdo-disputa-entre-watts-y-colun\/\" \/>\n<meta property=\"og:locale\" content=\"es_ES\" \/>\n<meta property=\"og:type\" content=\"article\" \/>\n<meta property=\"og:title\" content=\"TDLC deja en \u201cacuerdo\u201d disputa entre Watt&#039;s y Colun - Mundoagropecuario\" \/>\n<meta property=\"og:description\" content=\"Organismo dej\u00f3 el caso -que se abri\u00f3 en junio del a\u00f1o pasado- en estado de acuerdo, con lo que comenzar\u00e1 a redactar su fallo. El \u00faltimo round p\u00fablico se hab\u00eda...\" \/>\n<meta property=\"og:url\" content=\"https:\/\/www.mundoagropecuario.cl\/new\/tdlc-deja-en-acuerdo-disputa-entre-watts-y-colun\/\" \/>\n<meta property=\"og:site_name\" content=\"Mundoagropecuario\" \/>\n<meta property=\"article:publisher\" content=\"https:\/\/www.facebook.com\/mundo.agropecuario.3\" \/>\n<meta property=\"article:published_time\" content=\"2019-07-08T15:30:05+00:00\" \/>\n<meta property=\"article:modified_time\" content=\"2019-07-10T21:43:49+00:00\" \/>\n<meta property=\"og:image\" content=\"https:\/\/www.mundoagropecuario.cl\/new\/wp-content\/uploads\/2019\/01\/watts_colun.jpg\" \/>\n\t<meta property=\"og:image:width\" content=\"1024\" \/>\n\t<meta property=\"og:image:height\" content=\"563\" \/>\n\t<meta property=\"og:image:type\" content=\"image\/jpeg\" \/>\n<meta name=\"author\" content=\"periodista\" \/>\n<meta name=\"twitter:card\" content=\"summary_large_image\" \/>\n<meta name=\"twitter:creator\" content=\"@MundoAgropecuar\" \/>\n<meta name=\"twitter:site\" content=\"@MundoAgropecuar\" \/>\n<meta name=\"twitter:label1\" content=\"Escrito por\" \/>\n\t<meta name=\"twitter:data1\" content=\"periodista\" \/>\n\t<meta name=\"twitter:label2\" content=\"Tiempo de lectura\" \/>\n\t<meta name=\"twitter:data2\" content=\"1 minuto\" \/>\n<script type=\"application\/ld+json\" class=\"yoast-schema-graph\">{\"@context\":\"https:\/\/schema.org\",\"@graph\":[{\"@type\":\"Article\",\"@id\":\"https:\/\/www.mundoagropecuario.cl\/new\/tdlc-deja-en-acuerdo-disputa-entre-watts-y-colun\/#article\",\"isPartOf\":{\"@id\":\"https:\/\/www.mundoagropecuario.cl\/new\/tdlc-deja-en-acuerdo-disputa-entre-watts-y-colun\/\"},\"author\":{\"name\":\"periodista\",\"@id\":\"https:\/\/www.mundoagropecuario.cl\/new\/#\/schema\/person\/0c221050801c74e45256a7a9a1ff0803\"},\"headline\":\"TDLC deja en \u201cacuerdo\u201d disputa entre Watt&#8217;s y Colun\",\"datePublished\":\"2019-07-08T15:30:05+00:00\",\"dateModified\":\"2019-07-10T21:43:49+00:00\",\"mainEntityOfPage\":{\"@id\":\"https:\/\/www.mundoagropecuario.cl\/new\/tdlc-deja-en-acuerdo-disputa-entre-watts-y-colun\/\"},\"wordCount\":288,\"publisher\":{\"@id\":\"https:\/\/www.mundoagropecuario.cl\/new\/#organization\"},\"image\":{\"@id\":\"https:\/\/www.mundoagropecuario.cl\/new\/tdlc-deja-en-acuerdo-disputa-entre-watts-y-colun\/#primaryimage\"},\"thumbnailUrl\":\"https:\/\/www.mundoagropecuario.cl\/new\/wp-content\/uploads\/2019\/01\/watts_colun.jpg\",\"keywords\":[\"Colun\",\"TDLC\",\"Watt's\"],\"articleSection\":[\"L\u00e1cteos\"],\"inLanguage\":\"es\"},{\"@type\":\"WebPage\",\"@id\":\"https:\/\/www.mundoagropecuario.cl\/new\/tdlc-deja-en-acuerdo-disputa-entre-watts-y-colun\/\",\"url\":\"https:\/\/www.mundoagropecuario.cl\/new\/tdlc-deja-en-acuerdo-disputa-entre-watts-y-colun\/\",\"name\":\"TDLC deja en \u201cacuerdo\u201d disputa entre Watt's y Colun - Mundoagropecuario\",\"isPartOf\":{\"@id\":\"https:\/\/www.mundoagropecuario.cl\/new\/#website\"},\"primaryImageOfPage\":{\"@id\":\"https:\/\/www.mundoagropecuario.cl\/new\/tdlc-deja-en-acuerdo-disputa-entre-watts-y-colun\/#primaryimage\"},\"image\":{\"@id\":\"https:\/\/www.mundoagropecuario.cl\/new\/tdlc-deja-en-acuerdo-disputa-entre-watts-y-colun\/#primaryimage\"},\"thumbnailUrl\":\"https:\/\/www.mundoagropecuario.cl\/new\/wp-content\/uploads\/2019\/01\/watts_colun.jpg\",\"datePublished\":\"2019-07-08T15:30:05+00:00\",\"dateModified\":\"2019-07-10T21:43:49+00:00\",\"breadcrumb\":{\"@id\":\"https:\/\/www.mundoagropecuario.cl\/new\/tdlc-deja-en-acuerdo-disputa-entre-watts-y-colun\/#breadcrumb\"},\"inLanguage\":\"es\",\"potentialAction\":[{\"@type\":\"ReadAction\",\"target\":[\"https:\/\/www.mundoagropecuario.cl\/new\/tdlc-deja-en-acuerdo-disputa-entre-watts-y-colun\/\"]}]},{\"@type\":\"ImageObject\",\"inLanguage\":\"es\",\"@id\":\"https:\/\/www.mundoagropecuario.cl\/new\/tdlc-deja-en-acuerdo-disputa-entre-watts-y-colun\/#primaryimage\",\"url\":\"https:\/\/www.mundoagropecuario.cl\/new\/wp-content\/uploads\/2019\/01\/watts_colun.jpg\",\"contentUrl\":\"https:\/\/www.mundoagropecuario.cl\/new\/wp-content\/uploads\/2019\/01\/watts_colun.jpg\",\"width\":720,\"height\":396},{\"@type\":\"BreadcrumbList\",\"@id\":\"https:\/\/www.mundoagropecuario.cl\/new\/tdlc-deja-en-acuerdo-disputa-entre-watts-y-colun\/#breadcrumb\",\"itemListElement\":[{\"@type\":\"ListItem\",\"position\":1,\"name\":\"Portada\",\"item\":\"https:\/\/www.mundoagropecuario.cl\/new\/\"},{\"@type\":\"ListItem\",\"position\":2,\"name\":\"TDLC deja en \u201cacuerdo\u201d disputa entre Watt&#8217;s y Colun\"}]},{\"@type\":\"WebSite\",\"@id\":\"https:\/\/www.mundoagropecuario.cl\/new\/#website\",\"url\":\"https:\/\/www.mundoagropecuario.cl\/new\/\",\"name\":\"Mundoagropecuario\",\"description\":\"Mundo Agropecuario\",\"publisher\":{\"@id\":\"https:\/\/www.mundoagropecuario.cl\/new\/#organization\"},\"potentialAction\":[{\"@type\":\"SearchAction\",\"target\":{\"@type\":\"EntryPoint\",\"urlTemplate\":\"https:\/\/www.mundoagropecuario.cl\/new\/?s={search_term_string}\"},\"query-input\":{\"@type\":\"PropertyValueSpecification\",\"valueRequired\":true,\"valueName\":\"search_term_string\"}}],\"inLanguage\":\"es\"},{\"@type\":\"Organization\",\"@id\":\"https:\/\/www.mundoagropecuario.cl\/new\/#organization\",\"name\":\"Revista de Agricultura\",\"url\":\"https:\/\/www.mundoagropecuario.cl\/new\/\",\"logo\":{\"@type\":\"ImageObject\",\"inLanguage\":\"es\",\"@id\":\"https:\/\/www.mundoagropecuario.cl\/new\/#\/schema\/logo\/image\/\",\"url\":\"https:\/\/www.mundoagropecuario.cl\/new\/wp-content\/uploads\/2020\/11\/PORTAL-1-1.png\",\"contentUrl\":\"https:\/\/www.mundoagropecuario.cl\/new\/wp-content\/uploads\/2020\/11\/PORTAL-1-1.png\",\"width\":1026,\"height\":100,\"caption\":\"Revista de Agricultura\"},\"image\":{\"@id\":\"https:\/\/www.mundoagropecuario.cl\/new\/#\/schema\/logo\/image\/\"},\"sameAs\":[\"https:\/\/www.facebook.com\/mundo.agropecuario.3\",\"https:\/\/x.com\/MundoAgropecuar\",\"https:\/\/www.linkedin.com\/in\/mundo-agropecuario-934009201\/\"]},{\"@type\":\"Person\",\"@id\":\"https:\/\/www.mundoagropecuario.cl\/new\/#\/schema\/person\/0c221050801c74e45256a7a9a1ff0803\",\"name\":\"periodista\",\"url\":\"https:\/\/www.mundoagropecuario.cl\/new\/author\/periodista\/\"}]}<\/script>\n<!-- \/ Yoast SEO plugin. -->","yoast_head_json":{"title":"TDLC deja en \u201cacuerdo\u201d disputa entre Watt's y Colun - Mundoagropecuario","robots":{"index":"index","follow":"follow","max-snippet":"max-snippet:-1","max-image-preview":"max-image-preview:large","max-video-preview":"max-video-preview:-1"},"canonical":"https:\/\/www.mundoagropecuario.cl\/new\/tdlc-deja-en-acuerdo-disputa-entre-watts-y-colun\/","og_locale":"es_ES","og_type":"article","og_title":"TDLC deja en \u201cacuerdo\u201d disputa entre Watt's y Colun - Mundoagropecuario","og_description":"Organismo dej\u00f3 el caso -que se abri\u00f3 en junio del a\u00f1o pasado- en estado de acuerdo, con lo que comenzar\u00e1 a redactar su fallo. El \u00faltimo round p\u00fablico se hab\u00eda...","og_url":"https:\/\/www.mundoagropecuario.cl\/new\/tdlc-deja-en-acuerdo-disputa-entre-watts-y-colun\/","og_site_name":"Mundoagropecuario","article_publisher":"https:\/\/www.facebook.com\/mundo.agropecuario.3","article_published_time":"2019-07-08T15:30:05+00:00","article_modified_time":"2019-07-10T21:43:49+00:00","og_image":[{"width":1024,"height":563,"url":"https:\/\/www.mundoagropecuario.cl\/new\/wp-content\/uploads\/2019\/01\/watts_colun.jpg","type":"image\/jpeg"}],"author":"periodista","twitter_card":"summary_large_image","twitter_creator":"@MundoAgropecuar","twitter_site":"@MundoAgropecuar","twitter_misc":{"Escrito por":"periodista","Tiempo de lectura":"1 minuto"},"schema":{"@context":"https:\/\/schema.org","@graph":[{"@type":"Article","@id":"https:\/\/www.mundoagropecuario.cl\/new\/tdlc-deja-en-acuerdo-disputa-entre-watts-y-colun\/#article","isPartOf":{"@id":"https:\/\/www.mundoagropecuario.cl\/new\/tdlc-deja-en-acuerdo-disputa-entre-watts-y-colun\/"},"author":{"name":"periodista","@id":"https:\/\/www.mundoagropecuario.cl\/new\/#\/schema\/person\/0c221050801c74e45256a7a9a1ff0803"},"headline":"TDLC deja en \u201cacuerdo\u201d disputa entre Watt&#8217;s y Colun","datePublished":"2019-07-08T15:30:05+00:00","dateModified":"2019-07-10T21:43:49+00:00","mainEntityOfPage":{"@id":"https:\/\/www.mundoagropecuario.cl\/new\/tdlc-deja-en-acuerdo-disputa-entre-watts-y-colun\/"},"wordCount":288,"publisher":{"@id":"https:\/\/www.mundoagropecuario.cl\/new\/#organization"},"image":{"@id":"https:\/\/www.mundoagropecuario.cl\/new\/tdlc-deja-en-acuerdo-disputa-entre-watts-y-colun\/#primaryimage"},"thumbnailUrl":"https:\/\/www.mundoagropecuario.cl\/new\/wp-content\/uploads\/2019\/01\/watts_colun.jpg","keywords":["Colun","TDLC","Watt's"],"articleSection":["L\u00e1cteos"],"inLanguage":"es"},{"@type":"WebPage","@id":"https:\/\/www.mundoagropecuario.cl\/new\/tdlc-deja-en-acuerdo-disputa-entre-watts-y-colun\/","url":"https:\/\/www.mundoagropecuario.cl\/new\/tdlc-deja-en-acuerdo-disputa-entre-watts-y-colun\/","name":"TDLC deja en \u201cacuerdo\u201d disputa entre Watt's y Colun - Mundoagropecuario","isPartOf":{"@id":"https:\/\/www.mundoagropecuario.cl\/new\/#website"},"primaryImageOfPage":{"@id":"https:\/\/www.mundoagropecuario.cl\/new\/tdlc-deja-en-acuerdo-disputa-entre-watts-y-colun\/#primaryimage"},"image":{"@id":"https:\/\/www.mundoagropecuario.cl\/new\/tdlc-deja-en-acuerdo-disputa-entre-watts-y-colun\/#primaryimage"},"thumbnailUrl":"https:\/\/www.mundoagropecuario.cl\/new\/wp-content\/uploads\/2019\/01\/watts_colun.jpg","datePublished":"2019-07-08T15:30:05+00:00","dateModified":"2019-07-10T21:43:49+00:00","breadcrumb":{"@id":"https:\/\/www.mundoagropecuario.cl\/new\/tdlc-deja-en-acuerdo-disputa-entre-watts-y-colun\/#breadcrumb"},"inLanguage":"es","potentialAction":[{"@type":"ReadAction","target":["https:\/\/www.mundoagropecuario.cl\/new\/tdlc-deja-en-acuerdo-disputa-entre-watts-y-colun\/"]}]},{"@type":"ImageObject","inLanguage":"es","@id":"https:\/\/www.mundoagropecuario.cl\/new\/tdlc-deja-en-acuerdo-disputa-entre-watts-y-colun\/#primaryimage","url":"https:\/\/www.mundoagropecuario.cl\/new\/wp-content\/uploads\/2019\/01\/watts_colun.jpg","contentUrl":"https:\/\/www.mundoagropecuario.cl\/new\/wp-content\/uploads\/2019\/01\/watts_colun.jpg","width":720,"height":396},{"@type":"BreadcrumbList","@id":"https:\/\/www.mundoagropecuario.cl\/new\/tdlc-deja-en-acuerdo-disputa-entre-watts-y-colun\/#breadcrumb","itemListElement":[{"@type":"ListItem","position":1,"name":"Portada","item":"https:\/\/www.mundoagropecuario.cl\/new\/"},{"@type":"ListItem","position":2,"name":"TDLC deja en \u201cacuerdo\u201d disputa entre Watt&#8217;s y Colun"}]},{"@type":"WebSite","@id":"https:\/\/www.mundoagropecuario.cl\/new\/#website","url":"https:\/\/www.mundoagropecuario.cl\/new\/","name":"Mundoagropecuario","description":"Mundo Agropecuario","publisher":{"@id":"https:\/\/www.mundoagropecuario.cl\/new\/#organization"},"potentialAction":[{"@type":"SearchAction","target":{"@type":"EntryPoint","urlTemplate":"https:\/\/www.mundoagropecuario.cl\/new\/?s={search_term_string}"},"query-input":{"@type":"PropertyValueSpecification","valueRequired":true,"valueName":"search_term_string"}}],"inLanguage":"es"},{"@type":"Organization","@id":"https:\/\/www.mundoagropecuario.cl\/new\/#organization","name":"Revista de Agricultura","url":"https:\/\/www.mundoagropecuario.cl\/new\/","logo":{"@type":"ImageObject","inLanguage":"es","@id":"https:\/\/www.mundoagropecuario.cl\/new\/#\/schema\/logo\/image\/","url":"https:\/\/www.mundoagropecuario.cl\/new\/wp-content\/uploads\/2020\/11\/PORTAL-1-1.png","contentUrl":"https:\/\/www.mundoagropecuario.cl\/new\/wp-content\/uploads\/2020\/11\/PORTAL-1-1.png","width":1026,"height":100,"caption":"Revista de Agricultura"},"image":{"@id":"https:\/\/www.mundoagropecuario.cl\/new\/#\/schema\/logo\/image\/"},"sameAs":["https:\/\/www.facebook.com\/mundo.agropecuario.3","https:\/\/x.com\/MundoAgropecuar","https:\/\/www.linkedin.com\/in\/mundo-agropecuario-934009201\/"]},{"@type":"Person","@id":"https:\/\/www.mundoagropecuario.cl\/new\/#\/schema\/person\/0c221050801c74e45256a7a9a1ff0803","name":"periodista","url":"https:\/\/www.mundoagropecuario.cl\/new\/author\/periodista\/"}]}},"_links":{"self":[{"href":"https:\/\/www.mundoagropecuario.cl\/new\/wp-json\/wp\/v2\/posts\/12723","targetHints":{"allow":["GET"]}}],"collection":[{"href":"https:\/\/www.mundoagropecuario.cl\/new\/wp-json\/wp\/v2\/posts"}],"about":[{"href":"https:\/\/www.mundoagropecuario.cl\/new\/wp-json\/wp\/v2\/types\/post"}],"author":[{"embeddable":true,"href":"https:\/\/www.mundoagropecuario.cl\/new\/wp-json\/wp\/v2\/users\/3"}],"replies":[{"embeddable":true,"href":"https:\/\/www.mundoagropecuario.cl\/new\/wp-json\/wp\/v2\/comments?post=12723"}],"version-history":[{"count":1,"href":"https:\/\/www.mundoagropecuario.cl\/new\/wp-json\/wp\/v2\/posts\/12723\/revisions"}],"predecessor-version":[{"id":12724,"href":"https:\/\/www.mundoagropecuario.cl\/new\/wp-json\/wp\/v2\/posts\/12723\/revisions\/12724"}],"wp:featuredmedia":[{"embeddable":true,"href":"https:\/\/www.mundoagropecuario.cl\/new\/wp-json\/wp\/v2\/media\/10284"}],"wp:attachment":[{"href":"https:\/\/www.mundoagropecuario.cl\/new\/wp-json\/wp\/v2\/media?parent=12723"}],"wp:term":[{"taxonomy":"category","embeddable":true,"href":"https:\/\/www.mundoagropecuario.cl\/new\/wp-json\/wp\/v2\/categories?post=12723"},{"taxonomy":"post_tag","embeddable":true,"href":"https:\/\/www.mundoagropecuario.cl\/new\/wp-json\/wp\/v2\/tags?post=12723"}],"curies":[{"name":"wp","href":"https:\/\/api.w.org\/{rel}","templated":true}]}}