{"id":12629,"date":"2019-07-02T02:43:58","date_gmt":"2019-07-02T05:43:58","guid":{"rendered":"http:\/\/www.mundoagropecuario.cl\/new\/?p=12629"},"modified":"2019-07-04T11:09:35","modified_gmt":"2019-07-04T14:09:35","slug":"subrayan-la-contribucion-que-hace-la-agricultura-chilena-para-mitigar-el-cambio-climatico","status":"publish","type":"post","link":"https:\/\/www.mundoagropecuario.cl\/new\/subrayan-la-contribucion-que-hace-la-agricultura-chilena-para-mitigar-el-cambio-climatico\/","title":{"rendered":"Subrayan la contribuci\u00f3n que hace la agricultura chilena para mitigar el cambio clim\u00e1tico"},"content":{"rendered":"\n<ul class=\"wp-block-gallery columns-0 is-cropped wp-block-gallery-1 is-layout-flex wp-block-gallery-is-layout-flex\"><\/ul>\n\n\n\n<p><\/p>\n\n\n\n<p class=\"has-medium-font-size\"><em>En su paso por Valdivia, el Ministro de Agricultura particip\u00f3 en el XVII encuentro organizado por la Fundaci\u00f3n GTT, que reuni\u00f3 por tres d\u00edas a agricultores y profesionales del sector en la regi\u00f3n de Los R\u00edos (Mundo Agropecuario).<\/em><\/p>\n\n\n\n<p>Este a\u00f1o el nombre del seminario fue \u201cDesaf\u00edos del Cambio\nClim\u00e1tico para la Agricultura\u201d, donde se abordaron temas como la\nsustentabilidad, los desaf\u00edos del cambio clim\u00e1tico y el uso del agua, entre\notros, por destacados panelistas nacionales e internacionales.<\/p>\n\n\n\n<p>Para el Ministro de Agricultura, los Grupos de Transferencia\nTecnol\u00f3gica son \u201cuna de las formas de asociatividad m\u00e1s sencillas y efectivas\nque existen. El Ministerio de Agricultura tiene como eje principal la\nasociatividad y estamos creando m\u00e1s instrumentos para incrementar estos y otros\ngrupos asociativos, que han sido tan importantes para el desarrollo del sector\ny que seguro ser\u00e1n a\u00fan m\u00e1s en el futuro\u201d, concluy\u00f3.<\/p>\n\n\n\n<p>\u201cQueremos demostrarle al mundo que s\u00ed se puede producir y\ns\u00ed, tambi\u00e9n, podemos conservar un planeta que necesita ser cuidado\u201d, destac\u00f3\nWalker. <\/p>\n\n\n\n<p>En este sentido, la cartera de Agricultura triplic\u00f3 el\npresupuesto para los GTT\u00b4s este 2019, alcanzando los $440 millones. \u201cEstamos\norgullosos del importante aumento de la demanda para formaci\u00f3n de grupos que\nhemos tenido en todas las regiones del pa\u00eds. Esperamos este a\u00f1o llegar a tener\nm\u00e1s de 100 grupos funcionando y para el 2020 queremos seguir aumentando el\npresupuesto para seguir fortaleciendo uno de los ejes m\u00e1s importantes de este\nMinisterio, la Asociatividad, y as\u00ed m\u00e1s agricultores se vean beneficiados\ngracias a este instrumento asociativo\u201d, afirm\u00f3 el Ministro Walker.<\/p>\n","protected":false},"excerpt":{"rendered":"<p>En su paso por Valdivia, el Ministro de Agricultura particip\u00f3 en el XVII encuentro organizado por la Fundaci\u00f3n GTT, que reuni\u00f3 por tres d\u00edas a agricultores y profesionales del sector&#8230;<\/p>\n","protected":false},"author":3,"featured_media":12630,"comment_status":"closed","ping_status":"closed","sticky":false,"template":"","format":"standard","meta":{"footnotes":""},"categories":[1945],"tags":[542,3816,2448],"class_list":["post-12629","post","type-post","status-publish","format-standard","has-post-thumbnail","hentry","category-agricultura","tag-cambio-climatico","tag-gtt-valdivia","tag-ministro-walker"],"yoast_head":"<!-- This site is optimized with the Yoast SEO plugin v26.6 - https:\/\/yoast.com\/wordpress\/plugins\/seo\/ -->\n<title>Subrayan la contribuci\u00f3n que hace la agricultura chilena para mitigar el cambio clim\u00e1tico - Mundoagropecuario<\/title>\n<meta name=\"robots\" content=\"index, follow, max-snippet:-1, max-image-preview:large, max-video-preview:-1\" \/>\n<link rel=\"canonical\" href=\"https:\/\/www.mundoagropecuario.cl\/new\/subrayan-la-contribucion-que-hace-la-agricultura-chilena-para-mitigar-el-cambio-climatico\/\" \/>\n<meta property=\"og:locale\" content=\"es_ES\" \/>\n<meta property=\"og:type\" content=\"article\" \/>\n<meta property=\"og:title\" content=\"Subrayan la contribuci\u00f3n que hace la agricultura chilena para mitigar el cambio clim\u00e1tico - Mundoagropecuario\" \/>\n<meta property=\"og:description\" content=\"En su paso por Valdivia, el Ministro de Agricultura particip\u00f3 en el XVII encuentro organizado por la Fundaci\u00f3n GTT, que reuni\u00f3 por tres d\u00edas a agricultores y profesionales del sector...\" \/>\n<meta property=\"og:url\" content=\"https:\/\/www.mundoagropecuario.cl\/new\/subrayan-la-contribucion-que-hace-la-agricultura-chilena-para-mitigar-el-cambio-climatico\/\" \/>\n<meta property=\"og:site_name\" content=\"Mundoagropecuario\" \/>\n<meta property=\"article:publisher\" content=\"https:\/\/www.facebook.com\/mundo.agropecuario.3\" \/>\n<meta property=\"article:published_time\" content=\"2019-07-02T05:43:58+00:00\" \/>\n<meta property=\"article:modified_time\" content=\"2019-07-04T14:09:35+00:00\" \/>\n<meta property=\"og:image\" content=\"https:\/\/www.mundoagropecuario.cl\/new\/wp-content\/uploads\/2019\/07\/GTT_Valdivia.jpg\" \/>\n\t<meta property=\"og:image:width\" content=\"994\" \/>\n\t<meta property=\"og:image:height\" content=\"664\" \/>\n\t<meta property=\"og:image:type\" content=\"image\/jpeg\" \/>\n<meta name=\"author\" content=\"periodista\" \/>\n<meta name=\"twitter:card\" content=\"summary_large_image\" \/>\n<meta name=\"twitter:creator\" content=\"@MundoAgropecuar\" \/>\n<meta name=\"twitter:site\" content=\"@MundoAgropecuar\" \/>\n<meta name=\"twitter:label1\" content=\"Escrito por\" \/>\n\t<meta name=\"twitter:data1\" content=\"periodista\" \/>\n\t<meta name=\"twitter:label2\" content=\"Tiempo de lectura\" \/>\n\t<meta name=\"twitter:data2\" content=\"1 minuto\" \/>\n<script type=\"application\/ld+json\" class=\"yoast-schema-graph\">{\"@context\":\"https:\/\/schema.org\",\"@graph\":[{\"@type\":\"Article\",\"@id\":\"https:\/\/www.mundoagropecuario.cl\/new\/subrayan-la-contribucion-que-hace-la-agricultura-chilena-para-mitigar-el-cambio-climatico\/#article\",\"isPartOf\":{\"@id\":\"https:\/\/www.mundoagropecuario.cl\/new\/subrayan-la-contribucion-que-hace-la-agricultura-chilena-para-mitigar-el-cambio-climatico\/\"},\"author\":{\"name\":\"periodista\",\"@id\":\"https:\/\/www.mundoagropecuario.cl\/new\/#\/schema\/person\/0c221050801c74e45256a7a9a1ff0803\"},\"headline\":\"Subrayan la contribuci\u00f3n que hace la agricultura chilena para mitigar el cambio clim\u00e1tico\",\"datePublished\":\"2019-07-02T05:43:58+00:00\",\"dateModified\":\"2019-07-04T14:09:35+00:00\",\"mainEntityOfPage\":{\"@id\":\"https:\/\/www.mundoagropecuario.cl\/new\/subrayan-la-contribucion-que-hace-la-agricultura-chilena-para-mitigar-el-cambio-climatico\/\"},\"wordCount\":288,\"publisher\":{\"@id\":\"https:\/\/www.mundoagropecuario.cl\/new\/#organization\"},\"image\":{\"@id\":\"https:\/\/www.mundoagropecuario.cl\/new\/subrayan-la-contribucion-que-hace-la-agricultura-chilena-para-mitigar-el-cambio-climatico\/#primaryimage\"},\"thumbnailUrl\":\"https:\/\/www.mundoagropecuario.cl\/new\/wp-content\/uploads\/2019\/07\/GTT_Valdivia.jpg\",\"keywords\":[\"Cambio clim\u00e1tico\",\"GTT Valdivia\",\"Ministro Walker\"],\"articleSection\":[\"Agricultura\"],\"inLanguage\":\"es\"},{\"@type\":\"WebPage\",\"@id\":\"https:\/\/www.mundoagropecuario.cl\/new\/subrayan-la-contribucion-que-hace-la-agricultura-chilena-para-mitigar-el-cambio-climatico\/\",\"url\":\"https:\/\/www.mundoagropecuario.cl\/new\/subrayan-la-contribucion-que-hace-la-agricultura-chilena-para-mitigar-el-cambio-climatico\/\",\"name\":\"Subrayan la contribuci\u00f3n que hace la agricultura chilena para mitigar el cambio clim\u00e1tico - Mundoagropecuario\",\"isPartOf\":{\"@id\":\"https:\/\/www.mundoagropecuario.cl\/new\/#website\"},\"primaryImageOfPage\":{\"@id\":\"https:\/\/www.mundoagropecuario.cl\/new\/subrayan-la-contribucion-que-hace-la-agricultura-chilena-para-mitigar-el-cambio-climatico\/#primaryimage\"},\"image\":{\"@id\":\"https:\/\/www.mundoagropecuario.cl\/new\/subrayan-la-contribucion-que-hace-la-agricultura-chilena-para-mitigar-el-cambio-climatico\/#primaryimage\"},\"thumbnailUrl\":\"https:\/\/www.mundoagropecuario.cl\/new\/wp-content\/uploads\/2019\/07\/GTT_Valdivia.jpg\",\"datePublished\":\"2019-07-02T05:43:58+00:00\",\"dateModified\":\"2019-07-04T14:09:35+00:00\",\"breadcrumb\":{\"@id\":\"https:\/\/www.mundoagropecuario.cl\/new\/subrayan-la-contribucion-que-hace-la-agricultura-chilena-para-mitigar-el-cambio-climatico\/#breadcrumb\"},\"inLanguage\":\"es\",\"potentialAction\":[{\"@type\":\"ReadAction\",\"target\":[\"https:\/\/www.mundoagropecuario.cl\/new\/subrayan-la-contribucion-que-hace-la-agricultura-chilena-para-mitigar-el-cambio-climatico\/\"]}]},{\"@type\":\"ImageObject\",\"inLanguage\":\"es\",\"@id\":\"https:\/\/www.mundoagropecuario.cl\/new\/subrayan-la-contribucion-que-hace-la-agricultura-chilena-para-mitigar-el-cambio-climatico\/#primaryimage\",\"url\":\"https:\/\/www.mundoagropecuario.cl\/new\/wp-content\/uploads\/2019\/07\/GTT_Valdivia.jpg\",\"contentUrl\":\"https:\/\/www.mundoagropecuario.cl\/new\/wp-content\/uploads\/2019\/07\/GTT_Valdivia.jpg\",\"width\":599,\"height\":400},{\"@type\":\"BreadcrumbList\",\"@id\":\"https:\/\/www.mundoagropecuario.cl\/new\/subrayan-la-contribucion-que-hace-la-agricultura-chilena-para-mitigar-el-cambio-climatico\/#breadcrumb\",\"itemListElement\":[{\"@type\":\"ListItem\",\"position\":1,\"name\":\"Portada\",\"item\":\"https:\/\/www.mundoagropecuario.cl\/new\/\"},{\"@type\":\"ListItem\",\"position\":2,\"name\":\"Subrayan la contribuci\u00f3n que hace la agricultura chilena para mitigar el cambio clim\u00e1tico\"}]},{\"@type\":\"WebSite\",\"@id\":\"https:\/\/www.mundoagropecuario.cl\/new\/#website\",\"url\":\"https:\/\/www.mundoagropecuario.cl\/new\/\",\"name\":\"Mundoagropecuario\",\"description\":\"Mundo Agropecuario\",\"publisher\":{\"@id\":\"https:\/\/www.mundoagropecuario.cl\/new\/#organization\"},\"potentialAction\":[{\"@type\":\"SearchAction\",\"target\":{\"@type\":\"EntryPoint\",\"urlTemplate\":\"https:\/\/www.mundoagropecuario.cl\/new\/?s={search_term_string}\"},\"query-input\":{\"@type\":\"PropertyValueSpecification\",\"valueRequired\":true,\"valueName\":\"search_term_string\"}}],\"inLanguage\":\"es\"},{\"@type\":\"Organization\",\"@id\":\"https:\/\/www.mundoagropecuario.cl\/new\/#organization\",\"name\":\"Revista de Agricultura\",\"url\":\"https:\/\/www.mundoagropecuario.cl\/new\/\",\"logo\":{\"@type\":\"ImageObject\",\"inLanguage\":\"es\",\"@id\":\"https:\/\/www.mundoagropecuario.cl\/new\/#\/schema\/logo\/image\/\",\"url\":\"https:\/\/www.mundoagropecuario.cl\/new\/wp-content\/uploads\/2020\/11\/PORTAL-1-1.png\",\"contentUrl\":\"https:\/\/www.mundoagropecuario.cl\/new\/wp-content\/uploads\/2020\/11\/PORTAL-1-1.png\",\"width\":1026,\"height\":100,\"caption\":\"Revista de Agricultura\"},\"image\":{\"@id\":\"https:\/\/www.mundoagropecuario.cl\/new\/#\/schema\/logo\/image\/\"},\"sameAs\":[\"https:\/\/www.facebook.com\/mundo.agropecuario.3\",\"https:\/\/x.com\/MundoAgropecuar\",\"https:\/\/www.linkedin.com\/in\/mundo-agropecuario-934009201\/\"]},{\"@type\":\"Person\",\"@id\":\"https:\/\/www.mundoagropecuario.cl\/new\/#\/schema\/person\/0c221050801c74e45256a7a9a1ff0803\",\"name\":\"periodista\",\"url\":\"https:\/\/www.mundoagropecuario.cl\/new\/author\/periodista\/\"}]}<\/script>\n<!-- \/ Yoast SEO plugin. -->","yoast_head_json":{"title":"Subrayan la contribuci\u00f3n que hace la agricultura chilena para mitigar el cambio clim\u00e1tico - Mundoagropecuario","robots":{"index":"index","follow":"follow","max-snippet":"max-snippet:-1","max-image-preview":"max-image-preview:large","max-video-preview":"max-video-preview:-1"},"canonical":"https:\/\/www.mundoagropecuario.cl\/new\/subrayan-la-contribucion-que-hace-la-agricultura-chilena-para-mitigar-el-cambio-climatico\/","og_locale":"es_ES","og_type":"article","og_title":"Subrayan la contribuci\u00f3n que hace la agricultura chilena para mitigar el cambio clim\u00e1tico - Mundoagropecuario","og_description":"En su paso por Valdivia, el Ministro de Agricultura particip\u00f3 en el XVII encuentro organizado por la Fundaci\u00f3n GTT, que reuni\u00f3 por tres d\u00edas a agricultores y profesionales del sector...","og_url":"https:\/\/www.mundoagropecuario.cl\/new\/subrayan-la-contribucion-que-hace-la-agricultura-chilena-para-mitigar-el-cambio-climatico\/","og_site_name":"Mundoagropecuario","article_publisher":"https:\/\/www.facebook.com\/mundo.agropecuario.3","article_published_time":"2019-07-02T05:43:58+00:00","article_modified_time":"2019-07-04T14:09:35+00:00","og_image":[{"width":994,"height":664,"url":"https:\/\/www.mundoagropecuario.cl\/new\/wp-content\/uploads\/2019\/07\/GTT_Valdivia.jpg","type":"image\/jpeg"}],"author":"periodista","twitter_card":"summary_large_image","twitter_creator":"@MundoAgropecuar","twitter_site":"@MundoAgropecuar","twitter_misc":{"Escrito por":"periodista","Tiempo de lectura":"1 minuto"},"schema":{"@context":"https:\/\/schema.org","@graph":[{"@type":"Article","@id":"https:\/\/www.mundoagropecuario.cl\/new\/subrayan-la-contribucion-que-hace-la-agricultura-chilena-para-mitigar-el-cambio-climatico\/#article","isPartOf":{"@id":"https:\/\/www.mundoagropecuario.cl\/new\/subrayan-la-contribucion-que-hace-la-agricultura-chilena-para-mitigar-el-cambio-climatico\/"},"author":{"name":"periodista","@id":"https:\/\/www.mundoagropecuario.cl\/new\/#\/schema\/person\/0c221050801c74e45256a7a9a1ff0803"},"headline":"Subrayan la contribuci\u00f3n que hace la agricultura chilena para mitigar el cambio clim\u00e1tico","datePublished":"2019-07-02T05:43:58+00:00","dateModified":"2019-07-04T14:09:35+00:00","mainEntityOfPage":{"@id":"https:\/\/www.mundoagropecuario.cl\/new\/subrayan-la-contribucion-que-hace-la-agricultura-chilena-para-mitigar-el-cambio-climatico\/"},"wordCount":288,"publisher":{"@id":"https:\/\/www.mundoagropecuario.cl\/new\/#organization"},"image":{"@id":"https:\/\/www.mundoagropecuario.cl\/new\/subrayan-la-contribucion-que-hace-la-agricultura-chilena-para-mitigar-el-cambio-climatico\/#primaryimage"},"thumbnailUrl":"https:\/\/www.mundoagropecuario.cl\/new\/wp-content\/uploads\/2019\/07\/GTT_Valdivia.jpg","keywords":["Cambio clim\u00e1tico","GTT Valdivia","Ministro Walker"],"articleSection":["Agricultura"],"inLanguage":"es"},{"@type":"WebPage","@id":"https:\/\/www.mundoagropecuario.cl\/new\/subrayan-la-contribucion-que-hace-la-agricultura-chilena-para-mitigar-el-cambio-climatico\/","url":"https:\/\/www.mundoagropecuario.cl\/new\/subrayan-la-contribucion-que-hace-la-agricultura-chilena-para-mitigar-el-cambio-climatico\/","name":"Subrayan la contribuci\u00f3n que hace la agricultura chilena para mitigar el cambio clim\u00e1tico - Mundoagropecuario","isPartOf":{"@id":"https:\/\/www.mundoagropecuario.cl\/new\/#website"},"primaryImageOfPage":{"@id":"https:\/\/www.mundoagropecuario.cl\/new\/subrayan-la-contribucion-que-hace-la-agricultura-chilena-para-mitigar-el-cambio-climatico\/#primaryimage"},"image":{"@id":"https:\/\/www.mundoagropecuario.cl\/new\/subrayan-la-contribucion-que-hace-la-agricultura-chilena-para-mitigar-el-cambio-climatico\/#primaryimage"},"thumbnailUrl":"https:\/\/www.mundoagropecuario.cl\/new\/wp-content\/uploads\/2019\/07\/GTT_Valdivia.jpg","datePublished":"2019-07-02T05:43:58+00:00","dateModified":"2019-07-04T14:09:35+00:00","breadcrumb":{"@id":"https:\/\/www.mundoagropecuario.cl\/new\/subrayan-la-contribucion-que-hace-la-agricultura-chilena-para-mitigar-el-cambio-climatico\/#breadcrumb"},"inLanguage":"es","potentialAction":[{"@type":"ReadAction","target":["https:\/\/www.mundoagropecuario.cl\/new\/subrayan-la-contribucion-que-hace-la-agricultura-chilena-para-mitigar-el-cambio-climatico\/"]}]},{"@type":"ImageObject","inLanguage":"es","@id":"https:\/\/www.mundoagropecuario.cl\/new\/subrayan-la-contribucion-que-hace-la-agricultura-chilena-para-mitigar-el-cambio-climatico\/#primaryimage","url":"https:\/\/www.mundoagropecuario.cl\/new\/wp-content\/uploads\/2019\/07\/GTT_Valdivia.jpg","contentUrl":"https:\/\/www.mundoagropecuario.cl\/new\/wp-content\/uploads\/2019\/07\/GTT_Valdivia.jpg","width":599,"height":400},{"@type":"BreadcrumbList","@id":"https:\/\/www.mundoagropecuario.cl\/new\/subrayan-la-contribucion-que-hace-la-agricultura-chilena-para-mitigar-el-cambio-climatico\/#breadcrumb","itemListElement":[{"@type":"ListItem","position":1,"name":"Portada","item":"https:\/\/www.mundoagropecuario.cl\/new\/"},{"@type":"ListItem","position":2,"name":"Subrayan la contribuci\u00f3n que hace la agricultura chilena para mitigar el cambio clim\u00e1tico"}]},{"@type":"WebSite","@id":"https:\/\/www.mundoagropecuario.cl\/new\/#website","url":"https:\/\/www.mundoagropecuario.cl\/new\/","name":"Mundoagropecuario","description":"Mundo Agropecuario","publisher":{"@id":"https:\/\/www.mundoagropecuario.cl\/new\/#organization"},"potentialAction":[{"@type":"SearchAction","target":{"@type":"EntryPoint","urlTemplate":"https:\/\/www.mundoagropecuario.cl\/new\/?s={search_term_string}"},"query-input":{"@type":"PropertyValueSpecification","valueRequired":true,"valueName":"search_term_string"}}],"inLanguage":"es"},{"@type":"Organization","@id":"https:\/\/www.mundoagropecuario.cl\/new\/#organization","name":"Revista de Agricultura","url":"https:\/\/www.mundoagropecuario.cl\/new\/","logo":{"@type":"ImageObject","inLanguage":"es","@id":"https:\/\/www.mundoagropecuario.cl\/new\/#\/schema\/logo\/image\/","url":"https:\/\/www.mundoagropecuario.cl\/new\/wp-content\/uploads\/2020\/11\/PORTAL-1-1.png","contentUrl":"https:\/\/www.mundoagropecuario.cl\/new\/wp-content\/uploads\/2020\/11\/PORTAL-1-1.png","width":1026,"height":100,"caption":"Revista de Agricultura"},"image":{"@id":"https:\/\/www.mundoagropecuario.cl\/new\/#\/schema\/logo\/image\/"},"sameAs":["https:\/\/www.facebook.com\/mundo.agropecuario.3","https:\/\/x.com\/MundoAgropecuar","https:\/\/www.linkedin.com\/in\/mundo-agropecuario-934009201\/"]},{"@type":"Person","@id":"https:\/\/www.mundoagropecuario.cl\/new\/#\/schema\/person\/0c221050801c74e45256a7a9a1ff0803","name":"periodista","url":"https:\/\/www.mundoagropecuario.cl\/new\/author\/periodista\/"}]}},"_links":{"self":[{"href":"https:\/\/www.mundoagropecuario.cl\/new\/wp-json\/wp\/v2\/posts\/12629","targetHints":{"allow":["GET"]}}],"collection":[{"href":"https:\/\/www.mundoagropecuario.cl\/new\/wp-json\/wp\/v2\/posts"}],"about":[{"href":"https:\/\/www.mundoagropecuario.cl\/new\/wp-json\/wp\/v2\/types\/post"}],"author":[{"embeddable":true,"href":"https:\/\/www.mundoagropecuario.cl\/new\/wp-json\/wp\/v2\/users\/3"}],"replies":[{"embeddable":true,"href":"https:\/\/www.mundoagropecuario.cl\/new\/wp-json\/wp\/v2\/comments?post=12629"}],"version-history":[{"count":1,"href":"https:\/\/www.mundoagropecuario.cl\/new\/wp-json\/wp\/v2\/posts\/12629\/revisions"}],"predecessor-version":[{"id":12631,"href":"https:\/\/www.mundoagropecuario.cl\/new\/wp-json\/wp\/v2\/posts\/12629\/revisions\/12631"}],"wp:featuredmedia":[{"embeddable":true,"href":"https:\/\/www.mundoagropecuario.cl\/new\/wp-json\/wp\/v2\/media\/12630"}],"wp:attachment":[{"href":"https:\/\/www.mundoagropecuario.cl\/new\/wp-json\/wp\/v2\/media?parent=12629"}],"wp:term":[{"taxonomy":"category","embeddable":true,"href":"https:\/\/www.mundoagropecuario.cl\/new\/wp-json\/wp\/v2\/categories?post=12629"},{"taxonomy":"post_tag","embeddable":true,"href":"https:\/\/www.mundoagropecuario.cl\/new\/wp-json\/wp\/v2\/tags?post=12629"}],"curies":[{"name":"wp","href":"https:\/\/api.w.org\/{rel}","templated":true}]}}