{"id":12623,"date":"2019-07-02T02:37:52","date_gmt":"2019-07-02T05:37:52","guid":{"rendered":"http:\/\/www.mundoagropecuario.cl\/new\/?p=12623"},"modified":"2019-07-02T02:37:54","modified_gmt":"2019-07-02T05:37:54","slug":"agricultores-de-chol-chol-y-carahue-se-reunen-en-torno-a-la-murtilla","status":"publish","type":"post","link":"https:\/\/www.mundoagropecuario.cl\/new\/agricultores-de-chol-chol-y-carahue-se-reunen-en-torno-a-la-murtilla\/","title":{"rendered":"Agricultores de Chol Chol y Carahue se re\u00fanen en torno a la murtilla"},"content":{"rendered":"\n<ul class=\"wp-block-gallery columns-0 is-cropped wp-block-gallery-1 is-layout-flex wp-block-gallery-is-layout-flex\"><\/ul>\n\n\n\n<p><\/p>\n\n\n\n<p class=\"has-medium-font-size\"><em>Programa pretende generar una alternativa econ\u00f3mica competitiva para la Agricultura Familiar, basada en la producci\u00f3n y comercializaci\u00f3n asociativa de murtilla (Mundo Agropecuario).<\/em><\/p>\n\n\n\n<p>En la comuna de Cholchol se present\u00f3 el Programa GORE-INIA\n\u201cGeneraci\u00f3n de una alternativa econ\u00f3mica competitiva para la Agricultura\nFamiliar basada en la producci\u00f3n y comercializaci\u00f3n asociativa de murtilla\u201d,\nimportante iniciativa que permitir\u00e1 al Centro Regional de Investigaci\u00f3n INIA\nCarillanca trabajar junto a peque\u00f1os agricultores de esa comuna, adem\u00e1s de\nCarahue, Freire y Collipulli. Los recursos fueron asignados por el Gobierno\nRegional de La Araucan\u00eda y el compromiso de sus consejeros, quienes apoyan la\nproducci\u00f3n de este berry nativo de importancia para la peque\u00f1a agricultura y\nuna apuesta del Plan Impulso en el \u00e1mbito frut\u00edcola de la regi\u00f3n.<\/p>\n\n\n\n<p>Una valiosa posibilidad que tienen las comunas de\nincursionar en un cultivo rentable, que sin duda permitir\u00e1 a los peque\u00f1os\nagricultores producir y mejorar sus sistemas productivos. As\u00ed lo expresaron,\nGabriela Rubilar Dideco de Cholchol y Gonzalo Medina UDEL de Carahue, quienes\nparticiparon en esta ceremonia junto a los agricultores de sus respectivas\ncomunas.<\/p>\n\n\n\n<p>El programa pretende generar una alternativa econ\u00f3mica\ncompetitiva para la Agricultura Familiar, basada en la producci\u00f3n y\ncomercializaci\u00f3n asociativa de murtilla. En tal sentido, se transferir\u00e1n\ncompetencias a peque\u00f1os productores de La Araucan\u00eda con la experiencia que INIA\ntiene en este cultivo. Para lograr el objetivo, el programa se enfoca en la\ncapacitaci\u00f3n de peque\u00f1os productores desde el manejo agron\u00f3mico hasta el\nestablecimiento de post cosecha, potenciando la asociatividad con fines de comercializaci\u00f3n\nde la murtilla.<\/p>\n\n\n\n<p>INIA Carillanca es la entidad capacitadora, ya que el\ntrabajo realizado por m\u00e1s de dos d\u00e9cadas con este berry nativo mediante la\ndomesticaci\u00f3n y generaci\u00f3n de dos variedades: Red Pearl-INIA y South\nPearl-INIA, ambas inscritas en el Registro de Variedades Protegidas del SAG,\npermitir\u00e1n orientar a los agricultores en manejo agron\u00f3mico del cultivo en el\n\u00e1mbito frut\u00edcola. M\u00e1s a\u00fan cuando hoy existe un creciente inter\u00e9s del sector productivo;\nagricultores, exportadores, agroindustriales, entre otros por las\ncaracter\u00edsticas y atributos funcionales del fruto.<\/p>\n\n\n\n<p>El equipo de INIA est\u00e1 compuesto por las profesionales Paola\nSandoval y Lorena D\u00edaz, adem\u00e1s de los investigadores del centro que aportar\u00e1n\nsus conocimientos en distintos temas. Adem\u00e1s, se cuenta con el vital apoyo de\nprofesionales y t\u00e9cnicos de los municipios beneficiados con el programa.<\/p>\n","protected":false},"excerpt":{"rendered":"<p>Programa pretende generar una alternativa econ\u00f3mica competitiva para la Agricultura Familiar, basada en la producci\u00f3n y comercializaci\u00f3n asociativa de murtilla (Mundo Agropecuario). En la comuna de Cholchol se present\u00f3 el&#8230;<\/p>\n","protected":false},"author":3,"featured_media":12624,"comment_status":"closed","ping_status":"closed","sticky":false,"template":"","format":"standard","meta":{"footnotes":""},"categories":[1986],"tags":[154,3815,3814,2404,2123],"class_list":["post-12623","post","type-post","status-publish","format-standard","has-post-thumbnail","hentry","category-frutas","tag-araucania","tag-carahue","tag-chol-chol","tag-inia-carillanca","tag-murtilla"],"yoast_head":"<!-- This site is optimized with the Yoast SEO plugin v26.6 - https:\/\/yoast.com\/wordpress\/plugins\/seo\/ -->\n<title>Agricultores de Chol Chol y Carahue se re\u00fanen en torno a la murtilla - Mundoagropecuario<\/title>\n<meta name=\"robots\" content=\"index, follow, max-snippet:-1, max-image-preview:large, max-video-preview:-1\" \/>\n<link rel=\"canonical\" href=\"https:\/\/www.mundoagropecuario.cl\/new\/agricultores-de-chol-chol-y-carahue-se-reunen-en-torno-a-la-murtilla\/\" \/>\n<meta property=\"og:locale\" content=\"es_ES\" \/>\n<meta property=\"og:type\" content=\"article\" \/>\n<meta property=\"og:title\" content=\"Agricultores de Chol Chol y Carahue se re\u00fanen en torno a la murtilla - Mundoagropecuario\" \/>\n<meta property=\"og:description\" content=\"Programa pretende generar una alternativa econ\u00f3mica competitiva para la Agricultura Familiar, basada en la producci\u00f3n y comercializaci\u00f3n asociativa de murtilla (Mundo Agropecuario). En la comuna de Cholchol se present\u00f3 el...\" \/>\n<meta property=\"og:url\" content=\"https:\/\/www.mundoagropecuario.cl\/new\/agricultores-de-chol-chol-y-carahue-se-reunen-en-torno-a-la-murtilla\/\" \/>\n<meta property=\"og:site_name\" content=\"Mundoagropecuario\" \/>\n<meta property=\"article:publisher\" content=\"https:\/\/www.facebook.com\/mundo.agropecuario.3\" \/>\n<meta property=\"article:published_time\" content=\"2019-07-02T05:37:52+00:00\" \/>\n<meta property=\"article:modified_time\" content=\"2019-07-02T05:37:54+00:00\" \/>\n<meta property=\"og:image\" content=\"https:\/\/www.mundoagropecuario.cl\/new\/wp-content\/uploads\/2019\/07\/murtilla-chol-chol.jpg\" \/>\n\t<meta property=\"og:image:width\" content=\"800\" \/>\n\t<meta property=\"og:image:height\" content=\"600\" \/>\n\t<meta property=\"og:image:type\" content=\"image\/jpeg\" \/>\n<meta name=\"author\" content=\"periodista\" \/>\n<meta name=\"twitter:card\" content=\"summary_large_image\" \/>\n<meta name=\"twitter:creator\" content=\"@MundoAgropecuar\" \/>\n<meta name=\"twitter:site\" content=\"@MundoAgropecuar\" \/>\n<meta name=\"twitter:label1\" content=\"Escrito por\" \/>\n\t<meta name=\"twitter:data1\" content=\"periodista\" \/>\n\t<meta name=\"twitter:label2\" content=\"Tiempo de lectura\" \/>\n\t<meta name=\"twitter:data2\" content=\"2 minutos\" \/>\n<script type=\"application\/ld+json\" class=\"yoast-schema-graph\">{\"@context\":\"https:\/\/schema.org\",\"@graph\":[{\"@type\":\"Article\",\"@id\":\"https:\/\/www.mundoagropecuario.cl\/new\/agricultores-de-chol-chol-y-carahue-se-reunen-en-torno-a-la-murtilla\/#article\",\"isPartOf\":{\"@id\":\"https:\/\/www.mundoagropecuario.cl\/new\/agricultores-de-chol-chol-y-carahue-se-reunen-en-torno-a-la-murtilla\/\"},\"author\":{\"name\":\"periodista\",\"@id\":\"https:\/\/www.mundoagropecuario.cl\/new\/#\/schema\/person\/0c221050801c74e45256a7a9a1ff0803\"},\"headline\":\"Agricultores de Chol Chol y Carahue se re\u00fanen en torno a la murtilla\",\"datePublished\":\"2019-07-02T05:37:52+00:00\",\"dateModified\":\"2019-07-02T05:37:54+00:00\",\"mainEntityOfPage\":{\"@id\":\"https:\/\/www.mundoagropecuario.cl\/new\/agricultores-de-chol-chol-y-carahue-se-reunen-en-torno-a-la-murtilla\/\"},\"wordCount\":432,\"publisher\":{\"@id\":\"https:\/\/www.mundoagropecuario.cl\/new\/#organization\"},\"image\":{\"@id\":\"https:\/\/www.mundoagropecuario.cl\/new\/agricultores-de-chol-chol-y-carahue-se-reunen-en-torno-a-la-murtilla\/#primaryimage\"},\"thumbnailUrl\":\"https:\/\/www.mundoagropecuario.cl\/new\/wp-content\/uploads\/2019\/07\/murtilla-chol-chol.jpg\",\"keywords\":[\"araucan\u00eda\",\"Carahue\",\"Chol Chol\",\"INIA Carillanca\",\"murtilla\"],\"articleSection\":[\"Frutas\"],\"inLanguage\":\"es\"},{\"@type\":\"WebPage\",\"@id\":\"https:\/\/www.mundoagropecuario.cl\/new\/agricultores-de-chol-chol-y-carahue-se-reunen-en-torno-a-la-murtilla\/\",\"url\":\"https:\/\/www.mundoagropecuario.cl\/new\/agricultores-de-chol-chol-y-carahue-se-reunen-en-torno-a-la-murtilla\/\",\"name\":\"Agricultores de Chol Chol y Carahue se re\u00fanen en torno a la murtilla - Mundoagropecuario\",\"isPartOf\":{\"@id\":\"https:\/\/www.mundoagropecuario.cl\/new\/#website\"},\"primaryImageOfPage\":{\"@id\":\"https:\/\/www.mundoagropecuario.cl\/new\/agricultores-de-chol-chol-y-carahue-se-reunen-en-torno-a-la-murtilla\/#primaryimage\"},\"image\":{\"@id\":\"https:\/\/www.mundoagropecuario.cl\/new\/agricultores-de-chol-chol-y-carahue-se-reunen-en-torno-a-la-murtilla\/#primaryimage\"},\"thumbnailUrl\":\"https:\/\/www.mundoagropecuario.cl\/new\/wp-content\/uploads\/2019\/07\/murtilla-chol-chol.jpg\",\"datePublished\":\"2019-07-02T05:37:52+00:00\",\"dateModified\":\"2019-07-02T05:37:54+00:00\",\"breadcrumb\":{\"@id\":\"https:\/\/www.mundoagropecuario.cl\/new\/agricultores-de-chol-chol-y-carahue-se-reunen-en-torno-a-la-murtilla\/#breadcrumb\"},\"inLanguage\":\"es\",\"potentialAction\":[{\"@type\":\"ReadAction\",\"target\":[\"https:\/\/www.mundoagropecuario.cl\/new\/agricultores-de-chol-chol-y-carahue-se-reunen-en-torno-a-la-murtilla\/\"]}]},{\"@type\":\"ImageObject\",\"inLanguage\":\"es\",\"@id\":\"https:\/\/www.mundoagropecuario.cl\/new\/agricultores-de-chol-chol-y-carahue-se-reunen-en-torno-a-la-murtilla\/#primaryimage\",\"url\":\"https:\/\/www.mundoagropecuario.cl\/new\/wp-content\/uploads\/2019\/07\/murtilla-chol-chol.jpg\",\"contentUrl\":\"https:\/\/www.mundoagropecuario.cl\/new\/wp-content\/uploads\/2019\/07\/murtilla-chol-chol.jpg\",\"width\":533,\"height\":400},{\"@type\":\"BreadcrumbList\",\"@id\":\"https:\/\/www.mundoagropecuario.cl\/new\/agricultores-de-chol-chol-y-carahue-se-reunen-en-torno-a-la-murtilla\/#breadcrumb\",\"itemListElement\":[{\"@type\":\"ListItem\",\"position\":1,\"name\":\"Portada\",\"item\":\"https:\/\/www.mundoagropecuario.cl\/new\/\"},{\"@type\":\"ListItem\",\"position\":2,\"name\":\"Agricultores de Chol Chol y Carahue se re\u00fanen en torno a la murtilla\"}]},{\"@type\":\"WebSite\",\"@id\":\"https:\/\/www.mundoagropecuario.cl\/new\/#website\",\"url\":\"https:\/\/www.mundoagropecuario.cl\/new\/\",\"name\":\"Mundoagropecuario\",\"description\":\"Mundo Agropecuario\",\"publisher\":{\"@id\":\"https:\/\/www.mundoagropecuario.cl\/new\/#organization\"},\"potentialAction\":[{\"@type\":\"SearchAction\",\"target\":{\"@type\":\"EntryPoint\",\"urlTemplate\":\"https:\/\/www.mundoagropecuario.cl\/new\/?s={search_term_string}\"},\"query-input\":{\"@type\":\"PropertyValueSpecification\",\"valueRequired\":true,\"valueName\":\"search_term_string\"}}],\"inLanguage\":\"es\"},{\"@type\":\"Organization\",\"@id\":\"https:\/\/www.mundoagropecuario.cl\/new\/#organization\",\"name\":\"Revista de Agricultura\",\"url\":\"https:\/\/www.mundoagropecuario.cl\/new\/\",\"logo\":{\"@type\":\"ImageObject\",\"inLanguage\":\"es\",\"@id\":\"https:\/\/www.mundoagropecuario.cl\/new\/#\/schema\/logo\/image\/\",\"url\":\"https:\/\/www.mundoagropecuario.cl\/new\/wp-content\/uploads\/2020\/11\/PORTAL-1-1.png\",\"contentUrl\":\"https:\/\/www.mundoagropecuario.cl\/new\/wp-content\/uploads\/2020\/11\/PORTAL-1-1.png\",\"width\":1026,\"height\":100,\"caption\":\"Revista de Agricultura\"},\"image\":{\"@id\":\"https:\/\/www.mundoagropecuario.cl\/new\/#\/schema\/logo\/image\/\"},\"sameAs\":[\"https:\/\/www.facebook.com\/mundo.agropecuario.3\",\"https:\/\/x.com\/MundoAgropecuar\",\"https:\/\/www.linkedin.com\/in\/mundo-agropecuario-934009201\/\"]},{\"@type\":\"Person\",\"@id\":\"https:\/\/www.mundoagropecuario.cl\/new\/#\/schema\/person\/0c221050801c74e45256a7a9a1ff0803\",\"name\":\"periodista\",\"url\":\"https:\/\/www.mundoagropecuario.cl\/new\/author\/periodista\/\"}]}<\/script>\n<!-- \/ Yoast SEO plugin. -->","yoast_head_json":{"title":"Agricultores de Chol Chol y Carahue se re\u00fanen en torno a la murtilla - Mundoagropecuario","robots":{"index":"index","follow":"follow","max-snippet":"max-snippet:-1","max-image-preview":"max-image-preview:large","max-video-preview":"max-video-preview:-1"},"canonical":"https:\/\/www.mundoagropecuario.cl\/new\/agricultores-de-chol-chol-y-carahue-se-reunen-en-torno-a-la-murtilla\/","og_locale":"es_ES","og_type":"article","og_title":"Agricultores de Chol Chol y Carahue se re\u00fanen en torno a la murtilla - Mundoagropecuario","og_description":"Programa pretende generar una alternativa econ\u00f3mica competitiva para la Agricultura Familiar, basada en la producci\u00f3n y comercializaci\u00f3n asociativa de murtilla (Mundo Agropecuario). En la comuna de Cholchol se present\u00f3 el...","og_url":"https:\/\/www.mundoagropecuario.cl\/new\/agricultores-de-chol-chol-y-carahue-se-reunen-en-torno-a-la-murtilla\/","og_site_name":"Mundoagropecuario","article_publisher":"https:\/\/www.facebook.com\/mundo.agropecuario.3","article_published_time":"2019-07-02T05:37:52+00:00","article_modified_time":"2019-07-02T05:37:54+00:00","og_image":[{"width":800,"height":600,"url":"https:\/\/www.mundoagropecuario.cl\/new\/wp-content\/uploads\/2019\/07\/murtilla-chol-chol.jpg","type":"image\/jpeg"}],"author":"periodista","twitter_card":"summary_large_image","twitter_creator":"@MundoAgropecuar","twitter_site":"@MundoAgropecuar","twitter_misc":{"Escrito por":"periodista","Tiempo de lectura":"2 minutos"},"schema":{"@context":"https:\/\/schema.org","@graph":[{"@type":"Article","@id":"https:\/\/www.mundoagropecuario.cl\/new\/agricultores-de-chol-chol-y-carahue-se-reunen-en-torno-a-la-murtilla\/#article","isPartOf":{"@id":"https:\/\/www.mundoagropecuario.cl\/new\/agricultores-de-chol-chol-y-carahue-se-reunen-en-torno-a-la-murtilla\/"},"author":{"name":"periodista","@id":"https:\/\/www.mundoagropecuario.cl\/new\/#\/schema\/person\/0c221050801c74e45256a7a9a1ff0803"},"headline":"Agricultores de Chol Chol y Carahue se re\u00fanen en torno a la murtilla","datePublished":"2019-07-02T05:37:52+00:00","dateModified":"2019-07-02T05:37:54+00:00","mainEntityOfPage":{"@id":"https:\/\/www.mundoagropecuario.cl\/new\/agricultores-de-chol-chol-y-carahue-se-reunen-en-torno-a-la-murtilla\/"},"wordCount":432,"publisher":{"@id":"https:\/\/www.mundoagropecuario.cl\/new\/#organization"},"image":{"@id":"https:\/\/www.mundoagropecuario.cl\/new\/agricultores-de-chol-chol-y-carahue-se-reunen-en-torno-a-la-murtilla\/#primaryimage"},"thumbnailUrl":"https:\/\/www.mundoagropecuario.cl\/new\/wp-content\/uploads\/2019\/07\/murtilla-chol-chol.jpg","keywords":["araucan\u00eda","Carahue","Chol Chol","INIA Carillanca","murtilla"],"articleSection":["Frutas"],"inLanguage":"es"},{"@type":"WebPage","@id":"https:\/\/www.mundoagropecuario.cl\/new\/agricultores-de-chol-chol-y-carahue-se-reunen-en-torno-a-la-murtilla\/","url":"https:\/\/www.mundoagropecuario.cl\/new\/agricultores-de-chol-chol-y-carahue-se-reunen-en-torno-a-la-murtilla\/","name":"Agricultores de Chol Chol y Carahue se re\u00fanen en torno a la murtilla - Mundoagropecuario","isPartOf":{"@id":"https:\/\/www.mundoagropecuario.cl\/new\/#website"},"primaryImageOfPage":{"@id":"https:\/\/www.mundoagropecuario.cl\/new\/agricultores-de-chol-chol-y-carahue-se-reunen-en-torno-a-la-murtilla\/#primaryimage"},"image":{"@id":"https:\/\/www.mundoagropecuario.cl\/new\/agricultores-de-chol-chol-y-carahue-se-reunen-en-torno-a-la-murtilla\/#primaryimage"},"thumbnailUrl":"https:\/\/www.mundoagropecuario.cl\/new\/wp-content\/uploads\/2019\/07\/murtilla-chol-chol.jpg","datePublished":"2019-07-02T05:37:52+00:00","dateModified":"2019-07-02T05:37:54+00:00","breadcrumb":{"@id":"https:\/\/www.mundoagropecuario.cl\/new\/agricultores-de-chol-chol-y-carahue-se-reunen-en-torno-a-la-murtilla\/#breadcrumb"},"inLanguage":"es","potentialAction":[{"@type":"ReadAction","target":["https:\/\/www.mundoagropecuario.cl\/new\/agricultores-de-chol-chol-y-carahue-se-reunen-en-torno-a-la-murtilla\/"]}]},{"@type":"ImageObject","inLanguage":"es","@id":"https:\/\/www.mundoagropecuario.cl\/new\/agricultores-de-chol-chol-y-carahue-se-reunen-en-torno-a-la-murtilla\/#primaryimage","url":"https:\/\/www.mundoagropecuario.cl\/new\/wp-content\/uploads\/2019\/07\/murtilla-chol-chol.jpg","contentUrl":"https:\/\/www.mundoagropecuario.cl\/new\/wp-content\/uploads\/2019\/07\/murtilla-chol-chol.jpg","width":533,"height":400},{"@type":"BreadcrumbList","@id":"https:\/\/www.mundoagropecuario.cl\/new\/agricultores-de-chol-chol-y-carahue-se-reunen-en-torno-a-la-murtilla\/#breadcrumb","itemListElement":[{"@type":"ListItem","position":1,"name":"Portada","item":"https:\/\/www.mundoagropecuario.cl\/new\/"},{"@type":"ListItem","position":2,"name":"Agricultores de Chol Chol y Carahue se re\u00fanen en torno a la murtilla"}]},{"@type":"WebSite","@id":"https:\/\/www.mundoagropecuario.cl\/new\/#website","url":"https:\/\/www.mundoagropecuario.cl\/new\/","name":"Mundoagropecuario","description":"Mundo Agropecuario","publisher":{"@id":"https:\/\/www.mundoagropecuario.cl\/new\/#organization"},"potentialAction":[{"@type":"SearchAction","target":{"@type":"EntryPoint","urlTemplate":"https:\/\/www.mundoagropecuario.cl\/new\/?s={search_term_string}"},"query-input":{"@type":"PropertyValueSpecification","valueRequired":true,"valueName":"search_term_string"}}],"inLanguage":"es"},{"@type":"Organization","@id":"https:\/\/www.mundoagropecuario.cl\/new\/#organization","name":"Revista de Agricultura","url":"https:\/\/www.mundoagropecuario.cl\/new\/","logo":{"@type":"ImageObject","inLanguage":"es","@id":"https:\/\/www.mundoagropecuario.cl\/new\/#\/schema\/logo\/image\/","url":"https:\/\/www.mundoagropecuario.cl\/new\/wp-content\/uploads\/2020\/11\/PORTAL-1-1.png","contentUrl":"https:\/\/www.mundoagropecuario.cl\/new\/wp-content\/uploads\/2020\/11\/PORTAL-1-1.png","width":1026,"height":100,"caption":"Revista de Agricultura"},"image":{"@id":"https:\/\/www.mundoagropecuario.cl\/new\/#\/schema\/logo\/image\/"},"sameAs":["https:\/\/www.facebook.com\/mundo.agropecuario.3","https:\/\/x.com\/MundoAgropecuar","https:\/\/www.linkedin.com\/in\/mundo-agropecuario-934009201\/"]},{"@type":"Person","@id":"https:\/\/www.mundoagropecuario.cl\/new\/#\/schema\/person\/0c221050801c74e45256a7a9a1ff0803","name":"periodista","url":"https:\/\/www.mundoagropecuario.cl\/new\/author\/periodista\/"}]}},"_links":{"self":[{"href":"https:\/\/www.mundoagropecuario.cl\/new\/wp-json\/wp\/v2\/posts\/12623","targetHints":{"allow":["GET"]}}],"collection":[{"href":"https:\/\/www.mundoagropecuario.cl\/new\/wp-json\/wp\/v2\/posts"}],"about":[{"href":"https:\/\/www.mundoagropecuario.cl\/new\/wp-json\/wp\/v2\/types\/post"}],"author":[{"embeddable":true,"href":"https:\/\/www.mundoagropecuario.cl\/new\/wp-json\/wp\/v2\/users\/3"}],"replies":[{"embeddable":true,"href":"https:\/\/www.mundoagropecuario.cl\/new\/wp-json\/wp\/v2\/comments?post=12623"}],"version-history":[{"count":1,"href":"https:\/\/www.mundoagropecuario.cl\/new\/wp-json\/wp\/v2\/posts\/12623\/revisions"}],"predecessor-version":[{"id":12625,"href":"https:\/\/www.mundoagropecuario.cl\/new\/wp-json\/wp\/v2\/posts\/12623\/revisions\/12625"}],"wp:featuredmedia":[{"embeddable":true,"href":"https:\/\/www.mundoagropecuario.cl\/new\/wp-json\/wp\/v2\/media\/12624"}],"wp:attachment":[{"href":"https:\/\/www.mundoagropecuario.cl\/new\/wp-json\/wp\/v2\/media?parent=12623"}],"wp:term":[{"taxonomy":"category","embeddable":true,"href":"https:\/\/www.mundoagropecuario.cl\/new\/wp-json\/wp\/v2\/categories?post=12623"},{"taxonomy":"post_tag","embeddable":true,"href":"https:\/\/www.mundoagropecuario.cl\/new\/wp-json\/wp\/v2\/tags?post=12623"}],"curies":[{"name":"wp","href":"https:\/\/api.w.org\/{rel}","templated":true}]}}