{"id":12609,"date":"2019-07-01T11:11:01","date_gmt":"2019-07-01T14:11:01","guid":{"rendered":"http:\/\/www.mundoagropecuario.cl\/new\/?p=12609"},"modified":"2019-07-02T11:15:57","modified_gmt":"2019-07-02T14:15:57","slug":"en-inia-carillanca-se-realizo-encuentro-horticola-de-la-macro-zona-sur","status":"publish","type":"post","link":"https:\/\/www.mundoagropecuario.cl\/new\/en-inia-carillanca-se-realizo-encuentro-horticola-de-la-macro-zona-sur\/","title":{"rendered":"En INIA Carillanca se realiz\u00f3 Encuentro Hort\u00edcola de la Macro Zona Sur"},"content":{"rendered":"\n<ul class=\"wp-block-gallery columns-0 is-cropped wp-block-gallery-1 is-layout-flex wp-block-gallery-is-layout-flex\"><\/ul>\n\n\n\n<p><\/p>\n\n\n\n<p class=\"has-medium-font-size\"><em>Investigadores ligados al rubro hort\u00edcola y disciplinas transversales se reunieron en el Centro Regional Carillanca para discutir acerca de la investigaci\u00f3n y acciones de extensi\u00f3n en horticultura,&nbsp; su coherencia con las demandas del medio y la necesidad de disponer de&nbsp;equipos multidisciplinarios de trabajo (Mundo Agropecuario).<\/em><\/p>\n\n\n\n<p>En La Araucan\u00eda se realiz\u00f3 el Encuentro Hort\u00edcola de la Macro\nZona Sur de INIA, que reuni\u00f3 a especialistas de INIA Quilamapu-Raihu\u00e9n, INIA\nCarillanca e INIA Remehue, articulados por las coordinaciones nacionales de\nAlimentos, Horticultura, Extensi\u00f3n y Transferencia Tecnol\u00f3gica y Sustentabilidad\ny Medio Ambiente. Durante 2 d\u00edas, investigadores ligados al rubro hort\u00edcola y\ndisciplinas transversales se reunieron en el Centro Regional Carillanca para\ndiscutir acerca de la investigaci\u00f3n y acciones de extensi\u00f3n en horticultura, su\ncoherencia con las demandas del medio y la necesidad de disponer de&nbsp;&nbsp; equipos multidisciplinarios de trabajo.<\/p>\n\n\n\n<p>En el bloque del programa nacional hortofrut\u00edcola se analiz\u00f3\nla alimentaci\u00f3n sana: rol de las hortalizas; desaf\u00edos de la producci\u00f3n de\nhortalizas frente a nuevos y exigentes est\u00e1ndares asociados a calidad e\ninocuidad; plataforma Plan Predial para la gesti\u00f3n de predios hort\u00edcolas;\navances en mejoramiento de porotos verdes y de ajo. En el bloque del programa\nde recursos gen\u00e9ticos se analiz\u00f3 los avances en conservaci\u00f3n, conformaci\u00f3n y\ncaracterizaci\u00f3n de colecciones hort\u00edcolas: ajo, poroto y tomate; para finalizar\ncon el bloque del programa nacional de alimentos analizando el valor agregado\nen el sector hort\u00edcola de Los R\u00edos y Los Lagos.<\/p>\n\n\n\n<p>Por otro lado, durante la discusi\u00f3n del programa nacional de\nsustentabilidad y medio ambiente se analiz\u00f3 el desarrollo de hongos end\u00f3fitos\npara el control de enfermedades en hortalizas; transferencia y servicios\nfitopatol\u00f3gicos asociados a hortalizas en INIA Quilamapu; control de \u00e1fidos en\nhortalizas mediante hongos entomopat\u00f3genos y aceites; el enfoque agroecol\u00f3gico\nen la producci\u00f3n hort\u00edcola: efecto de aplicaciones sucesivas de materia\norg\u00e1nica al culeo de cultivos hort\u00edcolas y desaf\u00edos en el manejo del agua de\nriego en cultivos hort\u00edcolas en la zona sur de Chile.<\/p>\n\n\n\n<p>El Programa nacional de extensi\u00f3n y transferencia\ntecnol\u00f3gica permiti\u00f3 realizar un an\u00e1lisis de los lineamientos y la demanda\ntecnol\u00f3gica hort\u00edcola, actividades de extensi\u00f3n desde la &nbsp;Regi\u00f3n de \u00d1uble a Los Lagos, y el trabajo con\nlos grupos GTT hort\u00edcolas, para conocer las brechas tecnol\u00f3gicas que enfrentan.<\/p>\n\n\n\n<p>\u201cEl objetivo de esta reuni\u00f3n es aunar criterios y conocer el\ntrabajo&nbsp; que desarrollan los colegas de\nINIA en torno a sistemas productivos hort\u00edcolas de la macro zona sur (INIA\nQuilamapu, INIA Carillanca e INIA Remehue). La idea es integrar el trabajo de\n22 personas que ejecutan proyectos hort\u00edcolas desde distintas \u00f3pticas, con la\nmirada de producir limpio en un sistema que sea sustentable. Queremos que los\nprofesionales se conozcan y conozcan el trabajo del otro para as\u00ed ir sumando\npiezas y partes. Se trata de potenciar la colaboraci\u00f3n entre los diferentes\ncentros y de esta forma fortalecer nuestro quehacer\u201d, dijo Gabriel Sell\u00e9s, coordinador\nnacional del programa hortofrut\u00edcola del INIA.<\/p>\n","protected":false},"excerpt":{"rendered":"<p>Investigadores ligados al rubro hort\u00edcola y disciplinas transversales se reunieron en el Centro Regional Carillanca para discutir acerca de la investigaci\u00f3n y acciones de extensi\u00f3n en horticultura,&nbsp; su coherencia con&#8230;<\/p>\n","protected":false},"author":3,"featured_media":12610,"comment_status":"closed","ping_status":"closed","sticky":false,"template":"","format":"standard","meta":{"footnotes":""},"categories":[2831],"tags":[3810,2404],"class_list":["post-12609","post","type-post","status-publish","format-standard","has-post-thumbnail","hentry","category-eventos","tag-encuentro-horticola","tag-inia-carillanca"],"yoast_head":"<!-- This site is optimized with the Yoast SEO plugin v26.6 - https:\/\/yoast.com\/wordpress\/plugins\/seo\/ -->\n<title>En INIA Carillanca se realiz\u00f3 Encuentro Hort\u00edcola de la Macro Zona Sur - Mundoagropecuario<\/title>\n<meta name=\"robots\" content=\"index, follow, max-snippet:-1, max-image-preview:large, max-video-preview:-1\" \/>\n<link rel=\"canonical\" href=\"https:\/\/www.mundoagropecuario.cl\/new\/en-inia-carillanca-se-realizo-encuentro-horticola-de-la-macro-zona-sur\/\" \/>\n<meta property=\"og:locale\" content=\"es_ES\" \/>\n<meta property=\"og:type\" content=\"article\" \/>\n<meta property=\"og:title\" content=\"En INIA Carillanca se realiz\u00f3 Encuentro Hort\u00edcola de la Macro Zona Sur - Mundoagropecuario\" \/>\n<meta property=\"og:description\" content=\"Investigadores ligados al rubro hort\u00edcola y disciplinas transversales se reunieron en el Centro Regional Carillanca para discutir acerca de la investigaci\u00f3n y acciones de extensi\u00f3n en horticultura,&nbsp; su coherencia con...\" \/>\n<meta property=\"og:url\" content=\"https:\/\/www.mundoagropecuario.cl\/new\/en-inia-carillanca-se-realizo-encuentro-horticola-de-la-macro-zona-sur\/\" \/>\n<meta property=\"og:site_name\" content=\"Mundoagropecuario\" \/>\n<meta property=\"article:publisher\" content=\"https:\/\/www.facebook.com\/mundo.agropecuario.3\" \/>\n<meta property=\"article:published_time\" content=\"2019-07-01T14:11:01+00:00\" \/>\n<meta property=\"article:modified_time\" content=\"2019-07-02T14:15:57+00:00\" \/>\n<meta property=\"og:image\" content=\"https:\/\/www.mundoagropecuario.cl\/new\/wp-content\/uploads\/2019\/07\/inia-Carillanca.jpg\" \/>\n\t<meta property=\"og:image:width\" content=\"800\" \/>\n\t<meta property=\"og:image:height\" content=\"600\" \/>\n\t<meta property=\"og:image:type\" content=\"image\/jpeg\" \/>\n<meta name=\"author\" content=\"periodista\" \/>\n<meta name=\"twitter:card\" content=\"summary_large_image\" \/>\n<meta name=\"twitter:creator\" content=\"@MundoAgropecuar\" \/>\n<meta name=\"twitter:site\" content=\"@MundoAgropecuar\" \/>\n<meta name=\"twitter:label1\" content=\"Escrito por\" \/>\n\t<meta name=\"twitter:data1\" content=\"periodista\" \/>\n\t<meta name=\"twitter:label2\" content=\"Tiempo de lectura\" \/>\n\t<meta name=\"twitter:data2\" content=\"3 minutos\" \/>\n<script type=\"application\/ld+json\" class=\"yoast-schema-graph\">{\"@context\":\"https:\/\/schema.org\",\"@graph\":[{\"@type\":\"Article\",\"@id\":\"https:\/\/www.mundoagropecuario.cl\/new\/en-inia-carillanca-se-realizo-encuentro-horticola-de-la-macro-zona-sur\/#article\",\"isPartOf\":{\"@id\":\"https:\/\/www.mundoagropecuario.cl\/new\/en-inia-carillanca-se-realizo-encuentro-horticola-de-la-macro-zona-sur\/\"},\"author\":{\"name\":\"periodista\",\"@id\":\"https:\/\/www.mundoagropecuario.cl\/new\/#\/schema\/person\/0c221050801c74e45256a7a9a1ff0803\"},\"headline\":\"En INIA Carillanca se realiz\u00f3 Encuentro Hort\u00edcola de la Macro Zona Sur\",\"datePublished\":\"2019-07-01T14:11:01+00:00\",\"dateModified\":\"2019-07-02T14:15:57+00:00\",\"mainEntityOfPage\":{\"@id\":\"https:\/\/www.mundoagropecuario.cl\/new\/en-inia-carillanca-se-realizo-encuentro-horticola-de-la-macro-zona-sur\/\"},\"wordCount\":546,\"publisher\":{\"@id\":\"https:\/\/www.mundoagropecuario.cl\/new\/#organization\"},\"image\":{\"@id\":\"https:\/\/www.mundoagropecuario.cl\/new\/en-inia-carillanca-se-realizo-encuentro-horticola-de-la-macro-zona-sur\/#primaryimage\"},\"thumbnailUrl\":\"https:\/\/www.mundoagropecuario.cl\/new\/wp-content\/uploads\/2019\/07\/inia-Carillanca.jpg\",\"keywords\":[\"Encuentro hort\u00edcola\",\"INIA Carillanca\"],\"articleSection\":[\"Eventos\"],\"inLanguage\":\"es\"},{\"@type\":\"WebPage\",\"@id\":\"https:\/\/www.mundoagropecuario.cl\/new\/en-inia-carillanca-se-realizo-encuentro-horticola-de-la-macro-zona-sur\/\",\"url\":\"https:\/\/www.mundoagropecuario.cl\/new\/en-inia-carillanca-se-realizo-encuentro-horticola-de-la-macro-zona-sur\/\",\"name\":\"En INIA Carillanca se realiz\u00f3 Encuentro Hort\u00edcola de la Macro Zona Sur - Mundoagropecuario\",\"isPartOf\":{\"@id\":\"https:\/\/www.mundoagropecuario.cl\/new\/#website\"},\"primaryImageOfPage\":{\"@id\":\"https:\/\/www.mundoagropecuario.cl\/new\/en-inia-carillanca-se-realizo-encuentro-horticola-de-la-macro-zona-sur\/#primaryimage\"},\"image\":{\"@id\":\"https:\/\/www.mundoagropecuario.cl\/new\/en-inia-carillanca-se-realizo-encuentro-horticola-de-la-macro-zona-sur\/#primaryimage\"},\"thumbnailUrl\":\"https:\/\/www.mundoagropecuario.cl\/new\/wp-content\/uploads\/2019\/07\/inia-Carillanca.jpg\",\"datePublished\":\"2019-07-01T14:11:01+00:00\",\"dateModified\":\"2019-07-02T14:15:57+00:00\",\"breadcrumb\":{\"@id\":\"https:\/\/www.mundoagropecuario.cl\/new\/en-inia-carillanca-se-realizo-encuentro-horticola-de-la-macro-zona-sur\/#breadcrumb\"},\"inLanguage\":\"es\",\"potentialAction\":[{\"@type\":\"ReadAction\",\"target\":[\"https:\/\/www.mundoagropecuario.cl\/new\/en-inia-carillanca-se-realizo-encuentro-horticola-de-la-macro-zona-sur\/\"]}]},{\"@type\":\"ImageObject\",\"inLanguage\":\"es\",\"@id\":\"https:\/\/www.mundoagropecuario.cl\/new\/en-inia-carillanca-se-realizo-encuentro-horticola-de-la-macro-zona-sur\/#primaryimage\",\"url\":\"https:\/\/www.mundoagropecuario.cl\/new\/wp-content\/uploads\/2019\/07\/inia-Carillanca.jpg\",\"contentUrl\":\"https:\/\/www.mundoagropecuario.cl\/new\/wp-content\/uploads\/2019\/07\/inia-Carillanca.jpg\",\"width\":533,\"height\":400},{\"@type\":\"BreadcrumbList\",\"@id\":\"https:\/\/www.mundoagropecuario.cl\/new\/en-inia-carillanca-se-realizo-encuentro-horticola-de-la-macro-zona-sur\/#breadcrumb\",\"itemListElement\":[{\"@type\":\"ListItem\",\"position\":1,\"name\":\"Portada\",\"item\":\"https:\/\/www.mundoagropecuario.cl\/new\/\"},{\"@type\":\"ListItem\",\"position\":2,\"name\":\"En INIA Carillanca se realiz\u00f3 Encuentro Hort\u00edcola de la Macro Zona Sur\"}]},{\"@type\":\"WebSite\",\"@id\":\"https:\/\/www.mundoagropecuario.cl\/new\/#website\",\"url\":\"https:\/\/www.mundoagropecuario.cl\/new\/\",\"name\":\"Mundoagropecuario\",\"description\":\"Mundo Agropecuario\",\"publisher\":{\"@id\":\"https:\/\/www.mundoagropecuario.cl\/new\/#organization\"},\"potentialAction\":[{\"@type\":\"SearchAction\",\"target\":{\"@type\":\"EntryPoint\",\"urlTemplate\":\"https:\/\/www.mundoagropecuario.cl\/new\/?s={search_term_string}\"},\"query-input\":{\"@type\":\"PropertyValueSpecification\",\"valueRequired\":true,\"valueName\":\"search_term_string\"}}],\"inLanguage\":\"es\"},{\"@type\":\"Organization\",\"@id\":\"https:\/\/www.mundoagropecuario.cl\/new\/#organization\",\"name\":\"Revista de Agricultura\",\"url\":\"https:\/\/www.mundoagropecuario.cl\/new\/\",\"logo\":{\"@type\":\"ImageObject\",\"inLanguage\":\"es\",\"@id\":\"https:\/\/www.mundoagropecuario.cl\/new\/#\/schema\/logo\/image\/\",\"url\":\"https:\/\/www.mundoagropecuario.cl\/new\/wp-content\/uploads\/2020\/11\/PORTAL-1-1.png\",\"contentUrl\":\"https:\/\/www.mundoagropecuario.cl\/new\/wp-content\/uploads\/2020\/11\/PORTAL-1-1.png\",\"width\":1026,\"height\":100,\"caption\":\"Revista de Agricultura\"},\"image\":{\"@id\":\"https:\/\/www.mundoagropecuario.cl\/new\/#\/schema\/logo\/image\/\"},\"sameAs\":[\"https:\/\/www.facebook.com\/mundo.agropecuario.3\",\"https:\/\/x.com\/MundoAgropecuar\",\"https:\/\/www.linkedin.com\/in\/mundo-agropecuario-934009201\/\"]},{\"@type\":\"Person\",\"@id\":\"https:\/\/www.mundoagropecuario.cl\/new\/#\/schema\/person\/0c221050801c74e45256a7a9a1ff0803\",\"name\":\"periodista\",\"url\":\"https:\/\/www.mundoagropecuario.cl\/new\/author\/periodista\/\"}]}<\/script>\n<!-- \/ Yoast SEO plugin. -->","yoast_head_json":{"title":"En INIA Carillanca se realiz\u00f3 Encuentro Hort\u00edcola de la Macro Zona Sur - Mundoagropecuario","robots":{"index":"index","follow":"follow","max-snippet":"max-snippet:-1","max-image-preview":"max-image-preview:large","max-video-preview":"max-video-preview:-1"},"canonical":"https:\/\/www.mundoagropecuario.cl\/new\/en-inia-carillanca-se-realizo-encuentro-horticola-de-la-macro-zona-sur\/","og_locale":"es_ES","og_type":"article","og_title":"En INIA Carillanca se realiz\u00f3 Encuentro Hort\u00edcola de la Macro Zona Sur - Mundoagropecuario","og_description":"Investigadores ligados al rubro hort\u00edcola y disciplinas transversales se reunieron en el Centro Regional Carillanca para discutir acerca de la investigaci\u00f3n y acciones de extensi\u00f3n en horticultura,&nbsp; su coherencia con...","og_url":"https:\/\/www.mundoagropecuario.cl\/new\/en-inia-carillanca-se-realizo-encuentro-horticola-de-la-macro-zona-sur\/","og_site_name":"Mundoagropecuario","article_publisher":"https:\/\/www.facebook.com\/mundo.agropecuario.3","article_published_time":"2019-07-01T14:11:01+00:00","article_modified_time":"2019-07-02T14:15:57+00:00","og_image":[{"width":800,"height":600,"url":"https:\/\/www.mundoagropecuario.cl\/new\/wp-content\/uploads\/2019\/07\/inia-Carillanca.jpg","type":"image\/jpeg"}],"author":"periodista","twitter_card":"summary_large_image","twitter_creator":"@MundoAgropecuar","twitter_site":"@MundoAgropecuar","twitter_misc":{"Escrito por":"periodista","Tiempo de lectura":"3 minutos"},"schema":{"@context":"https:\/\/schema.org","@graph":[{"@type":"Article","@id":"https:\/\/www.mundoagropecuario.cl\/new\/en-inia-carillanca-se-realizo-encuentro-horticola-de-la-macro-zona-sur\/#article","isPartOf":{"@id":"https:\/\/www.mundoagropecuario.cl\/new\/en-inia-carillanca-se-realizo-encuentro-horticola-de-la-macro-zona-sur\/"},"author":{"name":"periodista","@id":"https:\/\/www.mundoagropecuario.cl\/new\/#\/schema\/person\/0c221050801c74e45256a7a9a1ff0803"},"headline":"En INIA Carillanca se realiz\u00f3 Encuentro Hort\u00edcola de la Macro Zona Sur","datePublished":"2019-07-01T14:11:01+00:00","dateModified":"2019-07-02T14:15:57+00:00","mainEntityOfPage":{"@id":"https:\/\/www.mundoagropecuario.cl\/new\/en-inia-carillanca-se-realizo-encuentro-horticola-de-la-macro-zona-sur\/"},"wordCount":546,"publisher":{"@id":"https:\/\/www.mundoagropecuario.cl\/new\/#organization"},"image":{"@id":"https:\/\/www.mundoagropecuario.cl\/new\/en-inia-carillanca-se-realizo-encuentro-horticola-de-la-macro-zona-sur\/#primaryimage"},"thumbnailUrl":"https:\/\/www.mundoagropecuario.cl\/new\/wp-content\/uploads\/2019\/07\/inia-Carillanca.jpg","keywords":["Encuentro hort\u00edcola","INIA Carillanca"],"articleSection":["Eventos"],"inLanguage":"es"},{"@type":"WebPage","@id":"https:\/\/www.mundoagropecuario.cl\/new\/en-inia-carillanca-se-realizo-encuentro-horticola-de-la-macro-zona-sur\/","url":"https:\/\/www.mundoagropecuario.cl\/new\/en-inia-carillanca-se-realizo-encuentro-horticola-de-la-macro-zona-sur\/","name":"En INIA Carillanca se realiz\u00f3 Encuentro Hort\u00edcola de la Macro Zona Sur - Mundoagropecuario","isPartOf":{"@id":"https:\/\/www.mundoagropecuario.cl\/new\/#website"},"primaryImageOfPage":{"@id":"https:\/\/www.mundoagropecuario.cl\/new\/en-inia-carillanca-se-realizo-encuentro-horticola-de-la-macro-zona-sur\/#primaryimage"},"image":{"@id":"https:\/\/www.mundoagropecuario.cl\/new\/en-inia-carillanca-se-realizo-encuentro-horticola-de-la-macro-zona-sur\/#primaryimage"},"thumbnailUrl":"https:\/\/www.mundoagropecuario.cl\/new\/wp-content\/uploads\/2019\/07\/inia-Carillanca.jpg","datePublished":"2019-07-01T14:11:01+00:00","dateModified":"2019-07-02T14:15:57+00:00","breadcrumb":{"@id":"https:\/\/www.mundoagropecuario.cl\/new\/en-inia-carillanca-se-realizo-encuentro-horticola-de-la-macro-zona-sur\/#breadcrumb"},"inLanguage":"es","potentialAction":[{"@type":"ReadAction","target":["https:\/\/www.mundoagropecuario.cl\/new\/en-inia-carillanca-se-realizo-encuentro-horticola-de-la-macro-zona-sur\/"]}]},{"@type":"ImageObject","inLanguage":"es","@id":"https:\/\/www.mundoagropecuario.cl\/new\/en-inia-carillanca-se-realizo-encuentro-horticola-de-la-macro-zona-sur\/#primaryimage","url":"https:\/\/www.mundoagropecuario.cl\/new\/wp-content\/uploads\/2019\/07\/inia-Carillanca.jpg","contentUrl":"https:\/\/www.mundoagropecuario.cl\/new\/wp-content\/uploads\/2019\/07\/inia-Carillanca.jpg","width":533,"height":400},{"@type":"BreadcrumbList","@id":"https:\/\/www.mundoagropecuario.cl\/new\/en-inia-carillanca-se-realizo-encuentro-horticola-de-la-macro-zona-sur\/#breadcrumb","itemListElement":[{"@type":"ListItem","position":1,"name":"Portada","item":"https:\/\/www.mundoagropecuario.cl\/new\/"},{"@type":"ListItem","position":2,"name":"En INIA Carillanca se realiz\u00f3 Encuentro Hort\u00edcola de la Macro Zona Sur"}]},{"@type":"WebSite","@id":"https:\/\/www.mundoagropecuario.cl\/new\/#website","url":"https:\/\/www.mundoagropecuario.cl\/new\/","name":"Mundoagropecuario","description":"Mundo Agropecuario","publisher":{"@id":"https:\/\/www.mundoagropecuario.cl\/new\/#organization"},"potentialAction":[{"@type":"SearchAction","target":{"@type":"EntryPoint","urlTemplate":"https:\/\/www.mundoagropecuario.cl\/new\/?s={search_term_string}"},"query-input":{"@type":"PropertyValueSpecification","valueRequired":true,"valueName":"search_term_string"}}],"inLanguage":"es"},{"@type":"Organization","@id":"https:\/\/www.mundoagropecuario.cl\/new\/#organization","name":"Revista de Agricultura","url":"https:\/\/www.mundoagropecuario.cl\/new\/","logo":{"@type":"ImageObject","inLanguage":"es","@id":"https:\/\/www.mundoagropecuario.cl\/new\/#\/schema\/logo\/image\/","url":"https:\/\/www.mundoagropecuario.cl\/new\/wp-content\/uploads\/2020\/11\/PORTAL-1-1.png","contentUrl":"https:\/\/www.mundoagropecuario.cl\/new\/wp-content\/uploads\/2020\/11\/PORTAL-1-1.png","width":1026,"height":100,"caption":"Revista de Agricultura"},"image":{"@id":"https:\/\/www.mundoagropecuario.cl\/new\/#\/schema\/logo\/image\/"},"sameAs":["https:\/\/www.facebook.com\/mundo.agropecuario.3","https:\/\/x.com\/MundoAgropecuar","https:\/\/www.linkedin.com\/in\/mundo-agropecuario-934009201\/"]},{"@type":"Person","@id":"https:\/\/www.mundoagropecuario.cl\/new\/#\/schema\/person\/0c221050801c74e45256a7a9a1ff0803","name":"periodista","url":"https:\/\/www.mundoagropecuario.cl\/new\/author\/periodista\/"}]}},"_links":{"self":[{"href":"https:\/\/www.mundoagropecuario.cl\/new\/wp-json\/wp\/v2\/posts\/12609","targetHints":{"allow":["GET"]}}],"collection":[{"href":"https:\/\/www.mundoagropecuario.cl\/new\/wp-json\/wp\/v2\/posts"}],"about":[{"href":"https:\/\/www.mundoagropecuario.cl\/new\/wp-json\/wp\/v2\/types\/post"}],"author":[{"embeddable":true,"href":"https:\/\/www.mundoagropecuario.cl\/new\/wp-json\/wp\/v2\/users\/3"}],"replies":[{"embeddable":true,"href":"https:\/\/www.mundoagropecuario.cl\/new\/wp-json\/wp\/v2\/comments?post=12609"}],"version-history":[{"count":2,"href":"https:\/\/www.mundoagropecuario.cl\/new\/wp-json\/wp\/v2\/posts\/12609\/revisions"}],"predecessor-version":[{"id":12644,"href":"https:\/\/www.mundoagropecuario.cl\/new\/wp-json\/wp\/v2\/posts\/12609\/revisions\/12644"}],"wp:featuredmedia":[{"embeddable":true,"href":"https:\/\/www.mundoagropecuario.cl\/new\/wp-json\/wp\/v2\/media\/12610"}],"wp:attachment":[{"href":"https:\/\/www.mundoagropecuario.cl\/new\/wp-json\/wp\/v2\/media?parent=12609"}],"wp:term":[{"taxonomy":"category","embeddable":true,"href":"https:\/\/www.mundoagropecuario.cl\/new\/wp-json\/wp\/v2\/categories?post=12609"},{"taxonomy":"post_tag","embeddable":true,"href":"https:\/\/www.mundoagropecuario.cl\/new\/wp-json\/wp\/v2\/tags?post=12609"}],"curies":[{"name":"wp","href":"https:\/\/api.w.org\/{rel}","templated":true}]}}