{"id":12590,"date":"2019-06-28T02:09:05","date_gmt":"2019-06-28T05:09:05","guid":{"rendered":"http:\/\/www.mundoagropecuario.cl\/new\/?p=12590"},"modified":"2019-07-02T11:11:47","modified_gmt":"2019-07-02T14:11:47","slug":"crianza-de-terneros-fue-el-tema-central-de-cita-tecnica-efectuada-en-puerto-varas","status":"publish","type":"post","link":"https:\/\/www.mundoagropecuario.cl\/new\/crianza-de-terneros-fue-el-tema-central-de-cita-tecnica-efectuada-en-puerto-varas\/","title":{"rendered":"Crianza de terneros fue el tema central de cita t\u00e9cnica efectuada en Puerto Varas"},"content":{"rendered":"\n<ul class=\"wp-block-gallery columns-0 is-cropped wp-block-gallery-1 is-layout-flex wp-block-gallery-is-layout-flex\"><\/ul>\n\n\n\n<p><\/p>\n\n\n\n<p class=\"has-medium-font-size\"><em>Actividad desarrollada en la sucursal de Puerto Varas de la Cooperativa congreg\u00f3 a treinta y dos productores del sector (Mundo Agropecuario).<\/em><\/p>\n\n\n\n<p>Repasar manejos y analizar las condiciones para una adecuada\ncrianza de terneros, fueron algunos de los t\u00f3picos que se tocaron en una\nactividad desarrollada en el Auditorio de la Sucursal de Puerto Varas que\nreuni\u00f3 a productores de la regi\u00f3n de Los Lagos.<\/p>\n\n\n\n<p>Teniendo en cuenta que el desempe\u00f1o reproductivo de un\nreba\u00f1o es el reflejo del proceso de crianza de las terneras, es que la\nCooperativa organiz\u00f3 esta cita t\u00e9cnica junto a la firma Zoetis, dedicada a\nsalud animal.<\/p>\n\n\n\n<p>En la ocasi\u00f3n, la profesional de la Unidad de Crianza de\nCooprinsem, Paulina Campos, ofreci\u00f3 dos interesantes charlas a los asistentes a\nesta actividad. La experta inici\u00f3 la jornada con el tema \u201cRevisi\u00f3n de manejos\npreventivos inicio de temporada\u201d, donde explic\u00f3 que la crianza de terneros en un\nreba\u00f1o lechero es una actividad que requiere atenci\u00f3n permanente y supervisi\u00f3n\ncontinua. Indic\u00f3 que, si bien los manejos en esta etapa son conocidos, \u201cen la\npr\u00e1ctica, no necesariamente son realizados como corresponde. De ah\u00ed la\nimportancia de estar atentos en lo que se refiere a sanidad, alimentaci\u00f3n,\nsalud, y condiciones de manejo, ya que todo ello impactar\u00e1 en la formaci\u00f3n de\nuna vaca m\u00e1s productiva\u201d, explic\u00f3 Paulina Campos.<\/p>\n\n\n\n<p>Tras un breve receso, la profesional continu\u00f3 con la\nexposici\u00f3n \u201cActualizaci\u00f3n en crianza de terneros\u201d, en la que se refiri\u00f3 a los\nprotocolos y t\u00e9cnicas de manejo, comparti\u00f3 algunos casos y ahond\u00f3 en las\nsoluciones, permitiendo el intercambio de opiniones entre los productores\npresentes. La experta recalc\u00f3 que, para obtener un sistema de producci\u00f3n\nlechera eficiente, es necesario considerar el cuidado del ganado desde los\ninicios de su vida, apuntando a que la crianza de terneros es uno de los puntos\nm\u00e1s relevantes del sistema lechero, y la etapa donde se definir\u00e1n los\nresultados productivos y sanitarios del plantel, en el futuro.<\/p>\n\n\n\n<p>Posteriormente fue el turno del M\u00e9dico Veterinario y Gerente\nT\u00e9cnico Zoetis Chile, Dr. Hugo Ojeda, quien brind\u00f3 la charla denominada\n\u201cInforce 3, protecci\u00f3n sin igual\u201d.<\/p>\n\n\n\n<p>Esta actividad desarrollada en la sucursal de Puerto Varas\nde la Cooperativa congreg\u00f3 a treinta y dos productores del sector.<\/p>\n","protected":false},"excerpt":{"rendered":"<p>Actividad desarrollada en la sucursal de Puerto Varas de la Cooperativa congreg\u00f3 a treinta y dos productores del sector (Mundo Agropecuario). Repasar manejos y analizar las condiciones para una adecuada&#8230;<\/p>\n","protected":false},"author":3,"featured_media":12591,"comment_status":"closed","ping_status":"closed","sticky":false,"template":"","format":"standard","meta":{"footnotes":""},"categories":[1944],"tags":[2261,2693],"class_list":["post-12590","post","type-post","status-publish","format-standard","has-post-thumbnail","hentry","category-ganaderia","tag-cooprinsem","tag-terneros"],"yoast_head":"<!-- This site is optimized with the Yoast SEO plugin v26.6 - https:\/\/yoast.com\/wordpress\/plugins\/seo\/ -->\n<title>Crianza de terneros fue el tema central de cita t\u00e9cnica efectuada en Puerto Varas - Mundoagropecuario<\/title>\n<meta name=\"robots\" content=\"index, follow, max-snippet:-1, max-image-preview:large, max-video-preview:-1\" \/>\n<link rel=\"canonical\" href=\"https:\/\/www.mundoagropecuario.cl\/new\/crianza-de-terneros-fue-el-tema-central-de-cita-tecnica-efectuada-en-puerto-varas\/\" \/>\n<meta property=\"og:locale\" content=\"es_ES\" \/>\n<meta property=\"og:type\" content=\"article\" \/>\n<meta property=\"og:title\" content=\"Crianza de terneros fue el tema central de cita t\u00e9cnica efectuada en Puerto Varas - Mundoagropecuario\" \/>\n<meta property=\"og:description\" content=\"Actividad desarrollada en la sucursal de Puerto Varas de la Cooperativa congreg\u00f3 a treinta y dos productores del sector (Mundo Agropecuario). Repasar manejos y analizar las condiciones para una adecuada...\" \/>\n<meta property=\"og:url\" content=\"https:\/\/www.mundoagropecuario.cl\/new\/crianza-de-terneros-fue-el-tema-central-de-cita-tecnica-efectuada-en-puerto-varas\/\" \/>\n<meta property=\"og:site_name\" content=\"Mundoagropecuario\" \/>\n<meta property=\"article:publisher\" content=\"https:\/\/www.facebook.com\/mundo.agropecuario.3\" \/>\n<meta property=\"article:published_time\" content=\"2019-06-28T05:09:05+00:00\" \/>\n<meta property=\"article:modified_time\" content=\"2019-07-02T14:11:47+00:00\" \/>\n<meta property=\"og:image\" content=\"https:\/\/www.mundoagropecuario.cl\/new\/wp-content\/uploads\/2019\/06\/Charla-Crianza-Terneros-Puerto-Varas-Cooprinsem.jpg\" \/>\n\t<meta property=\"og:image:width\" content=\"909\" \/>\n\t<meta property=\"og:image:height\" content=\"511\" \/>\n\t<meta property=\"og:image:type\" content=\"image\/jpeg\" \/>\n<meta name=\"author\" content=\"periodista\" \/>\n<meta name=\"twitter:card\" content=\"summary_large_image\" \/>\n<meta name=\"twitter:creator\" content=\"@MundoAgropecuar\" \/>\n<meta name=\"twitter:site\" content=\"@MundoAgropecuar\" \/>\n<meta name=\"twitter:label1\" content=\"Escrito por\" \/>\n\t<meta name=\"twitter:data1\" content=\"periodista\" \/>\n\t<meta name=\"twitter:label2\" content=\"Tiempo de lectura\" \/>\n\t<meta name=\"twitter:data2\" content=\"2 minutos\" \/>\n<script type=\"application\/ld+json\" class=\"yoast-schema-graph\">{\"@context\":\"https:\/\/schema.org\",\"@graph\":[{\"@type\":\"Article\",\"@id\":\"https:\/\/www.mundoagropecuario.cl\/new\/crianza-de-terneros-fue-el-tema-central-de-cita-tecnica-efectuada-en-puerto-varas\/#article\",\"isPartOf\":{\"@id\":\"https:\/\/www.mundoagropecuario.cl\/new\/crianza-de-terneros-fue-el-tema-central-de-cita-tecnica-efectuada-en-puerto-varas\/\"},\"author\":{\"name\":\"periodista\",\"@id\":\"https:\/\/www.mundoagropecuario.cl\/new\/#\/schema\/person\/0c221050801c74e45256a7a9a1ff0803\"},\"headline\":\"Crianza de terneros fue el tema central de cita t\u00e9cnica efectuada en Puerto Varas\",\"datePublished\":\"2019-06-28T05:09:05+00:00\",\"dateModified\":\"2019-07-02T14:11:47+00:00\",\"mainEntityOfPage\":{\"@id\":\"https:\/\/www.mundoagropecuario.cl\/new\/crianza-de-terneros-fue-el-tema-central-de-cita-tecnica-efectuada-en-puerto-varas\/\"},\"wordCount\":401,\"publisher\":{\"@id\":\"https:\/\/www.mundoagropecuario.cl\/new\/#organization\"},\"image\":{\"@id\":\"https:\/\/www.mundoagropecuario.cl\/new\/crianza-de-terneros-fue-el-tema-central-de-cita-tecnica-efectuada-en-puerto-varas\/#primaryimage\"},\"thumbnailUrl\":\"https:\/\/www.mundoagropecuario.cl\/new\/wp-content\/uploads\/2019\/06\/Charla-Crianza-Terneros-Puerto-Varas-Cooprinsem.jpg\",\"keywords\":[\"Cooprinsem\",\"terneros\"],\"articleSection\":[\"Ganader\u00eda\"],\"inLanguage\":\"es\"},{\"@type\":\"WebPage\",\"@id\":\"https:\/\/www.mundoagropecuario.cl\/new\/crianza-de-terneros-fue-el-tema-central-de-cita-tecnica-efectuada-en-puerto-varas\/\",\"url\":\"https:\/\/www.mundoagropecuario.cl\/new\/crianza-de-terneros-fue-el-tema-central-de-cita-tecnica-efectuada-en-puerto-varas\/\",\"name\":\"Crianza de terneros fue el tema central de cita t\u00e9cnica efectuada en Puerto Varas - Mundoagropecuario\",\"isPartOf\":{\"@id\":\"https:\/\/www.mundoagropecuario.cl\/new\/#website\"},\"primaryImageOfPage\":{\"@id\":\"https:\/\/www.mundoagropecuario.cl\/new\/crianza-de-terneros-fue-el-tema-central-de-cita-tecnica-efectuada-en-puerto-varas\/#primaryimage\"},\"image\":{\"@id\":\"https:\/\/www.mundoagropecuario.cl\/new\/crianza-de-terneros-fue-el-tema-central-de-cita-tecnica-efectuada-en-puerto-varas\/#primaryimage\"},\"thumbnailUrl\":\"https:\/\/www.mundoagropecuario.cl\/new\/wp-content\/uploads\/2019\/06\/Charla-Crianza-Terneros-Puerto-Varas-Cooprinsem.jpg\",\"datePublished\":\"2019-06-28T05:09:05+00:00\",\"dateModified\":\"2019-07-02T14:11:47+00:00\",\"breadcrumb\":{\"@id\":\"https:\/\/www.mundoagropecuario.cl\/new\/crianza-de-terneros-fue-el-tema-central-de-cita-tecnica-efectuada-en-puerto-varas\/#breadcrumb\"},\"inLanguage\":\"es\",\"potentialAction\":[{\"@type\":\"ReadAction\",\"target\":[\"https:\/\/www.mundoagropecuario.cl\/new\/crianza-de-terneros-fue-el-tema-central-de-cita-tecnica-efectuada-en-puerto-varas\/\"]}]},{\"@type\":\"ImageObject\",\"inLanguage\":\"es\",\"@id\":\"https:\/\/www.mundoagropecuario.cl\/new\/crianza-de-terneros-fue-el-tema-central-de-cita-tecnica-efectuada-en-puerto-varas\/#primaryimage\",\"url\":\"https:\/\/www.mundoagropecuario.cl\/new\/wp-content\/uploads\/2019\/06\/Charla-Crianza-Terneros-Puerto-Varas-Cooprinsem.jpg\",\"contentUrl\":\"https:\/\/www.mundoagropecuario.cl\/new\/wp-content\/uploads\/2019\/06\/Charla-Crianza-Terneros-Puerto-Varas-Cooprinsem.jpg\",\"width\":712,\"height\":400},{\"@type\":\"BreadcrumbList\",\"@id\":\"https:\/\/www.mundoagropecuario.cl\/new\/crianza-de-terneros-fue-el-tema-central-de-cita-tecnica-efectuada-en-puerto-varas\/#breadcrumb\",\"itemListElement\":[{\"@type\":\"ListItem\",\"position\":1,\"name\":\"Portada\",\"item\":\"https:\/\/www.mundoagropecuario.cl\/new\/\"},{\"@type\":\"ListItem\",\"position\":2,\"name\":\"Crianza de terneros fue el tema central de cita t\u00e9cnica efectuada en Puerto Varas\"}]},{\"@type\":\"WebSite\",\"@id\":\"https:\/\/www.mundoagropecuario.cl\/new\/#website\",\"url\":\"https:\/\/www.mundoagropecuario.cl\/new\/\",\"name\":\"Mundoagropecuario\",\"description\":\"Mundo Agropecuario\",\"publisher\":{\"@id\":\"https:\/\/www.mundoagropecuario.cl\/new\/#organization\"},\"potentialAction\":[{\"@type\":\"SearchAction\",\"target\":{\"@type\":\"EntryPoint\",\"urlTemplate\":\"https:\/\/www.mundoagropecuario.cl\/new\/?s={search_term_string}\"},\"query-input\":{\"@type\":\"PropertyValueSpecification\",\"valueRequired\":true,\"valueName\":\"search_term_string\"}}],\"inLanguage\":\"es\"},{\"@type\":\"Organization\",\"@id\":\"https:\/\/www.mundoagropecuario.cl\/new\/#organization\",\"name\":\"Revista de Agricultura\",\"url\":\"https:\/\/www.mundoagropecuario.cl\/new\/\",\"logo\":{\"@type\":\"ImageObject\",\"inLanguage\":\"es\",\"@id\":\"https:\/\/www.mundoagropecuario.cl\/new\/#\/schema\/logo\/image\/\",\"url\":\"https:\/\/www.mundoagropecuario.cl\/new\/wp-content\/uploads\/2020\/11\/PORTAL-1-1.png\",\"contentUrl\":\"https:\/\/www.mundoagropecuario.cl\/new\/wp-content\/uploads\/2020\/11\/PORTAL-1-1.png\",\"width\":1026,\"height\":100,\"caption\":\"Revista de Agricultura\"},\"image\":{\"@id\":\"https:\/\/www.mundoagropecuario.cl\/new\/#\/schema\/logo\/image\/\"},\"sameAs\":[\"https:\/\/www.facebook.com\/mundo.agropecuario.3\",\"https:\/\/x.com\/MundoAgropecuar\",\"https:\/\/www.linkedin.com\/in\/mundo-agropecuario-934009201\/\"]},{\"@type\":\"Person\",\"@id\":\"https:\/\/www.mundoagropecuario.cl\/new\/#\/schema\/person\/0c221050801c74e45256a7a9a1ff0803\",\"name\":\"periodista\",\"url\":\"https:\/\/www.mundoagropecuario.cl\/new\/author\/periodista\/\"}]}<\/script>\n<!-- \/ Yoast SEO plugin. -->","yoast_head_json":{"title":"Crianza de terneros fue el tema central de cita t\u00e9cnica efectuada en Puerto Varas - Mundoagropecuario","robots":{"index":"index","follow":"follow","max-snippet":"max-snippet:-1","max-image-preview":"max-image-preview:large","max-video-preview":"max-video-preview:-1"},"canonical":"https:\/\/www.mundoagropecuario.cl\/new\/crianza-de-terneros-fue-el-tema-central-de-cita-tecnica-efectuada-en-puerto-varas\/","og_locale":"es_ES","og_type":"article","og_title":"Crianza de terneros fue el tema central de cita t\u00e9cnica efectuada en Puerto Varas - Mundoagropecuario","og_description":"Actividad desarrollada en la sucursal de Puerto Varas de la Cooperativa congreg\u00f3 a treinta y dos productores del sector (Mundo Agropecuario). Repasar manejos y analizar las condiciones para una adecuada...","og_url":"https:\/\/www.mundoagropecuario.cl\/new\/crianza-de-terneros-fue-el-tema-central-de-cita-tecnica-efectuada-en-puerto-varas\/","og_site_name":"Mundoagropecuario","article_publisher":"https:\/\/www.facebook.com\/mundo.agropecuario.3","article_published_time":"2019-06-28T05:09:05+00:00","article_modified_time":"2019-07-02T14:11:47+00:00","og_image":[{"width":909,"height":511,"url":"https:\/\/www.mundoagropecuario.cl\/new\/wp-content\/uploads\/2019\/06\/Charla-Crianza-Terneros-Puerto-Varas-Cooprinsem.jpg","type":"image\/jpeg"}],"author":"periodista","twitter_card":"summary_large_image","twitter_creator":"@MundoAgropecuar","twitter_site":"@MundoAgropecuar","twitter_misc":{"Escrito por":"periodista","Tiempo de lectura":"2 minutos"},"schema":{"@context":"https:\/\/schema.org","@graph":[{"@type":"Article","@id":"https:\/\/www.mundoagropecuario.cl\/new\/crianza-de-terneros-fue-el-tema-central-de-cita-tecnica-efectuada-en-puerto-varas\/#article","isPartOf":{"@id":"https:\/\/www.mundoagropecuario.cl\/new\/crianza-de-terneros-fue-el-tema-central-de-cita-tecnica-efectuada-en-puerto-varas\/"},"author":{"name":"periodista","@id":"https:\/\/www.mundoagropecuario.cl\/new\/#\/schema\/person\/0c221050801c74e45256a7a9a1ff0803"},"headline":"Crianza de terneros fue el tema central de cita t\u00e9cnica efectuada en Puerto Varas","datePublished":"2019-06-28T05:09:05+00:00","dateModified":"2019-07-02T14:11:47+00:00","mainEntityOfPage":{"@id":"https:\/\/www.mundoagropecuario.cl\/new\/crianza-de-terneros-fue-el-tema-central-de-cita-tecnica-efectuada-en-puerto-varas\/"},"wordCount":401,"publisher":{"@id":"https:\/\/www.mundoagropecuario.cl\/new\/#organization"},"image":{"@id":"https:\/\/www.mundoagropecuario.cl\/new\/crianza-de-terneros-fue-el-tema-central-de-cita-tecnica-efectuada-en-puerto-varas\/#primaryimage"},"thumbnailUrl":"https:\/\/www.mundoagropecuario.cl\/new\/wp-content\/uploads\/2019\/06\/Charla-Crianza-Terneros-Puerto-Varas-Cooprinsem.jpg","keywords":["Cooprinsem","terneros"],"articleSection":["Ganader\u00eda"],"inLanguage":"es"},{"@type":"WebPage","@id":"https:\/\/www.mundoagropecuario.cl\/new\/crianza-de-terneros-fue-el-tema-central-de-cita-tecnica-efectuada-en-puerto-varas\/","url":"https:\/\/www.mundoagropecuario.cl\/new\/crianza-de-terneros-fue-el-tema-central-de-cita-tecnica-efectuada-en-puerto-varas\/","name":"Crianza de terneros fue el tema central de cita t\u00e9cnica efectuada en Puerto Varas - Mundoagropecuario","isPartOf":{"@id":"https:\/\/www.mundoagropecuario.cl\/new\/#website"},"primaryImageOfPage":{"@id":"https:\/\/www.mundoagropecuario.cl\/new\/crianza-de-terneros-fue-el-tema-central-de-cita-tecnica-efectuada-en-puerto-varas\/#primaryimage"},"image":{"@id":"https:\/\/www.mundoagropecuario.cl\/new\/crianza-de-terneros-fue-el-tema-central-de-cita-tecnica-efectuada-en-puerto-varas\/#primaryimage"},"thumbnailUrl":"https:\/\/www.mundoagropecuario.cl\/new\/wp-content\/uploads\/2019\/06\/Charla-Crianza-Terneros-Puerto-Varas-Cooprinsem.jpg","datePublished":"2019-06-28T05:09:05+00:00","dateModified":"2019-07-02T14:11:47+00:00","breadcrumb":{"@id":"https:\/\/www.mundoagropecuario.cl\/new\/crianza-de-terneros-fue-el-tema-central-de-cita-tecnica-efectuada-en-puerto-varas\/#breadcrumb"},"inLanguage":"es","potentialAction":[{"@type":"ReadAction","target":["https:\/\/www.mundoagropecuario.cl\/new\/crianza-de-terneros-fue-el-tema-central-de-cita-tecnica-efectuada-en-puerto-varas\/"]}]},{"@type":"ImageObject","inLanguage":"es","@id":"https:\/\/www.mundoagropecuario.cl\/new\/crianza-de-terneros-fue-el-tema-central-de-cita-tecnica-efectuada-en-puerto-varas\/#primaryimage","url":"https:\/\/www.mundoagropecuario.cl\/new\/wp-content\/uploads\/2019\/06\/Charla-Crianza-Terneros-Puerto-Varas-Cooprinsem.jpg","contentUrl":"https:\/\/www.mundoagropecuario.cl\/new\/wp-content\/uploads\/2019\/06\/Charla-Crianza-Terneros-Puerto-Varas-Cooprinsem.jpg","width":712,"height":400},{"@type":"BreadcrumbList","@id":"https:\/\/www.mundoagropecuario.cl\/new\/crianza-de-terneros-fue-el-tema-central-de-cita-tecnica-efectuada-en-puerto-varas\/#breadcrumb","itemListElement":[{"@type":"ListItem","position":1,"name":"Portada","item":"https:\/\/www.mundoagropecuario.cl\/new\/"},{"@type":"ListItem","position":2,"name":"Crianza de terneros fue el tema central de cita t\u00e9cnica efectuada en Puerto Varas"}]},{"@type":"WebSite","@id":"https:\/\/www.mundoagropecuario.cl\/new\/#website","url":"https:\/\/www.mundoagropecuario.cl\/new\/","name":"Mundoagropecuario","description":"Mundo Agropecuario","publisher":{"@id":"https:\/\/www.mundoagropecuario.cl\/new\/#organization"},"potentialAction":[{"@type":"SearchAction","target":{"@type":"EntryPoint","urlTemplate":"https:\/\/www.mundoagropecuario.cl\/new\/?s={search_term_string}"},"query-input":{"@type":"PropertyValueSpecification","valueRequired":true,"valueName":"search_term_string"}}],"inLanguage":"es"},{"@type":"Organization","@id":"https:\/\/www.mundoagropecuario.cl\/new\/#organization","name":"Revista de Agricultura","url":"https:\/\/www.mundoagropecuario.cl\/new\/","logo":{"@type":"ImageObject","inLanguage":"es","@id":"https:\/\/www.mundoagropecuario.cl\/new\/#\/schema\/logo\/image\/","url":"https:\/\/www.mundoagropecuario.cl\/new\/wp-content\/uploads\/2020\/11\/PORTAL-1-1.png","contentUrl":"https:\/\/www.mundoagropecuario.cl\/new\/wp-content\/uploads\/2020\/11\/PORTAL-1-1.png","width":1026,"height":100,"caption":"Revista de Agricultura"},"image":{"@id":"https:\/\/www.mundoagropecuario.cl\/new\/#\/schema\/logo\/image\/"},"sameAs":["https:\/\/www.facebook.com\/mundo.agropecuario.3","https:\/\/x.com\/MundoAgropecuar","https:\/\/www.linkedin.com\/in\/mundo-agropecuario-934009201\/"]},{"@type":"Person","@id":"https:\/\/www.mundoagropecuario.cl\/new\/#\/schema\/person\/0c221050801c74e45256a7a9a1ff0803","name":"periodista","url":"https:\/\/www.mundoagropecuario.cl\/new\/author\/periodista\/"}]}},"_links":{"self":[{"href":"https:\/\/www.mundoagropecuario.cl\/new\/wp-json\/wp\/v2\/posts\/12590","targetHints":{"allow":["GET"]}}],"collection":[{"href":"https:\/\/www.mundoagropecuario.cl\/new\/wp-json\/wp\/v2\/posts"}],"about":[{"href":"https:\/\/www.mundoagropecuario.cl\/new\/wp-json\/wp\/v2\/types\/post"}],"author":[{"embeddable":true,"href":"https:\/\/www.mundoagropecuario.cl\/new\/wp-json\/wp\/v2\/users\/3"}],"replies":[{"embeddable":true,"href":"https:\/\/www.mundoagropecuario.cl\/new\/wp-json\/wp\/v2\/comments?post=12590"}],"version-history":[{"count":1,"href":"https:\/\/www.mundoagropecuario.cl\/new\/wp-json\/wp\/v2\/posts\/12590\/revisions"}],"predecessor-version":[{"id":12592,"href":"https:\/\/www.mundoagropecuario.cl\/new\/wp-json\/wp\/v2\/posts\/12590\/revisions\/12592"}],"wp:featuredmedia":[{"embeddable":true,"href":"https:\/\/www.mundoagropecuario.cl\/new\/wp-json\/wp\/v2\/media\/12591"}],"wp:attachment":[{"href":"https:\/\/www.mundoagropecuario.cl\/new\/wp-json\/wp\/v2\/media?parent=12590"}],"wp:term":[{"taxonomy":"category","embeddable":true,"href":"https:\/\/www.mundoagropecuario.cl\/new\/wp-json\/wp\/v2\/categories?post=12590"},{"taxonomy":"post_tag","embeddable":true,"href":"https:\/\/www.mundoagropecuario.cl\/new\/wp-json\/wp\/v2\/tags?post=12590"}],"curies":[{"name":"wp","href":"https:\/\/api.w.org\/{rel}","templated":true}]}}