{"id":12541,"date":"2019-06-26T03:26:23","date_gmt":"2019-06-26T06:26:23","guid":{"rendered":"http:\/\/www.mundoagropecuario.cl\/new\/?p=12541"},"modified":"2019-06-27T12:05:32","modified_gmt":"2019-06-27T15:05:32","slug":"herramienta-evalua-efecto-del-cambio-climatico-sobre-pastizales-naturales-de-uso-ganadero","status":"publish","type":"post","link":"https:\/\/www.mundoagropecuario.cl\/new\/herramienta-evalua-efecto-del-cambio-climatico-sobre-pastizales-naturales-de-uso-ganadero\/","title":{"rendered":"Herramienta eval\u00faa efecto del cambio clim\u00e1tico sobre pastizales naturales de uso ganadero"},"content":{"rendered":"\n<ul class=\"wp-block-gallery columns-0 is-cropped wp-block-gallery-1 is-layout-flex wp-block-gallery-is-layout-flex\"><\/ul>\n\n\n\n<p><\/p>\n\n\n\n<p class=\"has-medium-font-size\"><em>Iniciativa del Instituto de Investigaciones Agropecuarias (INIA) est\u00e1 aplic\u00e1ndose en distintas regiones del pa\u00eds, donde resaltan las acciones en Magallanes (La Prensa Austral).<\/em><\/p>\n\n\n\n<p>Los pastizales naturales en la Patagonia sustentan un legado biol\u00f3gico \u00fanico y, desde el punto de vista de la ganader\u00eda, tienen una prolongada historia que comienza alrededor de 1876, con el establecimiento de las grandes estancias en manos privadas, que han desarrollado la ganader\u00eda ovina, la principal actividad agropecuaria en la Patagonia, destinada a la producci\u00f3n de lana y carne.<\/p>\n\n\n\n<p>Los pastizales como ecosistema, al igual que otros en el mundo, se enfrentan al cambio clim\u00e1tico, el que puede traer a corto plazo: la introducci\u00f3n de especies invasoras, sustituci\u00f3n de especies, p\u00e9rdida de biodiversidad y desertificaci\u00f3n. La mayor parte de los pastizales naturales en la Regi\u00f3n de Magallanes se asientan en suelos de origen fluvio glaciar (Pleistoceno) con un horizonte superficial delgado que no llega m\u00e1s all\u00e1 de los 5 cent\u00edmetros de profundidad, susceptible a la degradaci\u00f3n.<\/p>\n\n\n\n<p>En el Instituto de Investigaciones Agropecuarias (Inia) hay especial preocupaci\u00f3n por el monitoreo a largo plazo de pastizales naturales y praderas, entendido como una importante herramienta para detectar cambios.<\/p>\n\n\n\n<p>Algunas de las interrogantes son: \u00bfCu\u00e1nto ha cambiado el pastizal durante los \u00faltimos 10 a\u00f1os? \u00bfC\u00f3mo afecta el manejo actual a las especies palatables o forrajeras? \u00bfEst\u00e1 perdiendo diversidad de especies nativas? \u00bfEl suelo est\u00e1 estabilizado o se est\u00e1 erosionando?<\/p>\n\n\n\n<p>Estas preguntas s\u00f3lo pueden encontrar respuestas con estudios a largo plazo, que son la base para demostrar los efectos de la implementaci\u00f3n de un plan de manejo de pastoreo en un contexto de cambio clim\u00e1tico. El Monitoreo Ambiental de Regiones Aridas y Semi\u00e1ridas conocido como<\/p>\n\n\n\n<p>Maras es una herramienta eficiente y precisa, para detectar los cambios a largo plazo en los pastizales naturales.<\/p>\n\n\n\n<p>Actualmente, Inia Kampenaike cuenta con 23 Monitores Maras instalados, formando una red que cubre los ecosistemas \u00e1ridos y semi\u00e1ridos de uso ganadero en Chile, distribuidos en 16 en la Regi\u00f3n de Magallanes, 4 en la Regi\u00f3n de Ays\u00e9n y 3 en la Regi\u00f3n de Arica y Parinacota. El prop\u00f3sito de esta red es contar con un sistema de alerta temprana, que permita hacer correcciones, cuando el manejo del campo no est\u00e1 marchando en la direcci\u00f3n correcta.<\/p>\n\n\n\n<p>En este contexto, resalta el aporte del Centro Regional Inia Kampenaike, que se encuentra celebrando su 50\u00ba aniversario en la Regi\u00f3n de Magallanes, siempre vinculado a la ganader\u00eda, la agricultura y los recursos naturales.<\/p>\n\n\n\n<p>Los monitores Maras<br>\nSeg\u00fan explica Erwin Dom\u00ednguez, magister en Bot\u00e1nica e investigador de Inia Kampenaike, los Monitoreos Maras consisten en sitios de observaci\u00f3n permanente en el terreno, en los cuales se eval\u00faa con m\u00e9todos repetibles y estandarizados, el estado de la vegetaci\u00f3n y el suelo. Los monitores forman una red con una densidad adecuada para ver efectos a escala regional, pero pueden ser utilizados tambi\u00e9n para evaluar una estancia en particular, si se incrementa el n\u00famero de observaciones.<\/p>\n\n\n\n<p>En este proyecto participan Gabriel Oliva, investigador del Instituto Nacional de Tecnolog\u00eda Agropecuaria (Inta) de Argentina, encargado de los monitoreos Maras en el pa\u00eds vecino; Angel Su\u00e1ez, profesional de apoyo de Inia; Johan B\u00e1ez, estudiante de magister de la Universidad de Chile; y Andr\u00e9s Huanca, profesional de Conaf en Putre, Regi\u00f3n de Arica y Parinacota.<\/p>\n\n\n\n<p>Esta iniciativa cuenta con el financiamiento del Ministerio de Agricultura a trav\u00e9s del Programa \u201cSistemas de Praderas Estep\u00e1ricas de Zonas Fr\u00edas de Chile en la Regi\u00f3n de Magallanes\u201d.<\/p>\n\n\n\n<p>La metodolog\u00eda de instalaci\u00f3n, lectura y procesamiento de la informaci\u00f3n generada considera la instalaci\u00f3n de un monitor. Adem\u00e1s, se debe realizar una reuni\u00f3n t\u00e9cnica con el propietario, para explicar cu\u00e1les son los resultados esperados y par\u00e1metros que ser\u00e1n evaluados. Es muy importante esta etapa, porque debe ser definido en conjunto con el propietario, el sitio adecuado para instalar el monitor. Una vez elegido el sitio, se realiza una entrevista al administrador o propietario de la estancia.<\/p>\n\n\n\n<p><strong>Ubicaci\u00f3n e instalaci\u00f3n<\/strong><\/p>\n\n\n\n<p>El Monitor Maras debe ser ubicado en un lugar que refleje la situaci\u00f3n \u201cnormal\u201d de una formaci\u00f3n vegetal, con una presi\u00f3n de pastoreo promedio, no muy cerca de caminos y de los cercos. Para instalar un monitor se requiere de al menos dos personas.<\/p>\n\n\n\n<p>Estos deben instalar 10 postes met\u00e1licos, formando un rombo, que representa a una parcela fotogr\u00e1fica y tres transectas de 50 metros. Para iniciar la instalaci\u00f3n del monitor, se clavan dos postes a una distancia de 75 metros. Posteriormente, los otros postes se disponen siguiendo el diagrama estandarizado por Inta.<\/p>\n\n\n\n<p><strong>An\u00e1lisis y monitoreo<\/strong><br> Los an\u00e1lisis de los datos registrados, en el formulario de terreno, obtenido de cada Mara, ayudan a monitorear los cambios en la diversidad o en la cobertura, tambi\u00e9n a registrar plantas invasoras (malezas) y detectar aperturas en la cobertura vegetal casi continua que tienen las estepas patag\u00f3nicas en el lado chileno.<\/p>\n\n\n\n<p>Toda la informaci\u00f3n es almacenada en una base de datos administrada por Inta, la que es utilizada para elaborar mapas regionales de variables como cobertura vegetal, diversidad o carbono org\u00e1nico de los suelos.<\/p>\n\n\n\n<p>El poder compartir la informaci\u00f3n que se recolecta de los 430 Monitores Maras ubicados en 11 zonas agroecol\u00f3gicas de la Patagonia, servir\u00e1 para la toma de decisiones y planificaci\u00f3n del manejo sustentable de las estancias.<\/p>\n\n\n\n<p>Esta informaci\u00f3n no s\u00f3lo es importante para investigadores que est\u00e1n alerta sobre el impacto de la desertificaci\u00f3n y del cambio clim\u00e1tico, sino que es de gran utilidad para los m\u00e1s de 700 productores de ovinos que se encuentran distribuidos en toda la Patagonia.<\/p>\n","protected":false},"excerpt":{"rendered":"<p>Iniciativa del Instituto de Investigaciones Agropecuarias (INIA) est\u00e1 aplic\u00e1ndose en distintas regiones del pa\u00eds, donde resaltan las acciones en Magallanes (La Prensa Austral). Los pastizales naturales en la Patagonia sustentan&#8230;<\/p>\n","protected":false},"author":3,"featured_media":12542,"comment_status":"closed","ping_status":"closed","sticky":false,"template":"","format":"standard","meta":{"footnotes":""},"categories":[1944],"tags":[2301,2052,2167,2198,3797,2697],"class_list":["post-12541","post","type-post","status-publish","format-standard","has-post-thumbnail","hentry","category-ganaderia","tag-ganado","tag-inia","tag-inia-kampenaike","tag-magallanes","tag-maras","tag-praderas"],"yoast_head":"<!-- This site is optimized with the Yoast SEO plugin v26.6 - https:\/\/yoast.com\/wordpress\/plugins\/seo\/ -->\n<title>Herramienta eval\u00faa efecto del cambio clim\u00e1tico sobre pastizales naturales de uso ganadero - Mundoagropecuario<\/title>\n<meta name=\"robots\" content=\"index, follow, max-snippet:-1, max-image-preview:large, max-video-preview:-1\" \/>\n<link rel=\"canonical\" href=\"https:\/\/www.mundoagropecuario.cl\/new\/herramienta-evalua-efecto-del-cambio-climatico-sobre-pastizales-naturales-de-uso-ganadero\/\" \/>\n<meta property=\"og:locale\" content=\"es_ES\" \/>\n<meta property=\"og:type\" content=\"article\" \/>\n<meta property=\"og:title\" content=\"Herramienta eval\u00faa efecto del cambio clim\u00e1tico sobre pastizales naturales de uso ganadero - Mundoagropecuario\" \/>\n<meta property=\"og:description\" content=\"Iniciativa del Instituto de Investigaciones Agropecuarias (INIA) est\u00e1 aplic\u00e1ndose en distintas regiones del pa\u00eds, donde resaltan las acciones en Magallanes (La Prensa Austral). Los pastizales naturales en la Patagonia sustentan...\" \/>\n<meta property=\"og:url\" content=\"https:\/\/www.mundoagropecuario.cl\/new\/herramienta-evalua-efecto-del-cambio-climatico-sobre-pastizales-naturales-de-uso-ganadero\/\" \/>\n<meta property=\"og:site_name\" content=\"Mundoagropecuario\" \/>\n<meta property=\"article:publisher\" content=\"https:\/\/www.facebook.com\/mundo.agropecuario.3\" \/>\n<meta property=\"article:published_time\" content=\"2019-06-26T06:26:23+00:00\" \/>\n<meta property=\"article:modified_time\" content=\"2019-06-27T15:05:32+00:00\" \/>\n<meta property=\"og:image\" content=\"https:\/\/www.mundoagropecuario.cl\/new\/wp-content\/uploads\/2019\/06\/Maras-praderas.jpg\" \/>\n\t<meta property=\"og:image:width\" content=\"840\" \/>\n\t<meta property=\"og:image:height\" content=\"481\" \/>\n\t<meta property=\"og:image:type\" content=\"image\/jpeg\" \/>\n<meta name=\"author\" content=\"periodista\" \/>\n<meta name=\"twitter:card\" content=\"summary_large_image\" \/>\n<meta name=\"twitter:creator\" content=\"@MundoAgropecuar\" \/>\n<meta name=\"twitter:site\" content=\"@MundoAgropecuar\" \/>\n<meta name=\"twitter:label1\" content=\"Escrito por\" \/>\n\t<meta name=\"twitter:data1\" content=\"periodista\" \/>\n\t<meta name=\"twitter:label2\" content=\"Tiempo de lectura\" \/>\n\t<meta name=\"twitter:data2\" content=\"5 minutos\" \/>\n<script type=\"application\/ld+json\" class=\"yoast-schema-graph\">{\"@context\":\"https:\/\/schema.org\",\"@graph\":[{\"@type\":\"Article\",\"@id\":\"https:\/\/www.mundoagropecuario.cl\/new\/herramienta-evalua-efecto-del-cambio-climatico-sobre-pastizales-naturales-de-uso-ganadero\/#article\",\"isPartOf\":{\"@id\":\"https:\/\/www.mundoagropecuario.cl\/new\/herramienta-evalua-efecto-del-cambio-climatico-sobre-pastizales-naturales-de-uso-ganadero\/\"},\"author\":{\"name\":\"periodista\",\"@id\":\"https:\/\/www.mundoagropecuario.cl\/new\/#\/schema\/person\/0c221050801c74e45256a7a9a1ff0803\"},\"headline\":\"Herramienta eval\u00faa efecto del cambio clim\u00e1tico sobre pastizales naturales de uso ganadero\",\"datePublished\":\"2019-06-26T06:26:23+00:00\",\"dateModified\":\"2019-06-27T15:05:32+00:00\",\"mainEntityOfPage\":{\"@id\":\"https:\/\/www.mundoagropecuario.cl\/new\/herramienta-evalua-efecto-del-cambio-climatico-sobre-pastizales-naturales-de-uso-ganadero\/\"},\"wordCount\":984,\"publisher\":{\"@id\":\"https:\/\/www.mundoagropecuario.cl\/new\/#organization\"},\"image\":{\"@id\":\"https:\/\/www.mundoagropecuario.cl\/new\/herramienta-evalua-efecto-del-cambio-climatico-sobre-pastizales-naturales-de-uso-ganadero\/#primaryimage\"},\"thumbnailUrl\":\"https:\/\/www.mundoagropecuario.cl\/new\/wp-content\/uploads\/2019\/06\/Maras-praderas.jpg\",\"keywords\":[\"Ganado\",\"INIA\",\"INIA Kampenaike\",\"Magallanes\",\"Maras\",\"praderas\"],\"articleSection\":[\"Ganader\u00eda\"],\"inLanguage\":\"es\"},{\"@type\":\"WebPage\",\"@id\":\"https:\/\/www.mundoagropecuario.cl\/new\/herramienta-evalua-efecto-del-cambio-climatico-sobre-pastizales-naturales-de-uso-ganadero\/\",\"url\":\"https:\/\/www.mundoagropecuario.cl\/new\/herramienta-evalua-efecto-del-cambio-climatico-sobre-pastizales-naturales-de-uso-ganadero\/\",\"name\":\"Herramienta eval\u00faa efecto del cambio clim\u00e1tico sobre pastizales naturales de uso ganadero - Mundoagropecuario\",\"isPartOf\":{\"@id\":\"https:\/\/www.mundoagropecuario.cl\/new\/#website\"},\"primaryImageOfPage\":{\"@id\":\"https:\/\/www.mundoagropecuario.cl\/new\/herramienta-evalua-efecto-del-cambio-climatico-sobre-pastizales-naturales-de-uso-ganadero\/#primaryimage\"},\"image\":{\"@id\":\"https:\/\/www.mundoagropecuario.cl\/new\/herramienta-evalua-efecto-del-cambio-climatico-sobre-pastizales-naturales-de-uso-ganadero\/#primaryimage\"},\"thumbnailUrl\":\"https:\/\/www.mundoagropecuario.cl\/new\/wp-content\/uploads\/2019\/06\/Maras-praderas.jpg\",\"datePublished\":\"2019-06-26T06:26:23+00:00\",\"dateModified\":\"2019-06-27T15:05:32+00:00\",\"breadcrumb\":{\"@id\":\"https:\/\/www.mundoagropecuario.cl\/new\/herramienta-evalua-efecto-del-cambio-climatico-sobre-pastizales-naturales-de-uso-ganadero\/#breadcrumb\"},\"inLanguage\":\"es\",\"potentialAction\":[{\"@type\":\"ReadAction\",\"target\":[\"https:\/\/www.mundoagropecuario.cl\/new\/herramienta-evalua-efecto-del-cambio-climatico-sobre-pastizales-naturales-de-uso-ganadero\/\"]}]},{\"@type\":\"ImageObject\",\"inLanguage\":\"es\",\"@id\":\"https:\/\/www.mundoagropecuario.cl\/new\/herramienta-evalua-efecto-del-cambio-climatico-sobre-pastizales-naturales-de-uso-ganadero\/#primaryimage\",\"url\":\"https:\/\/www.mundoagropecuario.cl\/new\/wp-content\/uploads\/2019\/06\/Maras-praderas.jpg\",\"contentUrl\":\"https:\/\/www.mundoagropecuario.cl\/new\/wp-content\/uploads\/2019\/06\/Maras-praderas.jpg\",\"width\":699,\"height\":400},{\"@type\":\"BreadcrumbList\",\"@id\":\"https:\/\/www.mundoagropecuario.cl\/new\/herramienta-evalua-efecto-del-cambio-climatico-sobre-pastizales-naturales-de-uso-ganadero\/#breadcrumb\",\"itemListElement\":[{\"@type\":\"ListItem\",\"position\":1,\"name\":\"Portada\",\"item\":\"https:\/\/www.mundoagropecuario.cl\/new\/\"},{\"@type\":\"ListItem\",\"position\":2,\"name\":\"Herramienta eval\u00faa efecto del cambio clim\u00e1tico sobre pastizales naturales de uso ganadero\"}]},{\"@type\":\"WebSite\",\"@id\":\"https:\/\/www.mundoagropecuario.cl\/new\/#website\",\"url\":\"https:\/\/www.mundoagropecuario.cl\/new\/\",\"name\":\"Mundoagropecuario\",\"description\":\"Mundo Agropecuario\",\"publisher\":{\"@id\":\"https:\/\/www.mundoagropecuario.cl\/new\/#organization\"},\"potentialAction\":[{\"@type\":\"SearchAction\",\"target\":{\"@type\":\"EntryPoint\",\"urlTemplate\":\"https:\/\/www.mundoagropecuario.cl\/new\/?s={search_term_string}\"},\"query-input\":{\"@type\":\"PropertyValueSpecification\",\"valueRequired\":true,\"valueName\":\"search_term_string\"}}],\"inLanguage\":\"es\"},{\"@type\":\"Organization\",\"@id\":\"https:\/\/www.mundoagropecuario.cl\/new\/#organization\",\"name\":\"Revista de Agricultura\",\"url\":\"https:\/\/www.mundoagropecuario.cl\/new\/\",\"logo\":{\"@type\":\"ImageObject\",\"inLanguage\":\"es\",\"@id\":\"https:\/\/www.mundoagropecuario.cl\/new\/#\/schema\/logo\/image\/\",\"url\":\"https:\/\/www.mundoagropecuario.cl\/new\/wp-content\/uploads\/2020\/11\/PORTAL-1-1.png\",\"contentUrl\":\"https:\/\/www.mundoagropecuario.cl\/new\/wp-content\/uploads\/2020\/11\/PORTAL-1-1.png\",\"width\":1026,\"height\":100,\"caption\":\"Revista de Agricultura\"},\"image\":{\"@id\":\"https:\/\/www.mundoagropecuario.cl\/new\/#\/schema\/logo\/image\/\"},\"sameAs\":[\"https:\/\/www.facebook.com\/mundo.agropecuario.3\",\"https:\/\/x.com\/MundoAgropecuar\",\"https:\/\/www.linkedin.com\/in\/mundo-agropecuario-934009201\/\"]},{\"@type\":\"Person\",\"@id\":\"https:\/\/www.mundoagropecuario.cl\/new\/#\/schema\/person\/0c221050801c74e45256a7a9a1ff0803\",\"name\":\"periodista\",\"url\":\"https:\/\/www.mundoagropecuario.cl\/new\/author\/periodista\/\"}]}<\/script>\n<!-- \/ Yoast SEO plugin. -->","yoast_head_json":{"title":"Herramienta eval\u00faa efecto del cambio clim\u00e1tico sobre pastizales naturales de uso ganadero - Mundoagropecuario","robots":{"index":"index","follow":"follow","max-snippet":"max-snippet:-1","max-image-preview":"max-image-preview:large","max-video-preview":"max-video-preview:-1"},"canonical":"https:\/\/www.mundoagropecuario.cl\/new\/herramienta-evalua-efecto-del-cambio-climatico-sobre-pastizales-naturales-de-uso-ganadero\/","og_locale":"es_ES","og_type":"article","og_title":"Herramienta eval\u00faa efecto del cambio clim\u00e1tico sobre pastizales naturales de uso ganadero - Mundoagropecuario","og_description":"Iniciativa del Instituto de Investigaciones Agropecuarias (INIA) est\u00e1 aplic\u00e1ndose en distintas regiones del pa\u00eds, donde resaltan las acciones en Magallanes (La Prensa Austral). Los pastizales naturales en la Patagonia sustentan...","og_url":"https:\/\/www.mundoagropecuario.cl\/new\/herramienta-evalua-efecto-del-cambio-climatico-sobre-pastizales-naturales-de-uso-ganadero\/","og_site_name":"Mundoagropecuario","article_publisher":"https:\/\/www.facebook.com\/mundo.agropecuario.3","article_published_time":"2019-06-26T06:26:23+00:00","article_modified_time":"2019-06-27T15:05:32+00:00","og_image":[{"width":840,"height":481,"url":"https:\/\/www.mundoagropecuario.cl\/new\/wp-content\/uploads\/2019\/06\/Maras-praderas.jpg","type":"image\/jpeg"}],"author":"periodista","twitter_card":"summary_large_image","twitter_creator":"@MundoAgropecuar","twitter_site":"@MundoAgropecuar","twitter_misc":{"Escrito por":"periodista","Tiempo de lectura":"5 minutos"},"schema":{"@context":"https:\/\/schema.org","@graph":[{"@type":"Article","@id":"https:\/\/www.mundoagropecuario.cl\/new\/herramienta-evalua-efecto-del-cambio-climatico-sobre-pastizales-naturales-de-uso-ganadero\/#article","isPartOf":{"@id":"https:\/\/www.mundoagropecuario.cl\/new\/herramienta-evalua-efecto-del-cambio-climatico-sobre-pastizales-naturales-de-uso-ganadero\/"},"author":{"name":"periodista","@id":"https:\/\/www.mundoagropecuario.cl\/new\/#\/schema\/person\/0c221050801c74e45256a7a9a1ff0803"},"headline":"Herramienta eval\u00faa efecto del cambio clim\u00e1tico sobre pastizales naturales de uso ganadero","datePublished":"2019-06-26T06:26:23+00:00","dateModified":"2019-06-27T15:05:32+00:00","mainEntityOfPage":{"@id":"https:\/\/www.mundoagropecuario.cl\/new\/herramienta-evalua-efecto-del-cambio-climatico-sobre-pastizales-naturales-de-uso-ganadero\/"},"wordCount":984,"publisher":{"@id":"https:\/\/www.mundoagropecuario.cl\/new\/#organization"},"image":{"@id":"https:\/\/www.mundoagropecuario.cl\/new\/herramienta-evalua-efecto-del-cambio-climatico-sobre-pastizales-naturales-de-uso-ganadero\/#primaryimage"},"thumbnailUrl":"https:\/\/www.mundoagropecuario.cl\/new\/wp-content\/uploads\/2019\/06\/Maras-praderas.jpg","keywords":["Ganado","INIA","INIA Kampenaike","Magallanes","Maras","praderas"],"articleSection":["Ganader\u00eda"],"inLanguage":"es"},{"@type":"WebPage","@id":"https:\/\/www.mundoagropecuario.cl\/new\/herramienta-evalua-efecto-del-cambio-climatico-sobre-pastizales-naturales-de-uso-ganadero\/","url":"https:\/\/www.mundoagropecuario.cl\/new\/herramienta-evalua-efecto-del-cambio-climatico-sobre-pastizales-naturales-de-uso-ganadero\/","name":"Herramienta eval\u00faa efecto del cambio clim\u00e1tico sobre pastizales naturales de uso ganadero - Mundoagropecuario","isPartOf":{"@id":"https:\/\/www.mundoagropecuario.cl\/new\/#website"},"primaryImageOfPage":{"@id":"https:\/\/www.mundoagropecuario.cl\/new\/herramienta-evalua-efecto-del-cambio-climatico-sobre-pastizales-naturales-de-uso-ganadero\/#primaryimage"},"image":{"@id":"https:\/\/www.mundoagropecuario.cl\/new\/herramienta-evalua-efecto-del-cambio-climatico-sobre-pastizales-naturales-de-uso-ganadero\/#primaryimage"},"thumbnailUrl":"https:\/\/www.mundoagropecuario.cl\/new\/wp-content\/uploads\/2019\/06\/Maras-praderas.jpg","datePublished":"2019-06-26T06:26:23+00:00","dateModified":"2019-06-27T15:05:32+00:00","breadcrumb":{"@id":"https:\/\/www.mundoagropecuario.cl\/new\/herramienta-evalua-efecto-del-cambio-climatico-sobre-pastizales-naturales-de-uso-ganadero\/#breadcrumb"},"inLanguage":"es","potentialAction":[{"@type":"ReadAction","target":["https:\/\/www.mundoagropecuario.cl\/new\/herramienta-evalua-efecto-del-cambio-climatico-sobre-pastizales-naturales-de-uso-ganadero\/"]}]},{"@type":"ImageObject","inLanguage":"es","@id":"https:\/\/www.mundoagropecuario.cl\/new\/herramienta-evalua-efecto-del-cambio-climatico-sobre-pastizales-naturales-de-uso-ganadero\/#primaryimage","url":"https:\/\/www.mundoagropecuario.cl\/new\/wp-content\/uploads\/2019\/06\/Maras-praderas.jpg","contentUrl":"https:\/\/www.mundoagropecuario.cl\/new\/wp-content\/uploads\/2019\/06\/Maras-praderas.jpg","width":699,"height":400},{"@type":"BreadcrumbList","@id":"https:\/\/www.mundoagropecuario.cl\/new\/herramienta-evalua-efecto-del-cambio-climatico-sobre-pastizales-naturales-de-uso-ganadero\/#breadcrumb","itemListElement":[{"@type":"ListItem","position":1,"name":"Portada","item":"https:\/\/www.mundoagropecuario.cl\/new\/"},{"@type":"ListItem","position":2,"name":"Herramienta eval\u00faa efecto del cambio clim\u00e1tico sobre pastizales naturales de uso ganadero"}]},{"@type":"WebSite","@id":"https:\/\/www.mundoagropecuario.cl\/new\/#website","url":"https:\/\/www.mundoagropecuario.cl\/new\/","name":"Mundoagropecuario","description":"Mundo Agropecuario","publisher":{"@id":"https:\/\/www.mundoagropecuario.cl\/new\/#organization"},"potentialAction":[{"@type":"SearchAction","target":{"@type":"EntryPoint","urlTemplate":"https:\/\/www.mundoagropecuario.cl\/new\/?s={search_term_string}"},"query-input":{"@type":"PropertyValueSpecification","valueRequired":true,"valueName":"search_term_string"}}],"inLanguage":"es"},{"@type":"Organization","@id":"https:\/\/www.mundoagropecuario.cl\/new\/#organization","name":"Revista de Agricultura","url":"https:\/\/www.mundoagropecuario.cl\/new\/","logo":{"@type":"ImageObject","inLanguage":"es","@id":"https:\/\/www.mundoagropecuario.cl\/new\/#\/schema\/logo\/image\/","url":"https:\/\/www.mundoagropecuario.cl\/new\/wp-content\/uploads\/2020\/11\/PORTAL-1-1.png","contentUrl":"https:\/\/www.mundoagropecuario.cl\/new\/wp-content\/uploads\/2020\/11\/PORTAL-1-1.png","width":1026,"height":100,"caption":"Revista de Agricultura"},"image":{"@id":"https:\/\/www.mundoagropecuario.cl\/new\/#\/schema\/logo\/image\/"},"sameAs":["https:\/\/www.facebook.com\/mundo.agropecuario.3","https:\/\/x.com\/MundoAgropecuar","https:\/\/www.linkedin.com\/in\/mundo-agropecuario-934009201\/"]},{"@type":"Person","@id":"https:\/\/www.mundoagropecuario.cl\/new\/#\/schema\/person\/0c221050801c74e45256a7a9a1ff0803","name":"periodista","url":"https:\/\/www.mundoagropecuario.cl\/new\/author\/periodista\/"}]}},"_links":{"self":[{"href":"https:\/\/www.mundoagropecuario.cl\/new\/wp-json\/wp\/v2\/posts\/12541","targetHints":{"allow":["GET"]}}],"collection":[{"href":"https:\/\/www.mundoagropecuario.cl\/new\/wp-json\/wp\/v2\/posts"}],"about":[{"href":"https:\/\/www.mundoagropecuario.cl\/new\/wp-json\/wp\/v2\/types\/post"}],"author":[{"embeddable":true,"href":"https:\/\/www.mundoagropecuario.cl\/new\/wp-json\/wp\/v2\/users\/3"}],"replies":[{"embeddable":true,"href":"https:\/\/www.mundoagropecuario.cl\/new\/wp-json\/wp\/v2\/comments?post=12541"}],"version-history":[{"count":2,"href":"https:\/\/www.mundoagropecuario.cl\/new\/wp-json\/wp\/v2\/posts\/12541\/revisions"}],"predecessor-version":[{"id":12580,"href":"https:\/\/www.mundoagropecuario.cl\/new\/wp-json\/wp\/v2\/posts\/12541\/revisions\/12580"}],"wp:featuredmedia":[{"embeddable":true,"href":"https:\/\/www.mundoagropecuario.cl\/new\/wp-json\/wp\/v2\/media\/12542"}],"wp:attachment":[{"href":"https:\/\/www.mundoagropecuario.cl\/new\/wp-json\/wp\/v2\/media?parent=12541"}],"wp:term":[{"taxonomy":"category","embeddable":true,"href":"https:\/\/www.mundoagropecuario.cl\/new\/wp-json\/wp\/v2\/categories?post=12541"},{"taxonomy":"post_tag","embeddable":true,"href":"https:\/\/www.mundoagropecuario.cl\/new\/wp-json\/wp\/v2\/tags?post=12541"}],"curies":[{"name":"wp","href":"https:\/\/api.w.org\/{rel}","templated":true}]}}