{"id":12495,"date":"2019-06-24T02:41:18","date_gmt":"2019-06-24T05:41:18","guid":{"rendered":"http:\/\/www.mundoagropecuario.cl\/new\/?p=12495"},"modified":"2019-06-25T11:07:32","modified_gmt":"2019-06-25T14:07:32","slug":"destacan-herramienta-guia-para-la-toma-de-decisiones-respecto-del-manejo-de-bosques","status":"publish","type":"post","link":"https:\/\/www.mundoagropecuario.cl\/new\/destacan-herramienta-guia-para-la-toma-de-decisiones-respecto-del-manejo-de-bosques\/","title":{"rendered":"Destacan herramienta gu\u00eda para la toma de decisiones respecto del manejo de bosques"},"content":{"rendered":"\n<ul class=\"wp-block-gallery columns-0 is-cropped wp-block-gallery-1 is-layout-flex wp-block-gallery-is-layout-flex\"><\/ul>\n\n\n\n<p><\/p>\n\n\n\n<p><em>Experto miembro del Panel Intergubernamental sobre el Cambio Clim\u00e1tico IPCC, grupo que el a\u00f1o 2007 recibi\u00f3 el Premio Nobel de la Paz, dicta clases en Chile sobre el Modelo de Balance de Carbono Forestal, sistema que proporciona informaci\u00f3n para la toma de decisiones en el manejo de los bosques, logrando mayores beneficios de mitigaci\u00f3n frente al cambio clim\u00e1tico (Mundo Agropecuario).<\/em><\/p>\n\n\n\n<p>Con el objetivo de contribuir a mejorar las capacidades\nt\u00e9cnicas de los pa\u00edses de Am\u00e9rica Latina y el Caribe, relacionadas con la\nmedici\u00f3n, reporte y verificaci\u00f3n del carbono de los bosques se llev\u00f3 a cabo la\n30\u00aa versi\u00f3n del Workshop Internacional Modelo de Balance de Carbono Forestal\ndel Servicio Forestal Canadiense.<\/p>\n\n\n\n<p>Esta iniciativa organizada por CONAF y el Servicio Forestal\nCanadiense, se realiz\u00f3 bajo el marco del Tratado Bilateral entre Canad\u00e1 y Chile\nfirmado en 1997 y su acuerdo de Cooperaci\u00f3n Internacional entre ambos pa\u00edses.\nCont\u00f3 adem\u00e1s con la colaboraci\u00f3n de la Agencia Suiza para Desarrollo y\nCooperaci\u00f3n COSUDE y del programa Interagencia del Gobierno de Estados Unidos,\nSylvaCarbon.<\/p>\n\n\n\n<p>En la oportunidad, participaron profesionales de M\u00e9xico,\nHonduras, Per\u00fa, Colombia, Ecuador, Uruguay, B\u00e9lice y por supuesto Chile, cuya\nformaci\u00f3n se vincula al monitoreo de carbono, especialmente relacionados al\nan\u00e1lisis de flujos y balance de carbono en bosques.<\/p>\n\n\n\n<p>El Curso Internacional se llev\u00f3 a cabo durante tres jornadas\nen las dependencias de FAO y cont\u00f3 con la participaci\u00f3n de Werner Kurz y\nStephen Kull, ambos expertos del Servicio Forestal Canadiense (Natural\nResources Canada).<\/p>\n\n\n\n<p>Kurz es cient\u00edfico investigador senior, quien lidera el\ndesarrollo del Monitoreo de Carbono Forestal de Canad\u00e1, el Sistema de\nContabilidad y Reporte y el proyecto de Manejo de Carbono Forestal del Pacific\nInstitute for Climate Solution, adem\u00e1s ha hecho contribuciones significativas\nal Panel Intergubernamental sobre el Cambio Clim\u00e1tico IPCC, que el a\u00f1o 2007\nrecibi\u00f3 el Premio Nobel de la Paz, por su contribuci\u00f3n en la investigaci\u00f3n de\ncambio clim\u00e1tico<\/p>\n\n\n\n<p>En tanto, Kull es el contacto principal del equipo de\nprofesionales del Servicio Forestal Canadiense para la herramienta del Modelo\nde Balance de Carbono Forestal, as\u00ed como responsable de proveer soporte t\u00e9cnico\na la comunidad de usuarios del sistema, documentaci\u00f3n t\u00e9cnica y materiales de\nentrenamiento del software y de la organizaci\u00f3n de talleres.<\/p>\n\n\n\n<p>Durante el Curso, los expertos destacaron el rol de los\nbosques respecto de la mitigaci\u00f3n del cambio clim\u00e1tico. Al respecto Kurz\nsostuvo que \u201clos bosques a nivel global cumplen un rol vital en el ciclo de\ncarbono y en mitigar el cambio clim\u00e1tico. Durante las \u00faltimas d\u00e9cadas los\nbosques han removido de la atm\u00f3sfera entre el 25 y el 30% de las emisiones\nanuales de combustibles f\u00f3siles realizadas por el humano. Los oc\u00e9anos han\nremovido otro 25%. Por lo que entre ambos el 50% de las emisiones anuales de\ncarbono han sido absorbidos por los bosques y oc\u00e9anos\u201d.<\/p>\n\n\n\n<p>Asimismo, el cient\u00edfico fue enf\u00e1tico en se\u00f1alar que, a\u00fan con\ntoda la informaci\u00f3n que se tiene no es posible saber c\u00f3mo el cambio clim\u00e1tico\nafectar\u00e1 el rol que hoy tienen los bosques en la mitigaci\u00f3n. &nbsp;\u201cLo que no sabemos es como el futuro cambio\nclim\u00e1tico influenciar\u00e1 la habilidad de los bosques de continuar removiendo y\nabsorbiendo di\u00f3xido de carbono de la atm\u00f3sfera. Por lo que hay muchos debates,\nentre los servicios forestales y los gestores forestales, acerca de las\nestrategias que pueden ser usadas para que los bosques contribuyan a la\nreducci\u00f3n de futuras emisiones de GEI\u201d.<\/p>\n\n\n\n<p>Agreg\u00f3 que \u201choy el debate es acerca de las estrategias que\npor un lado buscan la conservaci\u00f3n de los bosques existentes y otras que buscan\nun manejo activo de los bosques que crean sumideros activos de carbono, que\nremuevan di\u00f3xido de carbono de la atm\u00f3sfera, cosechar el bosque, y transformar\nla madera en productos de largo plazo que puedan ser guardados en formas\nmodernas. Por lo que el \u00e9xito del manejo del bosque en este escenario, ser\u00eda\ncontribuir a remover el di\u00f3xido de carbono de la atm\u00f3sfera, almacenar este\ncarbono en los bosques y cuando el tiempo de cosechar llegue, transformar ese\ncarbono en productos madereros de largo plazo, en desmedro de productos de\ncorto plazo. Si podemos manejar un ciclo como este y desarrollar estrategias\nsociales que involucran a los bosques como sumideros de carbono activos,\nmientras almacenemos el carbono removido desde los bosques, entonces nosotros\npodemos hacer una contribuci\u00f3n significativa al cambio clim\u00e1tico\u201d, expres\u00f3.<\/p>\n\n\n\n<p>Refiri\u00e9ndose al Modelo de Balance de Carbono Forestal, el\nexperto puntualiz\u00f3 que, \u201cdesarrollar pol\u00edticas para reducir los Gases de Efecto\nInvernadero e incrementar los sumideros de carbono, requieren un profundo\nentendimiento de la ciencia detr\u00e1s de los ciclos de carbono forestal. El modelo\nque estamos ense\u00f1ando, dijo, es una herramienta desarrollada para mejorar el\nentendimiento cient\u00edfico para integrar datos de diferentes fuentes apoyando de\nesta forma el an\u00e1lisis de las consecuencias del manejo forestal en el ciclo de\ncarbono\u201d.<\/p>\n\n\n\n<p>Explic\u00f3 finalmente que \u201cla herramienta en s\u00ed misma no mitiga\nel cambio clim\u00e1tico, pero la informaci\u00f3n obtenida con este tipo de an\u00e1lisis nos\npermite un debate entre quienes manejamos los bosques y otros interesados para\nla toma de decisiones en c\u00f3mo los bosques y sus productos deben ser manejados,\ncomo opciones alternativas permiten beneficios de mitigaci\u00f3n de cambio\nclim\u00e1tico mucho mayores\u201d.<\/p>\n\n\n\n<p>Kurz es cient\u00edfico investigador senior, quien lidera el\ndesarrollo del Monitoreo de Carbono Forestal de Canad\u00e1, el Sistema de\nContabilidad y Reporte y el proyecto de Manejo de Carbono Forestal del Pacific\nInstitute for Climate Solution.<\/p>\n","protected":false},"excerpt":{"rendered":"<p>Experto miembro del Panel Intergubernamental sobre el Cambio Clim\u00e1tico IPCC, grupo que el a\u00f1o 2007 recibi\u00f3 el Premio Nobel de la Paz, dicta clases en Chile sobre el Modelo de&#8230;<\/p>\n","protected":false},"author":3,"featured_media":10894,"comment_status":"closed","ping_status":"closed","sticky":false,"template":"","format":"standard","meta":{"footnotes":""},"categories":[1949],"tags":[3788,542,3789],"class_list":["post-12495","post","type-post","status-publish","format-standard","has-post-thumbnail","hentry","category-forestal","tag-bosque","tag-cambio-climatico","tag-manejo-de-bosques"],"yoast_head":"<!-- This site is optimized with the Yoast SEO plugin v26.6 - https:\/\/yoast.com\/wordpress\/plugins\/seo\/ -->\n<title>Destacan herramienta gu\u00eda para la toma de decisiones respecto del manejo de bosques - Mundoagropecuario<\/title>\n<meta name=\"robots\" content=\"index, follow, max-snippet:-1, max-image-preview:large, max-video-preview:-1\" \/>\n<link rel=\"canonical\" href=\"https:\/\/www.mundoagropecuario.cl\/new\/destacan-herramienta-guia-para-la-toma-de-decisiones-respecto-del-manejo-de-bosques\/\" \/>\n<meta property=\"og:locale\" content=\"es_ES\" \/>\n<meta property=\"og:type\" content=\"article\" \/>\n<meta property=\"og:title\" content=\"Destacan herramienta gu\u00eda para la toma de decisiones respecto del manejo de bosques - Mundoagropecuario\" \/>\n<meta property=\"og:description\" content=\"Experto miembro del Panel Intergubernamental sobre el Cambio Clim\u00e1tico IPCC, grupo que el a\u00f1o 2007 recibi\u00f3 el Premio Nobel de la Paz, dicta clases en Chile sobre el Modelo de...\" \/>\n<meta property=\"og:url\" content=\"https:\/\/www.mundoagropecuario.cl\/new\/destacan-herramienta-guia-para-la-toma-de-decisiones-respecto-del-manejo-de-bosques\/\" \/>\n<meta property=\"og:site_name\" content=\"Mundoagropecuario\" \/>\n<meta property=\"article:publisher\" content=\"https:\/\/www.facebook.com\/mundo.agropecuario.3\" \/>\n<meta property=\"article:published_time\" content=\"2019-06-24T05:41:18+00:00\" \/>\n<meta property=\"article:modified_time\" content=\"2019-06-25T14:07:32+00:00\" \/>\n<meta property=\"og:image\" content=\"https:\/\/www.mundoagropecuario.cl\/new\/wp-content\/uploads\/2019\/03\/bosque-degradado-CIEP.jpg\" \/>\n\t<meta property=\"og:image:width\" content=\"960\" \/>\n\t<meta property=\"og:image:height\" content=\"720\" \/>\n\t<meta property=\"og:image:type\" content=\"image\/jpeg\" \/>\n<meta name=\"author\" content=\"periodista\" \/>\n<meta name=\"twitter:card\" content=\"summary_large_image\" \/>\n<meta name=\"twitter:creator\" content=\"@MundoAgropecuar\" \/>\n<meta name=\"twitter:site\" content=\"@MundoAgropecuar\" \/>\n<meta name=\"twitter:label1\" content=\"Escrito por\" \/>\n\t<meta name=\"twitter:data1\" content=\"periodista\" \/>\n\t<meta name=\"twitter:label2\" content=\"Tiempo de lectura\" \/>\n\t<meta name=\"twitter:data2\" content=\"5 minutos\" \/>\n<script type=\"application\/ld+json\" class=\"yoast-schema-graph\">{\"@context\":\"https:\/\/schema.org\",\"@graph\":[{\"@type\":\"Article\",\"@id\":\"https:\/\/www.mundoagropecuario.cl\/new\/destacan-herramienta-guia-para-la-toma-de-decisiones-respecto-del-manejo-de-bosques\/#article\",\"isPartOf\":{\"@id\":\"https:\/\/www.mundoagropecuario.cl\/new\/destacan-herramienta-guia-para-la-toma-de-decisiones-respecto-del-manejo-de-bosques\/\"},\"author\":{\"name\":\"periodista\",\"@id\":\"https:\/\/www.mundoagropecuario.cl\/new\/#\/schema\/person\/0c221050801c74e45256a7a9a1ff0803\"},\"headline\":\"Destacan herramienta gu\u00eda para la toma de decisiones respecto del manejo de bosques\",\"datePublished\":\"2019-06-24T05:41:18+00:00\",\"dateModified\":\"2019-06-25T14:07:32+00:00\",\"mainEntityOfPage\":{\"@id\":\"https:\/\/www.mundoagropecuario.cl\/new\/destacan-herramienta-guia-para-la-toma-de-decisiones-respecto-del-manejo-de-bosques\/\"},\"wordCount\":970,\"publisher\":{\"@id\":\"https:\/\/www.mundoagropecuario.cl\/new\/#organization\"},\"image\":{\"@id\":\"https:\/\/www.mundoagropecuario.cl\/new\/destacan-herramienta-guia-para-la-toma-de-decisiones-respecto-del-manejo-de-bosques\/#primaryimage\"},\"thumbnailUrl\":\"https:\/\/www.mundoagropecuario.cl\/new\/wp-content\/uploads\/2019\/03\/bosque-degradado-CIEP.jpg\",\"keywords\":[\"bosque\",\"Cambio clim\u00e1tico\",\"manejo de bosques\"],\"articleSection\":[\"Forestal\"],\"inLanguage\":\"es\"},{\"@type\":\"WebPage\",\"@id\":\"https:\/\/www.mundoagropecuario.cl\/new\/destacan-herramienta-guia-para-la-toma-de-decisiones-respecto-del-manejo-de-bosques\/\",\"url\":\"https:\/\/www.mundoagropecuario.cl\/new\/destacan-herramienta-guia-para-la-toma-de-decisiones-respecto-del-manejo-de-bosques\/\",\"name\":\"Destacan herramienta gu\u00eda para la toma de decisiones respecto del manejo de bosques - Mundoagropecuario\",\"isPartOf\":{\"@id\":\"https:\/\/www.mundoagropecuario.cl\/new\/#website\"},\"primaryImageOfPage\":{\"@id\":\"https:\/\/www.mundoagropecuario.cl\/new\/destacan-herramienta-guia-para-la-toma-de-decisiones-respecto-del-manejo-de-bosques\/#primaryimage\"},\"image\":{\"@id\":\"https:\/\/www.mundoagropecuario.cl\/new\/destacan-herramienta-guia-para-la-toma-de-decisiones-respecto-del-manejo-de-bosques\/#primaryimage\"},\"thumbnailUrl\":\"https:\/\/www.mundoagropecuario.cl\/new\/wp-content\/uploads\/2019\/03\/bosque-degradado-CIEP.jpg\",\"datePublished\":\"2019-06-24T05:41:18+00:00\",\"dateModified\":\"2019-06-25T14:07:32+00:00\",\"breadcrumb\":{\"@id\":\"https:\/\/www.mundoagropecuario.cl\/new\/destacan-herramienta-guia-para-la-toma-de-decisiones-respecto-del-manejo-de-bosques\/#breadcrumb\"},\"inLanguage\":\"es\",\"potentialAction\":[{\"@type\":\"ReadAction\",\"target\":[\"https:\/\/www.mundoagropecuario.cl\/new\/destacan-herramienta-guia-para-la-toma-de-decisiones-respecto-del-manejo-de-bosques\/\"]}]},{\"@type\":\"ImageObject\",\"inLanguage\":\"es\",\"@id\":\"https:\/\/www.mundoagropecuario.cl\/new\/destacan-herramienta-guia-para-la-toma-de-decisiones-respecto-del-manejo-de-bosques\/#primaryimage\",\"url\":\"https:\/\/www.mundoagropecuario.cl\/new\/wp-content\/uploads\/2019\/03\/bosque-degradado-CIEP.jpg\",\"contentUrl\":\"https:\/\/www.mundoagropecuario.cl\/new\/wp-content\/uploads\/2019\/03\/bosque-degradado-CIEP.jpg\",\"width\":533,\"height\":400},{\"@type\":\"BreadcrumbList\",\"@id\":\"https:\/\/www.mundoagropecuario.cl\/new\/destacan-herramienta-guia-para-la-toma-de-decisiones-respecto-del-manejo-de-bosques\/#breadcrumb\",\"itemListElement\":[{\"@type\":\"ListItem\",\"position\":1,\"name\":\"Portada\",\"item\":\"https:\/\/www.mundoagropecuario.cl\/new\/\"},{\"@type\":\"ListItem\",\"position\":2,\"name\":\"Destacan herramienta gu\u00eda para la toma de decisiones respecto del manejo de bosques\"}]},{\"@type\":\"WebSite\",\"@id\":\"https:\/\/www.mundoagropecuario.cl\/new\/#website\",\"url\":\"https:\/\/www.mundoagropecuario.cl\/new\/\",\"name\":\"Mundoagropecuario\",\"description\":\"Mundo Agropecuario\",\"publisher\":{\"@id\":\"https:\/\/www.mundoagropecuario.cl\/new\/#organization\"},\"potentialAction\":[{\"@type\":\"SearchAction\",\"target\":{\"@type\":\"EntryPoint\",\"urlTemplate\":\"https:\/\/www.mundoagropecuario.cl\/new\/?s={search_term_string}\"},\"query-input\":{\"@type\":\"PropertyValueSpecification\",\"valueRequired\":true,\"valueName\":\"search_term_string\"}}],\"inLanguage\":\"es\"},{\"@type\":\"Organization\",\"@id\":\"https:\/\/www.mundoagropecuario.cl\/new\/#organization\",\"name\":\"Revista de Agricultura\",\"url\":\"https:\/\/www.mundoagropecuario.cl\/new\/\",\"logo\":{\"@type\":\"ImageObject\",\"inLanguage\":\"es\",\"@id\":\"https:\/\/www.mundoagropecuario.cl\/new\/#\/schema\/logo\/image\/\",\"url\":\"https:\/\/www.mundoagropecuario.cl\/new\/wp-content\/uploads\/2020\/11\/PORTAL-1-1.png\",\"contentUrl\":\"https:\/\/www.mundoagropecuario.cl\/new\/wp-content\/uploads\/2020\/11\/PORTAL-1-1.png\",\"width\":1026,\"height\":100,\"caption\":\"Revista de Agricultura\"},\"image\":{\"@id\":\"https:\/\/www.mundoagropecuario.cl\/new\/#\/schema\/logo\/image\/\"},\"sameAs\":[\"https:\/\/www.facebook.com\/mundo.agropecuario.3\",\"https:\/\/x.com\/MundoAgropecuar\",\"https:\/\/www.linkedin.com\/in\/mundo-agropecuario-934009201\/\"]},{\"@type\":\"Person\",\"@id\":\"https:\/\/www.mundoagropecuario.cl\/new\/#\/schema\/person\/0c221050801c74e45256a7a9a1ff0803\",\"name\":\"periodista\",\"url\":\"https:\/\/www.mundoagropecuario.cl\/new\/author\/periodista\/\"}]}<\/script>\n<!-- \/ Yoast SEO plugin. -->","yoast_head_json":{"title":"Destacan herramienta gu\u00eda para la toma de decisiones respecto del manejo de bosques - Mundoagropecuario","robots":{"index":"index","follow":"follow","max-snippet":"max-snippet:-1","max-image-preview":"max-image-preview:large","max-video-preview":"max-video-preview:-1"},"canonical":"https:\/\/www.mundoagropecuario.cl\/new\/destacan-herramienta-guia-para-la-toma-de-decisiones-respecto-del-manejo-de-bosques\/","og_locale":"es_ES","og_type":"article","og_title":"Destacan herramienta gu\u00eda para la toma de decisiones respecto del manejo de bosques - Mundoagropecuario","og_description":"Experto miembro del Panel Intergubernamental sobre el Cambio Clim\u00e1tico IPCC, grupo que el a\u00f1o 2007 recibi\u00f3 el Premio Nobel de la Paz, dicta clases en Chile sobre el Modelo de...","og_url":"https:\/\/www.mundoagropecuario.cl\/new\/destacan-herramienta-guia-para-la-toma-de-decisiones-respecto-del-manejo-de-bosques\/","og_site_name":"Mundoagropecuario","article_publisher":"https:\/\/www.facebook.com\/mundo.agropecuario.3","article_published_time":"2019-06-24T05:41:18+00:00","article_modified_time":"2019-06-25T14:07:32+00:00","og_image":[{"width":960,"height":720,"url":"https:\/\/www.mundoagropecuario.cl\/new\/wp-content\/uploads\/2019\/03\/bosque-degradado-CIEP.jpg","type":"image\/jpeg"}],"author":"periodista","twitter_card":"summary_large_image","twitter_creator":"@MundoAgropecuar","twitter_site":"@MundoAgropecuar","twitter_misc":{"Escrito por":"periodista","Tiempo de lectura":"5 minutos"},"schema":{"@context":"https:\/\/schema.org","@graph":[{"@type":"Article","@id":"https:\/\/www.mundoagropecuario.cl\/new\/destacan-herramienta-guia-para-la-toma-de-decisiones-respecto-del-manejo-de-bosques\/#article","isPartOf":{"@id":"https:\/\/www.mundoagropecuario.cl\/new\/destacan-herramienta-guia-para-la-toma-de-decisiones-respecto-del-manejo-de-bosques\/"},"author":{"name":"periodista","@id":"https:\/\/www.mundoagropecuario.cl\/new\/#\/schema\/person\/0c221050801c74e45256a7a9a1ff0803"},"headline":"Destacan herramienta gu\u00eda para la toma de decisiones respecto del manejo de bosques","datePublished":"2019-06-24T05:41:18+00:00","dateModified":"2019-06-25T14:07:32+00:00","mainEntityOfPage":{"@id":"https:\/\/www.mundoagropecuario.cl\/new\/destacan-herramienta-guia-para-la-toma-de-decisiones-respecto-del-manejo-de-bosques\/"},"wordCount":970,"publisher":{"@id":"https:\/\/www.mundoagropecuario.cl\/new\/#organization"},"image":{"@id":"https:\/\/www.mundoagropecuario.cl\/new\/destacan-herramienta-guia-para-la-toma-de-decisiones-respecto-del-manejo-de-bosques\/#primaryimage"},"thumbnailUrl":"https:\/\/www.mundoagropecuario.cl\/new\/wp-content\/uploads\/2019\/03\/bosque-degradado-CIEP.jpg","keywords":["bosque","Cambio clim\u00e1tico","manejo de bosques"],"articleSection":["Forestal"],"inLanguage":"es"},{"@type":"WebPage","@id":"https:\/\/www.mundoagropecuario.cl\/new\/destacan-herramienta-guia-para-la-toma-de-decisiones-respecto-del-manejo-de-bosques\/","url":"https:\/\/www.mundoagropecuario.cl\/new\/destacan-herramienta-guia-para-la-toma-de-decisiones-respecto-del-manejo-de-bosques\/","name":"Destacan herramienta gu\u00eda para la toma de decisiones respecto del manejo de bosques - Mundoagropecuario","isPartOf":{"@id":"https:\/\/www.mundoagropecuario.cl\/new\/#website"},"primaryImageOfPage":{"@id":"https:\/\/www.mundoagropecuario.cl\/new\/destacan-herramienta-guia-para-la-toma-de-decisiones-respecto-del-manejo-de-bosques\/#primaryimage"},"image":{"@id":"https:\/\/www.mundoagropecuario.cl\/new\/destacan-herramienta-guia-para-la-toma-de-decisiones-respecto-del-manejo-de-bosques\/#primaryimage"},"thumbnailUrl":"https:\/\/www.mundoagropecuario.cl\/new\/wp-content\/uploads\/2019\/03\/bosque-degradado-CIEP.jpg","datePublished":"2019-06-24T05:41:18+00:00","dateModified":"2019-06-25T14:07:32+00:00","breadcrumb":{"@id":"https:\/\/www.mundoagropecuario.cl\/new\/destacan-herramienta-guia-para-la-toma-de-decisiones-respecto-del-manejo-de-bosques\/#breadcrumb"},"inLanguage":"es","potentialAction":[{"@type":"ReadAction","target":["https:\/\/www.mundoagropecuario.cl\/new\/destacan-herramienta-guia-para-la-toma-de-decisiones-respecto-del-manejo-de-bosques\/"]}]},{"@type":"ImageObject","inLanguage":"es","@id":"https:\/\/www.mundoagropecuario.cl\/new\/destacan-herramienta-guia-para-la-toma-de-decisiones-respecto-del-manejo-de-bosques\/#primaryimage","url":"https:\/\/www.mundoagropecuario.cl\/new\/wp-content\/uploads\/2019\/03\/bosque-degradado-CIEP.jpg","contentUrl":"https:\/\/www.mundoagropecuario.cl\/new\/wp-content\/uploads\/2019\/03\/bosque-degradado-CIEP.jpg","width":533,"height":400},{"@type":"BreadcrumbList","@id":"https:\/\/www.mundoagropecuario.cl\/new\/destacan-herramienta-guia-para-la-toma-de-decisiones-respecto-del-manejo-de-bosques\/#breadcrumb","itemListElement":[{"@type":"ListItem","position":1,"name":"Portada","item":"https:\/\/www.mundoagropecuario.cl\/new\/"},{"@type":"ListItem","position":2,"name":"Destacan herramienta gu\u00eda para la toma de decisiones respecto del manejo de bosques"}]},{"@type":"WebSite","@id":"https:\/\/www.mundoagropecuario.cl\/new\/#website","url":"https:\/\/www.mundoagropecuario.cl\/new\/","name":"Mundoagropecuario","description":"Mundo Agropecuario","publisher":{"@id":"https:\/\/www.mundoagropecuario.cl\/new\/#organization"},"potentialAction":[{"@type":"SearchAction","target":{"@type":"EntryPoint","urlTemplate":"https:\/\/www.mundoagropecuario.cl\/new\/?s={search_term_string}"},"query-input":{"@type":"PropertyValueSpecification","valueRequired":true,"valueName":"search_term_string"}}],"inLanguage":"es"},{"@type":"Organization","@id":"https:\/\/www.mundoagropecuario.cl\/new\/#organization","name":"Revista de Agricultura","url":"https:\/\/www.mundoagropecuario.cl\/new\/","logo":{"@type":"ImageObject","inLanguage":"es","@id":"https:\/\/www.mundoagropecuario.cl\/new\/#\/schema\/logo\/image\/","url":"https:\/\/www.mundoagropecuario.cl\/new\/wp-content\/uploads\/2020\/11\/PORTAL-1-1.png","contentUrl":"https:\/\/www.mundoagropecuario.cl\/new\/wp-content\/uploads\/2020\/11\/PORTAL-1-1.png","width":1026,"height":100,"caption":"Revista de Agricultura"},"image":{"@id":"https:\/\/www.mundoagropecuario.cl\/new\/#\/schema\/logo\/image\/"},"sameAs":["https:\/\/www.facebook.com\/mundo.agropecuario.3","https:\/\/x.com\/MundoAgropecuar","https:\/\/www.linkedin.com\/in\/mundo-agropecuario-934009201\/"]},{"@type":"Person","@id":"https:\/\/www.mundoagropecuario.cl\/new\/#\/schema\/person\/0c221050801c74e45256a7a9a1ff0803","name":"periodista","url":"https:\/\/www.mundoagropecuario.cl\/new\/author\/periodista\/"}]}},"_links":{"self":[{"href":"https:\/\/www.mundoagropecuario.cl\/new\/wp-json\/wp\/v2\/posts\/12495","targetHints":{"allow":["GET"]}}],"collection":[{"href":"https:\/\/www.mundoagropecuario.cl\/new\/wp-json\/wp\/v2\/posts"}],"about":[{"href":"https:\/\/www.mundoagropecuario.cl\/new\/wp-json\/wp\/v2\/types\/post"}],"author":[{"embeddable":true,"href":"https:\/\/www.mundoagropecuario.cl\/new\/wp-json\/wp\/v2\/users\/3"}],"replies":[{"embeddable":true,"href":"https:\/\/www.mundoagropecuario.cl\/new\/wp-json\/wp\/v2\/comments?post=12495"}],"version-history":[{"count":1,"href":"https:\/\/www.mundoagropecuario.cl\/new\/wp-json\/wp\/v2\/posts\/12495\/revisions"}],"predecessor-version":[{"id":12496,"href":"https:\/\/www.mundoagropecuario.cl\/new\/wp-json\/wp\/v2\/posts\/12495\/revisions\/12496"}],"wp:featuredmedia":[{"embeddable":true,"href":"https:\/\/www.mundoagropecuario.cl\/new\/wp-json\/wp\/v2\/media\/10894"}],"wp:attachment":[{"href":"https:\/\/www.mundoagropecuario.cl\/new\/wp-json\/wp\/v2\/media?parent=12495"}],"wp:term":[{"taxonomy":"category","embeddable":true,"href":"https:\/\/www.mundoagropecuario.cl\/new\/wp-json\/wp\/v2\/categories?post=12495"},{"taxonomy":"post_tag","embeddable":true,"href":"https:\/\/www.mundoagropecuario.cl\/new\/wp-json\/wp\/v2\/tags?post=12495"}],"curies":[{"name":"wp","href":"https:\/\/api.w.org\/{rel}","templated":true}]}}