{"id":12483,"date":"2019-06-21T13:55:38","date_gmt":"2019-06-21T16:55:38","guid":{"rendered":"http:\/\/www.mundoagropecuario.cl\/new\/?p=12483"},"modified":"2019-06-25T11:06:15","modified_gmt":"2019-06-25T14:06:15","slug":"magallanes-suma-16-hectareas-de-praderas-suplementarias-para-pequenos-ganaderos","status":"publish","type":"post","link":"https:\/\/www.mundoagropecuario.cl\/new\/magallanes-suma-16-hectareas-de-praderas-suplementarias-para-pequenos-ganaderos\/","title":{"rendered":"Magallanes suma 16 hect\u00e1reas de praderas suplementarias para peque\u00f1os ganaderos"},"content":{"rendered":"\n<ul class=\"wp-block-gallery columns-0 is-cropped wp-block-gallery-1 is-layout-flex wp-block-gallery-is-layout-flex\"><\/ul>\n\n\n\n<p><\/p>\n\n\n\n<p class=\"has-medium-font-size\"><em>Programa PPSRF cofinancia los costos de insumos y servicios para el establecimiento de praderas suplementarias o recursos forrajeros de acuerdo a una tabla de costos que est\u00e1 bajo normativa de INDAP (Mundo Agropecuario).<\/em><\/p>\n\n\n\n<p>La inquietud del peque\u00f1o productor ganadero Jos\u00e9 Elgueta\nlleg\u00f3 a su fin y ahora podr\u00e1 contar con forraje para sus ovejas, algo dif\u00edcil\nde asegurar en los duros meses de invierno en Puerto Natales. Un subsidio de\n361 mil 868 pesos le permitir\u00e1 sembrar un poco m\u00e1s de media hect\u00e1rea de avena,\ngracias al Programa de Praderas Suplementarias y Recursos Forrajeros (PPSRF)\nque financian INDAP y el Gobierno Regional de Magallanes. <\/p>\n\n\n\n<p>Hasta el predio de Elgueta lleg\u00f3 a entregar esta buena\nnoticia la gobernadora de la Provincia de \u00daltima Esperanza, Ana Mayorga, junto\na Petar Bradasic, director regional de INDAP, y la jefa de la Agencia de \u00c1rea\nPuerto Natales de la instituci\u00f3n, Clarina Helmer.<\/p>\n\n\n\n<p>\u201cNuestros ganaderos tienen hoy mayor conciencia del cuidado\nde los suelos y de la importancia de mejorar sus praderas, y en eso es clave el\napoyo de nuestro servicio y del gobierno del Presidente Pi\u00f1era\u201d, asegur\u00f3 Petar\nBradasic, director regional de INDAP.<\/p>\n\n\n\n<p>A\u00f1adi\u00f3 que \u201cestas praderas presentan mejores especies\nbot\u00e1nicas, son m\u00e1s productivas y se desarrollan en suelos de fertilidad media a\nalta, con mayor rendimiento y calidad nutritiva. De ah\u00ed que los esfuerzos se\nconcentran en una producci\u00f3n animal m\u00e1s sana y limpia, el cuidado del medio\nambiente y el desarrollo de sistemas de producci\u00f3n animal no contaminantes\u201d.<\/p>\n\n\n\n<p>El PPSRF cofinancia los costos de insumos y servicios para\nel establecimiento de praderas suplementarias o recursos forrajeros de acuerdo\na una tabla de costos que est\u00e1 bajo normativa de INDAP. En este caso\ncorresponde praderas de avena o avena-ballica y el incentivo cubre hasta un 80%\ndel costo total neto, correspondiendo al usuario del servicio financiar el\nresto de la inversi\u00f3n.<\/p>\n\n\n\n<p>En lo que va del a\u00f1o, en la Provincia de \u00daltima Esperanza se\nhan aprobado y financiado 17 planes de manejo, sumando en total 16 hect\u00e1reas de\npraderas suplementarias por un monto total de 9 millones 220 mil 194 pesos, de\nlos cuales 5 millones 398 mil 936 pesos corresponden a recursos de INDAP y 3\nmillones 821 mil 258 pesos a fondos del Gobierno Regional.<\/p>\n\n\n\n<p>Para Clarina Helmer, jefa del \u00c1rea Puerto Natales, existen\navances que son promisorios y buenos ejemplos de peque\u00f1os ganaderos que logran\nlo que pide el mercado hoy en d\u00eda, haciendo un uso m\u00e1s racional e intensivo de\nsus praderas. \u201cINDAP busca darle una mayor atenci\u00f3n a la peque\u00f1a agricultura,\nen temas de nuevas tecnolog\u00edas, uso del agua, y capacitaci\u00f3n\u201d, precis\u00f3.<\/p>\n","protected":false},"excerpt":{"rendered":"<p>Programa PPSRF cofinancia los costos de insumos y servicios para el establecimiento de praderas suplementarias o recursos forrajeros de acuerdo a una tabla de costos que est\u00e1 bajo normativa de&#8230;<\/p>\n","protected":false},"author":3,"featured_media":12484,"comment_status":"closed","ping_status":"closed","sticky":false,"template":"","format":"standard","meta":{"footnotes":""},"categories":[1944],"tags":[2591,2198,3785,2697],"class_list":["post-12483","post","type-post","status-publish","format-standard","has-post-thumbnail","hentry","category-ganaderia","tag-indap-magallanes","tag-magallanes","tag-ppsrf","tag-praderas"],"yoast_head":"<!-- This site is optimized with the Yoast SEO plugin v26.6 - https:\/\/yoast.com\/wordpress\/plugins\/seo\/ -->\n<title>Magallanes suma 16 hect\u00e1reas de praderas suplementarias para peque\u00f1os ganaderos - Mundoagropecuario<\/title>\n<meta name=\"robots\" content=\"index, follow, max-snippet:-1, max-image-preview:large, max-video-preview:-1\" \/>\n<link rel=\"canonical\" href=\"https:\/\/www.mundoagropecuario.cl\/new\/magallanes-suma-16-hectareas-de-praderas-suplementarias-para-pequenos-ganaderos\/\" \/>\n<meta property=\"og:locale\" content=\"es_ES\" \/>\n<meta property=\"og:type\" content=\"article\" \/>\n<meta property=\"og:title\" content=\"Magallanes suma 16 hect\u00e1reas de praderas suplementarias para peque\u00f1os ganaderos - Mundoagropecuario\" \/>\n<meta property=\"og:description\" content=\"Programa PPSRF cofinancia los costos de insumos y servicios para el establecimiento de praderas suplementarias o recursos forrajeros de acuerdo a una tabla de costos que est\u00e1 bajo normativa de...\" \/>\n<meta property=\"og:url\" content=\"https:\/\/www.mundoagropecuario.cl\/new\/magallanes-suma-16-hectareas-de-praderas-suplementarias-para-pequenos-ganaderos\/\" \/>\n<meta property=\"og:site_name\" content=\"Mundoagropecuario\" \/>\n<meta property=\"article:publisher\" content=\"https:\/\/www.facebook.com\/mundo.agropecuario.3\" \/>\n<meta property=\"article:published_time\" content=\"2019-06-21T16:55:38+00:00\" \/>\n<meta property=\"article:modified_time\" content=\"2019-06-25T14:06:15+00:00\" \/>\n<meta property=\"og:image\" content=\"https:\/\/www.mundoagropecuario.cl\/new\/wp-content\/uploads\/2019\/06\/praderas-suplementarias-\u00faltima-esperanza.jpg\" \/>\n\t<meta property=\"og:image:width\" content=\"700\" \/>\n\t<meta property=\"og:image:height\" content=\"482\" \/>\n\t<meta property=\"og:image:type\" content=\"image\/jpeg\" \/>\n<meta name=\"author\" content=\"periodista\" \/>\n<meta name=\"twitter:card\" content=\"summary_large_image\" \/>\n<meta name=\"twitter:creator\" content=\"@MundoAgropecuar\" \/>\n<meta name=\"twitter:site\" content=\"@MundoAgropecuar\" \/>\n<meta name=\"twitter:label1\" content=\"Escrito por\" \/>\n\t<meta name=\"twitter:data1\" content=\"periodista\" \/>\n\t<meta name=\"twitter:label2\" content=\"Tiempo de lectura\" \/>\n\t<meta name=\"twitter:data2\" content=\"2 minutos\" \/>\n<script type=\"application\/ld+json\" class=\"yoast-schema-graph\">{\"@context\":\"https:\/\/schema.org\",\"@graph\":[{\"@type\":\"Article\",\"@id\":\"https:\/\/www.mundoagropecuario.cl\/new\/magallanes-suma-16-hectareas-de-praderas-suplementarias-para-pequenos-ganaderos\/#article\",\"isPartOf\":{\"@id\":\"https:\/\/www.mundoagropecuario.cl\/new\/magallanes-suma-16-hectareas-de-praderas-suplementarias-para-pequenos-ganaderos\/\"},\"author\":{\"name\":\"periodista\",\"@id\":\"https:\/\/www.mundoagropecuario.cl\/new\/#\/schema\/person\/0c221050801c74e45256a7a9a1ff0803\"},\"headline\":\"Magallanes suma 16 hect\u00e1reas de praderas suplementarias para peque\u00f1os ganaderos\",\"datePublished\":\"2019-06-21T16:55:38+00:00\",\"dateModified\":\"2019-06-25T14:06:15+00:00\",\"mainEntityOfPage\":{\"@id\":\"https:\/\/www.mundoagropecuario.cl\/new\/magallanes-suma-16-hectareas-de-praderas-suplementarias-para-pequenos-ganaderos\/\"},\"wordCount\":454,\"publisher\":{\"@id\":\"https:\/\/www.mundoagropecuario.cl\/new\/#organization\"},\"image\":{\"@id\":\"https:\/\/www.mundoagropecuario.cl\/new\/magallanes-suma-16-hectareas-de-praderas-suplementarias-para-pequenos-ganaderos\/#primaryimage\"},\"thumbnailUrl\":\"https:\/\/www.mundoagropecuario.cl\/new\/wp-content\/uploads\/2019\/06\/praderas-suplementarias-\u00faltima-esperanza.jpg\",\"keywords\":[\"INDAP. Magallanes\",\"Magallanes\",\"PPSRF\",\"praderas\"],\"articleSection\":[\"Ganader\u00eda\"],\"inLanguage\":\"es\"},{\"@type\":\"WebPage\",\"@id\":\"https:\/\/www.mundoagropecuario.cl\/new\/magallanes-suma-16-hectareas-de-praderas-suplementarias-para-pequenos-ganaderos\/\",\"url\":\"https:\/\/www.mundoagropecuario.cl\/new\/magallanes-suma-16-hectareas-de-praderas-suplementarias-para-pequenos-ganaderos\/\",\"name\":\"Magallanes suma 16 hect\u00e1reas de praderas suplementarias para peque\u00f1os ganaderos - Mundoagropecuario\",\"isPartOf\":{\"@id\":\"https:\/\/www.mundoagropecuario.cl\/new\/#website\"},\"primaryImageOfPage\":{\"@id\":\"https:\/\/www.mundoagropecuario.cl\/new\/magallanes-suma-16-hectareas-de-praderas-suplementarias-para-pequenos-ganaderos\/#primaryimage\"},\"image\":{\"@id\":\"https:\/\/www.mundoagropecuario.cl\/new\/magallanes-suma-16-hectareas-de-praderas-suplementarias-para-pequenos-ganaderos\/#primaryimage\"},\"thumbnailUrl\":\"https:\/\/www.mundoagropecuario.cl\/new\/wp-content\/uploads\/2019\/06\/praderas-suplementarias-\u00faltima-esperanza.jpg\",\"datePublished\":\"2019-06-21T16:55:38+00:00\",\"dateModified\":\"2019-06-25T14:06:15+00:00\",\"breadcrumb\":{\"@id\":\"https:\/\/www.mundoagropecuario.cl\/new\/magallanes-suma-16-hectareas-de-praderas-suplementarias-para-pequenos-ganaderos\/#breadcrumb\"},\"inLanguage\":\"es\",\"potentialAction\":[{\"@type\":\"ReadAction\",\"target\":[\"https:\/\/www.mundoagropecuario.cl\/new\/magallanes-suma-16-hectareas-de-praderas-suplementarias-para-pequenos-ganaderos\/\"]}]},{\"@type\":\"ImageObject\",\"inLanguage\":\"es\",\"@id\":\"https:\/\/www.mundoagropecuario.cl\/new\/magallanes-suma-16-hectareas-de-praderas-suplementarias-para-pequenos-ganaderos\/#primaryimage\",\"url\":\"https:\/\/www.mundoagropecuario.cl\/new\/wp-content\/uploads\/2019\/06\/praderas-suplementarias-\u00faltima-esperanza.jpg\",\"contentUrl\":\"https:\/\/www.mundoagropecuario.cl\/new\/wp-content\/uploads\/2019\/06\/praderas-suplementarias-\u00faltima-esperanza.jpg\",\"width\":581,\"height\":400,\"caption\":\"dav\"},{\"@type\":\"BreadcrumbList\",\"@id\":\"https:\/\/www.mundoagropecuario.cl\/new\/magallanes-suma-16-hectareas-de-praderas-suplementarias-para-pequenos-ganaderos\/#breadcrumb\",\"itemListElement\":[{\"@type\":\"ListItem\",\"position\":1,\"name\":\"Portada\",\"item\":\"https:\/\/www.mundoagropecuario.cl\/new\/\"},{\"@type\":\"ListItem\",\"position\":2,\"name\":\"Magallanes suma 16 hect\u00e1reas de praderas suplementarias para peque\u00f1os ganaderos\"}]},{\"@type\":\"WebSite\",\"@id\":\"https:\/\/www.mundoagropecuario.cl\/new\/#website\",\"url\":\"https:\/\/www.mundoagropecuario.cl\/new\/\",\"name\":\"Mundoagropecuario\",\"description\":\"Mundo Agropecuario\",\"publisher\":{\"@id\":\"https:\/\/www.mundoagropecuario.cl\/new\/#organization\"},\"potentialAction\":[{\"@type\":\"SearchAction\",\"target\":{\"@type\":\"EntryPoint\",\"urlTemplate\":\"https:\/\/www.mundoagropecuario.cl\/new\/?s={search_term_string}\"},\"query-input\":{\"@type\":\"PropertyValueSpecification\",\"valueRequired\":true,\"valueName\":\"search_term_string\"}}],\"inLanguage\":\"es\"},{\"@type\":\"Organization\",\"@id\":\"https:\/\/www.mundoagropecuario.cl\/new\/#organization\",\"name\":\"Revista de Agricultura\",\"url\":\"https:\/\/www.mundoagropecuario.cl\/new\/\",\"logo\":{\"@type\":\"ImageObject\",\"inLanguage\":\"es\",\"@id\":\"https:\/\/www.mundoagropecuario.cl\/new\/#\/schema\/logo\/image\/\",\"url\":\"https:\/\/www.mundoagropecuario.cl\/new\/wp-content\/uploads\/2020\/11\/PORTAL-1-1.png\",\"contentUrl\":\"https:\/\/www.mundoagropecuario.cl\/new\/wp-content\/uploads\/2020\/11\/PORTAL-1-1.png\",\"width\":1026,\"height\":100,\"caption\":\"Revista de Agricultura\"},\"image\":{\"@id\":\"https:\/\/www.mundoagropecuario.cl\/new\/#\/schema\/logo\/image\/\"},\"sameAs\":[\"https:\/\/www.facebook.com\/mundo.agropecuario.3\",\"https:\/\/x.com\/MundoAgropecuar\",\"https:\/\/www.linkedin.com\/in\/mundo-agropecuario-934009201\/\"]},{\"@type\":\"Person\",\"@id\":\"https:\/\/www.mundoagropecuario.cl\/new\/#\/schema\/person\/0c221050801c74e45256a7a9a1ff0803\",\"name\":\"periodista\",\"url\":\"https:\/\/www.mundoagropecuario.cl\/new\/author\/periodista\/\"}]}<\/script>\n<!-- \/ Yoast SEO plugin. -->","yoast_head_json":{"title":"Magallanes suma 16 hect\u00e1reas de praderas suplementarias para peque\u00f1os ganaderos - Mundoagropecuario","robots":{"index":"index","follow":"follow","max-snippet":"max-snippet:-1","max-image-preview":"max-image-preview:large","max-video-preview":"max-video-preview:-1"},"canonical":"https:\/\/www.mundoagropecuario.cl\/new\/magallanes-suma-16-hectareas-de-praderas-suplementarias-para-pequenos-ganaderos\/","og_locale":"es_ES","og_type":"article","og_title":"Magallanes suma 16 hect\u00e1reas de praderas suplementarias para peque\u00f1os ganaderos - Mundoagropecuario","og_description":"Programa PPSRF cofinancia los costos de insumos y servicios para el establecimiento de praderas suplementarias o recursos forrajeros de acuerdo a una tabla de costos que est\u00e1 bajo normativa de...","og_url":"https:\/\/www.mundoagropecuario.cl\/new\/magallanes-suma-16-hectareas-de-praderas-suplementarias-para-pequenos-ganaderos\/","og_site_name":"Mundoagropecuario","article_publisher":"https:\/\/www.facebook.com\/mundo.agropecuario.3","article_published_time":"2019-06-21T16:55:38+00:00","article_modified_time":"2019-06-25T14:06:15+00:00","og_image":[{"width":700,"height":482,"url":"https:\/\/www.mundoagropecuario.cl\/new\/wp-content\/uploads\/2019\/06\/praderas-suplementarias-\u00faltima-esperanza.jpg","type":"image\/jpeg"}],"author":"periodista","twitter_card":"summary_large_image","twitter_creator":"@MundoAgropecuar","twitter_site":"@MundoAgropecuar","twitter_misc":{"Escrito por":"periodista","Tiempo de lectura":"2 minutos"},"schema":{"@context":"https:\/\/schema.org","@graph":[{"@type":"Article","@id":"https:\/\/www.mundoagropecuario.cl\/new\/magallanes-suma-16-hectareas-de-praderas-suplementarias-para-pequenos-ganaderos\/#article","isPartOf":{"@id":"https:\/\/www.mundoagropecuario.cl\/new\/magallanes-suma-16-hectareas-de-praderas-suplementarias-para-pequenos-ganaderos\/"},"author":{"name":"periodista","@id":"https:\/\/www.mundoagropecuario.cl\/new\/#\/schema\/person\/0c221050801c74e45256a7a9a1ff0803"},"headline":"Magallanes suma 16 hect\u00e1reas de praderas suplementarias para peque\u00f1os ganaderos","datePublished":"2019-06-21T16:55:38+00:00","dateModified":"2019-06-25T14:06:15+00:00","mainEntityOfPage":{"@id":"https:\/\/www.mundoagropecuario.cl\/new\/magallanes-suma-16-hectareas-de-praderas-suplementarias-para-pequenos-ganaderos\/"},"wordCount":454,"publisher":{"@id":"https:\/\/www.mundoagropecuario.cl\/new\/#organization"},"image":{"@id":"https:\/\/www.mundoagropecuario.cl\/new\/magallanes-suma-16-hectareas-de-praderas-suplementarias-para-pequenos-ganaderos\/#primaryimage"},"thumbnailUrl":"https:\/\/www.mundoagropecuario.cl\/new\/wp-content\/uploads\/2019\/06\/praderas-suplementarias-\u00faltima-esperanza.jpg","keywords":["INDAP. Magallanes","Magallanes","PPSRF","praderas"],"articleSection":["Ganader\u00eda"],"inLanguage":"es"},{"@type":"WebPage","@id":"https:\/\/www.mundoagropecuario.cl\/new\/magallanes-suma-16-hectareas-de-praderas-suplementarias-para-pequenos-ganaderos\/","url":"https:\/\/www.mundoagropecuario.cl\/new\/magallanes-suma-16-hectareas-de-praderas-suplementarias-para-pequenos-ganaderos\/","name":"Magallanes suma 16 hect\u00e1reas de praderas suplementarias para peque\u00f1os ganaderos - Mundoagropecuario","isPartOf":{"@id":"https:\/\/www.mundoagropecuario.cl\/new\/#website"},"primaryImageOfPage":{"@id":"https:\/\/www.mundoagropecuario.cl\/new\/magallanes-suma-16-hectareas-de-praderas-suplementarias-para-pequenos-ganaderos\/#primaryimage"},"image":{"@id":"https:\/\/www.mundoagropecuario.cl\/new\/magallanes-suma-16-hectareas-de-praderas-suplementarias-para-pequenos-ganaderos\/#primaryimage"},"thumbnailUrl":"https:\/\/www.mundoagropecuario.cl\/new\/wp-content\/uploads\/2019\/06\/praderas-suplementarias-\u00faltima-esperanza.jpg","datePublished":"2019-06-21T16:55:38+00:00","dateModified":"2019-06-25T14:06:15+00:00","breadcrumb":{"@id":"https:\/\/www.mundoagropecuario.cl\/new\/magallanes-suma-16-hectareas-de-praderas-suplementarias-para-pequenos-ganaderos\/#breadcrumb"},"inLanguage":"es","potentialAction":[{"@type":"ReadAction","target":["https:\/\/www.mundoagropecuario.cl\/new\/magallanes-suma-16-hectareas-de-praderas-suplementarias-para-pequenos-ganaderos\/"]}]},{"@type":"ImageObject","inLanguage":"es","@id":"https:\/\/www.mundoagropecuario.cl\/new\/magallanes-suma-16-hectareas-de-praderas-suplementarias-para-pequenos-ganaderos\/#primaryimage","url":"https:\/\/www.mundoagropecuario.cl\/new\/wp-content\/uploads\/2019\/06\/praderas-suplementarias-\u00faltima-esperanza.jpg","contentUrl":"https:\/\/www.mundoagropecuario.cl\/new\/wp-content\/uploads\/2019\/06\/praderas-suplementarias-\u00faltima-esperanza.jpg","width":581,"height":400,"caption":"dav"},{"@type":"BreadcrumbList","@id":"https:\/\/www.mundoagropecuario.cl\/new\/magallanes-suma-16-hectareas-de-praderas-suplementarias-para-pequenos-ganaderos\/#breadcrumb","itemListElement":[{"@type":"ListItem","position":1,"name":"Portada","item":"https:\/\/www.mundoagropecuario.cl\/new\/"},{"@type":"ListItem","position":2,"name":"Magallanes suma 16 hect\u00e1reas de praderas suplementarias para peque\u00f1os ganaderos"}]},{"@type":"WebSite","@id":"https:\/\/www.mundoagropecuario.cl\/new\/#website","url":"https:\/\/www.mundoagropecuario.cl\/new\/","name":"Mundoagropecuario","description":"Mundo Agropecuario","publisher":{"@id":"https:\/\/www.mundoagropecuario.cl\/new\/#organization"},"potentialAction":[{"@type":"SearchAction","target":{"@type":"EntryPoint","urlTemplate":"https:\/\/www.mundoagropecuario.cl\/new\/?s={search_term_string}"},"query-input":{"@type":"PropertyValueSpecification","valueRequired":true,"valueName":"search_term_string"}}],"inLanguage":"es"},{"@type":"Organization","@id":"https:\/\/www.mundoagropecuario.cl\/new\/#organization","name":"Revista de Agricultura","url":"https:\/\/www.mundoagropecuario.cl\/new\/","logo":{"@type":"ImageObject","inLanguage":"es","@id":"https:\/\/www.mundoagropecuario.cl\/new\/#\/schema\/logo\/image\/","url":"https:\/\/www.mundoagropecuario.cl\/new\/wp-content\/uploads\/2020\/11\/PORTAL-1-1.png","contentUrl":"https:\/\/www.mundoagropecuario.cl\/new\/wp-content\/uploads\/2020\/11\/PORTAL-1-1.png","width":1026,"height":100,"caption":"Revista de Agricultura"},"image":{"@id":"https:\/\/www.mundoagropecuario.cl\/new\/#\/schema\/logo\/image\/"},"sameAs":["https:\/\/www.facebook.com\/mundo.agropecuario.3","https:\/\/x.com\/MundoAgropecuar","https:\/\/www.linkedin.com\/in\/mundo-agropecuario-934009201\/"]},{"@type":"Person","@id":"https:\/\/www.mundoagropecuario.cl\/new\/#\/schema\/person\/0c221050801c74e45256a7a9a1ff0803","name":"periodista","url":"https:\/\/www.mundoagropecuario.cl\/new\/author\/periodista\/"}]}},"_links":{"self":[{"href":"https:\/\/www.mundoagropecuario.cl\/new\/wp-json\/wp\/v2\/posts\/12483","targetHints":{"allow":["GET"]}}],"collection":[{"href":"https:\/\/www.mundoagropecuario.cl\/new\/wp-json\/wp\/v2\/posts"}],"about":[{"href":"https:\/\/www.mundoagropecuario.cl\/new\/wp-json\/wp\/v2\/types\/post"}],"author":[{"embeddable":true,"href":"https:\/\/www.mundoagropecuario.cl\/new\/wp-json\/wp\/v2\/users\/3"}],"replies":[{"embeddable":true,"href":"https:\/\/www.mundoagropecuario.cl\/new\/wp-json\/wp\/v2\/comments?post=12483"}],"version-history":[{"count":1,"href":"https:\/\/www.mundoagropecuario.cl\/new\/wp-json\/wp\/v2\/posts\/12483\/revisions"}],"predecessor-version":[{"id":12485,"href":"https:\/\/www.mundoagropecuario.cl\/new\/wp-json\/wp\/v2\/posts\/12483\/revisions\/12485"}],"wp:featuredmedia":[{"embeddable":true,"href":"https:\/\/www.mundoagropecuario.cl\/new\/wp-json\/wp\/v2\/media\/12484"}],"wp:attachment":[{"href":"https:\/\/www.mundoagropecuario.cl\/new\/wp-json\/wp\/v2\/media?parent=12483"}],"wp:term":[{"taxonomy":"category","embeddable":true,"href":"https:\/\/www.mundoagropecuario.cl\/new\/wp-json\/wp\/v2\/categories?post=12483"},{"taxonomy":"post_tag","embeddable":true,"href":"https:\/\/www.mundoagropecuario.cl\/new\/wp-json\/wp\/v2\/tags?post=12483"}],"curies":[{"name":"wp","href":"https:\/\/api.w.org\/{rel}","templated":true}]}}