{"id":12477,"date":"2019-06-21T13:42:11","date_gmt":"2019-06-21T16:42:11","guid":{"rendered":"http:\/\/www.mundoagropecuario.cl\/new\/?p=12477"},"modified":"2019-06-25T11:05:00","modified_gmt":"2019-06-25T14:05:00","slug":"chile-fortalece-su-gestion-en-incendios-forestales-y-restauracion-del-paisaje","status":"publish","type":"post","link":"https:\/\/www.mundoagropecuario.cl\/new\/chile-fortalece-su-gestion-en-incendios-forestales-y-restauracion-del-paisaje\/","title":{"rendered":"Chile fortalece su gesti\u00f3n en incendios forestales y restauraci\u00f3n del paisaje"},"content":{"rendered":"\n<ul class=\"wp-block-gallery columns-0 is-cropped wp-block-gallery-1 is-layout-flex wp-block-gallery-is-layout-flex\"><\/ul>\n\n\n\n<p><\/p>\n\n\n\n<p><em>Expertos de distintos pa\u00edses del mundo se congregan en seminario internacional, organizado por CONAF con el apoyo de la Iniciativa 20\u00d720 de la World Resources Institute y el Ministerio de Medio Ambiente y Protecci\u00f3n de la Naturaleza de Alemania (Mundo Agropecuario).<\/em><\/p>\n\n\n\n<p>\u201cLa humanidad es la que ha provocado el deterioro de la\nTierra; por lo tanto, es la misma humanidad la responsable de encontrar la\nsoluci\u00f3n\u201d. As\u00ed de claro fue el director ejecutivo de CONAF, Jos\u00e9 Manuel\nRebolledo, al inaugurar el Seminario Internacional sobre Planificaci\u00f3n y\nPrevenci\u00f3n de Incendios de Paisaje y el Rol de la Restauraci\u00f3n Post Incendios.<\/p>\n\n\n\n<p>En la sede de FAO en Santiago y con el respaldo de la\nIniciativa 20\u00d720 de la World Resources Institute (WRI) y del Ministerio de\nMedio Ambiente, Protecci\u00f3n de la Naturaleza y Seguridad Nuclear de la Rep\u00fablica\nFederal de Alemania, el encuentro internacional cobijar\u00e1 entre hoy y ma\u00f1ana a\nespecialistas chilenos y extranjeros que compartir\u00e1n sus experiencias en el\ndesarrollo de estrategias y planes a nivel nacional y local, frente a unas 200\npersonas provenientes de organismos p\u00fablicos y privados, a fin de fortalecer\nlos procesos de planificaci\u00f3n y gesti\u00f3n de la prevenci\u00f3n y control de los\nincendios forestales y su relaci\u00f3n con la restauraci\u00f3n del paisaje.<\/p>\n\n\n\n<p>Durante la ceremonia de apertura, el director de CONAF\nprofundiz\u00f3 sobre el actual escenario, se\u00f1alando que \u201ccomo dijo el presidente\nSebasti\u00e1n Pi\u00f1era, somos la primera generaci\u00f3n que evidencia los efectos del\ncambio clim\u00e1tico y posiblemente la \u00faltima que pueda revertir esta situaci\u00f3n\u201d.<\/p>\n\n\n\n<p>Adem\u00e1s explic\u00f3 que \u201cel cambio clim\u00e1tico nos ha obligado a\ntener una nueva mirada frente a estas emergencias, dado que los incendios son\ncada vez m\u00e1s intensos, complejos y prolongados. En Chile estamos trabajando\ndirectamente con las comunidades y aunando esfuerzos con un total de 10\ninstituciones en materia de prevenci\u00f3n y control del fuego vegetal. Adem\u00e1s, nos\nencontramos en pleno dise\u00f1o del Plan Nacional de Restauraci\u00f3n a Escala de\nPaisajes, que impulsan los ministerios de Agricultura y Medio Ambiente, m\u00e1s\nCONAF y la Iniciativa 20\u00d720\u201d.<\/p>\n\n\n\n<p>La Iniciativa 20\u00d720 promueve entre los pa\u00edses el cambio de\nla din\u00e1mica de la degradaci\u00f3n de la tierra en Am\u00e9rica Latina y el Caribe, con\nel fin de restaurar 20 millones de hect\u00e1reas al a\u00f1o 2020. En la consecuci\u00f3n de\neste objetivo participan 17 naciones: Argentina, Belice, Brasil, Chile,\nColombia, Costa Rica, Rep\u00fablica Dominicana, Ecuador, El Salvador, Guatemala,\nHonduras, M\u00e9xico, Nicaragua, Panam\u00e1, Paraguay, Per\u00fa y Uruguay.<\/p>\n\n\n\n<p>Respecto a este programa internacional, \u201cChile -agreg\u00f3\nRebolledo- se ha comprometido con la restauraci\u00f3n de 500.000 hect\u00e1reas de\nsuelos degradados, de las cuales 400.000 ha corresponden a suelos agr\u00edcolas\ndegradados y 100.00 ha a bosques nativos degradados a nivel nacional, proceso\nen el que est\u00e1 incluida la afectaci\u00f3n de los incendios forestales. Porque\nrecuperar aquellos ecosistemas destruidos, da\u00f1ados o degradados, significa\nmejorar las condiciones sociales y econ\u00f3micas de la poblaci\u00f3n local y proteger\nel medio ambiente\u201d.<\/p>\n\n\n\n<p>Por su parte, el coordinador de la Iniciativa 20\u00d720 de la\nWRI, Walter Vergara coment\u00f3 que \u201cagradecemos todos los esfuerzos que est\u00e1\nrealizando Chile en el marco de la iniciativa 20\u00d720. Un ejemplo de ello es el\nplan nacional de restauraci\u00f3n a escala de paisaje, que estamos desarrollando en\nconjunto. Quiero tambi\u00e9n se\u00f1alar que las econom\u00edas se est\u00e1n encaminando hacia\nla descarbonizaci\u00f3n y Chile se encuentra en una transici\u00f3n fant\u00e1stica, en temas\ncomo energ\u00edas, transporte y otros. Muchos est\u00e1n mirando lo que aqu\u00ed se hace\u201d.<\/p>\n\n\n\n<p>Finalmente, la representante de FAO en Chile para Am\u00e9rica\nLatina y el Caribe, Hivy Ortiz-Chour, se refiri\u00f3 tambi\u00e9n al desarrollo del\nencuentro internacional, se\u00f1alando que \u201cChile es un punto de referencia en\nLatinoam\u00e9rica y el Caribe en incendios forestales, con un di\u00e1logo permanente y\nde colaboraci\u00f3n con la comunidad internacional. Adem\u00e1s, estamos desarrollando\nen conjunto un plan de restauraci\u00f3n con la participaci\u00f3n de todos los sectores.\nNecesitamos organizar las distintas iniciativas de privados para alcanzar el\nimpacto requerido\u201d.<\/p>\n","protected":false},"excerpt":{"rendered":"<p>Expertos de distintos pa\u00edses del mundo se congregan en seminario internacional, organizado por CONAF con el apoyo de la Iniciativa 20\u00d720 de la World Resources Institute y el Ministerio de&#8230;<\/p>\n","protected":false},"author":3,"featured_media":12478,"comment_status":"closed","ping_status":"closed","sticky":false,"template":"","format":"standard","meta":{"footnotes":""},"categories":[1949],"tags":[876,2663,3783],"class_list":["post-12477","post","type-post","status-publish","format-standard","has-post-thumbnail","hentry","category-forestal","tag-conaf","tag-incendios-forestales","tag-retauracion"],"yoast_head":"<!-- This site is optimized with the Yoast SEO plugin v26.6 - https:\/\/yoast.com\/wordpress\/plugins\/seo\/ -->\n<title>Chile fortalece su gesti\u00f3n en incendios forestales y restauraci\u00f3n del paisaje - Mundoagropecuario<\/title>\n<meta name=\"robots\" content=\"index, follow, max-snippet:-1, max-image-preview:large, max-video-preview:-1\" \/>\n<link rel=\"canonical\" href=\"https:\/\/www.mundoagropecuario.cl\/new\/chile-fortalece-su-gestion-en-incendios-forestales-y-restauracion-del-paisaje\/\" \/>\n<meta property=\"og:locale\" content=\"es_ES\" \/>\n<meta property=\"og:type\" content=\"article\" \/>\n<meta property=\"og:title\" content=\"Chile fortalece su gesti\u00f3n en incendios forestales y restauraci\u00f3n del paisaje - Mundoagropecuario\" \/>\n<meta property=\"og:description\" content=\"Expertos de distintos pa\u00edses del mundo se congregan en seminario internacional, organizado por CONAF con el apoyo de la Iniciativa 20\u00d720 de la World Resources Institute y el Ministerio de...\" \/>\n<meta property=\"og:url\" content=\"https:\/\/www.mundoagropecuario.cl\/new\/chile-fortalece-su-gestion-en-incendios-forestales-y-restauracion-del-paisaje\/\" \/>\n<meta property=\"og:site_name\" content=\"Mundoagropecuario\" \/>\n<meta property=\"article:publisher\" content=\"https:\/\/www.facebook.com\/mundo.agropecuario.3\" \/>\n<meta property=\"article:published_time\" content=\"2019-06-21T16:42:11+00:00\" \/>\n<meta property=\"article:modified_time\" content=\"2019-06-25T14:05:00+00:00\" \/>\n<meta property=\"og:image\" content=\"https:\/\/www.mundoagropecuario.cl\/new\/wp-content\/uploads\/2019\/06\/seminario-prevencion_restauracionIF.jpg\" \/>\n\t<meta property=\"og:image:width\" content=\"683\" \/>\n\t<meta property=\"og:image:height\" content=\"427\" \/>\n\t<meta property=\"og:image:type\" content=\"image\/jpeg\" \/>\n<meta name=\"author\" content=\"periodista\" \/>\n<meta name=\"twitter:card\" content=\"summary_large_image\" \/>\n<meta name=\"twitter:creator\" content=\"@MundoAgropecuar\" \/>\n<meta name=\"twitter:site\" content=\"@MundoAgropecuar\" \/>\n<meta name=\"twitter:label1\" content=\"Escrito por\" \/>\n\t<meta name=\"twitter:data1\" content=\"periodista\" \/>\n\t<meta name=\"twitter:label2\" content=\"Tiempo de lectura\" \/>\n\t<meta name=\"twitter:data2\" content=\"3 minutos\" \/>\n<script type=\"application\/ld+json\" class=\"yoast-schema-graph\">{\"@context\":\"https:\/\/schema.org\",\"@graph\":[{\"@type\":\"Article\",\"@id\":\"https:\/\/www.mundoagropecuario.cl\/new\/chile-fortalece-su-gestion-en-incendios-forestales-y-restauracion-del-paisaje\/#article\",\"isPartOf\":{\"@id\":\"https:\/\/www.mundoagropecuario.cl\/new\/chile-fortalece-su-gestion-en-incendios-forestales-y-restauracion-del-paisaje\/\"},\"author\":{\"name\":\"periodista\",\"@id\":\"https:\/\/www.mundoagropecuario.cl\/new\/#\/schema\/person\/0c221050801c74e45256a7a9a1ff0803\"},\"headline\":\"Chile fortalece su gesti\u00f3n en incendios forestales y restauraci\u00f3n del paisaje\",\"datePublished\":\"2019-06-21T16:42:11+00:00\",\"dateModified\":\"2019-06-25T14:05:00+00:00\",\"mainEntityOfPage\":{\"@id\":\"https:\/\/www.mundoagropecuario.cl\/new\/chile-fortalece-su-gestion-en-incendios-forestales-y-restauracion-del-paisaje\/\"},\"wordCount\":703,\"publisher\":{\"@id\":\"https:\/\/www.mundoagropecuario.cl\/new\/#organization\"},\"image\":{\"@id\":\"https:\/\/www.mundoagropecuario.cl\/new\/chile-fortalece-su-gestion-en-incendios-forestales-y-restauracion-del-paisaje\/#primaryimage\"},\"thumbnailUrl\":\"https:\/\/www.mundoagropecuario.cl\/new\/wp-content\/uploads\/2019\/06\/seminario-prevencion_restauracionIF.jpg\",\"keywords\":[\"Conaf\",\"incendios forestales\",\"retauraci\u00f3n\"],\"articleSection\":[\"Forestal\"],\"inLanguage\":\"es\"},{\"@type\":\"WebPage\",\"@id\":\"https:\/\/www.mundoagropecuario.cl\/new\/chile-fortalece-su-gestion-en-incendios-forestales-y-restauracion-del-paisaje\/\",\"url\":\"https:\/\/www.mundoagropecuario.cl\/new\/chile-fortalece-su-gestion-en-incendios-forestales-y-restauracion-del-paisaje\/\",\"name\":\"Chile fortalece su gesti\u00f3n en incendios forestales y restauraci\u00f3n del paisaje - Mundoagropecuario\",\"isPartOf\":{\"@id\":\"https:\/\/www.mundoagropecuario.cl\/new\/#website\"},\"primaryImageOfPage\":{\"@id\":\"https:\/\/www.mundoagropecuario.cl\/new\/chile-fortalece-su-gestion-en-incendios-forestales-y-restauracion-del-paisaje\/#primaryimage\"},\"image\":{\"@id\":\"https:\/\/www.mundoagropecuario.cl\/new\/chile-fortalece-su-gestion-en-incendios-forestales-y-restauracion-del-paisaje\/#primaryimage\"},\"thumbnailUrl\":\"https:\/\/www.mundoagropecuario.cl\/new\/wp-content\/uploads\/2019\/06\/seminario-prevencion_restauracionIF.jpg\",\"datePublished\":\"2019-06-21T16:42:11+00:00\",\"dateModified\":\"2019-06-25T14:05:00+00:00\",\"breadcrumb\":{\"@id\":\"https:\/\/www.mundoagropecuario.cl\/new\/chile-fortalece-su-gestion-en-incendios-forestales-y-restauracion-del-paisaje\/#breadcrumb\"},\"inLanguage\":\"es\",\"potentialAction\":[{\"@type\":\"ReadAction\",\"target\":[\"https:\/\/www.mundoagropecuario.cl\/new\/chile-fortalece-su-gestion-en-incendios-forestales-y-restauracion-del-paisaje\/\"]}]},{\"@type\":\"ImageObject\",\"inLanguage\":\"es\",\"@id\":\"https:\/\/www.mundoagropecuario.cl\/new\/chile-fortalece-su-gestion-en-incendios-forestales-y-restauracion-del-paisaje\/#primaryimage\",\"url\":\"https:\/\/www.mundoagropecuario.cl\/new\/wp-content\/uploads\/2019\/06\/seminario-prevencion_restauracionIF.jpg\",\"contentUrl\":\"https:\/\/www.mundoagropecuario.cl\/new\/wp-content\/uploads\/2019\/06\/seminario-prevencion_restauracionIF.jpg\",\"width\":640,\"height\":400},{\"@type\":\"BreadcrumbList\",\"@id\":\"https:\/\/www.mundoagropecuario.cl\/new\/chile-fortalece-su-gestion-en-incendios-forestales-y-restauracion-del-paisaje\/#breadcrumb\",\"itemListElement\":[{\"@type\":\"ListItem\",\"position\":1,\"name\":\"Portada\",\"item\":\"https:\/\/www.mundoagropecuario.cl\/new\/\"},{\"@type\":\"ListItem\",\"position\":2,\"name\":\"Chile fortalece su gesti\u00f3n en incendios forestales y restauraci\u00f3n del paisaje\"}]},{\"@type\":\"WebSite\",\"@id\":\"https:\/\/www.mundoagropecuario.cl\/new\/#website\",\"url\":\"https:\/\/www.mundoagropecuario.cl\/new\/\",\"name\":\"Mundoagropecuario\",\"description\":\"Mundo Agropecuario\",\"publisher\":{\"@id\":\"https:\/\/www.mundoagropecuario.cl\/new\/#organization\"},\"potentialAction\":[{\"@type\":\"SearchAction\",\"target\":{\"@type\":\"EntryPoint\",\"urlTemplate\":\"https:\/\/www.mundoagropecuario.cl\/new\/?s={search_term_string}\"},\"query-input\":{\"@type\":\"PropertyValueSpecification\",\"valueRequired\":true,\"valueName\":\"search_term_string\"}}],\"inLanguage\":\"es\"},{\"@type\":\"Organization\",\"@id\":\"https:\/\/www.mundoagropecuario.cl\/new\/#organization\",\"name\":\"Revista de Agricultura\",\"url\":\"https:\/\/www.mundoagropecuario.cl\/new\/\",\"logo\":{\"@type\":\"ImageObject\",\"inLanguage\":\"es\",\"@id\":\"https:\/\/www.mundoagropecuario.cl\/new\/#\/schema\/logo\/image\/\",\"url\":\"https:\/\/www.mundoagropecuario.cl\/new\/wp-content\/uploads\/2020\/11\/PORTAL-1-1.png\",\"contentUrl\":\"https:\/\/www.mundoagropecuario.cl\/new\/wp-content\/uploads\/2020\/11\/PORTAL-1-1.png\",\"width\":1026,\"height\":100,\"caption\":\"Revista de Agricultura\"},\"image\":{\"@id\":\"https:\/\/www.mundoagropecuario.cl\/new\/#\/schema\/logo\/image\/\"},\"sameAs\":[\"https:\/\/www.facebook.com\/mundo.agropecuario.3\",\"https:\/\/x.com\/MundoAgropecuar\",\"https:\/\/www.linkedin.com\/in\/mundo-agropecuario-934009201\/\"]},{\"@type\":\"Person\",\"@id\":\"https:\/\/www.mundoagropecuario.cl\/new\/#\/schema\/person\/0c221050801c74e45256a7a9a1ff0803\",\"name\":\"periodista\",\"url\":\"https:\/\/www.mundoagropecuario.cl\/new\/author\/periodista\/\"}]}<\/script>\n<!-- \/ Yoast SEO plugin. -->","yoast_head_json":{"title":"Chile fortalece su gesti\u00f3n en incendios forestales y restauraci\u00f3n del paisaje - Mundoagropecuario","robots":{"index":"index","follow":"follow","max-snippet":"max-snippet:-1","max-image-preview":"max-image-preview:large","max-video-preview":"max-video-preview:-1"},"canonical":"https:\/\/www.mundoagropecuario.cl\/new\/chile-fortalece-su-gestion-en-incendios-forestales-y-restauracion-del-paisaje\/","og_locale":"es_ES","og_type":"article","og_title":"Chile fortalece su gesti\u00f3n en incendios forestales y restauraci\u00f3n del paisaje - Mundoagropecuario","og_description":"Expertos de distintos pa\u00edses del mundo se congregan en seminario internacional, organizado por CONAF con el apoyo de la Iniciativa 20\u00d720 de la World Resources Institute y el Ministerio de...","og_url":"https:\/\/www.mundoagropecuario.cl\/new\/chile-fortalece-su-gestion-en-incendios-forestales-y-restauracion-del-paisaje\/","og_site_name":"Mundoagropecuario","article_publisher":"https:\/\/www.facebook.com\/mundo.agropecuario.3","article_published_time":"2019-06-21T16:42:11+00:00","article_modified_time":"2019-06-25T14:05:00+00:00","og_image":[{"width":683,"height":427,"url":"https:\/\/www.mundoagropecuario.cl\/new\/wp-content\/uploads\/2019\/06\/seminario-prevencion_restauracionIF.jpg","type":"image\/jpeg"}],"author":"periodista","twitter_card":"summary_large_image","twitter_creator":"@MundoAgropecuar","twitter_site":"@MundoAgropecuar","twitter_misc":{"Escrito por":"periodista","Tiempo de lectura":"3 minutos"},"schema":{"@context":"https:\/\/schema.org","@graph":[{"@type":"Article","@id":"https:\/\/www.mundoagropecuario.cl\/new\/chile-fortalece-su-gestion-en-incendios-forestales-y-restauracion-del-paisaje\/#article","isPartOf":{"@id":"https:\/\/www.mundoagropecuario.cl\/new\/chile-fortalece-su-gestion-en-incendios-forestales-y-restauracion-del-paisaje\/"},"author":{"name":"periodista","@id":"https:\/\/www.mundoagropecuario.cl\/new\/#\/schema\/person\/0c221050801c74e45256a7a9a1ff0803"},"headline":"Chile fortalece su gesti\u00f3n en incendios forestales y restauraci\u00f3n del paisaje","datePublished":"2019-06-21T16:42:11+00:00","dateModified":"2019-06-25T14:05:00+00:00","mainEntityOfPage":{"@id":"https:\/\/www.mundoagropecuario.cl\/new\/chile-fortalece-su-gestion-en-incendios-forestales-y-restauracion-del-paisaje\/"},"wordCount":703,"publisher":{"@id":"https:\/\/www.mundoagropecuario.cl\/new\/#organization"},"image":{"@id":"https:\/\/www.mundoagropecuario.cl\/new\/chile-fortalece-su-gestion-en-incendios-forestales-y-restauracion-del-paisaje\/#primaryimage"},"thumbnailUrl":"https:\/\/www.mundoagropecuario.cl\/new\/wp-content\/uploads\/2019\/06\/seminario-prevencion_restauracionIF.jpg","keywords":["Conaf","incendios forestales","retauraci\u00f3n"],"articleSection":["Forestal"],"inLanguage":"es"},{"@type":"WebPage","@id":"https:\/\/www.mundoagropecuario.cl\/new\/chile-fortalece-su-gestion-en-incendios-forestales-y-restauracion-del-paisaje\/","url":"https:\/\/www.mundoagropecuario.cl\/new\/chile-fortalece-su-gestion-en-incendios-forestales-y-restauracion-del-paisaje\/","name":"Chile fortalece su gesti\u00f3n en incendios forestales y restauraci\u00f3n del paisaje - Mundoagropecuario","isPartOf":{"@id":"https:\/\/www.mundoagropecuario.cl\/new\/#website"},"primaryImageOfPage":{"@id":"https:\/\/www.mundoagropecuario.cl\/new\/chile-fortalece-su-gestion-en-incendios-forestales-y-restauracion-del-paisaje\/#primaryimage"},"image":{"@id":"https:\/\/www.mundoagropecuario.cl\/new\/chile-fortalece-su-gestion-en-incendios-forestales-y-restauracion-del-paisaje\/#primaryimage"},"thumbnailUrl":"https:\/\/www.mundoagropecuario.cl\/new\/wp-content\/uploads\/2019\/06\/seminario-prevencion_restauracionIF.jpg","datePublished":"2019-06-21T16:42:11+00:00","dateModified":"2019-06-25T14:05:00+00:00","breadcrumb":{"@id":"https:\/\/www.mundoagropecuario.cl\/new\/chile-fortalece-su-gestion-en-incendios-forestales-y-restauracion-del-paisaje\/#breadcrumb"},"inLanguage":"es","potentialAction":[{"@type":"ReadAction","target":["https:\/\/www.mundoagropecuario.cl\/new\/chile-fortalece-su-gestion-en-incendios-forestales-y-restauracion-del-paisaje\/"]}]},{"@type":"ImageObject","inLanguage":"es","@id":"https:\/\/www.mundoagropecuario.cl\/new\/chile-fortalece-su-gestion-en-incendios-forestales-y-restauracion-del-paisaje\/#primaryimage","url":"https:\/\/www.mundoagropecuario.cl\/new\/wp-content\/uploads\/2019\/06\/seminario-prevencion_restauracionIF.jpg","contentUrl":"https:\/\/www.mundoagropecuario.cl\/new\/wp-content\/uploads\/2019\/06\/seminario-prevencion_restauracionIF.jpg","width":640,"height":400},{"@type":"BreadcrumbList","@id":"https:\/\/www.mundoagropecuario.cl\/new\/chile-fortalece-su-gestion-en-incendios-forestales-y-restauracion-del-paisaje\/#breadcrumb","itemListElement":[{"@type":"ListItem","position":1,"name":"Portada","item":"https:\/\/www.mundoagropecuario.cl\/new\/"},{"@type":"ListItem","position":2,"name":"Chile fortalece su gesti\u00f3n en incendios forestales y restauraci\u00f3n del paisaje"}]},{"@type":"WebSite","@id":"https:\/\/www.mundoagropecuario.cl\/new\/#website","url":"https:\/\/www.mundoagropecuario.cl\/new\/","name":"Mundoagropecuario","description":"Mundo Agropecuario","publisher":{"@id":"https:\/\/www.mundoagropecuario.cl\/new\/#organization"},"potentialAction":[{"@type":"SearchAction","target":{"@type":"EntryPoint","urlTemplate":"https:\/\/www.mundoagropecuario.cl\/new\/?s={search_term_string}"},"query-input":{"@type":"PropertyValueSpecification","valueRequired":true,"valueName":"search_term_string"}}],"inLanguage":"es"},{"@type":"Organization","@id":"https:\/\/www.mundoagropecuario.cl\/new\/#organization","name":"Revista de Agricultura","url":"https:\/\/www.mundoagropecuario.cl\/new\/","logo":{"@type":"ImageObject","inLanguage":"es","@id":"https:\/\/www.mundoagropecuario.cl\/new\/#\/schema\/logo\/image\/","url":"https:\/\/www.mundoagropecuario.cl\/new\/wp-content\/uploads\/2020\/11\/PORTAL-1-1.png","contentUrl":"https:\/\/www.mundoagropecuario.cl\/new\/wp-content\/uploads\/2020\/11\/PORTAL-1-1.png","width":1026,"height":100,"caption":"Revista de Agricultura"},"image":{"@id":"https:\/\/www.mundoagropecuario.cl\/new\/#\/schema\/logo\/image\/"},"sameAs":["https:\/\/www.facebook.com\/mundo.agropecuario.3","https:\/\/x.com\/MundoAgropecuar","https:\/\/www.linkedin.com\/in\/mundo-agropecuario-934009201\/"]},{"@type":"Person","@id":"https:\/\/www.mundoagropecuario.cl\/new\/#\/schema\/person\/0c221050801c74e45256a7a9a1ff0803","name":"periodista","url":"https:\/\/www.mundoagropecuario.cl\/new\/author\/periodista\/"}]}},"_links":{"self":[{"href":"https:\/\/www.mundoagropecuario.cl\/new\/wp-json\/wp\/v2\/posts\/12477","targetHints":{"allow":["GET"]}}],"collection":[{"href":"https:\/\/www.mundoagropecuario.cl\/new\/wp-json\/wp\/v2\/posts"}],"about":[{"href":"https:\/\/www.mundoagropecuario.cl\/new\/wp-json\/wp\/v2\/types\/post"}],"author":[{"embeddable":true,"href":"https:\/\/www.mundoagropecuario.cl\/new\/wp-json\/wp\/v2\/users\/3"}],"replies":[{"embeddable":true,"href":"https:\/\/www.mundoagropecuario.cl\/new\/wp-json\/wp\/v2\/comments?post=12477"}],"version-history":[{"count":1,"href":"https:\/\/www.mundoagropecuario.cl\/new\/wp-json\/wp\/v2\/posts\/12477\/revisions"}],"predecessor-version":[{"id":12479,"href":"https:\/\/www.mundoagropecuario.cl\/new\/wp-json\/wp\/v2\/posts\/12477\/revisions\/12479"}],"wp:featuredmedia":[{"embeddable":true,"href":"https:\/\/www.mundoagropecuario.cl\/new\/wp-json\/wp\/v2\/media\/12478"}],"wp:attachment":[{"href":"https:\/\/www.mundoagropecuario.cl\/new\/wp-json\/wp\/v2\/media?parent=12477"}],"wp:term":[{"taxonomy":"category","embeddable":true,"href":"https:\/\/www.mundoagropecuario.cl\/new\/wp-json\/wp\/v2\/categories?post=12477"},{"taxonomy":"post_tag","embeddable":true,"href":"https:\/\/www.mundoagropecuario.cl\/new\/wp-json\/wp\/v2\/tags?post=12477"}],"curies":[{"name":"wp","href":"https:\/\/api.w.org\/{rel}","templated":true}]}}