{"id":12437,"date":"2019-06-19T03:16:36","date_gmt":"2019-06-19T06:16:36","guid":{"rendered":"http:\/\/www.mundoagropecuario.cl\/new\/?p=12437"},"modified":"2019-06-25T11:13:34","modified_gmt":"2019-06-25T14:13:34","slug":"diputados-solicitan-inclusion-de-vacuna-contra-plaga-loque-americana-para-proteger-la-apicultura","status":"publish","type":"post","link":"https:\/\/www.mundoagropecuario.cl\/new\/diputados-solicitan-inclusion-de-vacuna-contra-plaga-loque-americana-para-proteger-la-apicultura\/","title":{"rendered":"Diputados solicitan inclusi\u00f3n de vacuna contra plaga Loque americana para proteger la apicultura"},"content":{"rendered":"\n<ul class=\"wp-block-gallery columns-0 is-cropped wp-block-gallery-1 is-layout-flex wp-block-gallery-is-layout-flex\"><\/ul>\n\n\n\n<p><\/p>\n\n\n\n<p class=\"has-medium-font-size\"><em>En la resoluci\u00f3n se destaca la relevancia de proteger a las abejas dado su crucial rol en el ecosistema humano, ya que una de sus funciones vitales es la polinizaci\u00f3n de la foresta y plantas silvestres, as\u00ed como de varias plantaciones agr\u00edcolas de consumo de las personas (C\u00e1mara.cl).<\/em><\/p>\n\n\n\n<p>Por 105 votos a favor y uno en contra, la Sala de la C\u00e1mara\nde Diputados solicit\u00f3 al Presidente de la Rep\u00fablica que considere, a trav\u00e9s de\nlas autoridades y servicios sectoriales respectivos, la inclusi\u00f3n de la vacuna\ncontra la plaga &#8220;loque americana&#8221; que afecta al sector ap\u00edcola, en el\nprograma nacional oficial de control de la misma, dependiente del SAG.<\/p>\n\n\n\n<p>La resoluci\u00f3n 435 de las\/os diputadas\/os de Renovaci\u00f3n\nNacional Sof\u00eda Cid, Jorge Rathgeb y Jos\u00e9 Miguel Castro, junto al independiente\nPablo Prieto, se\u00f1ala que las abejas son una especie en peligro y a las cuales\nse les da una relevante protecci\u00f3n dado su crucial rol en el ecosistema humano,\nya que una de sus funciones vitales es la polinizaci\u00f3n de la foresta y plantas\nsilvestres, as\u00ed como de varias plantaciones agr\u00edcolas de consumo de las personas.\n<\/p>\n\n\n\n<p>Se agrega que, al menos un 75% de los alimentos para consumo\nhumano requieren ser polinizados, mientras que un 90% de la forestaci\u00f3n total\ntambi\u00e9n lo necesita. Por ello, muchos se\u00f1alan que la subsistencia de la especie\nhumana puede estar ligada a la de estos peque\u00f1os insectos.<\/p>\n\n\n\n<p>Seg\u00fan estad\u00edsticas oficiales del Ministerio de Agricultura,\nen Chile hay m\u00e1s de 4.500 apicultores y casi 800 mil colmenas productoras de\nmiel y otros derivados, siendo Chile un pa\u00eds netamente exportador de estos\nproductos, ya que solo un 30% de la producci\u00f3n se destina al consumo interno.<\/p>\n\n\n\n<p>Lamentablemente, una de las v\u00edas de afectaci\u00f3n de la especie\nson las nuevas enfermedades y plagas que las atacan. Entre ellas, la\n&#8220;loque americana&#8221;, una plaga que mata a las abejas, siendo resistente\npor hasta 50 a\u00f1os y estando presente en Chile desde hace ya casi 15 a\u00f1os.<\/p>\n\n\n\n<p>En dicho contexto, hace pocos d\u00edas, se anunci\u00f3 que expertos\nde la Universidad de Helsinski, en Finlandia, crearon la primera vacuna para\nabejas y, espec\u00edficamente, contra esta enfermedad, la que utilizando un\ndispositivo comestible para los insectos, los inocula ante la &#8220;loque\namericana&#8221;. <\/p>\n\n\n\n<p>Como se ha informado, esta tecnolog\u00eda es auspiciosa en la\nprevenci\u00f3n de la plaga y podr\u00eda, en el futuro, ser incorporada ante otras plagas\ny bacterias que atacan a las abejas. <\/p>\n\n\n\n<p>As\u00ed las cosas, Chile podr\u00eda importar e incorporar esta\nreciente tecnolog\u00eda, al menos experimentalmente, al plan de acci\u00f3n dependiente\ndel Servicio Agr\u00edcola y Ganadero (SAG) para el control de la plaga, lo que\ngenerar\u00eda m\u00faltiples beneficios.<\/p>\n","protected":false},"excerpt":{"rendered":"<p>En la resoluci\u00f3n se destaca la relevancia de proteger a las abejas dado su crucial rol en el ecosistema humano, ya que una de sus funciones vitales es la polinizaci\u00f3n&#8230;<\/p>\n","protected":false},"author":3,"featured_media":11378,"comment_status":"closed","ping_status":"closed","sticky":false,"template":"","format":"standard","meta":{"footnotes":""},"categories":[1945],"tags":[2668,1982,2130,1771,1981,3450],"class_list":["post-12437","post","type-post","status-publish","format-standard","has-post-thumbnail","hentry","category-agricultura","tag-abejas","tag-apicultores","tag-apicultura","tag-camara-de-diputados","tag-loque-americana","tag-vacuna"],"yoast_head":"<!-- This site is optimized with the Yoast SEO plugin v26.6 - https:\/\/yoast.com\/wordpress\/plugins\/seo\/ -->\n<title>Diputados solicitan inclusi\u00f3n de vacuna contra plaga Loque americana para proteger la apicultura - Mundoagropecuario<\/title>\n<meta name=\"robots\" content=\"index, follow, max-snippet:-1, max-image-preview:large, max-video-preview:-1\" \/>\n<link rel=\"canonical\" href=\"https:\/\/www.mundoagropecuario.cl\/new\/diputados-solicitan-inclusion-de-vacuna-contra-plaga-loque-americana-para-proteger-la-apicultura\/\" \/>\n<meta property=\"og:locale\" content=\"es_ES\" \/>\n<meta property=\"og:type\" content=\"article\" \/>\n<meta property=\"og:title\" content=\"Diputados solicitan inclusi\u00f3n de vacuna contra plaga Loque americana para proteger la apicultura - Mundoagropecuario\" \/>\n<meta property=\"og:description\" content=\"En la resoluci\u00f3n se destaca la relevancia de proteger a las abejas dado su crucial rol en el ecosistema humano, ya que una de sus funciones vitales es la polinizaci\u00f3n...\" \/>\n<meta property=\"og:url\" content=\"https:\/\/www.mundoagropecuario.cl\/new\/diputados-solicitan-inclusion-de-vacuna-contra-plaga-loque-americana-para-proteger-la-apicultura\/\" \/>\n<meta property=\"og:site_name\" content=\"Mundoagropecuario\" \/>\n<meta property=\"article:publisher\" content=\"https:\/\/www.facebook.com\/mundo.agropecuario.3\" \/>\n<meta property=\"article:published_time\" content=\"2019-06-19T06:16:36+00:00\" \/>\n<meta property=\"article:modified_time\" content=\"2019-06-25T14:13:34+00:00\" \/>\n<meta property=\"og:image\" content=\"https:\/\/www.mundoagropecuario.cl\/new\/wp-content\/uploads\/2019\/04\/loque-abejas.jpg\" \/>\n\t<meta property=\"og:image:width\" content=\"1024\" \/>\n\t<meta property=\"og:image:height\" content=\"576\" \/>\n\t<meta property=\"og:image:type\" content=\"image\/jpeg\" \/>\n<meta name=\"author\" content=\"periodista\" \/>\n<meta name=\"twitter:card\" content=\"summary_large_image\" \/>\n<meta name=\"twitter:creator\" content=\"@MundoAgropecuar\" \/>\n<meta name=\"twitter:site\" content=\"@MundoAgropecuar\" \/>\n<meta name=\"twitter:label1\" content=\"Escrito por\" \/>\n\t<meta name=\"twitter:data1\" content=\"periodista\" \/>\n\t<meta name=\"twitter:label2\" content=\"Tiempo de lectura\" \/>\n\t<meta name=\"twitter:data2\" content=\"2 minutos\" \/>\n<script type=\"application\/ld+json\" class=\"yoast-schema-graph\">{\"@context\":\"https:\/\/schema.org\",\"@graph\":[{\"@type\":\"Article\",\"@id\":\"https:\/\/www.mundoagropecuario.cl\/new\/diputados-solicitan-inclusion-de-vacuna-contra-plaga-loque-americana-para-proteger-la-apicultura\/#article\",\"isPartOf\":{\"@id\":\"https:\/\/www.mundoagropecuario.cl\/new\/diputados-solicitan-inclusion-de-vacuna-contra-plaga-loque-americana-para-proteger-la-apicultura\/\"},\"author\":{\"name\":\"periodista\",\"@id\":\"https:\/\/www.mundoagropecuario.cl\/new\/#\/schema\/person\/0c221050801c74e45256a7a9a1ff0803\"},\"headline\":\"Diputados solicitan inclusi\u00f3n de vacuna contra plaga Loque americana para proteger la apicultura\",\"datePublished\":\"2019-06-19T06:16:36+00:00\",\"dateModified\":\"2019-06-25T14:13:34+00:00\",\"mainEntityOfPage\":{\"@id\":\"https:\/\/www.mundoagropecuario.cl\/new\/diputados-solicitan-inclusion-de-vacuna-contra-plaga-loque-americana-para-proteger-la-apicultura\/\"},\"wordCount\":485,\"publisher\":{\"@id\":\"https:\/\/www.mundoagropecuario.cl\/new\/#organization\"},\"image\":{\"@id\":\"https:\/\/www.mundoagropecuario.cl\/new\/diputados-solicitan-inclusion-de-vacuna-contra-plaga-loque-americana-para-proteger-la-apicultura\/#primaryimage\"},\"thumbnailUrl\":\"https:\/\/www.mundoagropecuario.cl\/new\/wp-content\/uploads\/2019\/04\/loque-abejas.jpg\",\"keywords\":[\"abejas\",\"apicultores\",\"Apicultura\",\"C\u00e1mara de Diputados\",\"Loque americana\",\"vacuna\"],\"articleSection\":[\"Agricultura\"],\"inLanguage\":\"es\"},{\"@type\":\"WebPage\",\"@id\":\"https:\/\/www.mundoagropecuario.cl\/new\/diputados-solicitan-inclusion-de-vacuna-contra-plaga-loque-americana-para-proteger-la-apicultura\/\",\"url\":\"https:\/\/www.mundoagropecuario.cl\/new\/diputados-solicitan-inclusion-de-vacuna-contra-plaga-loque-americana-para-proteger-la-apicultura\/\",\"name\":\"Diputados solicitan inclusi\u00f3n de vacuna contra plaga Loque americana para proteger la apicultura - Mundoagropecuario\",\"isPartOf\":{\"@id\":\"https:\/\/www.mundoagropecuario.cl\/new\/#website\"},\"primaryImageOfPage\":{\"@id\":\"https:\/\/www.mundoagropecuario.cl\/new\/diputados-solicitan-inclusion-de-vacuna-contra-plaga-loque-americana-para-proteger-la-apicultura\/#primaryimage\"},\"image\":{\"@id\":\"https:\/\/www.mundoagropecuario.cl\/new\/diputados-solicitan-inclusion-de-vacuna-contra-plaga-loque-americana-para-proteger-la-apicultura\/#primaryimage\"},\"thumbnailUrl\":\"https:\/\/www.mundoagropecuario.cl\/new\/wp-content\/uploads\/2019\/04\/loque-abejas.jpg\",\"datePublished\":\"2019-06-19T06:16:36+00:00\",\"dateModified\":\"2019-06-25T14:13:34+00:00\",\"breadcrumb\":{\"@id\":\"https:\/\/www.mundoagropecuario.cl\/new\/diputados-solicitan-inclusion-de-vacuna-contra-plaga-loque-americana-para-proteger-la-apicultura\/#breadcrumb\"},\"inLanguage\":\"es\",\"potentialAction\":[{\"@type\":\"ReadAction\",\"target\":[\"https:\/\/www.mundoagropecuario.cl\/new\/diputados-solicitan-inclusion-de-vacuna-contra-plaga-loque-americana-para-proteger-la-apicultura\/\"]}]},{\"@type\":\"ImageObject\",\"inLanguage\":\"es\",\"@id\":\"https:\/\/www.mundoagropecuario.cl\/new\/diputados-solicitan-inclusion-de-vacuna-contra-plaga-loque-americana-para-proteger-la-apicultura\/#primaryimage\",\"url\":\"https:\/\/www.mundoagropecuario.cl\/new\/wp-content\/uploads\/2019\/04\/loque-abejas.jpg\",\"contentUrl\":\"https:\/\/www.mundoagropecuario.cl\/new\/wp-content\/uploads\/2019\/04\/loque-abejas.jpg\",\"width\":711,\"height\":400},{\"@type\":\"BreadcrumbList\",\"@id\":\"https:\/\/www.mundoagropecuario.cl\/new\/diputados-solicitan-inclusion-de-vacuna-contra-plaga-loque-americana-para-proteger-la-apicultura\/#breadcrumb\",\"itemListElement\":[{\"@type\":\"ListItem\",\"position\":1,\"name\":\"Portada\",\"item\":\"https:\/\/www.mundoagropecuario.cl\/new\/\"},{\"@type\":\"ListItem\",\"position\":2,\"name\":\"Diputados solicitan inclusi\u00f3n de vacuna contra plaga Loque americana para proteger la apicultura\"}]},{\"@type\":\"WebSite\",\"@id\":\"https:\/\/www.mundoagropecuario.cl\/new\/#website\",\"url\":\"https:\/\/www.mundoagropecuario.cl\/new\/\",\"name\":\"Mundoagropecuario\",\"description\":\"Mundo Agropecuario\",\"publisher\":{\"@id\":\"https:\/\/www.mundoagropecuario.cl\/new\/#organization\"},\"potentialAction\":[{\"@type\":\"SearchAction\",\"target\":{\"@type\":\"EntryPoint\",\"urlTemplate\":\"https:\/\/www.mundoagropecuario.cl\/new\/?s={search_term_string}\"},\"query-input\":{\"@type\":\"PropertyValueSpecification\",\"valueRequired\":true,\"valueName\":\"search_term_string\"}}],\"inLanguage\":\"es\"},{\"@type\":\"Organization\",\"@id\":\"https:\/\/www.mundoagropecuario.cl\/new\/#organization\",\"name\":\"Revista de Agricultura\",\"url\":\"https:\/\/www.mundoagropecuario.cl\/new\/\",\"logo\":{\"@type\":\"ImageObject\",\"inLanguage\":\"es\",\"@id\":\"https:\/\/www.mundoagropecuario.cl\/new\/#\/schema\/logo\/image\/\",\"url\":\"https:\/\/www.mundoagropecuario.cl\/new\/wp-content\/uploads\/2020\/11\/PORTAL-1-1.png\",\"contentUrl\":\"https:\/\/www.mundoagropecuario.cl\/new\/wp-content\/uploads\/2020\/11\/PORTAL-1-1.png\",\"width\":1026,\"height\":100,\"caption\":\"Revista de Agricultura\"},\"image\":{\"@id\":\"https:\/\/www.mundoagropecuario.cl\/new\/#\/schema\/logo\/image\/\"},\"sameAs\":[\"https:\/\/www.facebook.com\/mundo.agropecuario.3\",\"https:\/\/x.com\/MundoAgropecuar\",\"https:\/\/www.linkedin.com\/in\/mundo-agropecuario-934009201\/\"]},{\"@type\":\"Person\",\"@id\":\"https:\/\/www.mundoagropecuario.cl\/new\/#\/schema\/person\/0c221050801c74e45256a7a9a1ff0803\",\"name\":\"periodista\",\"url\":\"https:\/\/www.mundoagropecuario.cl\/new\/author\/periodista\/\"}]}<\/script>\n<!-- \/ Yoast SEO plugin. -->","yoast_head_json":{"title":"Diputados solicitan inclusi\u00f3n de vacuna contra plaga Loque americana para proteger la apicultura - Mundoagropecuario","robots":{"index":"index","follow":"follow","max-snippet":"max-snippet:-1","max-image-preview":"max-image-preview:large","max-video-preview":"max-video-preview:-1"},"canonical":"https:\/\/www.mundoagropecuario.cl\/new\/diputados-solicitan-inclusion-de-vacuna-contra-plaga-loque-americana-para-proteger-la-apicultura\/","og_locale":"es_ES","og_type":"article","og_title":"Diputados solicitan inclusi\u00f3n de vacuna contra plaga Loque americana para proteger la apicultura - Mundoagropecuario","og_description":"En la resoluci\u00f3n se destaca la relevancia de proteger a las abejas dado su crucial rol en el ecosistema humano, ya que una de sus funciones vitales es la polinizaci\u00f3n...","og_url":"https:\/\/www.mundoagropecuario.cl\/new\/diputados-solicitan-inclusion-de-vacuna-contra-plaga-loque-americana-para-proteger-la-apicultura\/","og_site_name":"Mundoagropecuario","article_publisher":"https:\/\/www.facebook.com\/mundo.agropecuario.3","article_published_time":"2019-06-19T06:16:36+00:00","article_modified_time":"2019-06-25T14:13:34+00:00","og_image":[{"width":1024,"height":576,"url":"https:\/\/www.mundoagropecuario.cl\/new\/wp-content\/uploads\/2019\/04\/loque-abejas.jpg","type":"image\/jpeg"}],"author":"periodista","twitter_card":"summary_large_image","twitter_creator":"@MundoAgropecuar","twitter_site":"@MundoAgropecuar","twitter_misc":{"Escrito por":"periodista","Tiempo de lectura":"2 minutos"},"schema":{"@context":"https:\/\/schema.org","@graph":[{"@type":"Article","@id":"https:\/\/www.mundoagropecuario.cl\/new\/diputados-solicitan-inclusion-de-vacuna-contra-plaga-loque-americana-para-proteger-la-apicultura\/#article","isPartOf":{"@id":"https:\/\/www.mundoagropecuario.cl\/new\/diputados-solicitan-inclusion-de-vacuna-contra-plaga-loque-americana-para-proteger-la-apicultura\/"},"author":{"name":"periodista","@id":"https:\/\/www.mundoagropecuario.cl\/new\/#\/schema\/person\/0c221050801c74e45256a7a9a1ff0803"},"headline":"Diputados solicitan inclusi\u00f3n de vacuna contra plaga Loque americana para proteger la apicultura","datePublished":"2019-06-19T06:16:36+00:00","dateModified":"2019-06-25T14:13:34+00:00","mainEntityOfPage":{"@id":"https:\/\/www.mundoagropecuario.cl\/new\/diputados-solicitan-inclusion-de-vacuna-contra-plaga-loque-americana-para-proteger-la-apicultura\/"},"wordCount":485,"publisher":{"@id":"https:\/\/www.mundoagropecuario.cl\/new\/#organization"},"image":{"@id":"https:\/\/www.mundoagropecuario.cl\/new\/diputados-solicitan-inclusion-de-vacuna-contra-plaga-loque-americana-para-proteger-la-apicultura\/#primaryimage"},"thumbnailUrl":"https:\/\/www.mundoagropecuario.cl\/new\/wp-content\/uploads\/2019\/04\/loque-abejas.jpg","keywords":["abejas","apicultores","Apicultura","C\u00e1mara de Diputados","Loque americana","vacuna"],"articleSection":["Agricultura"],"inLanguage":"es"},{"@type":"WebPage","@id":"https:\/\/www.mundoagropecuario.cl\/new\/diputados-solicitan-inclusion-de-vacuna-contra-plaga-loque-americana-para-proteger-la-apicultura\/","url":"https:\/\/www.mundoagropecuario.cl\/new\/diputados-solicitan-inclusion-de-vacuna-contra-plaga-loque-americana-para-proteger-la-apicultura\/","name":"Diputados solicitan inclusi\u00f3n de vacuna contra plaga Loque americana para proteger la apicultura - Mundoagropecuario","isPartOf":{"@id":"https:\/\/www.mundoagropecuario.cl\/new\/#website"},"primaryImageOfPage":{"@id":"https:\/\/www.mundoagropecuario.cl\/new\/diputados-solicitan-inclusion-de-vacuna-contra-plaga-loque-americana-para-proteger-la-apicultura\/#primaryimage"},"image":{"@id":"https:\/\/www.mundoagropecuario.cl\/new\/diputados-solicitan-inclusion-de-vacuna-contra-plaga-loque-americana-para-proteger-la-apicultura\/#primaryimage"},"thumbnailUrl":"https:\/\/www.mundoagropecuario.cl\/new\/wp-content\/uploads\/2019\/04\/loque-abejas.jpg","datePublished":"2019-06-19T06:16:36+00:00","dateModified":"2019-06-25T14:13:34+00:00","breadcrumb":{"@id":"https:\/\/www.mundoagropecuario.cl\/new\/diputados-solicitan-inclusion-de-vacuna-contra-plaga-loque-americana-para-proteger-la-apicultura\/#breadcrumb"},"inLanguage":"es","potentialAction":[{"@type":"ReadAction","target":["https:\/\/www.mundoagropecuario.cl\/new\/diputados-solicitan-inclusion-de-vacuna-contra-plaga-loque-americana-para-proteger-la-apicultura\/"]}]},{"@type":"ImageObject","inLanguage":"es","@id":"https:\/\/www.mundoagropecuario.cl\/new\/diputados-solicitan-inclusion-de-vacuna-contra-plaga-loque-americana-para-proteger-la-apicultura\/#primaryimage","url":"https:\/\/www.mundoagropecuario.cl\/new\/wp-content\/uploads\/2019\/04\/loque-abejas.jpg","contentUrl":"https:\/\/www.mundoagropecuario.cl\/new\/wp-content\/uploads\/2019\/04\/loque-abejas.jpg","width":711,"height":400},{"@type":"BreadcrumbList","@id":"https:\/\/www.mundoagropecuario.cl\/new\/diputados-solicitan-inclusion-de-vacuna-contra-plaga-loque-americana-para-proteger-la-apicultura\/#breadcrumb","itemListElement":[{"@type":"ListItem","position":1,"name":"Portada","item":"https:\/\/www.mundoagropecuario.cl\/new\/"},{"@type":"ListItem","position":2,"name":"Diputados solicitan inclusi\u00f3n de vacuna contra plaga Loque americana para proteger la apicultura"}]},{"@type":"WebSite","@id":"https:\/\/www.mundoagropecuario.cl\/new\/#website","url":"https:\/\/www.mundoagropecuario.cl\/new\/","name":"Mundoagropecuario","description":"Mundo Agropecuario","publisher":{"@id":"https:\/\/www.mundoagropecuario.cl\/new\/#organization"},"potentialAction":[{"@type":"SearchAction","target":{"@type":"EntryPoint","urlTemplate":"https:\/\/www.mundoagropecuario.cl\/new\/?s={search_term_string}"},"query-input":{"@type":"PropertyValueSpecification","valueRequired":true,"valueName":"search_term_string"}}],"inLanguage":"es"},{"@type":"Organization","@id":"https:\/\/www.mundoagropecuario.cl\/new\/#organization","name":"Revista de Agricultura","url":"https:\/\/www.mundoagropecuario.cl\/new\/","logo":{"@type":"ImageObject","inLanguage":"es","@id":"https:\/\/www.mundoagropecuario.cl\/new\/#\/schema\/logo\/image\/","url":"https:\/\/www.mundoagropecuario.cl\/new\/wp-content\/uploads\/2020\/11\/PORTAL-1-1.png","contentUrl":"https:\/\/www.mundoagropecuario.cl\/new\/wp-content\/uploads\/2020\/11\/PORTAL-1-1.png","width":1026,"height":100,"caption":"Revista de Agricultura"},"image":{"@id":"https:\/\/www.mundoagropecuario.cl\/new\/#\/schema\/logo\/image\/"},"sameAs":["https:\/\/www.facebook.com\/mundo.agropecuario.3","https:\/\/x.com\/MundoAgropecuar","https:\/\/www.linkedin.com\/in\/mundo-agropecuario-934009201\/"]},{"@type":"Person","@id":"https:\/\/www.mundoagropecuario.cl\/new\/#\/schema\/person\/0c221050801c74e45256a7a9a1ff0803","name":"periodista","url":"https:\/\/www.mundoagropecuario.cl\/new\/author\/periodista\/"}]}},"_links":{"self":[{"href":"https:\/\/www.mundoagropecuario.cl\/new\/wp-json\/wp\/v2\/posts\/12437","targetHints":{"allow":["GET"]}}],"collection":[{"href":"https:\/\/www.mundoagropecuario.cl\/new\/wp-json\/wp\/v2\/posts"}],"about":[{"href":"https:\/\/www.mundoagropecuario.cl\/new\/wp-json\/wp\/v2\/types\/post"}],"author":[{"embeddable":true,"href":"https:\/\/www.mundoagropecuario.cl\/new\/wp-json\/wp\/v2\/users\/3"}],"replies":[{"embeddable":true,"href":"https:\/\/www.mundoagropecuario.cl\/new\/wp-json\/wp\/v2\/comments?post=12437"}],"version-history":[{"count":1,"href":"https:\/\/www.mundoagropecuario.cl\/new\/wp-json\/wp\/v2\/posts\/12437\/revisions"}],"predecessor-version":[{"id":12438,"href":"https:\/\/www.mundoagropecuario.cl\/new\/wp-json\/wp\/v2\/posts\/12437\/revisions\/12438"}],"wp:featuredmedia":[{"embeddable":true,"href":"https:\/\/www.mundoagropecuario.cl\/new\/wp-json\/wp\/v2\/media\/11378"}],"wp:attachment":[{"href":"https:\/\/www.mundoagropecuario.cl\/new\/wp-json\/wp\/v2\/media?parent=12437"}],"wp:term":[{"taxonomy":"category","embeddable":true,"href":"https:\/\/www.mundoagropecuario.cl\/new\/wp-json\/wp\/v2\/categories?post=12437"},{"taxonomy":"post_tag","embeddable":true,"href":"https:\/\/www.mundoagropecuario.cl\/new\/wp-json\/wp\/v2\/tags?post=12437"}],"curies":[{"name":"wp","href":"https:\/\/api.w.org\/{rel}","templated":true}]}}