{"id":12419,"date":"2019-06-19T02:35:19","date_gmt":"2019-06-19T05:35:19","guid":{"rendered":"http:\/\/www.mundoagropecuario.cl\/new\/?p=12419"},"modified":"2019-06-19T02:35:24","modified_gmt":"2019-06-19T05:35:24","slug":"expertos-en-agricultura-abordan-temas-sobre-cultivos-de-suelos-deserticos-y-tecnologia-en-la-udec","status":"publish","type":"post","link":"https:\/\/www.mundoagropecuario.cl\/new\/expertos-en-agricultura-abordan-temas-sobre-cultivos-de-suelos-deserticos-y-tecnologia-en-la-udec\/","title":{"rendered":"Expertos en agricultura abordan temas sobre cultivos de suelos des\u00e9rticos y tecnolog\u00eda en la UdeC"},"content":{"rendered":"\n<ul class=\"wp-block-gallery columns-0 is-cropped wp-block-gallery-1 is-layout-flex wp-block-gallery-is-layout-flex\"><\/ul>\n\n\n\n<p><\/p>\n\n\n\n<p class=\"has-medium-font-size\"><em>Visita de los expertos a la Facultad de Agronom\u00eda de la Universidad de Concepci\u00f3n se enmarca tambi\u00e9n dentro del pr\u00f3ximo lanzamiento del libro titulado \u201cFertirrigaci\u00f3n, desde la teor\u00eda a la pr\u00e1ctica\u201d, del acad\u00e9mico del Departamento de Suelos y Recursos Naturales de la Facultad de Agronom\u00eda, Dr. Iv\u00e1n Vidal, previsto para esta semana (Mundo Agropecuario).<\/em><\/p>\n\n\n\n<p>El Dr. Jorge Etchevers, exalumno y exacad\u00e9mico de la\nFacultad de Agronom\u00eda de la Universidad de Concepci\u00f3n, y profesor Em\u00e9rito del\nColegio de Posgraduados de M\u00e9xico, instituci\u00f3n orientada a la formaci\u00f3n de\nrecursos humanos en el \u00e1rea agr\u00edcola, quien adem\u00e1s recibi\u00f3 un importante\nreconocimiento de parte del Estado de M\u00e9xico, abord\u00f3 el tema de la tecnolog\u00eda\nen la nutrici\u00f3n de cultivos.<\/p>\n\n\n\n<p>\u201cHay tecnolog\u00eda que se est\u00e1 utilizando para el diagn\u00f3stico\ndel estado nutrimental de algunos cultivos. Hay tecnolog\u00eda muy simple, que es\nla que yo llamo la \u2018medicina de guerra\u2019, que se puede hacer en condiciones de\ncampo, sin ning\u00fan instrumental, para lo cual ayudan las t\u00e9cnicas de laboratorio\n\u2014tanto de an\u00e1lisis de suelo, de agua o de material vegetal\u2014; y luego tenemos la\ntecnolog\u00eda m\u00e1s avanzada, que se relaciona con las mediciones espaciales como\nlos drones o sat\u00e9lites\u201d, precis\u00f3 el Dr. Etchevers, quien agreg\u00f3 que \u201clo m\u00e1s\nimportante es saber c\u00f3mo funciona el sistema, es decir, la parte te\u00f3rica es\nb\u00e1sica para poder tomar decisiones\u201d.<\/p>\n\n\n\n<p>Por su parte, el investigador de suelos salinos del\ndesierto, empresario y productor, Javier S\u00e1nchez, quien ha trabajado en las\ncostas peruanas logrando cultivar frutales de exportaci\u00f3n, se refiri\u00f3 a lo que\n\u00e9l llama la revoluci\u00f3n del desierto, tal como lo plantea en su libro del mismo\nnombre, donde sostiene que es posible lograr incorporar este tipo de suelos en\nla agricultura.<\/p>\n\n\n\n<p>\u201cLa costa peruana es totalmente \u00e1rida, el promedio de\nprecipitaciones all\u00e1 es de 4 mil\u00edmetros y desde hace 25 a\u00f1os aproximadamente\neste ha sido uno de los puntos de trabajo. El primer cultivo que tuvimos en\nesta zona fue de esp\u00e1rragos de exportaci\u00f3n, luego vinieron paltos, c\u00edtricos y\nahora ar\u00e1ndanos. Ya tenemos m\u00e1s de 9 mil hect\u00e1reas de este \u00faltimo frutal en\nmenos de cinco a\u00f1os\u201d, explic\u00f3 Javier S\u00e1nchez, para destacar que este tipo de\nsuelos puede ser productivo solo con tratamientos adecuados. \u201cAl suelo\ndes\u00e9rtico, que no tiene nada, uno le puede incorporar todo lo que justamente\nnecesita un determinado cultivo que quiera sembrar. Entonces, para nosotros la\nfertilidad del suelo es irrelevante, porque la construimos con fertirrigaci\u00f3n.\nEl suelo se puede tratar con lavados de agua m\u00e1s algunas enmiendas qu\u00edmicas y\nel resto se agrega listo para hacer una producci\u00f3n de alta calidad y alto\nrendimiento\u201d.<\/p>\n\n\n\n<p>La visita de los expertos a la Facultad de Agronom\u00eda de la\nUniversidad de Concepci\u00f3n se enmarca tambi\u00e9n dentro del pr\u00f3ximo lanzamiento del\nlibro titulado \u201cFertirrigaci\u00f3n, desde la teor\u00eda a la pr\u00e1ctica\u201d, del acad\u00e9mico del\nDepartamento de Suelos y Recursos Naturales de la Facultad de Agronom\u00eda, Dr.\nIv\u00e1n Vidal, previsto para esta semana.<\/p>\n","protected":false},"excerpt":{"rendered":"<p>Visita de los expertos a la Facultad de Agronom\u00eda de la Universidad de Concepci\u00f3n se enmarca tambi\u00e9n dentro del pr\u00f3ximo lanzamiento del libro titulado \u201cFertirrigaci\u00f3n, desde la teor\u00eda a la&#8230;<\/p>\n","protected":false},"author":3,"featured_media":12420,"comment_status":"closed","ping_status":"closed","sticky":false,"template":"","format":"standard","meta":{"footnotes":""},"categories":[1952],"tags":[2969,2933,3673,3688],"class_list":["post-12419","post","type-post","status-publish","format-standard","has-post-thumbnail","hentry","category-educacion","tag-agronomia-udec","tag-desierto","tag-fertirriego","tag-frutales"],"yoast_head":"<!-- This site is optimized with the Yoast SEO plugin v26.6 - https:\/\/yoast.com\/wordpress\/plugins\/seo\/ -->\n<title>Expertos en agricultura abordan temas sobre cultivos de suelos des\u00e9rticos y tecnolog\u00eda en la UdeC - Mundoagropecuario<\/title>\n<meta name=\"robots\" content=\"index, follow, max-snippet:-1, max-image-preview:large, max-video-preview:-1\" \/>\n<link rel=\"canonical\" href=\"https:\/\/www.mundoagropecuario.cl\/new\/expertos-en-agricultura-abordan-temas-sobre-cultivos-de-suelos-deserticos-y-tecnologia-en-la-udec\/\" \/>\n<meta property=\"og:locale\" content=\"es_ES\" \/>\n<meta property=\"og:type\" content=\"article\" \/>\n<meta property=\"og:title\" content=\"Expertos en agricultura abordan temas sobre cultivos de suelos des\u00e9rticos y tecnolog\u00eda en la UdeC - Mundoagropecuario\" \/>\n<meta property=\"og:description\" content=\"Visita de los expertos a la Facultad de Agronom\u00eda de la Universidad de Concepci\u00f3n se enmarca tambi\u00e9n dentro del pr\u00f3ximo lanzamiento del libro titulado \u201cFertirrigaci\u00f3n, desde la teor\u00eda a la...\" \/>\n<meta property=\"og:url\" content=\"https:\/\/www.mundoagropecuario.cl\/new\/expertos-en-agricultura-abordan-temas-sobre-cultivos-de-suelos-deserticos-y-tecnologia-en-la-udec\/\" \/>\n<meta property=\"og:site_name\" content=\"Mundoagropecuario\" \/>\n<meta property=\"article:publisher\" content=\"https:\/\/www.facebook.com\/mundo.agropecuario.3\" \/>\n<meta property=\"article:published_time\" content=\"2019-06-19T05:35:19+00:00\" \/>\n<meta property=\"article:modified_time\" content=\"2019-06-19T05:35:24+00:00\" \/>\n<meta property=\"og:image\" content=\"https:\/\/www.mundoagropecuario.cl\/new\/wp-content\/uploads\/2019\/06\/expositores-agronomia-udec.jpg\" \/>\n\t<meta property=\"og:image:width\" content=\"1024\" \/>\n\t<meta property=\"og:image:height\" content=\"683\" \/>\n\t<meta property=\"og:image:type\" content=\"image\/jpeg\" \/>\n<meta name=\"author\" content=\"periodista\" \/>\n<meta name=\"twitter:card\" content=\"summary_large_image\" \/>\n<meta name=\"twitter:creator\" content=\"@MundoAgropecuar\" \/>\n<meta name=\"twitter:site\" content=\"@MundoAgropecuar\" \/>\n<meta name=\"twitter:label1\" content=\"Escrito por\" \/>\n\t<meta name=\"twitter:data1\" content=\"periodista\" \/>\n\t<meta name=\"twitter:label2\" content=\"Tiempo de lectura\" \/>\n\t<meta name=\"twitter:data2\" content=\"3 minutos\" \/>\n<script type=\"application\/ld+json\" class=\"yoast-schema-graph\">{\"@context\":\"https:\/\/schema.org\",\"@graph\":[{\"@type\":\"Article\",\"@id\":\"https:\/\/www.mundoagropecuario.cl\/new\/expertos-en-agricultura-abordan-temas-sobre-cultivos-de-suelos-deserticos-y-tecnologia-en-la-udec\/#article\",\"isPartOf\":{\"@id\":\"https:\/\/www.mundoagropecuario.cl\/new\/expertos-en-agricultura-abordan-temas-sobre-cultivos-de-suelos-deserticos-y-tecnologia-en-la-udec\/\"},\"author\":{\"name\":\"periodista\",\"@id\":\"https:\/\/www.mundoagropecuario.cl\/new\/#\/schema\/person\/0c221050801c74e45256a7a9a1ff0803\"},\"headline\":\"Expertos en agricultura abordan temas sobre cultivos de suelos des\u00e9rticos y tecnolog\u00eda en la UdeC\",\"datePublished\":\"2019-06-19T05:35:19+00:00\",\"dateModified\":\"2019-06-19T05:35:24+00:00\",\"mainEntityOfPage\":{\"@id\":\"https:\/\/www.mundoagropecuario.cl\/new\/expertos-en-agricultura-abordan-temas-sobre-cultivos-de-suelos-deserticos-y-tecnologia-en-la-udec\/\"},\"wordCount\":560,\"publisher\":{\"@id\":\"https:\/\/www.mundoagropecuario.cl\/new\/#organization\"},\"image\":{\"@id\":\"https:\/\/www.mundoagropecuario.cl\/new\/expertos-en-agricultura-abordan-temas-sobre-cultivos-de-suelos-deserticos-y-tecnologia-en-la-udec\/#primaryimage\"},\"thumbnailUrl\":\"https:\/\/www.mundoagropecuario.cl\/new\/wp-content\/uploads\/2019\/06\/expositores-agronomia-udec.jpg\",\"keywords\":[\"Agronom\u00eda UdeC\",\"desierto\",\"fertirriego\",\"frutales\"],\"articleSection\":[\"Educaci\u00f3n\"],\"inLanguage\":\"es\"},{\"@type\":\"WebPage\",\"@id\":\"https:\/\/www.mundoagropecuario.cl\/new\/expertos-en-agricultura-abordan-temas-sobre-cultivos-de-suelos-deserticos-y-tecnologia-en-la-udec\/\",\"url\":\"https:\/\/www.mundoagropecuario.cl\/new\/expertos-en-agricultura-abordan-temas-sobre-cultivos-de-suelos-deserticos-y-tecnologia-en-la-udec\/\",\"name\":\"Expertos en agricultura abordan temas sobre cultivos de suelos des\u00e9rticos y tecnolog\u00eda en la UdeC - Mundoagropecuario\",\"isPartOf\":{\"@id\":\"https:\/\/www.mundoagropecuario.cl\/new\/#website\"},\"primaryImageOfPage\":{\"@id\":\"https:\/\/www.mundoagropecuario.cl\/new\/expertos-en-agricultura-abordan-temas-sobre-cultivos-de-suelos-deserticos-y-tecnologia-en-la-udec\/#primaryimage\"},\"image\":{\"@id\":\"https:\/\/www.mundoagropecuario.cl\/new\/expertos-en-agricultura-abordan-temas-sobre-cultivos-de-suelos-deserticos-y-tecnologia-en-la-udec\/#primaryimage\"},\"thumbnailUrl\":\"https:\/\/www.mundoagropecuario.cl\/new\/wp-content\/uploads\/2019\/06\/expositores-agronomia-udec.jpg\",\"datePublished\":\"2019-06-19T05:35:19+00:00\",\"dateModified\":\"2019-06-19T05:35:24+00:00\",\"breadcrumb\":{\"@id\":\"https:\/\/www.mundoagropecuario.cl\/new\/expertos-en-agricultura-abordan-temas-sobre-cultivos-de-suelos-deserticos-y-tecnologia-en-la-udec\/#breadcrumb\"},\"inLanguage\":\"es\",\"potentialAction\":[{\"@type\":\"ReadAction\",\"target\":[\"https:\/\/www.mundoagropecuario.cl\/new\/expertos-en-agricultura-abordan-temas-sobre-cultivos-de-suelos-deserticos-y-tecnologia-en-la-udec\/\"]}]},{\"@type\":\"ImageObject\",\"inLanguage\":\"es\",\"@id\":\"https:\/\/www.mundoagropecuario.cl\/new\/expertos-en-agricultura-abordan-temas-sobre-cultivos-de-suelos-deserticos-y-tecnologia-en-la-udec\/#primaryimage\",\"url\":\"https:\/\/www.mundoagropecuario.cl\/new\/wp-content\/uploads\/2019\/06\/expositores-agronomia-udec.jpg\",\"contentUrl\":\"https:\/\/www.mundoagropecuario.cl\/new\/wp-content\/uploads\/2019\/06\/expositores-agronomia-udec.jpg\",\"width\":600,\"height\":400},{\"@type\":\"BreadcrumbList\",\"@id\":\"https:\/\/www.mundoagropecuario.cl\/new\/expertos-en-agricultura-abordan-temas-sobre-cultivos-de-suelos-deserticos-y-tecnologia-en-la-udec\/#breadcrumb\",\"itemListElement\":[{\"@type\":\"ListItem\",\"position\":1,\"name\":\"Portada\",\"item\":\"https:\/\/www.mundoagropecuario.cl\/new\/\"},{\"@type\":\"ListItem\",\"position\":2,\"name\":\"Expertos en agricultura abordan temas sobre cultivos de suelos des\u00e9rticos y tecnolog\u00eda en la UdeC\"}]},{\"@type\":\"WebSite\",\"@id\":\"https:\/\/www.mundoagropecuario.cl\/new\/#website\",\"url\":\"https:\/\/www.mundoagropecuario.cl\/new\/\",\"name\":\"Mundoagropecuario\",\"description\":\"Mundo Agropecuario\",\"publisher\":{\"@id\":\"https:\/\/www.mundoagropecuario.cl\/new\/#organization\"},\"potentialAction\":[{\"@type\":\"SearchAction\",\"target\":{\"@type\":\"EntryPoint\",\"urlTemplate\":\"https:\/\/www.mundoagropecuario.cl\/new\/?s={search_term_string}\"},\"query-input\":{\"@type\":\"PropertyValueSpecification\",\"valueRequired\":true,\"valueName\":\"search_term_string\"}}],\"inLanguage\":\"es\"},{\"@type\":\"Organization\",\"@id\":\"https:\/\/www.mundoagropecuario.cl\/new\/#organization\",\"name\":\"Revista de Agricultura\",\"url\":\"https:\/\/www.mundoagropecuario.cl\/new\/\",\"logo\":{\"@type\":\"ImageObject\",\"inLanguage\":\"es\",\"@id\":\"https:\/\/www.mundoagropecuario.cl\/new\/#\/schema\/logo\/image\/\",\"url\":\"https:\/\/www.mundoagropecuario.cl\/new\/wp-content\/uploads\/2020\/11\/PORTAL-1-1.png\",\"contentUrl\":\"https:\/\/www.mundoagropecuario.cl\/new\/wp-content\/uploads\/2020\/11\/PORTAL-1-1.png\",\"width\":1026,\"height\":100,\"caption\":\"Revista de Agricultura\"},\"image\":{\"@id\":\"https:\/\/www.mundoagropecuario.cl\/new\/#\/schema\/logo\/image\/\"},\"sameAs\":[\"https:\/\/www.facebook.com\/mundo.agropecuario.3\",\"https:\/\/x.com\/MundoAgropecuar\",\"https:\/\/www.linkedin.com\/in\/mundo-agropecuario-934009201\/\"]},{\"@type\":\"Person\",\"@id\":\"https:\/\/www.mundoagropecuario.cl\/new\/#\/schema\/person\/0c221050801c74e45256a7a9a1ff0803\",\"name\":\"periodista\",\"url\":\"https:\/\/www.mundoagropecuario.cl\/new\/author\/periodista\/\"}]}<\/script>\n<!-- \/ Yoast SEO plugin. -->","yoast_head_json":{"title":"Expertos en agricultura abordan temas sobre cultivos de suelos des\u00e9rticos y tecnolog\u00eda en la UdeC - Mundoagropecuario","robots":{"index":"index","follow":"follow","max-snippet":"max-snippet:-1","max-image-preview":"max-image-preview:large","max-video-preview":"max-video-preview:-1"},"canonical":"https:\/\/www.mundoagropecuario.cl\/new\/expertos-en-agricultura-abordan-temas-sobre-cultivos-de-suelos-deserticos-y-tecnologia-en-la-udec\/","og_locale":"es_ES","og_type":"article","og_title":"Expertos en agricultura abordan temas sobre cultivos de suelos des\u00e9rticos y tecnolog\u00eda en la UdeC - Mundoagropecuario","og_description":"Visita de los expertos a la Facultad de Agronom\u00eda de la Universidad de Concepci\u00f3n se enmarca tambi\u00e9n dentro del pr\u00f3ximo lanzamiento del libro titulado \u201cFertirrigaci\u00f3n, desde la teor\u00eda a la...","og_url":"https:\/\/www.mundoagropecuario.cl\/new\/expertos-en-agricultura-abordan-temas-sobre-cultivos-de-suelos-deserticos-y-tecnologia-en-la-udec\/","og_site_name":"Mundoagropecuario","article_publisher":"https:\/\/www.facebook.com\/mundo.agropecuario.3","article_published_time":"2019-06-19T05:35:19+00:00","article_modified_time":"2019-06-19T05:35:24+00:00","og_image":[{"width":1024,"height":683,"url":"https:\/\/www.mundoagropecuario.cl\/new\/wp-content\/uploads\/2019\/06\/expositores-agronomia-udec.jpg","type":"image\/jpeg"}],"author":"periodista","twitter_card":"summary_large_image","twitter_creator":"@MundoAgropecuar","twitter_site":"@MundoAgropecuar","twitter_misc":{"Escrito por":"periodista","Tiempo de lectura":"3 minutos"},"schema":{"@context":"https:\/\/schema.org","@graph":[{"@type":"Article","@id":"https:\/\/www.mundoagropecuario.cl\/new\/expertos-en-agricultura-abordan-temas-sobre-cultivos-de-suelos-deserticos-y-tecnologia-en-la-udec\/#article","isPartOf":{"@id":"https:\/\/www.mundoagropecuario.cl\/new\/expertos-en-agricultura-abordan-temas-sobre-cultivos-de-suelos-deserticos-y-tecnologia-en-la-udec\/"},"author":{"name":"periodista","@id":"https:\/\/www.mundoagropecuario.cl\/new\/#\/schema\/person\/0c221050801c74e45256a7a9a1ff0803"},"headline":"Expertos en agricultura abordan temas sobre cultivos de suelos des\u00e9rticos y tecnolog\u00eda en la UdeC","datePublished":"2019-06-19T05:35:19+00:00","dateModified":"2019-06-19T05:35:24+00:00","mainEntityOfPage":{"@id":"https:\/\/www.mundoagropecuario.cl\/new\/expertos-en-agricultura-abordan-temas-sobre-cultivos-de-suelos-deserticos-y-tecnologia-en-la-udec\/"},"wordCount":560,"publisher":{"@id":"https:\/\/www.mundoagropecuario.cl\/new\/#organization"},"image":{"@id":"https:\/\/www.mundoagropecuario.cl\/new\/expertos-en-agricultura-abordan-temas-sobre-cultivos-de-suelos-deserticos-y-tecnologia-en-la-udec\/#primaryimage"},"thumbnailUrl":"https:\/\/www.mundoagropecuario.cl\/new\/wp-content\/uploads\/2019\/06\/expositores-agronomia-udec.jpg","keywords":["Agronom\u00eda UdeC","desierto","fertirriego","frutales"],"articleSection":["Educaci\u00f3n"],"inLanguage":"es"},{"@type":"WebPage","@id":"https:\/\/www.mundoagropecuario.cl\/new\/expertos-en-agricultura-abordan-temas-sobre-cultivos-de-suelos-deserticos-y-tecnologia-en-la-udec\/","url":"https:\/\/www.mundoagropecuario.cl\/new\/expertos-en-agricultura-abordan-temas-sobre-cultivos-de-suelos-deserticos-y-tecnologia-en-la-udec\/","name":"Expertos en agricultura abordan temas sobre cultivos de suelos des\u00e9rticos y tecnolog\u00eda en la UdeC - Mundoagropecuario","isPartOf":{"@id":"https:\/\/www.mundoagropecuario.cl\/new\/#website"},"primaryImageOfPage":{"@id":"https:\/\/www.mundoagropecuario.cl\/new\/expertos-en-agricultura-abordan-temas-sobre-cultivos-de-suelos-deserticos-y-tecnologia-en-la-udec\/#primaryimage"},"image":{"@id":"https:\/\/www.mundoagropecuario.cl\/new\/expertos-en-agricultura-abordan-temas-sobre-cultivos-de-suelos-deserticos-y-tecnologia-en-la-udec\/#primaryimage"},"thumbnailUrl":"https:\/\/www.mundoagropecuario.cl\/new\/wp-content\/uploads\/2019\/06\/expositores-agronomia-udec.jpg","datePublished":"2019-06-19T05:35:19+00:00","dateModified":"2019-06-19T05:35:24+00:00","breadcrumb":{"@id":"https:\/\/www.mundoagropecuario.cl\/new\/expertos-en-agricultura-abordan-temas-sobre-cultivos-de-suelos-deserticos-y-tecnologia-en-la-udec\/#breadcrumb"},"inLanguage":"es","potentialAction":[{"@type":"ReadAction","target":["https:\/\/www.mundoagropecuario.cl\/new\/expertos-en-agricultura-abordan-temas-sobre-cultivos-de-suelos-deserticos-y-tecnologia-en-la-udec\/"]}]},{"@type":"ImageObject","inLanguage":"es","@id":"https:\/\/www.mundoagropecuario.cl\/new\/expertos-en-agricultura-abordan-temas-sobre-cultivos-de-suelos-deserticos-y-tecnologia-en-la-udec\/#primaryimage","url":"https:\/\/www.mundoagropecuario.cl\/new\/wp-content\/uploads\/2019\/06\/expositores-agronomia-udec.jpg","contentUrl":"https:\/\/www.mundoagropecuario.cl\/new\/wp-content\/uploads\/2019\/06\/expositores-agronomia-udec.jpg","width":600,"height":400},{"@type":"BreadcrumbList","@id":"https:\/\/www.mundoagropecuario.cl\/new\/expertos-en-agricultura-abordan-temas-sobre-cultivos-de-suelos-deserticos-y-tecnologia-en-la-udec\/#breadcrumb","itemListElement":[{"@type":"ListItem","position":1,"name":"Portada","item":"https:\/\/www.mundoagropecuario.cl\/new\/"},{"@type":"ListItem","position":2,"name":"Expertos en agricultura abordan temas sobre cultivos de suelos des\u00e9rticos y tecnolog\u00eda en la UdeC"}]},{"@type":"WebSite","@id":"https:\/\/www.mundoagropecuario.cl\/new\/#website","url":"https:\/\/www.mundoagropecuario.cl\/new\/","name":"Mundoagropecuario","description":"Mundo Agropecuario","publisher":{"@id":"https:\/\/www.mundoagropecuario.cl\/new\/#organization"},"potentialAction":[{"@type":"SearchAction","target":{"@type":"EntryPoint","urlTemplate":"https:\/\/www.mundoagropecuario.cl\/new\/?s={search_term_string}"},"query-input":{"@type":"PropertyValueSpecification","valueRequired":true,"valueName":"search_term_string"}}],"inLanguage":"es"},{"@type":"Organization","@id":"https:\/\/www.mundoagropecuario.cl\/new\/#organization","name":"Revista de Agricultura","url":"https:\/\/www.mundoagropecuario.cl\/new\/","logo":{"@type":"ImageObject","inLanguage":"es","@id":"https:\/\/www.mundoagropecuario.cl\/new\/#\/schema\/logo\/image\/","url":"https:\/\/www.mundoagropecuario.cl\/new\/wp-content\/uploads\/2020\/11\/PORTAL-1-1.png","contentUrl":"https:\/\/www.mundoagropecuario.cl\/new\/wp-content\/uploads\/2020\/11\/PORTAL-1-1.png","width":1026,"height":100,"caption":"Revista de Agricultura"},"image":{"@id":"https:\/\/www.mundoagropecuario.cl\/new\/#\/schema\/logo\/image\/"},"sameAs":["https:\/\/www.facebook.com\/mundo.agropecuario.3","https:\/\/x.com\/MundoAgropecuar","https:\/\/www.linkedin.com\/in\/mundo-agropecuario-934009201\/"]},{"@type":"Person","@id":"https:\/\/www.mundoagropecuario.cl\/new\/#\/schema\/person\/0c221050801c74e45256a7a9a1ff0803","name":"periodista","url":"https:\/\/www.mundoagropecuario.cl\/new\/author\/periodista\/"}]}},"_links":{"self":[{"href":"https:\/\/www.mundoagropecuario.cl\/new\/wp-json\/wp\/v2\/posts\/12419","targetHints":{"allow":["GET"]}}],"collection":[{"href":"https:\/\/www.mundoagropecuario.cl\/new\/wp-json\/wp\/v2\/posts"}],"about":[{"href":"https:\/\/www.mundoagropecuario.cl\/new\/wp-json\/wp\/v2\/types\/post"}],"author":[{"embeddable":true,"href":"https:\/\/www.mundoagropecuario.cl\/new\/wp-json\/wp\/v2\/users\/3"}],"replies":[{"embeddable":true,"href":"https:\/\/www.mundoagropecuario.cl\/new\/wp-json\/wp\/v2\/comments?post=12419"}],"version-history":[{"count":1,"href":"https:\/\/www.mundoagropecuario.cl\/new\/wp-json\/wp\/v2\/posts\/12419\/revisions"}],"predecessor-version":[{"id":12421,"href":"https:\/\/www.mundoagropecuario.cl\/new\/wp-json\/wp\/v2\/posts\/12419\/revisions\/12421"}],"wp:featuredmedia":[{"embeddable":true,"href":"https:\/\/www.mundoagropecuario.cl\/new\/wp-json\/wp\/v2\/media\/12420"}],"wp:attachment":[{"href":"https:\/\/www.mundoagropecuario.cl\/new\/wp-json\/wp\/v2\/media?parent=12419"}],"wp:term":[{"taxonomy":"category","embeddable":true,"href":"https:\/\/www.mundoagropecuario.cl\/new\/wp-json\/wp\/v2\/categories?post=12419"},{"taxonomy":"post_tag","embeddable":true,"href":"https:\/\/www.mundoagropecuario.cl\/new\/wp-json\/wp\/v2\/tags?post=12419"}],"curies":[{"name":"wp","href":"https:\/\/api.w.org\/{rel}","templated":true}]}}