{"id":12402,"date":"2019-06-18T02:00:45","date_gmt":"2019-06-18T05:00:45","guid":{"rendered":"http:\/\/www.mundoagropecuario.cl\/new\/?p=12402"},"modified":"2019-06-19T11:59:27","modified_gmt":"2019-06-19T14:59:27","slug":"hortaliceros-obtienen-marca-colectiva-gracias-a-investigacion-de-la-uc-temuco","status":"publish","type":"post","link":"https:\/\/www.mundoagropecuario.cl\/new\/hortaliceros-obtienen-marca-colectiva-gracias-a-investigacion-de-la-uc-temuco\/","title":{"rendered":"Hortaliceros obtienen marca colectiva gracias a investigaci\u00f3n de la UC Temuco"},"content":{"rendered":"\n<ul class=\"wp-block-gallery columns-0 is-cropped wp-block-gallery-1 is-layout-flex wp-block-gallery-is-layout-flex\"><\/ul>\n\n\n\n<p><\/p>\n\n\n\n<p class=\"has-medium-font-size\"><em>Con la presencia de autoridades, investigadores, acad\u00e9micos, estudiantes y productores hort\u00edcolas de la zona de Maquehue se llev\u00f3 a cabo el lanzamiento de la marca colectiva \u201cAzul Rapamakewe\u201d (Mundo Agropecuario).<\/em><\/p>\n\n\n\n<p>Como un importante hito que se logra gracias al trabajo de\nun equipo de investigaci\u00f3n de nuestra casa de estudios, liderado por la Dra.\nGina Leonelli, apoyado tambi\u00e9n por la Direcci\u00f3n de Innovaci\u00f3n y Transferencia\nTecnol\u00f3gica de la Universidad Cat\u00f3lica de Temuco, se materializ\u00f3 el lanzamiento\nde la marca colectiva \u201cAzul Rapamakewe\u201d, que busca proteger el Puerro Azul de\nMaquehue, con el objetivo de que se reconozca y se distinga esta hortaliza de\notras que se producen en el pa\u00eds.<\/p>\n\n\n\n<p>Gracias a la estrecha relaci\u00f3n con los productores de la\nzona y la experiencia obtenida durante a\u00f1os de trabajo, la Dra. Gina Leonelli\njunto a un equipo de profesionales, descubrieron que existe un cultivo con el\ncual un grupo de hortaliceros de la comunidad Domingo Painevilu 2 se destacan\npor la producci\u00f3n de una hortaliza que se cultiva durante un largo periodo del\na\u00f1o y en especial en periodo invernal: El puerro azul de Maquehue. Por lo\nanterior, se realiz\u00f3 en primera instancia un estudio que recalca sus\npropiedades nutricionales, rusticidad, firmeza, larga vida post cosecha e\nintenso aroma y sabor, posteriormente se desarroll\u00f3 la investigaci\u00f3n\n\u201cValorizaci\u00f3n y promoci\u00f3n del patrimonio agroalimentario del Puerro de Maquehue\nde la comuna de Padre Las Casas a trav\u00e9s de la implementaci\u00f3n de una Indicaci\u00f3n\nGeogr\u00e1fica, la cual fue financiada por FIA, donde una de sus metas a lograr era\nobtener la marca colectiva otorgada por INAPI, desaf\u00edo que por fin hoy ya es\nuna realidad.<\/p>\n\n\n\n<p>Al respecto, el decano de la Facultad de Recursos Naturales\nde la UC Temuco, Dr. Iv\u00e1n Valdebenito, sostuvo que este trabajo se enmarca\ndentro del sello de nuestra instituci\u00f3n y particularmente de nuestra facultad\nque est\u00e1 en relaci\u00f3n al respeto del medio ambiente y particularmente la carrera\nde Agronom\u00eda que tiene trabajo con la agricultura familiar campesina. \u201cEsta es\nuna de las metas, as\u00ed como se ha trabajado con peque\u00f1os productores de este\npuerro azul sin duda que para nosotros es un tremendo logro que no solo va en\nbeneficio de nosotros como universidad sino en las comunidades de peque\u00f1os\nagricultores con los que nosotros trabajamos, eso les va facilitando la\ngeneraci\u00f3n de ingresos, la mejora de la calidad de vida y eso parte de nuestro\nsello institucional\u201d, indic\u00f3 el decano.<\/p>\n\n\n\n<p>Seg\u00fan INAPI, la marca colectiva permite distinguir la\nprocedencia, el material, el modo de fabricaci\u00f3n u otras caracter\u00edsticas\ncomunes de los bienes producidos por los miembros de una asociaci\u00f3n,\npermitiendo diferenciar en el mercado los productos y servicios, de aquellos\nproducidos o prestados por terceros y que no forman parte de dicha asociaci\u00f3n o\ngrupo. Es as\u00ed como gracias a este sello, ahora, los hortaliceros de la\ncomunidad Domingo Painevilu 2 podr\u00e1n hacerse conocidos y diferenciados como los\nproductores de este puerro azul que es distribuido en supermercados y ferias\nque normalmente acudimos para obtener hortalizas y ocuparlas en nuestras\ncomidas.<\/p>\n\n\n\n<p>La Dra. Gina Leonelli, directora de este proyecto se\u00f1al\u00f3 que\nparticipar de \u00e9l fue \u201cuna escuela de la vida\u2026 tengo sentimientos de felicidad.\nSentir que vali\u00f3 la pena todos estos a\u00f1os de trabajo, de esfuerzo, de\ncompartir, de integrarnos con distintos tipos de profesionales y estudiantes.\nEs una alegr\u00eda grande cuando uno ve que los esfuerzos, la sabidur\u00eda del\nproductor y el respeto por cada uno de nosotros, por el trabajo realizado, se\nven coronados con este resultado, un reconocimiento, que es esta certificaci\u00f3n\nde calidad, una forma de valorizar tambi\u00e9n un producto local\u201d, destac\u00f3\nemocionada la acad\u00e9mica de la Universidad Cat\u00f3lica de Temuco.<\/p>\n\n\n\n<p>La ceremonia fue marcada por la entrega simb\u00f3lica de los\nsellos y el reglamento de la marca colectiva a la directiva de la agrupaci\u00f3n\ncompuesta por su presidente Marcelo Jaramillo; Daniel Gonz\u00e1lez, vicepresidente,\nMar\u00eda Albertina Urrutia, secretaria; Marcelino Jaramillo, el tesorero y el\nprimer director, Arturo Painevilu, quienes recibieron estos productos en nombre\nde toda la agrupaci\u00f3n y se comprometieron a repartirlos entre los dem\u00e1s\nproductores del Puerro Azul de Rapamakewe. Estas estampillas y reglamento afirman\nla obtenci\u00f3n de este reconocimiento de INAPI, ambos entregados por la abogada\nAndrea Lobos de la empresa Patent Attorney Andes IP, profesional clave para la\nobtenci\u00f3n de este sello de origen.<\/p>\n\n\n\n<p>En sus palabras, el presidente de la agrupaci\u00f3n de productores\n\u201cPuerro Azul Rapa Makewe\u201d, Marcelo Jaramillo, afirm\u00f3 que para ellos fue muy\nimportante haber obtenido la marca colectiva \u201cpor el hecho de tener un\nreconocimiento, poder darnos a conocer a nivel regional y nacional. Para\nnosotros este trabajo fue una bonita experiencia. A la profesora Gina la\nubic\u00e1bamos desde hace hartos a\u00f1os por el tema hort\u00edcola, y debo decir que su\napoyo en todas estas etapas ha sido fundamental para ir logrando todos estos\ndesaf\u00edos. Queremos ser un pa\u00eds desarrollado, as\u00ed que debemos ir avanzando en\nestas cosas y el apoyo de la Universidad Cat\u00f3lica en esto ha sido muy\nimportante. Ojal\u00e1 podamos seguir avanzando en conjunto, so\u00f1ar junto a ustedes\u201d,\nmanifest\u00f3 el presidente.<\/p>\n\n\n\n<p>Por su parte, la abogada Andrea Lobos de Patent Attorney\nAndes IP, expres\u00f3 que \u201cha sido muy importante poder trabajar codo a codo con la\nFacultad de Recursos Naturales de la UC Temuco y en particular con la Escuela\nde Agronom\u00eda. Ah\u00ed conoc\u00ed a la Dra. Gina Leonelli quien lleva mucho m\u00e1s a\u00f1os\napoyando estas iniciativas, postulando a fondos, haciendo investigaci\u00f3n y\ndesarrollo. Entonces se alinearon los intereses, el compromiso, el trabajo\narduo y tambi\u00e9n el cari\u00f1o hacia la agricultura familiar campesina ya que sobre\ntodo en la regi\u00f3n de La Araucan\u00eda es una de las actividades que mantiene a\nmuchas familias y que sabemos que es una regi\u00f3n que tiene mucho rezago en nivel\nsocioecon\u00f3mico, por lo tanto es s\u00faper importante poder trabajar para fortalecer\nla agricultura familiar campesina y uno de los mecanismos es poner en valor sus\nproductos a trav\u00e9s de marcas colectivas, indicaciones geogr\u00e1ficas ya que ellos\nno tienen acceso normalmente y a trav\u00e9s de estos ellos pueden diferenciar sus\nproductos en el mercado y as\u00ed poder obtener m\u00e1s recursos y mejores precios por\nsus productos\u201d, precis\u00f3 la abogada.<\/p>\n\n\n\n<p>Cabe destacar que si bien ahora obtuvieron la marca\ncolectiva, a\u00fan queda una meta que cumplir, la obtenci\u00f3n de una Indicaci\u00f3n\nGeogr\u00e1fica, sello de origen otorgado por INAPI y que afirmar\u00eda que este puerro\nes originario de Maquehue.<\/p>\n\n\n\n<p>Por \u00faltimo, el lanzamiento concluy\u00f3 con una muestra\ngastron\u00f3mica con lo mejor del puerro azul de Maquehue, recetas ancestrales de\ncultivo y producci\u00f3n agr\u00edcola que representan la cosmovisi\u00f3n mapuche, las que\nse han transmitido de generaci\u00f3n en generaci\u00f3n en las familias de horticultores\nde esta comunidad.<\/p>\n","protected":false},"excerpt":{"rendered":"<p>Con la presencia de autoridades, investigadores, acad\u00e9micos, estudiantes y productores hort\u00edcolas de la zona de Maquehue se llev\u00f3 a cabo el lanzamiento de la marca colectiva \u201cAzul Rapamakewe\u201d (Mundo Agropecuario)&#8230;.<\/p>\n","protected":false},"author":3,"featured_media":12403,"comment_status":"closed","ping_status":"closed","sticky":false,"template":"","format":"standard","meta":{"footnotes":""},"categories":[1951],"tags":[3229,3763,2875],"class_list":["post-12402","post","type-post","status-publish","format-standard","has-post-thumbnail","hentry","category-id","tag-hortaliceros","tag-marca-colectiva","tag-uct"],"yoast_head":"<!-- This site is optimized with the Yoast SEO plugin v26.6 - https:\/\/yoast.com\/wordpress\/plugins\/seo\/ -->\n<title>Hortaliceros obtienen marca colectiva gracias a investigaci\u00f3n de la UC Temuco - Mundoagropecuario<\/title>\n<meta name=\"robots\" content=\"index, follow, max-snippet:-1, max-image-preview:large, max-video-preview:-1\" \/>\n<link rel=\"canonical\" href=\"https:\/\/www.mundoagropecuario.cl\/new\/hortaliceros-obtienen-marca-colectiva-gracias-a-investigacion-de-la-uc-temuco\/\" \/>\n<meta property=\"og:locale\" content=\"es_ES\" \/>\n<meta property=\"og:type\" content=\"article\" \/>\n<meta property=\"og:title\" content=\"Hortaliceros obtienen marca colectiva gracias a investigaci\u00f3n de la UC Temuco - Mundoagropecuario\" \/>\n<meta property=\"og:description\" content=\"Con la presencia de autoridades, investigadores, acad\u00e9micos, estudiantes y productores hort\u00edcolas de la zona de Maquehue se llev\u00f3 a cabo el lanzamiento de la marca colectiva \u201cAzul Rapamakewe\u201d (Mundo Agropecuario)....\" \/>\n<meta property=\"og:url\" content=\"https:\/\/www.mundoagropecuario.cl\/new\/hortaliceros-obtienen-marca-colectiva-gracias-a-investigacion-de-la-uc-temuco\/\" \/>\n<meta property=\"og:site_name\" content=\"Mundoagropecuario\" \/>\n<meta property=\"article:publisher\" content=\"https:\/\/www.facebook.com\/mundo.agropecuario.3\" \/>\n<meta property=\"article:published_time\" content=\"2019-06-18T05:00:45+00:00\" \/>\n<meta property=\"article:modified_time\" content=\"2019-06-19T14:59:27+00:00\" \/>\n<meta property=\"og:image\" content=\"https:\/\/www.mundoagropecuario.cl\/new\/wp-content\/uploads\/2019\/06\/hortaliceros.jpg\" \/>\n\t<meta property=\"og:image:width\" content=\"936\" \/>\n\t<meta property=\"og:image:height\" content=\"619\" \/>\n\t<meta property=\"og:image:type\" content=\"image\/jpeg\" \/>\n<meta name=\"author\" content=\"periodista\" \/>\n<meta name=\"twitter:card\" content=\"summary_large_image\" \/>\n<meta name=\"twitter:creator\" content=\"@MundoAgropecuar\" \/>\n<meta name=\"twitter:site\" content=\"@MundoAgropecuar\" \/>\n<meta name=\"twitter:label1\" content=\"Escrito por\" \/>\n\t<meta name=\"twitter:data1\" content=\"periodista\" \/>\n\t<meta name=\"twitter:label2\" content=\"Tiempo de lectura\" \/>\n\t<meta name=\"twitter:data2\" content=\"6 minutos\" \/>\n<script type=\"application\/ld+json\" class=\"yoast-schema-graph\">{\"@context\":\"https:\/\/schema.org\",\"@graph\":[{\"@type\":\"Article\",\"@id\":\"https:\/\/www.mundoagropecuario.cl\/new\/hortaliceros-obtienen-marca-colectiva-gracias-a-investigacion-de-la-uc-temuco\/#article\",\"isPartOf\":{\"@id\":\"https:\/\/www.mundoagropecuario.cl\/new\/hortaliceros-obtienen-marca-colectiva-gracias-a-investigacion-de-la-uc-temuco\/\"},\"author\":{\"name\":\"periodista\",\"@id\":\"https:\/\/www.mundoagropecuario.cl\/new\/#\/schema\/person\/0c221050801c74e45256a7a9a1ff0803\"},\"headline\":\"Hortaliceros obtienen marca colectiva gracias a investigaci\u00f3n de la UC Temuco\",\"datePublished\":\"2019-06-18T05:00:45+00:00\",\"dateModified\":\"2019-06-19T14:59:27+00:00\",\"mainEntityOfPage\":{\"@id\":\"https:\/\/www.mundoagropecuario.cl\/new\/hortaliceros-obtienen-marca-colectiva-gracias-a-investigacion-de-la-uc-temuco\/\"},\"wordCount\":1200,\"publisher\":{\"@id\":\"https:\/\/www.mundoagropecuario.cl\/new\/#organization\"},\"image\":{\"@id\":\"https:\/\/www.mundoagropecuario.cl\/new\/hortaliceros-obtienen-marca-colectiva-gracias-a-investigacion-de-la-uc-temuco\/#primaryimage\"},\"thumbnailUrl\":\"https:\/\/www.mundoagropecuario.cl\/new\/wp-content\/uploads\/2019\/06\/hortaliceros.jpg\",\"keywords\":[\"hortaliceros\",\"marca colectiva\",\"UCT\"],\"articleSection\":[\"I+D\"],\"inLanguage\":\"es\"},{\"@type\":\"WebPage\",\"@id\":\"https:\/\/www.mundoagropecuario.cl\/new\/hortaliceros-obtienen-marca-colectiva-gracias-a-investigacion-de-la-uc-temuco\/\",\"url\":\"https:\/\/www.mundoagropecuario.cl\/new\/hortaliceros-obtienen-marca-colectiva-gracias-a-investigacion-de-la-uc-temuco\/\",\"name\":\"Hortaliceros obtienen marca colectiva gracias a investigaci\u00f3n de la UC Temuco - Mundoagropecuario\",\"isPartOf\":{\"@id\":\"https:\/\/www.mundoagropecuario.cl\/new\/#website\"},\"primaryImageOfPage\":{\"@id\":\"https:\/\/www.mundoagropecuario.cl\/new\/hortaliceros-obtienen-marca-colectiva-gracias-a-investigacion-de-la-uc-temuco\/#primaryimage\"},\"image\":{\"@id\":\"https:\/\/www.mundoagropecuario.cl\/new\/hortaliceros-obtienen-marca-colectiva-gracias-a-investigacion-de-la-uc-temuco\/#primaryimage\"},\"thumbnailUrl\":\"https:\/\/www.mundoagropecuario.cl\/new\/wp-content\/uploads\/2019\/06\/hortaliceros.jpg\",\"datePublished\":\"2019-06-18T05:00:45+00:00\",\"dateModified\":\"2019-06-19T14:59:27+00:00\",\"breadcrumb\":{\"@id\":\"https:\/\/www.mundoagropecuario.cl\/new\/hortaliceros-obtienen-marca-colectiva-gracias-a-investigacion-de-la-uc-temuco\/#breadcrumb\"},\"inLanguage\":\"es\",\"potentialAction\":[{\"@type\":\"ReadAction\",\"target\":[\"https:\/\/www.mundoagropecuario.cl\/new\/hortaliceros-obtienen-marca-colectiva-gracias-a-investigacion-de-la-uc-temuco\/\"]}]},{\"@type\":\"ImageObject\",\"inLanguage\":\"es\",\"@id\":\"https:\/\/www.mundoagropecuario.cl\/new\/hortaliceros-obtienen-marca-colectiva-gracias-a-investigacion-de-la-uc-temuco\/#primaryimage\",\"url\":\"https:\/\/www.mundoagropecuario.cl\/new\/wp-content\/uploads\/2019\/06\/hortaliceros.jpg\",\"contentUrl\":\"https:\/\/www.mundoagropecuario.cl\/new\/wp-content\/uploads\/2019\/06\/hortaliceros.jpg\",\"width\":605,\"height\":400},{\"@type\":\"BreadcrumbList\",\"@id\":\"https:\/\/www.mundoagropecuario.cl\/new\/hortaliceros-obtienen-marca-colectiva-gracias-a-investigacion-de-la-uc-temuco\/#breadcrumb\",\"itemListElement\":[{\"@type\":\"ListItem\",\"position\":1,\"name\":\"Portada\",\"item\":\"https:\/\/www.mundoagropecuario.cl\/new\/\"},{\"@type\":\"ListItem\",\"position\":2,\"name\":\"Hortaliceros obtienen marca colectiva gracias a investigaci\u00f3n de la UC Temuco\"}]},{\"@type\":\"WebSite\",\"@id\":\"https:\/\/www.mundoagropecuario.cl\/new\/#website\",\"url\":\"https:\/\/www.mundoagropecuario.cl\/new\/\",\"name\":\"Mundoagropecuario\",\"description\":\"Mundo Agropecuario\",\"publisher\":{\"@id\":\"https:\/\/www.mundoagropecuario.cl\/new\/#organization\"},\"potentialAction\":[{\"@type\":\"SearchAction\",\"target\":{\"@type\":\"EntryPoint\",\"urlTemplate\":\"https:\/\/www.mundoagropecuario.cl\/new\/?s={search_term_string}\"},\"query-input\":{\"@type\":\"PropertyValueSpecification\",\"valueRequired\":true,\"valueName\":\"search_term_string\"}}],\"inLanguage\":\"es\"},{\"@type\":\"Organization\",\"@id\":\"https:\/\/www.mundoagropecuario.cl\/new\/#organization\",\"name\":\"Revista de Agricultura\",\"url\":\"https:\/\/www.mundoagropecuario.cl\/new\/\",\"logo\":{\"@type\":\"ImageObject\",\"inLanguage\":\"es\",\"@id\":\"https:\/\/www.mundoagropecuario.cl\/new\/#\/schema\/logo\/image\/\",\"url\":\"https:\/\/www.mundoagropecuario.cl\/new\/wp-content\/uploads\/2020\/11\/PORTAL-1-1.png\",\"contentUrl\":\"https:\/\/www.mundoagropecuario.cl\/new\/wp-content\/uploads\/2020\/11\/PORTAL-1-1.png\",\"width\":1026,\"height\":100,\"caption\":\"Revista de Agricultura\"},\"image\":{\"@id\":\"https:\/\/www.mundoagropecuario.cl\/new\/#\/schema\/logo\/image\/\"},\"sameAs\":[\"https:\/\/www.facebook.com\/mundo.agropecuario.3\",\"https:\/\/x.com\/MundoAgropecuar\",\"https:\/\/www.linkedin.com\/in\/mundo-agropecuario-934009201\/\"]},{\"@type\":\"Person\",\"@id\":\"https:\/\/www.mundoagropecuario.cl\/new\/#\/schema\/person\/0c221050801c74e45256a7a9a1ff0803\",\"name\":\"periodista\",\"url\":\"https:\/\/www.mundoagropecuario.cl\/new\/author\/periodista\/\"}]}<\/script>\n<!-- \/ Yoast SEO plugin. -->","yoast_head_json":{"title":"Hortaliceros obtienen marca colectiva gracias a investigaci\u00f3n de la UC Temuco - Mundoagropecuario","robots":{"index":"index","follow":"follow","max-snippet":"max-snippet:-1","max-image-preview":"max-image-preview:large","max-video-preview":"max-video-preview:-1"},"canonical":"https:\/\/www.mundoagropecuario.cl\/new\/hortaliceros-obtienen-marca-colectiva-gracias-a-investigacion-de-la-uc-temuco\/","og_locale":"es_ES","og_type":"article","og_title":"Hortaliceros obtienen marca colectiva gracias a investigaci\u00f3n de la UC Temuco - Mundoagropecuario","og_description":"Con la presencia de autoridades, investigadores, acad\u00e9micos, estudiantes y productores hort\u00edcolas de la zona de Maquehue se llev\u00f3 a cabo el lanzamiento de la marca colectiva \u201cAzul Rapamakewe\u201d (Mundo Agropecuario)....","og_url":"https:\/\/www.mundoagropecuario.cl\/new\/hortaliceros-obtienen-marca-colectiva-gracias-a-investigacion-de-la-uc-temuco\/","og_site_name":"Mundoagropecuario","article_publisher":"https:\/\/www.facebook.com\/mundo.agropecuario.3","article_published_time":"2019-06-18T05:00:45+00:00","article_modified_time":"2019-06-19T14:59:27+00:00","og_image":[{"width":936,"height":619,"url":"https:\/\/www.mundoagropecuario.cl\/new\/wp-content\/uploads\/2019\/06\/hortaliceros.jpg","type":"image\/jpeg"}],"author":"periodista","twitter_card":"summary_large_image","twitter_creator":"@MundoAgropecuar","twitter_site":"@MundoAgropecuar","twitter_misc":{"Escrito por":"periodista","Tiempo de lectura":"6 minutos"},"schema":{"@context":"https:\/\/schema.org","@graph":[{"@type":"Article","@id":"https:\/\/www.mundoagropecuario.cl\/new\/hortaliceros-obtienen-marca-colectiva-gracias-a-investigacion-de-la-uc-temuco\/#article","isPartOf":{"@id":"https:\/\/www.mundoagropecuario.cl\/new\/hortaliceros-obtienen-marca-colectiva-gracias-a-investigacion-de-la-uc-temuco\/"},"author":{"name":"periodista","@id":"https:\/\/www.mundoagropecuario.cl\/new\/#\/schema\/person\/0c221050801c74e45256a7a9a1ff0803"},"headline":"Hortaliceros obtienen marca colectiva gracias a investigaci\u00f3n de la UC Temuco","datePublished":"2019-06-18T05:00:45+00:00","dateModified":"2019-06-19T14:59:27+00:00","mainEntityOfPage":{"@id":"https:\/\/www.mundoagropecuario.cl\/new\/hortaliceros-obtienen-marca-colectiva-gracias-a-investigacion-de-la-uc-temuco\/"},"wordCount":1200,"publisher":{"@id":"https:\/\/www.mundoagropecuario.cl\/new\/#organization"},"image":{"@id":"https:\/\/www.mundoagropecuario.cl\/new\/hortaliceros-obtienen-marca-colectiva-gracias-a-investigacion-de-la-uc-temuco\/#primaryimage"},"thumbnailUrl":"https:\/\/www.mundoagropecuario.cl\/new\/wp-content\/uploads\/2019\/06\/hortaliceros.jpg","keywords":["hortaliceros","marca colectiva","UCT"],"articleSection":["I+D"],"inLanguage":"es"},{"@type":"WebPage","@id":"https:\/\/www.mundoagropecuario.cl\/new\/hortaliceros-obtienen-marca-colectiva-gracias-a-investigacion-de-la-uc-temuco\/","url":"https:\/\/www.mundoagropecuario.cl\/new\/hortaliceros-obtienen-marca-colectiva-gracias-a-investigacion-de-la-uc-temuco\/","name":"Hortaliceros obtienen marca colectiva gracias a investigaci\u00f3n de la UC Temuco - Mundoagropecuario","isPartOf":{"@id":"https:\/\/www.mundoagropecuario.cl\/new\/#website"},"primaryImageOfPage":{"@id":"https:\/\/www.mundoagropecuario.cl\/new\/hortaliceros-obtienen-marca-colectiva-gracias-a-investigacion-de-la-uc-temuco\/#primaryimage"},"image":{"@id":"https:\/\/www.mundoagropecuario.cl\/new\/hortaliceros-obtienen-marca-colectiva-gracias-a-investigacion-de-la-uc-temuco\/#primaryimage"},"thumbnailUrl":"https:\/\/www.mundoagropecuario.cl\/new\/wp-content\/uploads\/2019\/06\/hortaliceros.jpg","datePublished":"2019-06-18T05:00:45+00:00","dateModified":"2019-06-19T14:59:27+00:00","breadcrumb":{"@id":"https:\/\/www.mundoagropecuario.cl\/new\/hortaliceros-obtienen-marca-colectiva-gracias-a-investigacion-de-la-uc-temuco\/#breadcrumb"},"inLanguage":"es","potentialAction":[{"@type":"ReadAction","target":["https:\/\/www.mundoagropecuario.cl\/new\/hortaliceros-obtienen-marca-colectiva-gracias-a-investigacion-de-la-uc-temuco\/"]}]},{"@type":"ImageObject","inLanguage":"es","@id":"https:\/\/www.mundoagropecuario.cl\/new\/hortaliceros-obtienen-marca-colectiva-gracias-a-investigacion-de-la-uc-temuco\/#primaryimage","url":"https:\/\/www.mundoagropecuario.cl\/new\/wp-content\/uploads\/2019\/06\/hortaliceros.jpg","contentUrl":"https:\/\/www.mundoagropecuario.cl\/new\/wp-content\/uploads\/2019\/06\/hortaliceros.jpg","width":605,"height":400},{"@type":"BreadcrumbList","@id":"https:\/\/www.mundoagropecuario.cl\/new\/hortaliceros-obtienen-marca-colectiva-gracias-a-investigacion-de-la-uc-temuco\/#breadcrumb","itemListElement":[{"@type":"ListItem","position":1,"name":"Portada","item":"https:\/\/www.mundoagropecuario.cl\/new\/"},{"@type":"ListItem","position":2,"name":"Hortaliceros obtienen marca colectiva gracias a investigaci\u00f3n de la UC Temuco"}]},{"@type":"WebSite","@id":"https:\/\/www.mundoagropecuario.cl\/new\/#website","url":"https:\/\/www.mundoagropecuario.cl\/new\/","name":"Mundoagropecuario","description":"Mundo Agropecuario","publisher":{"@id":"https:\/\/www.mundoagropecuario.cl\/new\/#organization"},"potentialAction":[{"@type":"SearchAction","target":{"@type":"EntryPoint","urlTemplate":"https:\/\/www.mundoagropecuario.cl\/new\/?s={search_term_string}"},"query-input":{"@type":"PropertyValueSpecification","valueRequired":true,"valueName":"search_term_string"}}],"inLanguage":"es"},{"@type":"Organization","@id":"https:\/\/www.mundoagropecuario.cl\/new\/#organization","name":"Revista de Agricultura","url":"https:\/\/www.mundoagropecuario.cl\/new\/","logo":{"@type":"ImageObject","inLanguage":"es","@id":"https:\/\/www.mundoagropecuario.cl\/new\/#\/schema\/logo\/image\/","url":"https:\/\/www.mundoagropecuario.cl\/new\/wp-content\/uploads\/2020\/11\/PORTAL-1-1.png","contentUrl":"https:\/\/www.mundoagropecuario.cl\/new\/wp-content\/uploads\/2020\/11\/PORTAL-1-1.png","width":1026,"height":100,"caption":"Revista de Agricultura"},"image":{"@id":"https:\/\/www.mundoagropecuario.cl\/new\/#\/schema\/logo\/image\/"},"sameAs":["https:\/\/www.facebook.com\/mundo.agropecuario.3","https:\/\/x.com\/MundoAgropecuar","https:\/\/www.linkedin.com\/in\/mundo-agropecuario-934009201\/"]},{"@type":"Person","@id":"https:\/\/www.mundoagropecuario.cl\/new\/#\/schema\/person\/0c221050801c74e45256a7a9a1ff0803","name":"periodista","url":"https:\/\/www.mundoagropecuario.cl\/new\/author\/periodista\/"}]}},"_links":{"self":[{"href":"https:\/\/www.mundoagropecuario.cl\/new\/wp-json\/wp\/v2\/posts\/12402","targetHints":{"allow":["GET"]}}],"collection":[{"href":"https:\/\/www.mundoagropecuario.cl\/new\/wp-json\/wp\/v2\/posts"}],"about":[{"href":"https:\/\/www.mundoagropecuario.cl\/new\/wp-json\/wp\/v2\/types\/post"}],"author":[{"embeddable":true,"href":"https:\/\/www.mundoagropecuario.cl\/new\/wp-json\/wp\/v2\/users\/3"}],"replies":[{"embeddable":true,"href":"https:\/\/www.mundoagropecuario.cl\/new\/wp-json\/wp\/v2\/comments?post=12402"}],"version-history":[{"count":1,"href":"https:\/\/www.mundoagropecuario.cl\/new\/wp-json\/wp\/v2\/posts\/12402\/revisions"}],"predecessor-version":[{"id":12404,"href":"https:\/\/www.mundoagropecuario.cl\/new\/wp-json\/wp\/v2\/posts\/12402\/revisions\/12404"}],"wp:featuredmedia":[{"embeddable":true,"href":"https:\/\/www.mundoagropecuario.cl\/new\/wp-json\/wp\/v2\/media\/12403"}],"wp:attachment":[{"href":"https:\/\/www.mundoagropecuario.cl\/new\/wp-json\/wp\/v2\/media?parent=12402"}],"wp:term":[{"taxonomy":"category","embeddable":true,"href":"https:\/\/www.mundoagropecuario.cl\/new\/wp-json\/wp\/v2\/categories?post=12402"},{"taxonomy":"post_tag","embeddable":true,"href":"https:\/\/www.mundoagropecuario.cl\/new\/wp-json\/wp\/v2\/tags?post=12402"}],"curies":[{"name":"wp","href":"https:\/\/api.w.org\/{rel}","templated":true}]}}