{"id":12391,"date":"2019-06-17T02:00:13","date_gmt":"2019-06-17T05:00:13","guid":{"rendered":"http:\/\/www.mundoagropecuario.cl\/new\/?p=12391"},"modified":"2019-06-19T11:46:07","modified_gmt":"2019-06-19T14:46:07","slug":"estudiante-de-agronomia-de-la-uc-temuco-triunfa-en-concurso-latinoamericano","status":"publish","type":"post","link":"https:\/\/www.mundoagropecuario.cl\/new\/estudiante-de-agronomia-de-la-uc-temuco-triunfa-en-concurso-latinoamericano\/","title":{"rendered":"Estudiante de Agronom\u00eda de la UC Temuco triunfa en concurso latinoamericano"},"content":{"rendered":"\n<ul class=\"wp-block-gallery columns-0 is-cropped wp-block-gallery-1 is-layout-flex wp-block-gallery-is-layout-flex\"><\/ul>\n\n\n\n<p><\/p>\n\n\n\n<p class=\"has-medium-font-size\"><em>Las estudiantes Brenda Hetz y Francisca Flores de las carreras de Agronom\u00eda y Dise\u00f1o Industrial de la Universidad Cat\u00f3lica de Temuco, fueron las \u00fanicas seleccionadas de la regi\u00f3n para participar del Concurso de Innovaci\u00f3n AgroTech Latam en la ciudad de Ica, Per\u00fa (Mundo Agropecuario).<\/em><\/p>\n\n\n\n<p>Esperanzadas con alcanzar las instancias finales en uno de\nlos concursos de agroinnovaci\u00f3n m\u00e1s relevantes en Latinoam\u00e9rica, como lo es\nAgroTech Latam que organiza la revista especializada Red Agr\u00edcola y que tuvo\ncomo sede la ciudad de Ica en el Per\u00fa, viajaron las estudiantes de la UC de Temuco\nBrenda Hetz y Francisca Flores, quienes obtuvieron el primer lugar en las categor\u00edas\n\u201cAgtech\u201d y \u201cFoodtech\u201d con su producto \u201cPoda Sana\u201d.<\/p>\n\n\n\n<p>Con el apoyo del Programa de Emprendimiento de la Direcci\u00f3n\nGeneral Estudiantil de la UC Temuco, y desarrollado al alero del concurso de\ninnovaci\u00f3n \u201cHortifrut Challenge 2018\u201d \u2013 donde tambi\u00e9n obtuvieron el primer\nlugar- , las estudiantes de las carreras de Agronom\u00eda y de Dise\u00f1o Industrial de\nla UC Temuco compartieron sus conocimientos para desarrollar un dispositivo de\npoda (tijer\u00f3n) con material de cobre por sus efectos antibacterianos, al que se\nle incorpor\u00f3 un sistema de pasta sellante que hace m\u00e1s efectiva la acci\u00f3n de\ncorte en la poda, evitando que la planta se infecte y se propaguen enfermedades\nal cultivo.<\/p>\n\n\n\n<p>El Agtech Latam 2019 realizado el 12 y 13 de junio en Per\u00fa,\ncont\u00f3 con la participaci\u00f3n de distintas innovaciones vinculadas al agro, la\nindustria de los alimentos, conferencias tem\u00e1ticas con la participaci\u00f3n de\nexpertos en el \u00e1rea, sumado tambi\u00e9n a ruedas de negocios donde el dispositivo\n\u201cPoda Sana\u201d acapar\u00f3 la atenci\u00f3n de agricultores locales y de otros pa\u00edses, con\nelogios de parte del jurado que lo premi\u00f3 por el aporte para evitar la\npropagaci\u00f3n de enfermedades en los huertos y la optimizaci\u00f3n de los tiempos de\nfaena.<\/p>\n\n\n\n<p>\u201cNos permiti\u00f3 presentar \u201cPoda Sana\u201d como un producto que puede consolidarse en el mercado de la horticultura, logr\u00e1ndose algunos contactos comerciales para acciones futuras. De hecho, llam\u00f3 mucho la atenci\u00f3n nuestro dispositivo, porque agricultores peruanos nos comentaron que el sector pasa por un momento cr\u00edtico debido a la propagaci\u00f3n de enfermedades y hongos que afectan a cultivos de frutales y paltos, generando grandes p\u00e9rdidas\u201d, coment\u00f3 la estudiante de Dise\u00f1o Industrial UC Temuco Francisca Flores, sobre la participaci\u00f3n en el certamen que les otorg\u00f3 USD$2.000 d\u00f3lares para escalar el negocio y una invitaci\u00f3n a participar a otro certamen de innovaci\u00f3n en la ciudad de Trujillo, Per\u00fa.<\/p>\n\n\n\n<p>Imagen referencial.<\/p>\n","protected":false},"excerpt":{"rendered":"<p>Las estudiantes Brenda Hetz y Francisca Flores de las carreras de Agronom\u00eda y Dise\u00f1o Industrial de la Universidad Cat\u00f3lica de Temuco, fueron las \u00fanicas seleccionadas de la regi\u00f3n para participar&#8230;<\/p>\n","protected":false},"author":3,"featured_media":12392,"comment_status":"closed","ping_status":"closed","sticky":false,"template":"","format":"standard","meta":{"footnotes":""},"categories":[1952],"tags":[3761,2875],"class_list":["post-12391","post","type-post","status-publish","format-standard","has-post-thumbnail","hentry","category-educacion","tag-agtech","tag-uct"],"yoast_head":"<!-- This site is optimized with the Yoast SEO plugin v26.6 - https:\/\/yoast.com\/wordpress\/plugins\/seo\/ -->\n<title>Estudiante de Agronom\u00eda de la UC Temuco triunfa en concurso latinoamericano - Mundoagropecuario<\/title>\n<meta name=\"robots\" content=\"index, follow, max-snippet:-1, max-image-preview:large, max-video-preview:-1\" \/>\n<link rel=\"canonical\" href=\"https:\/\/www.mundoagropecuario.cl\/new\/estudiante-de-agronomia-de-la-uc-temuco-triunfa-en-concurso-latinoamericano\/\" \/>\n<meta property=\"og:locale\" content=\"es_ES\" \/>\n<meta property=\"og:type\" content=\"article\" \/>\n<meta property=\"og:title\" content=\"Estudiante de Agronom\u00eda de la UC Temuco triunfa en concurso latinoamericano - Mundoagropecuario\" \/>\n<meta property=\"og:description\" content=\"Las estudiantes Brenda Hetz y Francisca Flores de las carreras de Agronom\u00eda y Dise\u00f1o Industrial de la Universidad Cat\u00f3lica de Temuco, fueron las \u00fanicas seleccionadas de la regi\u00f3n para participar...\" \/>\n<meta property=\"og:url\" content=\"https:\/\/www.mundoagropecuario.cl\/new\/estudiante-de-agronomia-de-la-uc-temuco-triunfa-en-concurso-latinoamericano\/\" \/>\n<meta property=\"og:site_name\" content=\"Mundoagropecuario\" \/>\n<meta property=\"article:publisher\" content=\"https:\/\/www.facebook.com\/mundo.agropecuario.3\" \/>\n<meta property=\"article:published_time\" content=\"2019-06-17T05:00:13+00:00\" \/>\n<meta property=\"article:modified_time\" content=\"2019-06-19T14:46:07+00:00\" \/>\n<meta property=\"og:image\" content=\"https:\/\/www.mundoagropecuario.cl\/new\/wp-content\/uploads\/2019\/06\/agtech-uva_web.jpg\" \/>\n\t<meta property=\"og:image:width\" content=\"792\" \/>\n\t<meta property=\"og:image:height\" content=\"591\" \/>\n\t<meta property=\"og:image:type\" content=\"image\/jpeg\" \/>\n<meta name=\"author\" content=\"periodista\" \/>\n<meta name=\"twitter:card\" content=\"summary_large_image\" \/>\n<meta name=\"twitter:creator\" content=\"@MundoAgropecuar\" \/>\n<meta name=\"twitter:site\" content=\"@MundoAgropecuar\" \/>\n<meta name=\"twitter:label1\" content=\"Escrito por\" \/>\n\t<meta name=\"twitter:data1\" content=\"periodista\" \/>\n\t<meta name=\"twitter:label2\" content=\"Tiempo de lectura\" \/>\n\t<meta name=\"twitter:data2\" content=\"2 minutos\" \/>\n<script type=\"application\/ld+json\" class=\"yoast-schema-graph\">{\"@context\":\"https:\/\/schema.org\",\"@graph\":[{\"@type\":\"Article\",\"@id\":\"https:\/\/www.mundoagropecuario.cl\/new\/estudiante-de-agronomia-de-la-uc-temuco-triunfa-en-concurso-latinoamericano\/#article\",\"isPartOf\":{\"@id\":\"https:\/\/www.mundoagropecuario.cl\/new\/estudiante-de-agronomia-de-la-uc-temuco-triunfa-en-concurso-latinoamericano\/\"},\"author\":{\"name\":\"periodista\",\"@id\":\"https:\/\/www.mundoagropecuario.cl\/new\/#\/schema\/person\/0c221050801c74e45256a7a9a1ff0803\"},\"headline\":\"Estudiante de Agronom\u00eda de la UC Temuco triunfa en concurso latinoamericano\",\"datePublished\":\"2019-06-17T05:00:13+00:00\",\"dateModified\":\"2019-06-19T14:46:07+00:00\",\"mainEntityOfPage\":{\"@id\":\"https:\/\/www.mundoagropecuario.cl\/new\/estudiante-de-agronomia-de-la-uc-temuco-triunfa-en-concurso-latinoamericano\/\"},\"wordCount\":452,\"publisher\":{\"@id\":\"https:\/\/www.mundoagropecuario.cl\/new\/#organization\"},\"image\":{\"@id\":\"https:\/\/www.mundoagropecuario.cl\/new\/estudiante-de-agronomia-de-la-uc-temuco-triunfa-en-concurso-latinoamericano\/#primaryimage\"},\"thumbnailUrl\":\"https:\/\/www.mundoagropecuario.cl\/new\/wp-content\/uploads\/2019\/06\/agtech-uva_web.jpg\",\"keywords\":[\"Agtech\",\"UCT\"],\"articleSection\":[\"Educaci\u00f3n\"],\"inLanguage\":\"es\"},{\"@type\":\"WebPage\",\"@id\":\"https:\/\/www.mundoagropecuario.cl\/new\/estudiante-de-agronomia-de-la-uc-temuco-triunfa-en-concurso-latinoamericano\/\",\"url\":\"https:\/\/www.mundoagropecuario.cl\/new\/estudiante-de-agronomia-de-la-uc-temuco-triunfa-en-concurso-latinoamericano\/\",\"name\":\"Estudiante de Agronom\u00eda de la UC Temuco triunfa en concurso latinoamericano - Mundoagropecuario\",\"isPartOf\":{\"@id\":\"https:\/\/www.mundoagropecuario.cl\/new\/#website\"},\"primaryImageOfPage\":{\"@id\":\"https:\/\/www.mundoagropecuario.cl\/new\/estudiante-de-agronomia-de-la-uc-temuco-triunfa-en-concurso-latinoamericano\/#primaryimage\"},\"image\":{\"@id\":\"https:\/\/www.mundoagropecuario.cl\/new\/estudiante-de-agronomia-de-la-uc-temuco-triunfa-en-concurso-latinoamericano\/#primaryimage\"},\"thumbnailUrl\":\"https:\/\/www.mundoagropecuario.cl\/new\/wp-content\/uploads\/2019\/06\/agtech-uva_web.jpg\",\"datePublished\":\"2019-06-17T05:00:13+00:00\",\"dateModified\":\"2019-06-19T14:46:07+00:00\",\"breadcrumb\":{\"@id\":\"https:\/\/www.mundoagropecuario.cl\/new\/estudiante-de-agronomia-de-la-uc-temuco-triunfa-en-concurso-latinoamericano\/#breadcrumb\"},\"inLanguage\":\"es\",\"potentialAction\":[{\"@type\":\"ReadAction\",\"target\":[\"https:\/\/www.mundoagropecuario.cl\/new\/estudiante-de-agronomia-de-la-uc-temuco-triunfa-en-concurso-latinoamericano\/\"]}]},{\"@type\":\"ImageObject\",\"inLanguage\":\"es\",\"@id\":\"https:\/\/www.mundoagropecuario.cl\/new\/estudiante-de-agronomia-de-la-uc-temuco-triunfa-en-concurso-latinoamericano\/#primaryimage\",\"url\":\"https:\/\/www.mundoagropecuario.cl\/new\/wp-content\/uploads\/2019\/06\/agtech-uva_web.jpg\",\"contentUrl\":\"https:\/\/www.mundoagropecuario.cl\/new\/wp-content\/uploads\/2019\/06\/agtech-uva_web.jpg\",\"width\":536,\"height\":400},{\"@type\":\"BreadcrumbList\",\"@id\":\"https:\/\/www.mundoagropecuario.cl\/new\/estudiante-de-agronomia-de-la-uc-temuco-triunfa-en-concurso-latinoamericano\/#breadcrumb\",\"itemListElement\":[{\"@type\":\"ListItem\",\"position\":1,\"name\":\"Portada\",\"item\":\"https:\/\/www.mundoagropecuario.cl\/new\/\"},{\"@type\":\"ListItem\",\"position\":2,\"name\":\"Estudiante de Agronom\u00eda de la UC Temuco triunfa en concurso latinoamericano\"}]},{\"@type\":\"WebSite\",\"@id\":\"https:\/\/www.mundoagropecuario.cl\/new\/#website\",\"url\":\"https:\/\/www.mundoagropecuario.cl\/new\/\",\"name\":\"Mundoagropecuario\",\"description\":\"Mundo Agropecuario\",\"publisher\":{\"@id\":\"https:\/\/www.mundoagropecuario.cl\/new\/#organization\"},\"potentialAction\":[{\"@type\":\"SearchAction\",\"target\":{\"@type\":\"EntryPoint\",\"urlTemplate\":\"https:\/\/www.mundoagropecuario.cl\/new\/?s={search_term_string}\"},\"query-input\":{\"@type\":\"PropertyValueSpecification\",\"valueRequired\":true,\"valueName\":\"search_term_string\"}}],\"inLanguage\":\"es\"},{\"@type\":\"Organization\",\"@id\":\"https:\/\/www.mundoagropecuario.cl\/new\/#organization\",\"name\":\"Revista de Agricultura\",\"url\":\"https:\/\/www.mundoagropecuario.cl\/new\/\",\"logo\":{\"@type\":\"ImageObject\",\"inLanguage\":\"es\",\"@id\":\"https:\/\/www.mundoagropecuario.cl\/new\/#\/schema\/logo\/image\/\",\"url\":\"https:\/\/www.mundoagropecuario.cl\/new\/wp-content\/uploads\/2020\/11\/PORTAL-1-1.png\",\"contentUrl\":\"https:\/\/www.mundoagropecuario.cl\/new\/wp-content\/uploads\/2020\/11\/PORTAL-1-1.png\",\"width\":1026,\"height\":100,\"caption\":\"Revista de Agricultura\"},\"image\":{\"@id\":\"https:\/\/www.mundoagropecuario.cl\/new\/#\/schema\/logo\/image\/\"},\"sameAs\":[\"https:\/\/www.facebook.com\/mundo.agropecuario.3\",\"https:\/\/x.com\/MundoAgropecuar\",\"https:\/\/www.linkedin.com\/in\/mundo-agropecuario-934009201\/\"]},{\"@type\":\"Person\",\"@id\":\"https:\/\/www.mundoagropecuario.cl\/new\/#\/schema\/person\/0c221050801c74e45256a7a9a1ff0803\",\"name\":\"periodista\",\"url\":\"https:\/\/www.mundoagropecuario.cl\/new\/author\/periodista\/\"}]}<\/script>\n<!-- \/ Yoast SEO plugin. -->","yoast_head_json":{"title":"Estudiante de Agronom\u00eda de la UC Temuco triunfa en concurso latinoamericano - Mundoagropecuario","robots":{"index":"index","follow":"follow","max-snippet":"max-snippet:-1","max-image-preview":"max-image-preview:large","max-video-preview":"max-video-preview:-1"},"canonical":"https:\/\/www.mundoagropecuario.cl\/new\/estudiante-de-agronomia-de-la-uc-temuco-triunfa-en-concurso-latinoamericano\/","og_locale":"es_ES","og_type":"article","og_title":"Estudiante de Agronom\u00eda de la UC Temuco triunfa en concurso latinoamericano - Mundoagropecuario","og_description":"Las estudiantes Brenda Hetz y Francisca Flores de las carreras de Agronom\u00eda y Dise\u00f1o Industrial de la Universidad Cat\u00f3lica de Temuco, fueron las \u00fanicas seleccionadas de la regi\u00f3n para participar...","og_url":"https:\/\/www.mundoagropecuario.cl\/new\/estudiante-de-agronomia-de-la-uc-temuco-triunfa-en-concurso-latinoamericano\/","og_site_name":"Mundoagropecuario","article_publisher":"https:\/\/www.facebook.com\/mundo.agropecuario.3","article_published_time":"2019-06-17T05:00:13+00:00","article_modified_time":"2019-06-19T14:46:07+00:00","og_image":[{"width":792,"height":591,"url":"https:\/\/www.mundoagropecuario.cl\/new\/wp-content\/uploads\/2019\/06\/agtech-uva_web.jpg","type":"image\/jpeg"}],"author":"periodista","twitter_card":"summary_large_image","twitter_creator":"@MundoAgropecuar","twitter_site":"@MundoAgropecuar","twitter_misc":{"Escrito por":"periodista","Tiempo de lectura":"2 minutos"},"schema":{"@context":"https:\/\/schema.org","@graph":[{"@type":"Article","@id":"https:\/\/www.mundoagropecuario.cl\/new\/estudiante-de-agronomia-de-la-uc-temuco-triunfa-en-concurso-latinoamericano\/#article","isPartOf":{"@id":"https:\/\/www.mundoagropecuario.cl\/new\/estudiante-de-agronomia-de-la-uc-temuco-triunfa-en-concurso-latinoamericano\/"},"author":{"name":"periodista","@id":"https:\/\/www.mundoagropecuario.cl\/new\/#\/schema\/person\/0c221050801c74e45256a7a9a1ff0803"},"headline":"Estudiante de Agronom\u00eda de la UC Temuco triunfa en concurso latinoamericano","datePublished":"2019-06-17T05:00:13+00:00","dateModified":"2019-06-19T14:46:07+00:00","mainEntityOfPage":{"@id":"https:\/\/www.mundoagropecuario.cl\/new\/estudiante-de-agronomia-de-la-uc-temuco-triunfa-en-concurso-latinoamericano\/"},"wordCount":452,"publisher":{"@id":"https:\/\/www.mundoagropecuario.cl\/new\/#organization"},"image":{"@id":"https:\/\/www.mundoagropecuario.cl\/new\/estudiante-de-agronomia-de-la-uc-temuco-triunfa-en-concurso-latinoamericano\/#primaryimage"},"thumbnailUrl":"https:\/\/www.mundoagropecuario.cl\/new\/wp-content\/uploads\/2019\/06\/agtech-uva_web.jpg","keywords":["Agtech","UCT"],"articleSection":["Educaci\u00f3n"],"inLanguage":"es"},{"@type":"WebPage","@id":"https:\/\/www.mundoagropecuario.cl\/new\/estudiante-de-agronomia-de-la-uc-temuco-triunfa-en-concurso-latinoamericano\/","url":"https:\/\/www.mundoagropecuario.cl\/new\/estudiante-de-agronomia-de-la-uc-temuco-triunfa-en-concurso-latinoamericano\/","name":"Estudiante de Agronom\u00eda de la UC Temuco triunfa en concurso latinoamericano - Mundoagropecuario","isPartOf":{"@id":"https:\/\/www.mundoagropecuario.cl\/new\/#website"},"primaryImageOfPage":{"@id":"https:\/\/www.mundoagropecuario.cl\/new\/estudiante-de-agronomia-de-la-uc-temuco-triunfa-en-concurso-latinoamericano\/#primaryimage"},"image":{"@id":"https:\/\/www.mundoagropecuario.cl\/new\/estudiante-de-agronomia-de-la-uc-temuco-triunfa-en-concurso-latinoamericano\/#primaryimage"},"thumbnailUrl":"https:\/\/www.mundoagropecuario.cl\/new\/wp-content\/uploads\/2019\/06\/agtech-uva_web.jpg","datePublished":"2019-06-17T05:00:13+00:00","dateModified":"2019-06-19T14:46:07+00:00","breadcrumb":{"@id":"https:\/\/www.mundoagropecuario.cl\/new\/estudiante-de-agronomia-de-la-uc-temuco-triunfa-en-concurso-latinoamericano\/#breadcrumb"},"inLanguage":"es","potentialAction":[{"@type":"ReadAction","target":["https:\/\/www.mundoagropecuario.cl\/new\/estudiante-de-agronomia-de-la-uc-temuco-triunfa-en-concurso-latinoamericano\/"]}]},{"@type":"ImageObject","inLanguage":"es","@id":"https:\/\/www.mundoagropecuario.cl\/new\/estudiante-de-agronomia-de-la-uc-temuco-triunfa-en-concurso-latinoamericano\/#primaryimage","url":"https:\/\/www.mundoagropecuario.cl\/new\/wp-content\/uploads\/2019\/06\/agtech-uva_web.jpg","contentUrl":"https:\/\/www.mundoagropecuario.cl\/new\/wp-content\/uploads\/2019\/06\/agtech-uva_web.jpg","width":536,"height":400},{"@type":"BreadcrumbList","@id":"https:\/\/www.mundoagropecuario.cl\/new\/estudiante-de-agronomia-de-la-uc-temuco-triunfa-en-concurso-latinoamericano\/#breadcrumb","itemListElement":[{"@type":"ListItem","position":1,"name":"Portada","item":"https:\/\/www.mundoagropecuario.cl\/new\/"},{"@type":"ListItem","position":2,"name":"Estudiante de Agronom\u00eda de la UC Temuco triunfa en concurso latinoamericano"}]},{"@type":"WebSite","@id":"https:\/\/www.mundoagropecuario.cl\/new\/#website","url":"https:\/\/www.mundoagropecuario.cl\/new\/","name":"Mundoagropecuario","description":"Mundo Agropecuario","publisher":{"@id":"https:\/\/www.mundoagropecuario.cl\/new\/#organization"},"potentialAction":[{"@type":"SearchAction","target":{"@type":"EntryPoint","urlTemplate":"https:\/\/www.mundoagropecuario.cl\/new\/?s={search_term_string}"},"query-input":{"@type":"PropertyValueSpecification","valueRequired":true,"valueName":"search_term_string"}}],"inLanguage":"es"},{"@type":"Organization","@id":"https:\/\/www.mundoagropecuario.cl\/new\/#organization","name":"Revista de Agricultura","url":"https:\/\/www.mundoagropecuario.cl\/new\/","logo":{"@type":"ImageObject","inLanguage":"es","@id":"https:\/\/www.mundoagropecuario.cl\/new\/#\/schema\/logo\/image\/","url":"https:\/\/www.mundoagropecuario.cl\/new\/wp-content\/uploads\/2020\/11\/PORTAL-1-1.png","contentUrl":"https:\/\/www.mundoagropecuario.cl\/new\/wp-content\/uploads\/2020\/11\/PORTAL-1-1.png","width":1026,"height":100,"caption":"Revista de Agricultura"},"image":{"@id":"https:\/\/www.mundoagropecuario.cl\/new\/#\/schema\/logo\/image\/"},"sameAs":["https:\/\/www.facebook.com\/mundo.agropecuario.3","https:\/\/x.com\/MundoAgropecuar","https:\/\/www.linkedin.com\/in\/mundo-agropecuario-934009201\/"]},{"@type":"Person","@id":"https:\/\/www.mundoagropecuario.cl\/new\/#\/schema\/person\/0c221050801c74e45256a7a9a1ff0803","name":"periodista","url":"https:\/\/www.mundoagropecuario.cl\/new\/author\/periodista\/"}]}},"_links":{"self":[{"href":"https:\/\/www.mundoagropecuario.cl\/new\/wp-json\/wp\/v2\/posts\/12391","targetHints":{"allow":["GET"]}}],"collection":[{"href":"https:\/\/www.mundoagropecuario.cl\/new\/wp-json\/wp\/v2\/posts"}],"about":[{"href":"https:\/\/www.mundoagropecuario.cl\/new\/wp-json\/wp\/v2\/types\/post"}],"author":[{"embeddable":true,"href":"https:\/\/www.mundoagropecuario.cl\/new\/wp-json\/wp\/v2\/users\/3"}],"replies":[{"embeddable":true,"href":"https:\/\/www.mundoagropecuario.cl\/new\/wp-json\/wp\/v2\/comments?post=12391"}],"version-history":[{"count":1,"href":"https:\/\/www.mundoagropecuario.cl\/new\/wp-json\/wp\/v2\/posts\/12391\/revisions"}],"predecessor-version":[{"id":12393,"href":"https:\/\/www.mundoagropecuario.cl\/new\/wp-json\/wp\/v2\/posts\/12391\/revisions\/12393"}],"wp:featuredmedia":[{"embeddable":true,"href":"https:\/\/www.mundoagropecuario.cl\/new\/wp-json\/wp\/v2\/media\/12392"}],"wp:attachment":[{"href":"https:\/\/www.mundoagropecuario.cl\/new\/wp-json\/wp\/v2\/media?parent=12391"}],"wp:term":[{"taxonomy":"category","embeddable":true,"href":"https:\/\/www.mundoagropecuario.cl\/new\/wp-json\/wp\/v2\/categories?post=12391"},{"taxonomy":"post_tag","embeddable":true,"href":"https:\/\/www.mundoagropecuario.cl\/new\/wp-json\/wp\/v2\/tags?post=12391"}],"curies":[{"name":"wp","href":"https:\/\/api.w.org\/{rel}","templated":true}]}}