{"id":12360,"date":"2019-06-14T03:10:17","date_gmt":"2019-06-14T06:10:17","guid":{"rendered":"http:\/\/www.mundoagropecuario.cl\/new\/?p=12360"},"modified":"2019-06-14T03:10:24","modified_gmt":"2019-06-14T06:10:24","slug":"indap-apoyara-proyectos-fruticolas-en-la-region-de-nuble-con-una-inversion-de-493-millones","status":"publish","type":"post","link":"https:\/\/www.mundoagropecuario.cl\/new\/indap-apoyara-proyectos-fruticolas-en-la-region-de-nuble-con-una-inversion-de-493-millones\/","title":{"rendered":"INDAP apoyar\u00e1 proyectos frut\u00edcolas en la regi\u00f3n de \u00d1uble con una inversi\u00f3n de $493 millones"},"content":{"rendered":"\n<ul class=\"wp-block-gallery columns-0 is-cropped wp-block-gallery-1 is-layout-flex wp-block-gallery-is-layout-flex\"><\/ul>\n\n\n\n<p><\/p>\n\n\n\n<p class=\"has-medium-font-size\"><em>Recursos, que ser\u00e1n transferidos por el GORE a INDAP, se suman a otros 1.129 millones de pesos aprobados en febrero para incorporar 620 nuevas hect\u00e1reas de riego en la regi\u00f3n (Mundo Agropecuario).<\/em><\/p>\n\n\n\n<p>En la b\u00fasqueda de nuevas alternativas para que los peque\u00f1os\nagricultores de \u00d1uble diversifiquen su producci\u00f3n, esta semana el intendente\nMart\u00edn Arrau y la directora regional de INDAP, Tatiana Merino Coria,\nsuscribieron un importante convenio que permitir\u00e1 la inyecci\u00f3n de 493 millones\nde pesos para potenciar el desarrollo frut\u00edcola en las 21 comunas de la regi\u00f3n.<\/p>\n\n\n\n<p>Los recursos, que ser\u00e1n transferidos por el GORE a INDAP, se\nsuman a otros 1.129 millones de pesos aprobados en febrero para incorporar 620\nnuevas hect\u00e1reas de riego en la regi\u00f3n. \u201cEste convenio nos permitir\u00e1 apoyar\nproyectos frut\u00edcolas, desarrollar el rubro y posicionarlo como una importante\nactividad econ\u00f3mica a mediano plazo en la regi\u00f3n. A trav\u00e9s de este tipo de\niniciativas queremos impulsar la diversificaci\u00f3n productiva entre nuestros\nagricultores, a trav\u00e9s de la incorporaci\u00f3n de frutales m\u00e1s rentables\u201d, dijo la\ndirectora de INDAP \u00d1uble, Tatiana Merino Coria.<\/p>\n\n\n\n<p>Agreg\u00f3 que \u201cesto no significa que abandonen los rubros\ntradicionales, sino que lo que pretendemos que los productores busquen la forma\nde generar nuevos ingresos por medio de la fruticultura y de una agricultura\nm\u00e1s intensiva, que nos permita abrirnos a mercados m\u00e1s competitivos, tanto a\nnivel nacional como internacional\u201d.<\/p>\n\n\n\n<p>Para el intendente Arrau, \u201ccuando hablamos de llevar el\ndesarrollo a todo nuestro territorio; cuando queremos agregar valor y dar m\u00e1s\nempleo, la fruticultura es la respuesta, y con INDAP es el mejor matrimonio que\npodemos hacer. Estamos muy contentos por el apoyo de nuestros consejeros\nregionales hacia este proyecto y queremos agradecer tambi\u00e9n a los funcionarios\nde INDAP, quienes hacen posibles que estos recursos y este desarrollo lleguen a\ncada productor y as\u00ed podamos seguir fortaleciendo la nuestra Agricultura\nFamiliar Campesina\u201d.<\/p>\n\n\n\n<p>El presidente del Consejo Regional, Javier \u00c1vila, afirm\u00f3 que\n\u201ces muy importante esta transferencia de 493 millones de pesos a INDAP, porque\ntienen un prop\u00f3sito que nos parece de gran relevancia, que es apoyar a los\npeque\u00f1os agricultores para ir incorporando en sus explotaciones alternativas de\nmayor rentabilidad, como la fruticultura menor. Esperamos que tengan la\nposibilidad de generar mejores condiciones para sus familias e ir asumiendo una\ncondici\u00f3n de m\u00e1s productividad y mayor rentabilidad en sus explotaciones, lo\nque ser\u00e1 un avance para nuestra Regi\u00f3n de \u00d1uble\u201d.<\/p>\n\n\n\n<p>A trav\u00e9s de estos recursos se espera que 100 productores de\nlas 21 comunas de \u00d1uble, que cuenten con agua y de suelo, y que adem\u00e1s posean\nla capacidad y el deseo de innovar, puedan contar con el apoyo y la asesor\u00eda\nt\u00e9cnica de INDAP para adquirir \u00e1rboles, infraestructura de protecci\u00f3n, sistemas\nde conducci\u00f3n y de riego e insumos para el establecimiento de sus cultivos,\nentre otros beneficios.<\/p>\n\n\n\n<p>\u201cEn conclusi\u00f3n, con estos 493 millones de pesos pretendemos\nampliar la superficie de frutales en la regi\u00f3n, en la b\u00fasqueda de potenciar la\nfruticultura como una actividad econ\u00f3mica importante y que nos permita atraer\ninversionistas para mejorar el encadenamiento productivo\u201d, concluy\u00f3 Coria.<\/p>\n","protected":false},"excerpt":{"rendered":"<p>Recursos, que ser\u00e1n transferidos por el GORE a INDAP, se suman a otros 1.129 millones de pesos aprobados en febrero para incorporar 620 nuevas hect\u00e1reas de riego en la regi\u00f3n&#8230;<\/p>\n","protected":false},"author":3,"featured_media":12361,"comment_status":"closed","ping_status":"closed","sticky":false,"template":"","format":"standard","meta":{"footnotes":""},"categories":[1986],"tags":[2245,1992,1151],"class_list":["post-12360","post","type-post","status-publish","format-standard","has-post-thumbnail","hentry","category-frutas","tag-frutas","tag-indap","tag-nuble"],"yoast_head":"<!-- This site is optimized with the Yoast SEO plugin v26.6 - https:\/\/yoast.com\/wordpress\/plugins\/seo\/ -->\n<title>INDAP apoyar\u00e1 proyectos frut\u00edcolas en la regi\u00f3n de \u00d1uble con una inversi\u00f3n de $493 millones - Mundoagropecuario<\/title>\n<meta name=\"robots\" content=\"index, follow, max-snippet:-1, max-image-preview:large, max-video-preview:-1\" \/>\n<link rel=\"canonical\" href=\"https:\/\/www.mundoagropecuario.cl\/new\/indap-apoyara-proyectos-fruticolas-en-la-region-de-nuble-con-una-inversion-de-493-millones\/\" \/>\n<meta property=\"og:locale\" content=\"es_ES\" \/>\n<meta property=\"og:type\" content=\"article\" \/>\n<meta property=\"og:title\" content=\"INDAP apoyar\u00e1 proyectos frut\u00edcolas en la regi\u00f3n de \u00d1uble con una inversi\u00f3n de $493 millones - Mundoagropecuario\" \/>\n<meta property=\"og:description\" content=\"Recursos, que ser\u00e1n transferidos por el GORE a INDAP, se suman a otros 1.129 millones de pesos aprobados en febrero para incorporar 620 nuevas hect\u00e1reas de riego en la regi\u00f3n...\" \/>\n<meta property=\"og:url\" content=\"https:\/\/www.mundoagropecuario.cl\/new\/indap-apoyara-proyectos-fruticolas-en-la-region-de-nuble-con-una-inversion-de-493-millones\/\" \/>\n<meta property=\"og:site_name\" content=\"Mundoagropecuario\" \/>\n<meta property=\"article:publisher\" content=\"https:\/\/www.facebook.com\/mundo.agropecuario.3\" \/>\n<meta property=\"article:published_time\" content=\"2019-06-14T06:10:17+00:00\" \/>\n<meta property=\"article:modified_time\" content=\"2019-06-14T06:10:24+00:00\" \/>\n<meta property=\"og:image\" content=\"https:\/\/www.mundoagropecuario.cl\/new\/wp-content\/uploads\/2019\/06\/inversi\u00f3n-frut\u00edcola-\u00f1uble.jpg\" \/>\n\t<meta property=\"og:image:width\" content=\"699\" \/>\n\t<meta property=\"og:image:height\" content=\"462\" \/>\n\t<meta property=\"og:image:type\" content=\"image\/jpeg\" \/>\n<meta name=\"author\" content=\"periodista\" \/>\n<meta name=\"twitter:card\" content=\"summary_large_image\" \/>\n<meta name=\"twitter:creator\" content=\"@MundoAgropecuar\" \/>\n<meta name=\"twitter:site\" content=\"@MundoAgropecuar\" \/>\n<meta name=\"twitter:label1\" content=\"Escrito por\" \/>\n\t<meta name=\"twitter:data1\" content=\"periodista\" \/>\n\t<meta name=\"twitter:label2\" content=\"Tiempo de lectura\" \/>\n\t<meta name=\"twitter:data2\" content=\"3 minutos\" \/>\n<script type=\"application\/ld+json\" class=\"yoast-schema-graph\">{\"@context\":\"https:\/\/schema.org\",\"@graph\":[{\"@type\":\"Article\",\"@id\":\"https:\/\/www.mundoagropecuario.cl\/new\/indap-apoyara-proyectos-fruticolas-en-la-region-de-nuble-con-una-inversion-de-493-millones\/#article\",\"isPartOf\":{\"@id\":\"https:\/\/www.mundoagropecuario.cl\/new\/indap-apoyara-proyectos-fruticolas-en-la-region-de-nuble-con-una-inversion-de-493-millones\/\"},\"author\":{\"name\":\"periodista\",\"@id\":\"https:\/\/www.mundoagropecuario.cl\/new\/#\/schema\/person\/0c221050801c74e45256a7a9a1ff0803\"},\"headline\":\"INDAP apoyar\u00e1 proyectos frut\u00edcolas en la regi\u00f3n de \u00d1uble con una inversi\u00f3n de $493 millones\",\"datePublished\":\"2019-06-14T06:10:17+00:00\",\"dateModified\":\"2019-06-14T06:10:24+00:00\",\"mainEntityOfPage\":{\"@id\":\"https:\/\/www.mundoagropecuario.cl\/new\/indap-apoyara-proyectos-fruticolas-en-la-region-de-nuble-con-una-inversion-de-493-millones\/\"},\"wordCount\":552,\"publisher\":{\"@id\":\"https:\/\/www.mundoagropecuario.cl\/new\/#organization\"},\"image\":{\"@id\":\"https:\/\/www.mundoagropecuario.cl\/new\/indap-apoyara-proyectos-fruticolas-en-la-region-de-nuble-con-una-inversion-de-493-millones\/#primaryimage\"},\"thumbnailUrl\":\"https:\/\/www.mundoagropecuario.cl\/new\/wp-content\/uploads\/2019\/06\/inversi\u00f3n-frut\u00edcola-\u00f1uble.jpg\",\"keywords\":[\"Frutas\",\"Indap\",\"\u00d1uble\"],\"articleSection\":[\"Frutas\"],\"inLanguage\":\"es\"},{\"@type\":\"WebPage\",\"@id\":\"https:\/\/www.mundoagropecuario.cl\/new\/indap-apoyara-proyectos-fruticolas-en-la-region-de-nuble-con-una-inversion-de-493-millones\/\",\"url\":\"https:\/\/www.mundoagropecuario.cl\/new\/indap-apoyara-proyectos-fruticolas-en-la-region-de-nuble-con-una-inversion-de-493-millones\/\",\"name\":\"INDAP apoyar\u00e1 proyectos frut\u00edcolas en la regi\u00f3n de \u00d1uble con una inversi\u00f3n de $493 millones - Mundoagropecuario\",\"isPartOf\":{\"@id\":\"https:\/\/www.mundoagropecuario.cl\/new\/#website\"},\"primaryImageOfPage\":{\"@id\":\"https:\/\/www.mundoagropecuario.cl\/new\/indap-apoyara-proyectos-fruticolas-en-la-region-de-nuble-con-una-inversion-de-493-millones\/#primaryimage\"},\"image\":{\"@id\":\"https:\/\/www.mundoagropecuario.cl\/new\/indap-apoyara-proyectos-fruticolas-en-la-region-de-nuble-con-una-inversion-de-493-millones\/#primaryimage\"},\"thumbnailUrl\":\"https:\/\/www.mundoagropecuario.cl\/new\/wp-content\/uploads\/2019\/06\/inversi\u00f3n-frut\u00edcola-\u00f1uble.jpg\",\"datePublished\":\"2019-06-14T06:10:17+00:00\",\"dateModified\":\"2019-06-14T06:10:24+00:00\",\"breadcrumb\":{\"@id\":\"https:\/\/www.mundoagropecuario.cl\/new\/indap-apoyara-proyectos-fruticolas-en-la-region-de-nuble-con-una-inversion-de-493-millones\/#breadcrumb\"},\"inLanguage\":\"es\",\"potentialAction\":[{\"@type\":\"ReadAction\",\"target\":[\"https:\/\/www.mundoagropecuario.cl\/new\/indap-apoyara-proyectos-fruticolas-en-la-region-de-nuble-con-una-inversion-de-493-millones\/\"]}]},{\"@type\":\"ImageObject\",\"inLanguage\":\"es\",\"@id\":\"https:\/\/www.mundoagropecuario.cl\/new\/indap-apoyara-proyectos-fruticolas-en-la-region-de-nuble-con-una-inversion-de-493-millones\/#primaryimage\",\"url\":\"https:\/\/www.mundoagropecuario.cl\/new\/wp-content\/uploads\/2019\/06\/inversi\u00f3n-frut\u00edcola-\u00f1uble.jpg\",\"contentUrl\":\"https:\/\/www.mundoagropecuario.cl\/new\/wp-content\/uploads\/2019\/06\/inversi\u00f3n-frut\u00edcola-\u00f1uble.jpg\",\"width\":605,\"height\":400},{\"@type\":\"BreadcrumbList\",\"@id\":\"https:\/\/www.mundoagropecuario.cl\/new\/indap-apoyara-proyectos-fruticolas-en-la-region-de-nuble-con-una-inversion-de-493-millones\/#breadcrumb\",\"itemListElement\":[{\"@type\":\"ListItem\",\"position\":1,\"name\":\"Portada\",\"item\":\"https:\/\/www.mundoagropecuario.cl\/new\/\"},{\"@type\":\"ListItem\",\"position\":2,\"name\":\"INDAP apoyar\u00e1 proyectos frut\u00edcolas en la regi\u00f3n de \u00d1uble con una inversi\u00f3n de $493 millones\"}]},{\"@type\":\"WebSite\",\"@id\":\"https:\/\/www.mundoagropecuario.cl\/new\/#website\",\"url\":\"https:\/\/www.mundoagropecuario.cl\/new\/\",\"name\":\"Mundoagropecuario\",\"description\":\"Mundo Agropecuario\",\"publisher\":{\"@id\":\"https:\/\/www.mundoagropecuario.cl\/new\/#organization\"},\"potentialAction\":[{\"@type\":\"SearchAction\",\"target\":{\"@type\":\"EntryPoint\",\"urlTemplate\":\"https:\/\/www.mundoagropecuario.cl\/new\/?s={search_term_string}\"},\"query-input\":{\"@type\":\"PropertyValueSpecification\",\"valueRequired\":true,\"valueName\":\"search_term_string\"}}],\"inLanguage\":\"es\"},{\"@type\":\"Organization\",\"@id\":\"https:\/\/www.mundoagropecuario.cl\/new\/#organization\",\"name\":\"Revista de Agricultura\",\"url\":\"https:\/\/www.mundoagropecuario.cl\/new\/\",\"logo\":{\"@type\":\"ImageObject\",\"inLanguage\":\"es\",\"@id\":\"https:\/\/www.mundoagropecuario.cl\/new\/#\/schema\/logo\/image\/\",\"url\":\"https:\/\/www.mundoagropecuario.cl\/new\/wp-content\/uploads\/2020\/11\/PORTAL-1-1.png\",\"contentUrl\":\"https:\/\/www.mundoagropecuario.cl\/new\/wp-content\/uploads\/2020\/11\/PORTAL-1-1.png\",\"width\":1026,\"height\":100,\"caption\":\"Revista de Agricultura\"},\"image\":{\"@id\":\"https:\/\/www.mundoagropecuario.cl\/new\/#\/schema\/logo\/image\/\"},\"sameAs\":[\"https:\/\/www.facebook.com\/mundo.agropecuario.3\",\"https:\/\/x.com\/MundoAgropecuar\",\"https:\/\/www.linkedin.com\/in\/mundo-agropecuario-934009201\/\"]},{\"@type\":\"Person\",\"@id\":\"https:\/\/www.mundoagropecuario.cl\/new\/#\/schema\/person\/0c221050801c74e45256a7a9a1ff0803\",\"name\":\"periodista\",\"url\":\"https:\/\/www.mundoagropecuario.cl\/new\/author\/periodista\/\"}]}<\/script>\n<!-- \/ Yoast SEO plugin. -->","yoast_head_json":{"title":"INDAP apoyar\u00e1 proyectos frut\u00edcolas en la regi\u00f3n de \u00d1uble con una inversi\u00f3n de $493 millones - Mundoagropecuario","robots":{"index":"index","follow":"follow","max-snippet":"max-snippet:-1","max-image-preview":"max-image-preview:large","max-video-preview":"max-video-preview:-1"},"canonical":"https:\/\/www.mundoagropecuario.cl\/new\/indap-apoyara-proyectos-fruticolas-en-la-region-de-nuble-con-una-inversion-de-493-millones\/","og_locale":"es_ES","og_type":"article","og_title":"INDAP apoyar\u00e1 proyectos frut\u00edcolas en la regi\u00f3n de \u00d1uble con una inversi\u00f3n de $493 millones - Mundoagropecuario","og_description":"Recursos, que ser\u00e1n transferidos por el GORE a INDAP, se suman a otros 1.129 millones de pesos aprobados en febrero para incorporar 620 nuevas hect\u00e1reas de riego en la regi\u00f3n...","og_url":"https:\/\/www.mundoagropecuario.cl\/new\/indap-apoyara-proyectos-fruticolas-en-la-region-de-nuble-con-una-inversion-de-493-millones\/","og_site_name":"Mundoagropecuario","article_publisher":"https:\/\/www.facebook.com\/mundo.agropecuario.3","article_published_time":"2019-06-14T06:10:17+00:00","article_modified_time":"2019-06-14T06:10:24+00:00","og_image":[{"width":699,"height":462,"url":"https:\/\/www.mundoagropecuario.cl\/new\/wp-content\/uploads\/2019\/06\/inversi\u00f3n-frut\u00edcola-\u00f1uble.jpg","type":"image\/jpeg"}],"author":"periodista","twitter_card":"summary_large_image","twitter_creator":"@MundoAgropecuar","twitter_site":"@MundoAgropecuar","twitter_misc":{"Escrito por":"periodista","Tiempo de lectura":"3 minutos"},"schema":{"@context":"https:\/\/schema.org","@graph":[{"@type":"Article","@id":"https:\/\/www.mundoagropecuario.cl\/new\/indap-apoyara-proyectos-fruticolas-en-la-region-de-nuble-con-una-inversion-de-493-millones\/#article","isPartOf":{"@id":"https:\/\/www.mundoagropecuario.cl\/new\/indap-apoyara-proyectos-fruticolas-en-la-region-de-nuble-con-una-inversion-de-493-millones\/"},"author":{"name":"periodista","@id":"https:\/\/www.mundoagropecuario.cl\/new\/#\/schema\/person\/0c221050801c74e45256a7a9a1ff0803"},"headline":"INDAP apoyar\u00e1 proyectos frut\u00edcolas en la regi\u00f3n de \u00d1uble con una inversi\u00f3n de $493 millones","datePublished":"2019-06-14T06:10:17+00:00","dateModified":"2019-06-14T06:10:24+00:00","mainEntityOfPage":{"@id":"https:\/\/www.mundoagropecuario.cl\/new\/indap-apoyara-proyectos-fruticolas-en-la-region-de-nuble-con-una-inversion-de-493-millones\/"},"wordCount":552,"publisher":{"@id":"https:\/\/www.mundoagropecuario.cl\/new\/#organization"},"image":{"@id":"https:\/\/www.mundoagropecuario.cl\/new\/indap-apoyara-proyectos-fruticolas-en-la-region-de-nuble-con-una-inversion-de-493-millones\/#primaryimage"},"thumbnailUrl":"https:\/\/www.mundoagropecuario.cl\/new\/wp-content\/uploads\/2019\/06\/inversi\u00f3n-frut\u00edcola-\u00f1uble.jpg","keywords":["Frutas","Indap","\u00d1uble"],"articleSection":["Frutas"],"inLanguage":"es"},{"@type":"WebPage","@id":"https:\/\/www.mundoagropecuario.cl\/new\/indap-apoyara-proyectos-fruticolas-en-la-region-de-nuble-con-una-inversion-de-493-millones\/","url":"https:\/\/www.mundoagropecuario.cl\/new\/indap-apoyara-proyectos-fruticolas-en-la-region-de-nuble-con-una-inversion-de-493-millones\/","name":"INDAP apoyar\u00e1 proyectos frut\u00edcolas en la regi\u00f3n de \u00d1uble con una inversi\u00f3n de $493 millones - Mundoagropecuario","isPartOf":{"@id":"https:\/\/www.mundoagropecuario.cl\/new\/#website"},"primaryImageOfPage":{"@id":"https:\/\/www.mundoagropecuario.cl\/new\/indap-apoyara-proyectos-fruticolas-en-la-region-de-nuble-con-una-inversion-de-493-millones\/#primaryimage"},"image":{"@id":"https:\/\/www.mundoagropecuario.cl\/new\/indap-apoyara-proyectos-fruticolas-en-la-region-de-nuble-con-una-inversion-de-493-millones\/#primaryimage"},"thumbnailUrl":"https:\/\/www.mundoagropecuario.cl\/new\/wp-content\/uploads\/2019\/06\/inversi\u00f3n-frut\u00edcola-\u00f1uble.jpg","datePublished":"2019-06-14T06:10:17+00:00","dateModified":"2019-06-14T06:10:24+00:00","breadcrumb":{"@id":"https:\/\/www.mundoagropecuario.cl\/new\/indap-apoyara-proyectos-fruticolas-en-la-region-de-nuble-con-una-inversion-de-493-millones\/#breadcrumb"},"inLanguage":"es","potentialAction":[{"@type":"ReadAction","target":["https:\/\/www.mundoagropecuario.cl\/new\/indap-apoyara-proyectos-fruticolas-en-la-region-de-nuble-con-una-inversion-de-493-millones\/"]}]},{"@type":"ImageObject","inLanguage":"es","@id":"https:\/\/www.mundoagropecuario.cl\/new\/indap-apoyara-proyectos-fruticolas-en-la-region-de-nuble-con-una-inversion-de-493-millones\/#primaryimage","url":"https:\/\/www.mundoagropecuario.cl\/new\/wp-content\/uploads\/2019\/06\/inversi\u00f3n-frut\u00edcola-\u00f1uble.jpg","contentUrl":"https:\/\/www.mundoagropecuario.cl\/new\/wp-content\/uploads\/2019\/06\/inversi\u00f3n-frut\u00edcola-\u00f1uble.jpg","width":605,"height":400},{"@type":"BreadcrumbList","@id":"https:\/\/www.mundoagropecuario.cl\/new\/indap-apoyara-proyectos-fruticolas-en-la-region-de-nuble-con-una-inversion-de-493-millones\/#breadcrumb","itemListElement":[{"@type":"ListItem","position":1,"name":"Portada","item":"https:\/\/www.mundoagropecuario.cl\/new\/"},{"@type":"ListItem","position":2,"name":"INDAP apoyar\u00e1 proyectos frut\u00edcolas en la regi\u00f3n de \u00d1uble con una inversi\u00f3n de $493 millones"}]},{"@type":"WebSite","@id":"https:\/\/www.mundoagropecuario.cl\/new\/#website","url":"https:\/\/www.mundoagropecuario.cl\/new\/","name":"Mundoagropecuario","description":"Mundo Agropecuario","publisher":{"@id":"https:\/\/www.mundoagropecuario.cl\/new\/#organization"},"potentialAction":[{"@type":"SearchAction","target":{"@type":"EntryPoint","urlTemplate":"https:\/\/www.mundoagropecuario.cl\/new\/?s={search_term_string}"},"query-input":{"@type":"PropertyValueSpecification","valueRequired":true,"valueName":"search_term_string"}}],"inLanguage":"es"},{"@type":"Organization","@id":"https:\/\/www.mundoagropecuario.cl\/new\/#organization","name":"Revista de Agricultura","url":"https:\/\/www.mundoagropecuario.cl\/new\/","logo":{"@type":"ImageObject","inLanguage":"es","@id":"https:\/\/www.mundoagropecuario.cl\/new\/#\/schema\/logo\/image\/","url":"https:\/\/www.mundoagropecuario.cl\/new\/wp-content\/uploads\/2020\/11\/PORTAL-1-1.png","contentUrl":"https:\/\/www.mundoagropecuario.cl\/new\/wp-content\/uploads\/2020\/11\/PORTAL-1-1.png","width":1026,"height":100,"caption":"Revista de Agricultura"},"image":{"@id":"https:\/\/www.mundoagropecuario.cl\/new\/#\/schema\/logo\/image\/"},"sameAs":["https:\/\/www.facebook.com\/mundo.agropecuario.3","https:\/\/x.com\/MundoAgropecuar","https:\/\/www.linkedin.com\/in\/mundo-agropecuario-934009201\/"]},{"@type":"Person","@id":"https:\/\/www.mundoagropecuario.cl\/new\/#\/schema\/person\/0c221050801c74e45256a7a9a1ff0803","name":"periodista","url":"https:\/\/www.mundoagropecuario.cl\/new\/author\/periodista\/"}]}},"_links":{"self":[{"href":"https:\/\/www.mundoagropecuario.cl\/new\/wp-json\/wp\/v2\/posts\/12360","targetHints":{"allow":["GET"]}}],"collection":[{"href":"https:\/\/www.mundoagropecuario.cl\/new\/wp-json\/wp\/v2\/posts"}],"about":[{"href":"https:\/\/www.mundoagropecuario.cl\/new\/wp-json\/wp\/v2\/types\/post"}],"author":[{"embeddable":true,"href":"https:\/\/www.mundoagropecuario.cl\/new\/wp-json\/wp\/v2\/users\/3"}],"replies":[{"embeddable":true,"href":"https:\/\/www.mundoagropecuario.cl\/new\/wp-json\/wp\/v2\/comments?post=12360"}],"version-history":[{"count":1,"href":"https:\/\/www.mundoagropecuario.cl\/new\/wp-json\/wp\/v2\/posts\/12360\/revisions"}],"predecessor-version":[{"id":12362,"href":"https:\/\/www.mundoagropecuario.cl\/new\/wp-json\/wp\/v2\/posts\/12360\/revisions\/12362"}],"wp:featuredmedia":[{"embeddable":true,"href":"https:\/\/www.mundoagropecuario.cl\/new\/wp-json\/wp\/v2\/media\/12361"}],"wp:attachment":[{"href":"https:\/\/www.mundoagropecuario.cl\/new\/wp-json\/wp\/v2\/media?parent=12360"}],"wp:term":[{"taxonomy":"category","embeddable":true,"href":"https:\/\/www.mundoagropecuario.cl\/new\/wp-json\/wp\/v2\/categories?post=12360"},{"taxonomy":"post_tag","embeddable":true,"href":"https:\/\/www.mundoagropecuario.cl\/new\/wp-json\/wp\/v2\/tags?post=12360"}],"curies":[{"name":"wp","href":"https:\/\/api.w.org\/{rel}","templated":true}]}}