{"id":12351,"date":"2019-06-13T12:00:56","date_gmt":"2019-06-13T15:00:56","guid":{"rendered":"http:\/\/www.mundoagropecuario.cl\/new\/?p=12351"},"modified":"2019-06-13T12:00:59","modified_gmt":"2019-06-13T15:00:59","slug":"llaman-a-apicultores-a-proteger-sus-colmenas-a-traves-de-seguro","status":"publish","type":"post","link":"https:\/\/www.mundoagropecuario.cl\/new\/llaman-a-apicultores-a-proteger-sus-colmenas-a-traves-de-seguro\/","title":{"rendered":"Llaman a apicultores a proteger sus colmenas a trav\u00e9s de seguro"},"content":{"rendered":"\n<ul class=\"wp-block-gallery columns-0 is-cropped wp-block-gallery-1 is-layout-flex wp-block-gallery-is-layout-flex\"><\/ul>\n\n\n\n<p><\/p>\n\n\n\n<p class=\"has-medium-font-size\"><em>Seremi de Agricultura de Los Lagos inform\u00f3 que instrumento cubre p\u00e9rdidas en la producci\u00f3n por da\u00f1os clim\u00e1ticos, enfermedades, intoxicaci\u00f3n por pesticidas, entre otros riesgos (Mundo Agropecuario).<\/em><\/p>\n\n\n\n<p>En el marco de la realizaci\u00f3n de la Mesa Ap\u00edcola Regional,\ninstancia que re\u00fane a representantes del rubro de todas las provincias, el\nSeremi de Agricultura Juan Vicente Barrientos llam\u00f3 a contratar el Seguro Ap\u00edcola\ncon subsidio estatal que la cartera dispone a trav\u00e9s de Agroseguros.<\/p>\n\n\n\n<p>En esa l\u00ednea, la autoridad manifest\u00f3 que el \u201cprop\u00f3sito de\neste instrumento es proteger los apiarios frente a las p\u00e9rdidas en la\nproducci\u00f3n, n\u00facleo y la colmena que se pueden ver afectada por la ocurrencia\ndel alg\u00fan evento clim\u00e1tico o de otra \u00edndole. De esta forma, los productores\npodr\u00e1n mantenerse en el sector y recuperar su patrimonio\u201d.<\/p>\n\n\n\n<p>Asimismo, agreg\u00f3, que al contratar este seguro los\napicultores quedan protegidos frente a riesgos clim\u00e1ticos, desastres naturales,\nincendios, intoxicaci\u00f3n por pesticida, enfermedades nominadas, entre otras\ncoberturas.<\/p>\n\n\n\n<p>El costo del seguro var\u00eda seg\u00fan la cantidad de colmenas a\nasegurar, el estado de \u00e9stas y las coberturas que el apicultor desee contratar.\nEl seguro cuenta con un subsidio estatal y al momento de contratarlo, el\nproductor s\u00f3lo pagar\u00e1 la parte no subsidiada por el Estado.<\/p>\n\n\n\n<p>Quienes deseen m\u00e1s informaci\u00f3n pueden escribir al mail\ninformaci\u00f3n\u00e5groseguros.gob.cl o llamar al 227301500.<\/p>\n","protected":false},"excerpt":{"rendered":"<p>Seremi de Agricultura de Los Lagos inform\u00f3 que instrumento cubre p\u00e9rdidas en la producci\u00f3n por da\u00f1os clim\u00e1ticos, enfermedades, intoxicaci\u00f3n por pesticidas, entre otros riesgos (Mundo Agropecuario). En el marco de&#8230;<\/p>\n","protected":false},"author":3,"featured_media":12352,"comment_status":"closed","ping_status":"closed","sticky":false,"template":"","format":"standard","meta":{"footnotes":""},"categories":[398],"tags":[2131,1982],"class_list":["post-12351","post","type-post","status-publish","format-standard","has-post-thumbnail","hentry","category-titular-1","tag-agroseguros","tag-apicultores"],"yoast_head":"<!-- This site is optimized with the Yoast SEO plugin v26.6 - https:\/\/yoast.com\/wordpress\/plugins\/seo\/ -->\n<title>Llaman a apicultores a proteger sus colmenas a trav\u00e9s de seguro - Mundoagropecuario<\/title>\n<meta name=\"robots\" content=\"index, follow, max-snippet:-1, max-image-preview:large, max-video-preview:-1\" \/>\n<link rel=\"canonical\" href=\"https:\/\/www.mundoagropecuario.cl\/new\/llaman-a-apicultores-a-proteger-sus-colmenas-a-traves-de-seguro\/\" \/>\n<meta property=\"og:locale\" content=\"es_ES\" \/>\n<meta property=\"og:type\" content=\"article\" \/>\n<meta property=\"og:title\" content=\"Llaman a apicultores a proteger sus colmenas a trav\u00e9s de seguro - Mundoagropecuario\" \/>\n<meta property=\"og:description\" content=\"Seremi de Agricultura de Los Lagos inform\u00f3 que instrumento cubre p\u00e9rdidas en la producci\u00f3n por da\u00f1os clim\u00e1ticos, enfermedades, intoxicaci\u00f3n por pesticidas, entre otros riesgos (Mundo Agropecuario). En el marco de...\" \/>\n<meta property=\"og:url\" content=\"https:\/\/www.mundoagropecuario.cl\/new\/llaman-a-apicultores-a-proteger-sus-colmenas-a-traves-de-seguro\/\" \/>\n<meta property=\"og:site_name\" content=\"Mundoagropecuario\" \/>\n<meta property=\"article:publisher\" content=\"https:\/\/www.facebook.com\/mundo.agropecuario.3\" \/>\n<meta property=\"article:published_time\" content=\"2019-06-13T15:00:56+00:00\" \/>\n<meta property=\"article:modified_time\" content=\"2019-06-13T15:00:59+00:00\" \/>\n<meta property=\"og:image\" content=\"https:\/\/www.mundoagropecuario.cl\/new\/wp-content\/uploads\/2019\/06\/apicultores.jpg\" \/>\n\t<meta property=\"og:image:width\" content=\"989\" \/>\n\t<meta property=\"og:image:height\" content=\"659\" \/>\n\t<meta property=\"og:image:type\" content=\"image\/jpeg\" \/>\n<meta name=\"author\" content=\"periodista\" \/>\n<meta name=\"twitter:card\" content=\"summary_large_image\" \/>\n<meta name=\"twitter:creator\" content=\"@MundoAgropecuar\" \/>\n<meta name=\"twitter:site\" content=\"@MundoAgropecuar\" \/>\n<meta name=\"twitter:label1\" content=\"Escrito por\" \/>\n\t<meta name=\"twitter:data1\" content=\"periodista\" \/>\n\t<meta name=\"twitter:label2\" content=\"Tiempo de lectura\" \/>\n\t<meta name=\"twitter:data2\" content=\"1 minuto\" \/>\n<script type=\"application\/ld+json\" class=\"yoast-schema-graph\">{\"@context\":\"https:\/\/schema.org\",\"@graph\":[{\"@type\":\"Article\",\"@id\":\"https:\/\/www.mundoagropecuario.cl\/new\/llaman-a-apicultores-a-proteger-sus-colmenas-a-traves-de-seguro\/#article\",\"isPartOf\":{\"@id\":\"https:\/\/www.mundoagropecuario.cl\/new\/llaman-a-apicultores-a-proteger-sus-colmenas-a-traves-de-seguro\/\"},\"author\":{\"name\":\"periodista\",\"@id\":\"https:\/\/www.mundoagropecuario.cl\/new\/#\/schema\/person\/0c221050801c74e45256a7a9a1ff0803\"},\"headline\":\"Llaman a apicultores a proteger sus colmenas a trav\u00e9s de seguro\",\"datePublished\":\"2019-06-13T15:00:56+00:00\",\"dateModified\":\"2019-06-13T15:00:59+00:00\",\"mainEntityOfPage\":{\"@id\":\"https:\/\/www.mundoagropecuario.cl\/new\/llaman-a-apicultores-a-proteger-sus-colmenas-a-traves-de-seguro\/\"},\"wordCount\":255,\"publisher\":{\"@id\":\"https:\/\/www.mundoagropecuario.cl\/new\/#organization\"},\"image\":{\"@id\":\"https:\/\/www.mundoagropecuario.cl\/new\/llaman-a-apicultores-a-proteger-sus-colmenas-a-traves-de-seguro\/#primaryimage\"},\"thumbnailUrl\":\"https:\/\/www.mundoagropecuario.cl\/new\/wp-content\/uploads\/2019\/06\/apicultores.jpg\",\"keywords\":[\"Agroseguros\",\"apicultores\"],\"articleSection\":[\"Titular 1\"],\"inLanguage\":\"es\"},{\"@type\":\"WebPage\",\"@id\":\"https:\/\/www.mundoagropecuario.cl\/new\/llaman-a-apicultores-a-proteger-sus-colmenas-a-traves-de-seguro\/\",\"url\":\"https:\/\/www.mundoagropecuario.cl\/new\/llaman-a-apicultores-a-proteger-sus-colmenas-a-traves-de-seguro\/\",\"name\":\"Llaman a apicultores a proteger sus colmenas a trav\u00e9s de seguro - Mundoagropecuario\",\"isPartOf\":{\"@id\":\"https:\/\/www.mundoagropecuario.cl\/new\/#website\"},\"primaryImageOfPage\":{\"@id\":\"https:\/\/www.mundoagropecuario.cl\/new\/llaman-a-apicultores-a-proteger-sus-colmenas-a-traves-de-seguro\/#primaryimage\"},\"image\":{\"@id\":\"https:\/\/www.mundoagropecuario.cl\/new\/llaman-a-apicultores-a-proteger-sus-colmenas-a-traves-de-seguro\/#primaryimage\"},\"thumbnailUrl\":\"https:\/\/www.mundoagropecuario.cl\/new\/wp-content\/uploads\/2019\/06\/apicultores.jpg\",\"datePublished\":\"2019-06-13T15:00:56+00:00\",\"dateModified\":\"2019-06-13T15:00:59+00:00\",\"breadcrumb\":{\"@id\":\"https:\/\/www.mundoagropecuario.cl\/new\/llaman-a-apicultores-a-proteger-sus-colmenas-a-traves-de-seguro\/#breadcrumb\"},\"inLanguage\":\"es\",\"potentialAction\":[{\"@type\":\"ReadAction\",\"target\":[\"https:\/\/www.mundoagropecuario.cl\/new\/llaman-a-apicultores-a-proteger-sus-colmenas-a-traves-de-seguro\/\"]}]},{\"@type\":\"ImageObject\",\"inLanguage\":\"es\",\"@id\":\"https:\/\/www.mundoagropecuario.cl\/new\/llaman-a-apicultores-a-proteger-sus-colmenas-a-traves-de-seguro\/#primaryimage\",\"url\":\"https:\/\/www.mundoagropecuario.cl\/new\/wp-content\/uploads\/2019\/06\/apicultores.jpg\",\"contentUrl\":\"https:\/\/www.mundoagropecuario.cl\/new\/wp-content\/uploads\/2019\/06\/apicultores.jpg\",\"width\":600,\"height\":400},{\"@type\":\"BreadcrumbList\",\"@id\":\"https:\/\/www.mundoagropecuario.cl\/new\/llaman-a-apicultores-a-proteger-sus-colmenas-a-traves-de-seguro\/#breadcrumb\",\"itemListElement\":[{\"@type\":\"ListItem\",\"position\":1,\"name\":\"Portada\",\"item\":\"https:\/\/www.mundoagropecuario.cl\/new\/\"},{\"@type\":\"ListItem\",\"position\":2,\"name\":\"Llaman a apicultores a proteger sus colmenas a trav\u00e9s de seguro\"}]},{\"@type\":\"WebSite\",\"@id\":\"https:\/\/www.mundoagropecuario.cl\/new\/#website\",\"url\":\"https:\/\/www.mundoagropecuario.cl\/new\/\",\"name\":\"Mundoagropecuario\",\"description\":\"Mundo Agropecuario\",\"publisher\":{\"@id\":\"https:\/\/www.mundoagropecuario.cl\/new\/#organization\"},\"potentialAction\":[{\"@type\":\"SearchAction\",\"target\":{\"@type\":\"EntryPoint\",\"urlTemplate\":\"https:\/\/www.mundoagropecuario.cl\/new\/?s={search_term_string}\"},\"query-input\":{\"@type\":\"PropertyValueSpecification\",\"valueRequired\":true,\"valueName\":\"search_term_string\"}}],\"inLanguage\":\"es\"},{\"@type\":\"Organization\",\"@id\":\"https:\/\/www.mundoagropecuario.cl\/new\/#organization\",\"name\":\"Revista de Agricultura\",\"url\":\"https:\/\/www.mundoagropecuario.cl\/new\/\",\"logo\":{\"@type\":\"ImageObject\",\"inLanguage\":\"es\",\"@id\":\"https:\/\/www.mundoagropecuario.cl\/new\/#\/schema\/logo\/image\/\",\"url\":\"https:\/\/www.mundoagropecuario.cl\/new\/wp-content\/uploads\/2020\/11\/PORTAL-1-1.png\",\"contentUrl\":\"https:\/\/www.mundoagropecuario.cl\/new\/wp-content\/uploads\/2020\/11\/PORTAL-1-1.png\",\"width\":1026,\"height\":100,\"caption\":\"Revista de Agricultura\"},\"image\":{\"@id\":\"https:\/\/www.mundoagropecuario.cl\/new\/#\/schema\/logo\/image\/\"},\"sameAs\":[\"https:\/\/www.facebook.com\/mundo.agropecuario.3\",\"https:\/\/x.com\/MundoAgropecuar\",\"https:\/\/www.linkedin.com\/in\/mundo-agropecuario-934009201\/\"]},{\"@type\":\"Person\",\"@id\":\"https:\/\/www.mundoagropecuario.cl\/new\/#\/schema\/person\/0c221050801c74e45256a7a9a1ff0803\",\"name\":\"periodista\",\"url\":\"https:\/\/www.mundoagropecuario.cl\/new\/author\/periodista\/\"}]}<\/script>\n<!-- \/ Yoast SEO plugin. -->","yoast_head_json":{"title":"Llaman a apicultores a proteger sus colmenas a trav\u00e9s de seguro - Mundoagropecuario","robots":{"index":"index","follow":"follow","max-snippet":"max-snippet:-1","max-image-preview":"max-image-preview:large","max-video-preview":"max-video-preview:-1"},"canonical":"https:\/\/www.mundoagropecuario.cl\/new\/llaman-a-apicultores-a-proteger-sus-colmenas-a-traves-de-seguro\/","og_locale":"es_ES","og_type":"article","og_title":"Llaman a apicultores a proteger sus colmenas a trav\u00e9s de seguro - Mundoagropecuario","og_description":"Seremi de Agricultura de Los Lagos inform\u00f3 que instrumento cubre p\u00e9rdidas en la producci\u00f3n por da\u00f1os clim\u00e1ticos, enfermedades, intoxicaci\u00f3n por pesticidas, entre otros riesgos (Mundo Agropecuario). En el marco de...","og_url":"https:\/\/www.mundoagropecuario.cl\/new\/llaman-a-apicultores-a-proteger-sus-colmenas-a-traves-de-seguro\/","og_site_name":"Mundoagropecuario","article_publisher":"https:\/\/www.facebook.com\/mundo.agropecuario.3","article_published_time":"2019-06-13T15:00:56+00:00","article_modified_time":"2019-06-13T15:00:59+00:00","og_image":[{"width":989,"height":659,"url":"https:\/\/www.mundoagropecuario.cl\/new\/wp-content\/uploads\/2019\/06\/apicultores.jpg","type":"image\/jpeg"}],"author":"periodista","twitter_card":"summary_large_image","twitter_creator":"@MundoAgropecuar","twitter_site":"@MundoAgropecuar","twitter_misc":{"Escrito por":"periodista","Tiempo de lectura":"1 minuto"},"schema":{"@context":"https:\/\/schema.org","@graph":[{"@type":"Article","@id":"https:\/\/www.mundoagropecuario.cl\/new\/llaman-a-apicultores-a-proteger-sus-colmenas-a-traves-de-seguro\/#article","isPartOf":{"@id":"https:\/\/www.mundoagropecuario.cl\/new\/llaman-a-apicultores-a-proteger-sus-colmenas-a-traves-de-seguro\/"},"author":{"name":"periodista","@id":"https:\/\/www.mundoagropecuario.cl\/new\/#\/schema\/person\/0c221050801c74e45256a7a9a1ff0803"},"headline":"Llaman a apicultores a proteger sus colmenas a trav\u00e9s de seguro","datePublished":"2019-06-13T15:00:56+00:00","dateModified":"2019-06-13T15:00:59+00:00","mainEntityOfPage":{"@id":"https:\/\/www.mundoagropecuario.cl\/new\/llaman-a-apicultores-a-proteger-sus-colmenas-a-traves-de-seguro\/"},"wordCount":255,"publisher":{"@id":"https:\/\/www.mundoagropecuario.cl\/new\/#organization"},"image":{"@id":"https:\/\/www.mundoagropecuario.cl\/new\/llaman-a-apicultores-a-proteger-sus-colmenas-a-traves-de-seguro\/#primaryimage"},"thumbnailUrl":"https:\/\/www.mundoagropecuario.cl\/new\/wp-content\/uploads\/2019\/06\/apicultores.jpg","keywords":["Agroseguros","apicultores"],"articleSection":["Titular 1"],"inLanguage":"es"},{"@type":"WebPage","@id":"https:\/\/www.mundoagropecuario.cl\/new\/llaman-a-apicultores-a-proteger-sus-colmenas-a-traves-de-seguro\/","url":"https:\/\/www.mundoagropecuario.cl\/new\/llaman-a-apicultores-a-proteger-sus-colmenas-a-traves-de-seguro\/","name":"Llaman a apicultores a proteger sus colmenas a trav\u00e9s de seguro - Mundoagropecuario","isPartOf":{"@id":"https:\/\/www.mundoagropecuario.cl\/new\/#website"},"primaryImageOfPage":{"@id":"https:\/\/www.mundoagropecuario.cl\/new\/llaman-a-apicultores-a-proteger-sus-colmenas-a-traves-de-seguro\/#primaryimage"},"image":{"@id":"https:\/\/www.mundoagropecuario.cl\/new\/llaman-a-apicultores-a-proteger-sus-colmenas-a-traves-de-seguro\/#primaryimage"},"thumbnailUrl":"https:\/\/www.mundoagropecuario.cl\/new\/wp-content\/uploads\/2019\/06\/apicultores.jpg","datePublished":"2019-06-13T15:00:56+00:00","dateModified":"2019-06-13T15:00:59+00:00","breadcrumb":{"@id":"https:\/\/www.mundoagropecuario.cl\/new\/llaman-a-apicultores-a-proteger-sus-colmenas-a-traves-de-seguro\/#breadcrumb"},"inLanguage":"es","potentialAction":[{"@type":"ReadAction","target":["https:\/\/www.mundoagropecuario.cl\/new\/llaman-a-apicultores-a-proteger-sus-colmenas-a-traves-de-seguro\/"]}]},{"@type":"ImageObject","inLanguage":"es","@id":"https:\/\/www.mundoagropecuario.cl\/new\/llaman-a-apicultores-a-proteger-sus-colmenas-a-traves-de-seguro\/#primaryimage","url":"https:\/\/www.mundoagropecuario.cl\/new\/wp-content\/uploads\/2019\/06\/apicultores.jpg","contentUrl":"https:\/\/www.mundoagropecuario.cl\/new\/wp-content\/uploads\/2019\/06\/apicultores.jpg","width":600,"height":400},{"@type":"BreadcrumbList","@id":"https:\/\/www.mundoagropecuario.cl\/new\/llaman-a-apicultores-a-proteger-sus-colmenas-a-traves-de-seguro\/#breadcrumb","itemListElement":[{"@type":"ListItem","position":1,"name":"Portada","item":"https:\/\/www.mundoagropecuario.cl\/new\/"},{"@type":"ListItem","position":2,"name":"Llaman a apicultores a proteger sus colmenas a trav\u00e9s de seguro"}]},{"@type":"WebSite","@id":"https:\/\/www.mundoagropecuario.cl\/new\/#website","url":"https:\/\/www.mundoagropecuario.cl\/new\/","name":"Mundoagropecuario","description":"Mundo Agropecuario","publisher":{"@id":"https:\/\/www.mundoagropecuario.cl\/new\/#organization"},"potentialAction":[{"@type":"SearchAction","target":{"@type":"EntryPoint","urlTemplate":"https:\/\/www.mundoagropecuario.cl\/new\/?s={search_term_string}"},"query-input":{"@type":"PropertyValueSpecification","valueRequired":true,"valueName":"search_term_string"}}],"inLanguage":"es"},{"@type":"Organization","@id":"https:\/\/www.mundoagropecuario.cl\/new\/#organization","name":"Revista de Agricultura","url":"https:\/\/www.mundoagropecuario.cl\/new\/","logo":{"@type":"ImageObject","inLanguage":"es","@id":"https:\/\/www.mundoagropecuario.cl\/new\/#\/schema\/logo\/image\/","url":"https:\/\/www.mundoagropecuario.cl\/new\/wp-content\/uploads\/2020\/11\/PORTAL-1-1.png","contentUrl":"https:\/\/www.mundoagropecuario.cl\/new\/wp-content\/uploads\/2020\/11\/PORTAL-1-1.png","width":1026,"height":100,"caption":"Revista de Agricultura"},"image":{"@id":"https:\/\/www.mundoagropecuario.cl\/new\/#\/schema\/logo\/image\/"},"sameAs":["https:\/\/www.facebook.com\/mundo.agropecuario.3","https:\/\/x.com\/MundoAgropecuar","https:\/\/www.linkedin.com\/in\/mundo-agropecuario-934009201\/"]},{"@type":"Person","@id":"https:\/\/www.mundoagropecuario.cl\/new\/#\/schema\/person\/0c221050801c74e45256a7a9a1ff0803","name":"periodista","url":"https:\/\/www.mundoagropecuario.cl\/new\/author\/periodista\/"}]}},"_links":{"self":[{"href":"https:\/\/www.mundoagropecuario.cl\/new\/wp-json\/wp\/v2\/posts\/12351","targetHints":{"allow":["GET"]}}],"collection":[{"href":"https:\/\/www.mundoagropecuario.cl\/new\/wp-json\/wp\/v2\/posts"}],"about":[{"href":"https:\/\/www.mundoagropecuario.cl\/new\/wp-json\/wp\/v2\/types\/post"}],"author":[{"embeddable":true,"href":"https:\/\/www.mundoagropecuario.cl\/new\/wp-json\/wp\/v2\/users\/3"}],"replies":[{"embeddable":true,"href":"https:\/\/www.mundoagropecuario.cl\/new\/wp-json\/wp\/v2\/comments?post=12351"}],"version-history":[{"count":1,"href":"https:\/\/www.mundoagropecuario.cl\/new\/wp-json\/wp\/v2\/posts\/12351\/revisions"}],"predecessor-version":[{"id":12353,"href":"https:\/\/www.mundoagropecuario.cl\/new\/wp-json\/wp\/v2\/posts\/12351\/revisions\/12353"}],"wp:featuredmedia":[{"embeddable":true,"href":"https:\/\/www.mundoagropecuario.cl\/new\/wp-json\/wp\/v2\/media\/12352"}],"wp:attachment":[{"href":"https:\/\/www.mundoagropecuario.cl\/new\/wp-json\/wp\/v2\/media?parent=12351"}],"wp:term":[{"taxonomy":"category","embeddable":true,"href":"https:\/\/www.mundoagropecuario.cl\/new\/wp-json\/wp\/v2\/categories?post=12351"},{"taxonomy":"post_tag","embeddable":true,"href":"https:\/\/www.mundoagropecuario.cl\/new\/wp-json\/wp\/v2\/tags?post=12351"}],"curies":[{"name":"wp","href":"https:\/\/api.w.org\/{rel}","templated":true}]}}