{"id":12316,"date":"2019-06-12T02:25:37","date_gmt":"2019-06-12T05:25:37","guid":{"rendered":"http:\/\/www.mundoagropecuario.cl\/new\/?p=12316"},"modified":"2019-06-12T02:25:41","modified_gmt":"2019-06-12T05:25:41","slug":"mas-de-60-productores-agricolas-se-capacitaron-a-traves-de-indap-araucania","status":"publish","type":"post","link":"https:\/\/www.mundoagropecuario.cl\/new\/mas-de-60-productores-agricolas-se-capacitaron-a-traves-de-indap-araucania\/","title":{"rendered":"M\u00e1s de 60 productores agr\u00edcolas se capacitaron a trav\u00e9s de INDAP Araucan\u00eda"},"content":{"rendered":"\n<ul class=\"wp-block-gallery columns-0 is-cropped wp-block-gallery-1 is-layout-flex wp-block-gallery-is-layout-flex\"><\/ul>\n\n\n\n<p><\/p>\n\n\n\n<p class=\"has-medium-font-size\"><em>En esta oportunidad se potenciaron los alimentos procesados, tales como la producci\u00f3n de mermeladas, quesos, entre otros (Mundo Agropecuario).<\/em><\/p>\n\n\n\n<p>Transferir nuevos conocimientos a los agricultores, a trav\u00e9s\nde cursos certificados, es uno de los ejes estrat\u00e9gicos de INDAP. En este\ncontexto, durante el presente a\u00f1o en La Araucan\u00eda, la instituci\u00f3n del agro\napost\u00f3 por la inversi\u00f3n en capacitaciones para usuarios que se dedican a la\nproducci\u00f3n de alimentos procesados, tales como mermeladas, quesos, entre otros.&nbsp; <\/p>\n\n\n\n<p>Seg\u00fan Carolina Meier, directora regional de INDAP, la\nimportancia de esta acci\u00f3n es vital, ya que permite transferir conocimiento a\nla agricultura familiar, profesionalizando as\u00ed las actividades que realizan los\nemprendedores en los predios.&nbsp; \u201cEl Presidente\nSebasti\u00e1n Pi\u00f1era nos ha mandatado, a nosotros como instituci\u00f3n, apoyar a\nnuestros peque\u00f1os agricultores no solamente la parte productiva, tambi\u00e9n el\nfortalecer el capital humano y generar nuevas capacidades t\u00e9cnicas en ellos.\nAs\u00ed mejoran su producci\u00f3n y se acercan a mercados que son cada vez m\u00e1s\nexigentes\u201d, asegur\u00f3 la autoridad del agro. <\/p>\n\n\n\n<p>En cuanto a los rubros que se potenciaron en estas\ncapacitaciones, Meier explic\u00f3 que en esta oportunidad fueron los alimentos\nprocesados, tales como la producci\u00f3n de mermeladas, quesos, entre otros.\n\u201cApoyamos a nuestros productores en dos cursos: Comercializaci\u00f3n de Productos\nAgroelaborados y Etiquetado Nutricional. En total fueron 65 productores, de\nMalleco y Caut\u00edn, quienes se han capacitado no s\u00f3lo de manera individual, sino\nque tambi\u00e9n de forma asociativa, como el caso de la Mesa de la Mujer Rural\u201d.<\/p>\n\n\n\n<p>As\u00ed lo confirma la usuaria de INDAP Cristina Rebolledo de\nGranja Las Lagunas, quien particip\u00f3 de la capacitaci\u00f3n \u201cComercializaci\u00f3n de\nProductos Agroelaborados en Mercado Local y Circuitos Cortos de\nComercializaci\u00f3n\u201d.&nbsp;&nbsp; Dedicada a la\nproducci\u00f3n de ajo negro chilote, mayonesa con ajo sin huevos, entre otros\nproductos gourmet, asegura que este tipo de cursos son muy importantes, porque\nla gran mayor\u00eda de los peque\u00f1os agricultores, no poseen los estudios\nrelacionados con la comercializaci\u00f3n. \u201cEl 100% de los que hicimos ese curso\nestamos muy felices, porque nos abre a un mundo que nos cost\u00e1bamos y nos\nresist\u00edamos, pero del cual s\u00ed sab\u00edamos de la importancia que tiene, bajo ning\u00fan\npunto de vista fue una p\u00e9rdida de tiempo\u201d, concluye la emprendedora. <\/p>\n\n\n\n<p>En total estos cursos involucraron a productores de 20\ncomunas de La Araucan\u00eda, de Angol; Curacaut\u00edn; Lautaro; Loncoche; Lonquimay;\nImperial; Chol-Chol; Pitrufqu\u00e9n; Gorbea; Freire; Puc\u00f3n; Pur\u00e9n; Los Sauces;\nSaavedra; Teodoro Schmidt; Tolt\u00e9n; Traigu\u00e9n; Victoria; Vilc\u00fan y Villarrica, con\nuna inversi\u00f3n de INDAP que supera los 11 millones de pesos.<\/p>\n","protected":false},"excerpt":{"rendered":"<p>En esta oportunidad se potenciaron los alimentos procesados, tales como la producci\u00f3n de mermeladas, quesos, entre otros (Mundo Agropecuario). Transferir nuevos conocimientos a los agricultores, a trav\u00e9s de cursos certificados,&#8230;<\/p>\n","protected":false},"author":3,"featured_media":12317,"comment_status":"closed","ping_status":"closed","sticky":false,"template":"","format":"standard","meta":{"footnotes":""},"categories":[1987],"tags":[1992,1186],"class_list":["post-12316","post","type-post","status-publish","format-standard","has-post-thumbnail","hentry","category-instituciones","tag-indap","tag-region-de-la-araucania"],"yoast_head":"<!-- This site is optimized with the Yoast SEO plugin v26.6 - https:\/\/yoast.com\/wordpress\/plugins\/seo\/ -->\n<title>M\u00e1s de 60 productores agr\u00edcolas se capacitaron a trav\u00e9s de INDAP Araucan\u00eda - Mundoagropecuario<\/title>\n<meta name=\"robots\" content=\"index, follow, max-snippet:-1, max-image-preview:large, max-video-preview:-1\" \/>\n<link rel=\"canonical\" href=\"https:\/\/www.mundoagropecuario.cl\/new\/mas-de-60-productores-agricolas-se-capacitaron-a-traves-de-indap-araucania\/\" \/>\n<meta property=\"og:locale\" content=\"es_ES\" \/>\n<meta property=\"og:type\" content=\"article\" \/>\n<meta property=\"og:title\" content=\"M\u00e1s de 60 productores agr\u00edcolas se capacitaron a trav\u00e9s de INDAP Araucan\u00eda - Mundoagropecuario\" \/>\n<meta property=\"og:description\" content=\"En esta oportunidad se potenciaron los alimentos procesados, tales como la producci\u00f3n de mermeladas, quesos, entre otros (Mundo Agropecuario). Transferir nuevos conocimientos a los agricultores, a trav\u00e9s de cursos certificados,...\" \/>\n<meta property=\"og:url\" content=\"https:\/\/www.mundoagropecuario.cl\/new\/mas-de-60-productores-agricolas-se-capacitaron-a-traves-de-indap-araucania\/\" \/>\n<meta property=\"og:site_name\" content=\"Mundoagropecuario\" \/>\n<meta property=\"article:publisher\" content=\"https:\/\/www.facebook.com\/mundo.agropecuario.3\" \/>\n<meta property=\"article:published_time\" content=\"2019-06-12T05:25:37+00:00\" \/>\n<meta property=\"article:modified_time\" content=\"2019-06-12T05:25:41+00:00\" \/>\n<meta property=\"og:image\" content=\"https:\/\/www.mundoagropecuario.cl\/new\/wp-content\/uploads\/2019\/06\/iNDAP-araucania.jpg\" \/>\n\t<meta property=\"og:image:width\" content=\"975\" \/>\n\t<meta property=\"og:image:height\" content=\"566\" \/>\n\t<meta property=\"og:image:type\" content=\"image\/jpeg\" \/>\n<meta name=\"author\" content=\"periodista\" \/>\n<meta name=\"twitter:card\" content=\"summary_large_image\" \/>\n<meta name=\"twitter:creator\" content=\"@MundoAgropecuar\" \/>\n<meta name=\"twitter:site\" content=\"@MundoAgropecuar\" \/>\n<meta name=\"twitter:label1\" content=\"Escrito por\" \/>\n\t<meta name=\"twitter:data1\" content=\"periodista\" \/>\n\t<meta name=\"twitter:label2\" content=\"Tiempo de lectura\" \/>\n\t<meta name=\"twitter:data2\" content=\"2 minutos\" \/>\n<script type=\"application\/ld+json\" class=\"yoast-schema-graph\">{\"@context\":\"https:\/\/schema.org\",\"@graph\":[{\"@type\":\"Article\",\"@id\":\"https:\/\/www.mundoagropecuario.cl\/new\/mas-de-60-productores-agricolas-se-capacitaron-a-traves-de-indap-araucania\/#article\",\"isPartOf\":{\"@id\":\"https:\/\/www.mundoagropecuario.cl\/new\/mas-de-60-productores-agricolas-se-capacitaron-a-traves-de-indap-araucania\/\"},\"author\":{\"name\":\"periodista\",\"@id\":\"https:\/\/www.mundoagropecuario.cl\/new\/#\/schema\/person\/0c221050801c74e45256a7a9a1ff0803\"},\"headline\":\"M\u00e1s de 60 productores agr\u00edcolas se capacitaron a trav\u00e9s de INDAP Araucan\u00eda\",\"datePublished\":\"2019-06-12T05:25:37+00:00\",\"dateModified\":\"2019-06-12T05:25:41+00:00\",\"mainEntityOfPage\":{\"@id\":\"https:\/\/www.mundoagropecuario.cl\/new\/mas-de-60-productores-agricolas-se-capacitaron-a-traves-de-indap-araucania\/\"},\"wordCount\":467,\"publisher\":{\"@id\":\"https:\/\/www.mundoagropecuario.cl\/new\/#organization\"},\"image\":{\"@id\":\"https:\/\/www.mundoagropecuario.cl\/new\/mas-de-60-productores-agricolas-se-capacitaron-a-traves-de-indap-araucania\/#primaryimage\"},\"thumbnailUrl\":\"https:\/\/www.mundoagropecuario.cl\/new\/wp-content\/uploads\/2019\/06\/iNDAP-araucania.jpg\",\"keywords\":[\"Indap\",\"Regi\u00f3n de la Araucan\u00eda\"],\"articleSection\":[\"Instituciones\"],\"inLanguage\":\"es\"},{\"@type\":\"WebPage\",\"@id\":\"https:\/\/www.mundoagropecuario.cl\/new\/mas-de-60-productores-agricolas-se-capacitaron-a-traves-de-indap-araucania\/\",\"url\":\"https:\/\/www.mundoagropecuario.cl\/new\/mas-de-60-productores-agricolas-se-capacitaron-a-traves-de-indap-araucania\/\",\"name\":\"M\u00e1s de 60 productores agr\u00edcolas se capacitaron a trav\u00e9s de INDAP Araucan\u00eda - Mundoagropecuario\",\"isPartOf\":{\"@id\":\"https:\/\/www.mundoagropecuario.cl\/new\/#website\"},\"primaryImageOfPage\":{\"@id\":\"https:\/\/www.mundoagropecuario.cl\/new\/mas-de-60-productores-agricolas-se-capacitaron-a-traves-de-indap-araucania\/#primaryimage\"},\"image\":{\"@id\":\"https:\/\/www.mundoagropecuario.cl\/new\/mas-de-60-productores-agricolas-se-capacitaron-a-traves-de-indap-araucania\/#primaryimage\"},\"thumbnailUrl\":\"https:\/\/www.mundoagropecuario.cl\/new\/wp-content\/uploads\/2019\/06\/iNDAP-araucania.jpg\",\"datePublished\":\"2019-06-12T05:25:37+00:00\",\"dateModified\":\"2019-06-12T05:25:41+00:00\",\"breadcrumb\":{\"@id\":\"https:\/\/www.mundoagropecuario.cl\/new\/mas-de-60-productores-agricolas-se-capacitaron-a-traves-de-indap-araucania\/#breadcrumb\"},\"inLanguage\":\"es\",\"potentialAction\":[{\"@type\":\"ReadAction\",\"target\":[\"https:\/\/www.mundoagropecuario.cl\/new\/mas-de-60-productores-agricolas-se-capacitaron-a-traves-de-indap-araucania\/\"]}]},{\"@type\":\"ImageObject\",\"inLanguage\":\"es\",\"@id\":\"https:\/\/www.mundoagropecuario.cl\/new\/mas-de-60-productores-agricolas-se-capacitaron-a-traves-de-indap-araucania\/#primaryimage\",\"url\":\"https:\/\/www.mundoagropecuario.cl\/new\/wp-content\/uploads\/2019\/06\/iNDAP-araucania.jpg\",\"contentUrl\":\"https:\/\/www.mundoagropecuario.cl\/new\/wp-content\/uploads\/2019\/06\/iNDAP-araucania.jpg\",\"width\":689,\"height\":400},{\"@type\":\"BreadcrumbList\",\"@id\":\"https:\/\/www.mundoagropecuario.cl\/new\/mas-de-60-productores-agricolas-se-capacitaron-a-traves-de-indap-araucania\/#breadcrumb\",\"itemListElement\":[{\"@type\":\"ListItem\",\"position\":1,\"name\":\"Portada\",\"item\":\"https:\/\/www.mundoagropecuario.cl\/new\/\"},{\"@type\":\"ListItem\",\"position\":2,\"name\":\"M\u00e1s de 60 productores agr\u00edcolas se capacitaron a trav\u00e9s de INDAP Araucan\u00eda\"}]},{\"@type\":\"WebSite\",\"@id\":\"https:\/\/www.mundoagropecuario.cl\/new\/#website\",\"url\":\"https:\/\/www.mundoagropecuario.cl\/new\/\",\"name\":\"Mundoagropecuario\",\"description\":\"Mundo Agropecuario\",\"publisher\":{\"@id\":\"https:\/\/www.mundoagropecuario.cl\/new\/#organization\"},\"potentialAction\":[{\"@type\":\"SearchAction\",\"target\":{\"@type\":\"EntryPoint\",\"urlTemplate\":\"https:\/\/www.mundoagropecuario.cl\/new\/?s={search_term_string}\"},\"query-input\":{\"@type\":\"PropertyValueSpecification\",\"valueRequired\":true,\"valueName\":\"search_term_string\"}}],\"inLanguage\":\"es\"},{\"@type\":\"Organization\",\"@id\":\"https:\/\/www.mundoagropecuario.cl\/new\/#organization\",\"name\":\"Revista de Agricultura\",\"url\":\"https:\/\/www.mundoagropecuario.cl\/new\/\",\"logo\":{\"@type\":\"ImageObject\",\"inLanguage\":\"es\",\"@id\":\"https:\/\/www.mundoagropecuario.cl\/new\/#\/schema\/logo\/image\/\",\"url\":\"https:\/\/www.mundoagropecuario.cl\/new\/wp-content\/uploads\/2020\/11\/PORTAL-1-1.png\",\"contentUrl\":\"https:\/\/www.mundoagropecuario.cl\/new\/wp-content\/uploads\/2020\/11\/PORTAL-1-1.png\",\"width\":1026,\"height\":100,\"caption\":\"Revista de Agricultura\"},\"image\":{\"@id\":\"https:\/\/www.mundoagropecuario.cl\/new\/#\/schema\/logo\/image\/\"},\"sameAs\":[\"https:\/\/www.facebook.com\/mundo.agropecuario.3\",\"https:\/\/x.com\/MundoAgropecuar\",\"https:\/\/www.linkedin.com\/in\/mundo-agropecuario-934009201\/\"]},{\"@type\":\"Person\",\"@id\":\"https:\/\/www.mundoagropecuario.cl\/new\/#\/schema\/person\/0c221050801c74e45256a7a9a1ff0803\",\"name\":\"periodista\",\"url\":\"https:\/\/www.mundoagropecuario.cl\/new\/author\/periodista\/\"}]}<\/script>\n<!-- \/ Yoast SEO plugin. -->","yoast_head_json":{"title":"M\u00e1s de 60 productores agr\u00edcolas se capacitaron a trav\u00e9s de INDAP Araucan\u00eda - Mundoagropecuario","robots":{"index":"index","follow":"follow","max-snippet":"max-snippet:-1","max-image-preview":"max-image-preview:large","max-video-preview":"max-video-preview:-1"},"canonical":"https:\/\/www.mundoagropecuario.cl\/new\/mas-de-60-productores-agricolas-se-capacitaron-a-traves-de-indap-araucania\/","og_locale":"es_ES","og_type":"article","og_title":"M\u00e1s de 60 productores agr\u00edcolas se capacitaron a trav\u00e9s de INDAP Araucan\u00eda - Mundoagropecuario","og_description":"En esta oportunidad se potenciaron los alimentos procesados, tales como la producci\u00f3n de mermeladas, quesos, entre otros (Mundo Agropecuario). Transferir nuevos conocimientos a los agricultores, a trav\u00e9s de cursos certificados,...","og_url":"https:\/\/www.mundoagropecuario.cl\/new\/mas-de-60-productores-agricolas-se-capacitaron-a-traves-de-indap-araucania\/","og_site_name":"Mundoagropecuario","article_publisher":"https:\/\/www.facebook.com\/mundo.agropecuario.3","article_published_time":"2019-06-12T05:25:37+00:00","article_modified_time":"2019-06-12T05:25:41+00:00","og_image":[{"width":975,"height":566,"url":"https:\/\/www.mundoagropecuario.cl\/new\/wp-content\/uploads\/2019\/06\/iNDAP-araucania.jpg","type":"image\/jpeg"}],"author":"periodista","twitter_card":"summary_large_image","twitter_creator":"@MundoAgropecuar","twitter_site":"@MundoAgropecuar","twitter_misc":{"Escrito por":"periodista","Tiempo de lectura":"2 minutos"},"schema":{"@context":"https:\/\/schema.org","@graph":[{"@type":"Article","@id":"https:\/\/www.mundoagropecuario.cl\/new\/mas-de-60-productores-agricolas-se-capacitaron-a-traves-de-indap-araucania\/#article","isPartOf":{"@id":"https:\/\/www.mundoagropecuario.cl\/new\/mas-de-60-productores-agricolas-se-capacitaron-a-traves-de-indap-araucania\/"},"author":{"name":"periodista","@id":"https:\/\/www.mundoagropecuario.cl\/new\/#\/schema\/person\/0c221050801c74e45256a7a9a1ff0803"},"headline":"M\u00e1s de 60 productores agr\u00edcolas se capacitaron a trav\u00e9s de INDAP Araucan\u00eda","datePublished":"2019-06-12T05:25:37+00:00","dateModified":"2019-06-12T05:25:41+00:00","mainEntityOfPage":{"@id":"https:\/\/www.mundoagropecuario.cl\/new\/mas-de-60-productores-agricolas-se-capacitaron-a-traves-de-indap-araucania\/"},"wordCount":467,"publisher":{"@id":"https:\/\/www.mundoagropecuario.cl\/new\/#organization"},"image":{"@id":"https:\/\/www.mundoagropecuario.cl\/new\/mas-de-60-productores-agricolas-se-capacitaron-a-traves-de-indap-araucania\/#primaryimage"},"thumbnailUrl":"https:\/\/www.mundoagropecuario.cl\/new\/wp-content\/uploads\/2019\/06\/iNDAP-araucania.jpg","keywords":["Indap","Regi\u00f3n de la Araucan\u00eda"],"articleSection":["Instituciones"],"inLanguage":"es"},{"@type":"WebPage","@id":"https:\/\/www.mundoagropecuario.cl\/new\/mas-de-60-productores-agricolas-se-capacitaron-a-traves-de-indap-araucania\/","url":"https:\/\/www.mundoagropecuario.cl\/new\/mas-de-60-productores-agricolas-se-capacitaron-a-traves-de-indap-araucania\/","name":"M\u00e1s de 60 productores agr\u00edcolas se capacitaron a trav\u00e9s de INDAP Araucan\u00eda - Mundoagropecuario","isPartOf":{"@id":"https:\/\/www.mundoagropecuario.cl\/new\/#website"},"primaryImageOfPage":{"@id":"https:\/\/www.mundoagropecuario.cl\/new\/mas-de-60-productores-agricolas-se-capacitaron-a-traves-de-indap-araucania\/#primaryimage"},"image":{"@id":"https:\/\/www.mundoagropecuario.cl\/new\/mas-de-60-productores-agricolas-se-capacitaron-a-traves-de-indap-araucania\/#primaryimage"},"thumbnailUrl":"https:\/\/www.mundoagropecuario.cl\/new\/wp-content\/uploads\/2019\/06\/iNDAP-araucania.jpg","datePublished":"2019-06-12T05:25:37+00:00","dateModified":"2019-06-12T05:25:41+00:00","breadcrumb":{"@id":"https:\/\/www.mundoagropecuario.cl\/new\/mas-de-60-productores-agricolas-se-capacitaron-a-traves-de-indap-araucania\/#breadcrumb"},"inLanguage":"es","potentialAction":[{"@type":"ReadAction","target":["https:\/\/www.mundoagropecuario.cl\/new\/mas-de-60-productores-agricolas-se-capacitaron-a-traves-de-indap-araucania\/"]}]},{"@type":"ImageObject","inLanguage":"es","@id":"https:\/\/www.mundoagropecuario.cl\/new\/mas-de-60-productores-agricolas-se-capacitaron-a-traves-de-indap-araucania\/#primaryimage","url":"https:\/\/www.mundoagropecuario.cl\/new\/wp-content\/uploads\/2019\/06\/iNDAP-araucania.jpg","contentUrl":"https:\/\/www.mundoagropecuario.cl\/new\/wp-content\/uploads\/2019\/06\/iNDAP-araucania.jpg","width":689,"height":400},{"@type":"BreadcrumbList","@id":"https:\/\/www.mundoagropecuario.cl\/new\/mas-de-60-productores-agricolas-se-capacitaron-a-traves-de-indap-araucania\/#breadcrumb","itemListElement":[{"@type":"ListItem","position":1,"name":"Portada","item":"https:\/\/www.mundoagropecuario.cl\/new\/"},{"@type":"ListItem","position":2,"name":"M\u00e1s de 60 productores agr\u00edcolas se capacitaron a trav\u00e9s de INDAP Araucan\u00eda"}]},{"@type":"WebSite","@id":"https:\/\/www.mundoagropecuario.cl\/new\/#website","url":"https:\/\/www.mundoagropecuario.cl\/new\/","name":"Mundoagropecuario","description":"Mundo Agropecuario","publisher":{"@id":"https:\/\/www.mundoagropecuario.cl\/new\/#organization"},"potentialAction":[{"@type":"SearchAction","target":{"@type":"EntryPoint","urlTemplate":"https:\/\/www.mundoagropecuario.cl\/new\/?s={search_term_string}"},"query-input":{"@type":"PropertyValueSpecification","valueRequired":true,"valueName":"search_term_string"}}],"inLanguage":"es"},{"@type":"Organization","@id":"https:\/\/www.mundoagropecuario.cl\/new\/#organization","name":"Revista de Agricultura","url":"https:\/\/www.mundoagropecuario.cl\/new\/","logo":{"@type":"ImageObject","inLanguage":"es","@id":"https:\/\/www.mundoagropecuario.cl\/new\/#\/schema\/logo\/image\/","url":"https:\/\/www.mundoagropecuario.cl\/new\/wp-content\/uploads\/2020\/11\/PORTAL-1-1.png","contentUrl":"https:\/\/www.mundoagropecuario.cl\/new\/wp-content\/uploads\/2020\/11\/PORTAL-1-1.png","width":1026,"height":100,"caption":"Revista de Agricultura"},"image":{"@id":"https:\/\/www.mundoagropecuario.cl\/new\/#\/schema\/logo\/image\/"},"sameAs":["https:\/\/www.facebook.com\/mundo.agropecuario.3","https:\/\/x.com\/MundoAgropecuar","https:\/\/www.linkedin.com\/in\/mundo-agropecuario-934009201\/"]},{"@type":"Person","@id":"https:\/\/www.mundoagropecuario.cl\/new\/#\/schema\/person\/0c221050801c74e45256a7a9a1ff0803","name":"periodista","url":"https:\/\/www.mundoagropecuario.cl\/new\/author\/periodista\/"}]}},"_links":{"self":[{"href":"https:\/\/www.mundoagropecuario.cl\/new\/wp-json\/wp\/v2\/posts\/12316","targetHints":{"allow":["GET"]}}],"collection":[{"href":"https:\/\/www.mundoagropecuario.cl\/new\/wp-json\/wp\/v2\/posts"}],"about":[{"href":"https:\/\/www.mundoagropecuario.cl\/new\/wp-json\/wp\/v2\/types\/post"}],"author":[{"embeddable":true,"href":"https:\/\/www.mundoagropecuario.cl\/new\/wp-json\/wp\/v2\/users\/3"}],"replies":[{"embeddable":true,"href":"https:\/\/www.mundoagropecuario.cl\/new\/wp-json\/wp\/v2\/comments?post=12316"}],"version-history":[{"count":1,"href":"https:\/\/www.mundoagropecuario.cl\/new\/wp-json\/wp\/v2\/posts\/12316\/revisions"}],"predecessor-version":[{"id":12318,"href":"https:\/\/www.mundoagropecuario.cl\/new\/wp-json\/wp\/v2\/posts\/12316\/revisions\/12318"}],"wp:featuredmedia":[{"embeddable":true,"href":"https:\/\/www.mundoagropecuario.cl\/new\/wp-json\/wp\/v2\/media\/12317"}],"wp:attachment":[{"href":"https:\/\/www.mundoagropecuario.cl\/new\/wp-json\/wp\/v2\/media?parent=12316"}],"wp:term":[{"taxonomy":"category","embeddable":true,"href":"https:\/\/www.mundoagropecuario.cl\/new\/wp-json\/wp\/v2\/categories?post=12316"},{"taxonomy":"post_tag","embeddable":true,"href":"https:\/\/www.mundoagropecuario.cl\/new\/wp-json\/wp\/v2\/tags?post=12316"}],"curies":[{"name":"wp","href":"https:\/\/api.w.org\/{rel}","templated":true}]}}