{"id":12010,"date":"2019-05-23T04:22:17","date_gmt":"2019-05-23T07:22:17","guid":{"rendered":"http:\/\/www.mundoagropecuario.cl\/new\/?p=12010"},"modified":"2019-05-23T04:22:21","modified_gmt":"2019-05-23T07:22:21","slug":"calefaccion-sustentable-a-partir-de-biomasa-fue-promovida-en-seminario-ucsc","status":"publish","type":"post","link":"https:\/\/www.mundoagropecuario.cl\/new\/calefaccion-sustentable-a-partir-de-biomasa-fue-promovida-en-seminario-ucsc\/","title":{"rendered":"Calefacci\u00f3n sustentable a partir de biomasa fue promovida en seminario UCSC"},"content":{"rendered":"\n<ul class=\"wp-block-gallery columns-0 is-cropped wp-block-gallery-1 is-layout-flex wp-block-gallery-is-layout-flex\"><\/ul>\n\n\n\n<p><br><\/p>\n\n\n\n<p><em>El encuentro permiti\u00f3 dar a conocer avances en el proceso de declaraci\u00f3n de biomasa como combustible, adem\u00e1s de la regulaci\u00f3n asociada a su uso para calefacci\u00f3n (Mundo Agropecuario).<\/em><\/p>\n\n\n\n<p>La biomasa es cualquier materia org\u00e1nica de origen vegetal o\nanimal que puede ser tratada y utilizada para generar energ\u00eda. Este elemento\nfue el que marc\u00f3 la jornada del Seminario \u201cCalefacci\u00f3n Sustentable a partir de\nBiomasa\u201d, organizado por la Vicerrector\u00eda de Investigaci\u00f3n, Postgrado e\nInnovaci\u00f3n en conjunto con la Facultad de Ciencias de la Casa de Estudios.<\/p>\n\n\n\n<p>El objetivo central de esta actividad fue analizar los\navances en el proceso de declaraci\u00f3n de biomasa como combustible, la regulaci\u00f3n\nasociada a su uso para calefacci\u00f3n, los procesos de conversi\u00f3n en energ\u00eda\nt\u00e9rmica y las tecnolog\u00edas de calefacci\u00f3n a partir de este producto.<\/p>\n\n\n\n<p>El evento cont\u00f3 con las palabras de bienvenida del Rector de\nla Instituci\u00f3n, Christian Schmitz, quien dio paso a la presentaci\u00f3n del Seremi\nde Energ\u00eda del Biob\u00edo, Mauricio Henr\u00edquez, quien expuso sobre \u201cLos avances en\nla regulaci\u00f3n de la biomasa como combustible\u201d.<\/p>\n\n\n\n<p>En su presentaci\u00f3n Henr\u00edquez manifest\u00f3 que \u201ces muy grato ver\nc\u00f3mo se est\u00e1n realizando distintas iniciativas en materia energ\u00e9tica, por lo\nque agradecemos a esta Universidad que ha desarrollado ideas como la Microrred\ncomo trabajo de innovaci\u00f3n\u201d.<\/p>\n\n\n\n<p>Asimismo, en la ceremonia expuso Juan Carlos Pinilla,\ninvestigador del Instituto Forestal, quien dio a conocer los principales\nlineamientos de esta entidad que busca contribuir al desarrollo forestal\nchileno, fomentando el uso sustentable de los ecosistemas forestales para el\nbeneficio de la sociedad.<\/p>\n\n\n\n<p>Entre las presentaciones tambi\u00e9n destac\u00f3 la de la encargada\nde Dendroenerg\u00eda de Conaf Biob\u00edo, Marisol Almarza y de Daniela Espinoza,\nprofesional de la Seremi de Energ\u00eda. Finalmente, los acad\u00e9micos de la UCSC, Dr.\nGustavo Saiz, Dr. Jorge Le\u00f3n, Dr. Hugo Garc\u00e9s y Dra. Laura Azocar, generaron un\npanel de opini\u00f3n sobre el uso sustentable de biomasa.<\/p>\n","protected":false},"excerpt":{"rendered":"<p>El encuentro permiti\u00f3 dar a conocer avances en el proceso de declaraci\u00f3n de biomasa como combustible, adem\u00e1s de la regulaci\u00f3n asociada a su uso para calefacci\u00f3n (Mundo Agropecuario). La biomasa&#8230;<\/p>\n","protected":false},"author":3,"featured_media":12011,"comment_status":"closed","ping_status":"closed","sticky":false,"template":"","format":"standard","meta":{"footnotes":""},"categories":[1948],"tags":[142,495],"class_list":["post-12010","post","type-post","status-publish","format-standard","has-post-thumbnail","hentry","category-sustentabilidad","tag-biomasa","tag-ucsc"],"yoast_head":"<!-- This site is optimized with the Yoast SEO plugin v26.6 - https:\/\/yoast.com\/wordpress\/plugins\/seo\/ -->\n<title>Calefacci\u00f3n sustentable a partir de biomasa fue promovida en seminario UCSC - Mundoagropecuario<\/title>\n<meta name=\"robots\" content=\"index, follow, max-snippet:-1, max-image-preview:large, max-video-preview:-1\" \/>\n<link rel=\"canonical\" href=\"https:\/\/www.mundoagropecuario.cl\/new\/calefaccion-sustentable-a-partir-de-biomasa-fue-promovida-en-seminario-ucsc\/\" \/>\n<meta property=\"og:locale\" content=\"es_ES\" \/>\n<meta property=\"og:type\" content=\"article\" \/>\n<meta property=\"og:title\" content=\"Calefacci\u00f3n sustentable a partir de biomasa fue promovida en seminario UCSC - Mundoagropecuario\" \/>\n<meta property=\"og:description\" content=\"El encuentro permiti\u00f3 dar a conocer avances en el proceso de declaraci\u00f3n de biomasa como combustible, adem\u00e1s de la regulaci\u00f3n asociada a su uso para calefacci\u00f3n (Mundo Agropecuario). La biomasa...\" \/>\n<meta property=\"og:url\" content=\"https:\/\/www.mundoagropecuario.cl\/new\/calefaccion-sustentable-a-partir-de-biomasa-fue-promovida-en-seminario-ucsc\/\" \/>\n<meta property=\"og:site_name\" content=\"Mundoagropecuario\" \/>\n<meta property=\"article:publisher\" content=\"https:\/\/www.facebook.com\/mundo.agropecuario.3\" \/>\n<meta property=\"article:published_time\" content=\"2019-05-23T07:22:17+00:00\" \/>\n<meta property=\"article:modified_time\" content=\"2019-05-23T07:22:21+00:00\" \/>\n<meta property=\"og:image\" content=\"https:\/\/www.mundoagropecuario.cl\/new\/wp-content\/uploads\/2019\/05\/Biomasa.jpg\" \/>\n\t<meta property=\"og:image:width\" content=\"945\" \/>\n\t<meta property=\"og:image:height\" content=\"527\" \/>\n\t<meta property=\"og:image:type\" content=\"image\/jpeg\" \/>\n<meta name=\"author\" content=\"periodista\" \/>\n<meta name=\"twitter:card\" content=\"summary_large_image\" \/>\n<meta name=\"twitter:creator\" content=\"@MundoAgropecuar\" \/>\n<meta name=\"twitter:site\" content=\"@MundoAgropecuar\" \/>\n<meta name=\"twitter:label1\" content=\"Escrito por\" \/>\n\t<meta name=\"twitter:data1\" content=\"periodista\" \/>\n\t<meta name=\"twitter:label2\" content=\"Tiempo de lectura\" \/>\n\t<meta name=\"twitter:data2\" content=\"2 minutos\" \/>\n<script type=\"application\/ld+json\" class=\"yoast-schema-graph\">{\"@context\":\"https:\/\/schema.org\",\"@graph\":[{\"@type\":\"Article\",\"@id\":\"https:\/\/www.mundoagropecuario.cl\/new\/calefaccion-sustentable-a-partir-de-biomasa-fue-promovida-en-seminario-ucsc\/#article\",\"isPartOf\":{\"@id\":\"https:\/\/www.mundoagropecuario.cl\/new\/calefaccion-sustentable-a-partir-de-biomasa-fue-promovida-en-seminario-ucsc\/\"},\"author\":{\"name\":\"periodista\",\"@id\":\"https:\/\/www.mundoagropecuario.cl\/new\/#\/schema\/person\/0c221050801c74e45256a7a9a1ff0803\"},\"headline\":\"Calefacci\u00f3n sustentable a partir de biomasa fue promovida en seminario UCSC\",\"datePublished\":\"2019-05-23T07:22:17+00:00\",\"dateModified\":\"2019-05-23T07:22:21+00:00\",\"mainEntityOfPage\":{\"@id\":\"https:\/\/www.mundoagropecuario.cl\/new\/calefaccion-sustentable-a-partir-de-biomasa-fue-promovida-en-seminario-ucsc\/\"},\"wordCount\":357,\"publisher\":{\"@id\":\"https:\/\/www.mundoagropecuario.cl\/new\/#organization\"},\"image\":{\"@id\":\"https:\/\/www.mundoagropecuario.cl\/new\/calefaccion-sustentable-a-partir-de-biomasa-fue-promovida-en-seminario-ucsc\/#primaryimage\"},\"thumbnailUrl\":\"https:\/\/www.mundoagropecuario.cl\/new\/wp-content\/uploads\/2019\/05\/Biomasa.jpg\",\"keywords\":[\"biomasa\",\"UCSC\"],\"articleSection\":[\"Sustentabilidad\"],\"inLanguage\":\"es\"},{\"@type\":\"WebPage\",\"@id\":\"https:\/\/www.mundoagropecuario.cl\/new\/calefaccion-sustentable-a-partir-de-biomasa-fue-promovida-en-seminario-ucsc\/\",\"url\":\"https:\/\/www.mundoagropecuario.cl\/new\/calefaccion-sustentable-a-partir-de-biomasa-fue-promovida-en-seminario-ucsc\/\",\"name\":\"Calefacci\u00f3n sustentable a partir de biomasa fue promovida en seminario UCSC - Mundoagropecuario\",\"isPartOf\":{\"@id\":\"https:\/\/www.mundoagropecuario.cl\/new\/#website\"},\"primaryImageOfPage\":{\"@id\":\"https:\/\/www.mundoagropecuario.cl\/new\/calefaccion-sustentable-a-partir-de-biomasa-fue-promovida-en-seminario-ucsc\/#primaryimage\"},\"image\":{\"@id\":\"https:\/\/www.mundoagropecuario.cl\/new\/calefaccion-sustentable-a-partir-de-biomasa-fue-promovida-en-seminario-ucsc\/#primaryimage\"},\"thumbnailUrl\":\"https:\/\/www.mundoagropecuario.cl\/new\/wp-content\/uploads\/2019\/05\/Biomasa.jpg\",\"datePublished\":\"2019-05-23T07:22:17+00:00\",\"dateModified\":\"2019-05-23T07:22:21+00:00\",\"breadcrumb\":{\"@id\":\"https:\/\/www.mundoagropecuario.cl\/new\/calefaccion-sustentable-a-partir-de-biomasa-fue-promovida-en-seminario-ucsc\/#breadcrumb\"},\"inLanguage\":\"es\",\"potentialAction\":[{\"@type\":\"ReadAction\",\"target\":[\"https:\/\/www.mundoagropecuario.cl\/new\/calefaccion-sustentable-a-partir-de-biomasa-fue-promovida-en-seminario-ucsc\/\"]}]},{\"@type\":\"ImageObject\",\"inLanguage\":\"es\",\"@id\":\"https:\/\/www.mundoagropecuario.cl\/new\/calefaccion-sustentable-a-partir-de-biomasa-fue-promovida-en-seminario-ucsc\/#primaryimage\",\"url\":\"https:\/\/www.mundoagropecuario.cl\/new\/wp-content\/uploads\/2019\/05\/Biomasa.jpg\",\"contentUrl\":\"https:\/\/www.mundoagropecuario.cl\/new\/wp-content\/uploads\/2019\/05\/Biomasa.jpg\",\"width\":717,\"height\":400},{\"@type\":\"BreadcrumbList\",\"@id\":\"https:\/\/www.mundoagropecuario.cl\/new\/calefaccion-sustentable-a-partir-de-biomasa-fue-promovida-en-seminario-ucsc\/#breadcrumb\",\"itemListElement\":[{\"@type\":\"ListItem\",\"position\":1,\"name\":\"Portada\",\"item\":\"https:\/\/www.mundoagropecuario.cl\/new\/\"},{\"@type\":\"ListItem\",\"position\":2,\"name\":\"Calefacci\u00f3n sustentable a partir de biomasa fue promovida en seminario UCSC\"}]},{\"@type\":\"WebSite\",\"@id\":\"https:\/\/www.mundoagropecuario.cl\/new\/#website\",\"url\":\"https:\/\/www.mundoagropecuario.cl\/new\/\",\"name\":\"Mundoagropecuario\",\"description\":\"Mundo Agropecuario\",\"publisher\":{\"@id\":\"https:\/\/www.mundoagropecuario.cl\/new\/#organization\"},\"potentialAction\":[{\"@type\":\"SearchAction\",\"target\":{\"@type\":\"EntryPoint\",\"urlTemplate\":\"https:\/\/www.mundoagropecuario.cl\/new\/?s={search_term_string}\"},\"query-input\":{\"@type\":\"PropertyValueSpecification\",\"valueRequired\":true,\"valueName\":\"search_term_string\"}}],\"inLanguage\":\"es\"},{\"@type\":\"Organization\",\"@id\":\"https:\/\/www.mundoagropecuario.cl\/new\/#organization\",\"name\":\"Revista de Agricultura\",\"url\":\"https:\/\/www.mundoagropecuario.cl\/new\/\",\"logo\":{\"@type\":\"ImageObject\",\"inLanguage\":\"es\",\"@id\":\"https:\/\/www.mundoagropecuario.cl\/new\/#\/schema\/logo\/image\/\",\"url\":\"https:\/\/www.mundoagropecuario.cl\/new\/wp-content\/uploads\/2020\/11\/PORTAL-1-1.png\",\"contentUrl\":\"https:\/\/www.mundoagropecuario.cl\/new\/wp-content\/uploads\/2020\/11\/PORTAL-1-1.png\",\"width\":1026,\"height\":100,\"caption\":\"Revista de Agricultura\"},\"image\":{\"@id\":\"https:\/\/www.mundoagropecuario.cl\/new\/#\/schema\/logo\/image\/\"},\"sameAs\":[\"https:\/\/www.facebook.com\/mundo.agropecuario.3\",\"https:\/\/x.com\/MundoAgropecuar\",\"https:\/\/www.linkedin.com\/in\/mundo-agropecuario-934009201\/\"]},{\"@type\":\"Person\",\"@id\":\"https:\/\/www.mundoagropecuario.cl\/new\/#\/schema\/person\/0c221050801c74e45256a7a9a1ff0803\",\"name\":\"periodista\",\"url\":\"https:\/\/www.mundoagropecuario.cl\/new\/author\/periodista\/\"}]}<\/script>\n<!-- \/ Yoast SEO plugin. -->","yoast_head_json":{"title":"Calefacci\u00f3n sustentable a partir de biomasa fue promovida en seminario UCSC - Mundoagropecuario","robots":{"index":"index","follow":"follow","max-snippet":"max-snippet:-1","max-image-preview":"max-image-preview:large","max-video-preview":"max-video-preview:-1"},"canonical":"https:\/\/www.mundoagropecuario.cl\/new\/calefaccion-sustentable-a-partir-de-biomasa-fue-promovida-en-seminario-ucsc\/","og_locale":"es_ES","og_type":"article","og_title":"Calefacci\u00f3n sustentable a partir de biomasa fue promovida en seminario UCSC - Mundoagropecuario","og_description":"El encuentro permiti\u00f3 dar a conocer avances en el proceso de declaraci\u00f3n de biomasa como combustible, adem\u00e1s de la regulaci\u00f3n asociada a su uso para calefacci\u00f3n (Mundo Agropecuario). La biomasa...","og_url":"https:\/\/www.mundoagropecuario.cl\/new\/calefaccion-sustentable-a-partir-de-biomasa-fue-promovida-en-seminario-ucsc\/","og_site_name":"Mundoagropecuario","article_publisher":"https:\/\/www.facebook.com\/mundo.agropecuario.3","article_published_time":"2019-05-23T07:22:17+00:00","article_modified_time":"2019-05-23T07:22:21+00:00","og_image":[{"width":945,"height":527,"url":"https:\/\/www.mundoagropecuario.cl\/new\/wp-content\/uploads\/2019\/05\/Biomasa.jpg","type":"image\/jpeg"}],"author":"periodista","twitter_card":"summary_large_image","twitter_creator":"@MundoAgropecuar","twitter_site":"@MundoAgropecuar","twitter_misc":{"Escrito por":"periodista","Tiempo de lectura":"2 minutos"},"schema":{"@context":"https:\/\/schema.org","@graph":[{"@type":"Article","@id":"https:\/\/www.mundoagropecuario.cl\/new\/calefaccion-sustentable-a-partir-de-biomasa-fue-promovida-en-seminario-ucsc\/#article","isPartOf":{"@id":"https:\/\/www.mundoagropecuario.cl\/new\/calefaccion-sustentable-a-partir-de-biomasa-fue-promovida-en-seminario-ucsc\/"},"author":{"name":"periodista","@id":"https:\/\/www.mundoagropecuario.cl\/new\/#\/schema\/person\/0c221050801c74e45256a7a9a1ff0803"},"headline":"Calefacci\u00f3n sustentable a partir de biomasa fue promovida en seminario UCSC","datePublished":"2019-05-23T07:22:17+00:00","dateModified":"2019-05-23T07:22:21+00:00","mainEntityOfPage":{"@id":"https:\/\/www.mundoagropecuario.cl\/new\/calefaccion-sustentable-a-partir-de-biomasa-fue-promovida-en-seminario-ucsc\/"},"wordCount":357,"publisher":{"@id":"https:\/\/www.mundoagropecuario.cl\/new\/#organization"},"image":{"@id":"https:\/\/www.mundoagropecuario.cl\/new\/calefaccion-sustentable-a-partir-de-biomasa-fue-promovida-en-seminario-ucsc\/#primaryimage"},"thumbnailUrl":"https:\/\/www.mundoagropecuario.cl\/new\/wp-content\/uploads\/2019\/05\/Biomasa.jpg","keywords":["biomasa","UCSC"],"articleSection":["Sustentabilidad"],"inLanguage":"es"},{"@type":"WebPage","@id":"https:\/\/www.mundoagropecuario.cl\/new\/calefaccion-sustentable-a-partir-de-biomasa-fue-promovida-en-seminario-ucsc\/","url":"https:\/\/www.mundoagropecuario.cl\/new\/calefaccion-sustentable-a-partir-de-biomasa-fue-promovida-en-seminario-ucsc\/","name":"Calefacci\u00f3n sustentable a partir de biomasa fue promovida en seminario UCSC - Mundoagropecuario","isPartOf":{"@id":"https:\/\/www.mundoagropecuario.cl\/new\/#website"},"primaryImageOfPage":{"@id":"https:\/\/www.mundoagropecuario.cl\/new\/calefaccion-sustentable-a-partir-de-biomasa-fue-promovida-en-seminario-ucsc\/#primaryimage"},"image":{"@id":"https:\/\/www.mundoagropecuario.cl\/new\/calefaccion-sustentable-a-partir-de-biomasa-fue-promovida-en-seminario-ucsc\/#primaryimage"},"thumbnailUrl":"https:\/\/www.mundoagropecuario.cl\/new\/wp-content\/uploads\/2019\/05\/Biomasa.jpg","datePublished":"2019-05-23T07:22:17+00:00","dateModified":"2019-05-23T07:22:21+00:00","breadcrumb":{"@id":"https:\/\/www.mundoagropecuario.cl\/new\/calefaccion-sustentable-a-partir-de-biomasa-fue-promovida-en-seminario-ucsc\/#breadcrumb"},"inLanguage":"es","potentialAction":[{"@type":"ReadAction","target":["https:\/\/www.mundoagropecuario.cl\/new\/calefaccion-sustentable-a-partir-de-biomasa-fue-promovida-en-seminario-ucsc\/"]}]},{"@type":"ImageObject","inLanguage":"es","@id":"https:\/\/www.mundoagropecuario.cl\/new\/calefaccion-sustentable-a-partir-de-biomasa-fue-promovida-en-seminario-ucsc\/#primaryimage","url":"https:\/\/www.mundoagropecuario.cl\/new\/wp-content\/uploads\/2019\/05\/Biomasa.jpg","contentUrl":"https:\/\/www.mundoagropecuario.cl\/new\/wp-content\/uploads\/2019\/05\/Biomasa.jpg","width":717,"height":400},{"@type":"BreadcrumbList","@id":"https:\/\/www.mundoagropecuario.cl\/new\/calefaccion-sustentable-a-partir-de-biomasa-fue-promovida-en-seminario-ucsc\/#breadcrumb","itemListElement":[{"@type":"ListItem","position":1,"name":"Portada","item":"https:\/\/www.mundoagropecuario.cl\/new\/"},{"@type":"ListItem","position":2,"name":"Calefacci\u00f3n sustentable a partir de biomasa fue promovida en seminario UCSC"}]},{"@type":"WebSite","@id":"https:\/\/www.mundoagropecuario.cl\/new\/#website","url":"https:\/\/www.mundoagropecuario.cl\/new\/","name":"Mundoagropecuario","description":"Mundo Agropecuario","publisher":{"@id":"https:\/\/www.mundoagropecuario.cl\/new\/#organization"},"potentialAction":[{"@type":"SearchAction","target":{"@type":"EntryPoint","urlTemplate":"https:\/\/www.mundoagropecuario.cl\/new\/?s={search_term_string}"},"query-input":{"@type":"PropertyValueSpecification","valueRequired":true,"valueName":"search_term_string"}}],"inLanguage":"es"},{"@type":"Organization","@id":"https:\/\/www.mundoagropecuario.cl\/new\/#organization","name":"Revista de Agricultura","url":"https:\/\/www.mundoagropecuario.cl\/new\/","logo":{"@type":"ImageObject","inLanguage":"es","@id":"https:\/\/www.mundoagropecuario.cl\/new\/#\/schema\/logo\/image\/","url":"https:\/\/www.mundoagropecuario.cl\/new\/wp-content\/uploads\/2020\/11\/PORTAL-1-1.png","contentUrl":"https:\/\/www.mundoagropecuario.cl\/new\/wp-content\/uploads\/2020\/11\/PORTAL-1-1.png","width":1026,"height":100,"caption":"Revista de Agricultura"},"image":{"@id":"https:\/\/www.mundoagropecuario.cl\/new\/#\/schema\/logo\/image\/"},"sameAs":["https:\/\/www.facebook.com\/mundo.agropecuario.3","https:\/\/x.com\/MundoAgropecuar","https:\/\/www.linkedin.com\/in\/mundo-agropecuario-934009201\/"]},{"@type":"Person","@id":"https:\/\/www.mundoagropecuario.cl\/new\/#\/schema\/person\/0c221050801c74e45256a7a9a1ff0803","name":"periodista","url":"https:\/\/www.mundoagropecuario.cl\/new\/author\/periodista\/"}]}},"_links":{"self":[{"href":"https:\/\/www.mundoagropecuario.cl\/new\/wp-json\/wp\/v2\/posts\/12010","targetHints":{"allow":["GET"]}}],"collection":[{"href":"https:\/\/www.mundoagropecuario.cl\/new\/wp-json\/wp\/v2\/posts"}],"about":[{"href":"https:\/\/www.mundoagropecuario.cl\/new\/wp-json\/wp\/v2\/types\/post"}],"author":[{"embeddable":true,"href":"https:\/\/www.mundoagropecuario.cl\/new\/wp-json\/wp\/v2\/users\/3"}],"replies":[{"embeddable":true,"href":"https:\/\/www.mundoagropecuario.cl\/new\/wp-json\/wp\/v2\/comments?post=12010"}],"version-history":[{"count":1,"href":"https:\/\/www.mundoagropecuario.cl\/new\/wp-json\/wp\/v2\/posts\/12010\/revisions"}],"predecessor-version":[{"id":12012,"href":"https:\/\/www.mundoagropecuario.cl\/new\/wp-json\/wp\/v2\/posts\/12010\/revisions\/12012"}],"wp:featuredmedia":[{"embeddable":true,"href":"https:\/\/www.mundoagropecuario.cl\/new\/wp-json\/wp\/v2\/media\/12011"}],"wp:attachment":[{"href":"https:\/\/www.mundoagropecuario.cl\/new\/wp-json\/wp\/v2\/media?parent=12010"}],"wp:term":[{"taxonomy":"category","embeddable":true,"href":"https:\/\/www.mundoagropecuario.cl\/new\/wp-json\/wp\/v2\/categories?post=12010"},{"taxonomy":"post_tag","embeddable":true,"href":"https:\/\/www.mundoagropecuario.cl\/new\/wp-json\/wp\/v2\/tags?post=12010"}],"curies":[{"name":"wp","href":"https:\/\/api.w.org\/{rel}","templated":true}]}}