{"id":11834,"date":"2019-05-10T02:27:30","date_gmt":"2019-05-10T05:27:30","guid":{"rendered":"http:\/\/www.mundoagropecuario.cl\/new\/?p=11834"},"modified":"2019-05-10T02:28:04","modified_gmt":"2019-05-10T05:28:04","slug":"treinta-pequenos-productores-de-punta-arenas-se-perfeccionan-en-tecnicas-de-manejo-avicola","status":"publish","type":"post","link":"https:\/\/www.mundoagropecuario.cl\/new\/treinta-pequenos-productores-de-punta-arenas-se-perfeccionan-en-tecnicas-de-manejo-avicola\/","title":{"rendered":"Treinta peque\u00f1os productores de Punta Arenas se perfeccionan en t\u00e9cnicas de manejo av\u00edcola"},"content":{"rendered":"\n<ul class=\"wp-block-gallery columns-0 is-cropped wp-block-gallery-1 is-layout-flex wp-block-gallery-is-layout-flex\"><\/ul>\n\n\n\n<p><\/p>\n\n\n\n<p class=\"has-medium-font-size\"><em>Apertura del taller estuvo a cargo del seremi de Agricultura, Alfonso Roux, y el director regional de INDAP, Petar Bradasic (Mundo Agropecuario).<\/em><\/p>\n\n\n\n<p>\u201cEsta regi\u00f3n tiene un muy buen nivel\u201d, dijo el m\u00e9dico\nveterinario Alejandro Von Bischhoffshausen, relator y doctor de la Universidad\nAustral de Chile (UACh), en el cierre de un taller sobre manejo y engorda de\naves y uso higi\u00e9nico de gallineros que dict\u00f3 a 30 productores de Punta Arenas,\nactividad organizada por INDAP y el Gobierno Regional de Magallanes.<\/p>\n\n\n\n<p>Tras dos jornadas de capacitaci\u00f3n, el acad\u00e9mico afirm\u00f3 que\nhubo un \u201cintercambio de interesantes e informadas opiniones\u201d, adem\u00e1s de\nconsenso en que las condiciones clim\u00e1ticas de la Patagonia tienen beneficios y\ndesaf\u00edos para los productores. \u201cEl aislamiento es bueno, sobre todo en el\ncontrol de enfermedades, pero lamentablemente las temperaturas juegan en contra\nde la vida de las aves y ah\u00ed es necesario aplicar m\u00e1s energ\u00eda al alimento\u201d,\nprecis\u00f3&nbsp; Von Bischhoffshausen.<\/p>\n\n\n\n<p>Raz\u00f3n le encontr\u00f3 Pedro Tenorio, avicultor con m\u00e1s de 300\naves y un gallinero cinco estrellas que incluye calefacci\u00f3n a le\u00f1a, luces LED y\nun innovador sistema para controlar los olores de la orina y excrementos. \u201cFue\nun buen curso y una tremenda oportunidad para actualizar mis conocimientos.\nMuchos los ten\u00eda desordenados o bien comet\u00eda errores, y faltaba que alguien me\nvalidara y tambi\u00e9n me corrigiera en algunos casos\u201d, asegur\u00f3.<\/p>\n\n\n\n<p>La agricultora Herminia Nahuelqu\u00e9n destac\u00f3 los tips para\nentender el comportamiento de patos y gallinas, as\u00ed como los s\u00edntomas de\nenfermedades. \u201cCuando se hinchan, lo mejor es sacrificarlas y evitar contagiar\na otras. Las aves est\u00e1n expuestas a enfermedades de p\u00e1jaros y ratones y por eso\nla limpieza del gallinero es muy importante; gran parte del curso la dedicamos\na ese tema\u201d, indic\u00f3.<\/p>\n\n\n\n<p>La apertura del taller estuvo a cargo del seremi de\nAgricultura, Alfonso Roux, y el director regional de INDAP, Petar Bradasic.\n\u201cActualizar conocimientos es fundamental para avanzar y en el gobierno del\nPresidente Pi\u00f1era estamos otorgando todas las condiciones necesarias para que\nas\u00ed ocurra, en un trabajo coordinado con distintos estamentos y con la\nparticipaci\u00f3n activa de las organizaciones campesinas\u201d, se\u00f1al\u00f3 Roux.<\/p>\n\n\n\n<p>Por su parte, Bradasic valor\u00f3 el entusiasmo y la\nparticipaci\u00f3n de los agricultores. \u201cSiempre hay inter\u00e9s por aprender m\u00e1s y eso\nse valora. Cada curso que hacemos tiene todos los cupos completos y demuestra\nque los recursos de INDAP y el GORE est\u00e1n muy bien invertidos\u201d, declar\u00f3.<\/p>\n\n\n\n<p>Entre los temas tratados destacaron: L\u00edneas gen\u00e9ticas\nactuales, sistemas de producci\u00f3n, manejos de un gallinero, implementos,\nimportancia de materiales a usar en la construcci\u00f3n de un gallinero, la vida de\nuna polla, enfermedades comunes, incubaci\u00f3n y crianza. Al final de la\ncapacitaci\u00f3n, los agricultores recibieron un certificado que acredita los\nconocimientos aprendidos.<\/p>\n","protected":false},"excerpt":{"rendered":"<p>Apertura del taller estuvo a cargo del seremi de Agricultura, Alfonso Roux, y el director regional de INDAP, Petar Bradasic (Mundo Agropecuario). \u201cEsta regi\u00f3n tiene un muy buen nivel\u201d, dijo&#8230;<\/p>\n","protected":false},"author":3,"featured_media":11835,"comment_status":"closed","ping_status":"closed","sticky":false,"template":"","format":"standard","meta":{"footnotes":""},"categories":[405],"tags":[3645,2198,1009],"class_list":["post-11834","post","type-post","status-publish","format-standard","has-post-thumbnail","hentry","category-titular-3","tag-avicola","tag-magallanes","tag-punta-arenas"],"yoast_head":"<!-- This site is optimized with the Yoast SEO plugin v26.6 - https:\/\/yoast.com\/wordpress\/plugins\/seo\/ -->\n<title>Treinta peque\u00f1os productores de Punta Arenas se perfeccionan en t\u00e9cnicas de manejo av\u00edcola - Mundoagropecuario<\/title>\n<meta name=\"robots\" content=\"index, follow, max-snippet:-1, max-image-preview:large, max-video-preview:-1\" \/>\n<link rel=\"canonical\" href=\"https:\/\/www.mundoagropecuario.cl\/new\/treinta-pequenos-productores-de-punta-arenas-se-perfeccionan-en-tecnicas-de-manejo-avicola\/\" \/>\n<meta property=\"og:locale\" content=\"es_ES\" \/>\n<meta property=\"og:type\" content=\"article\" \/>\n<meta property=\"og:title\" content=\"Treinta peque\u00f1os productores de Punta Arenas se perfeccionan en t\u00e9cnicas de manejo av\u00edcola - Mundoagropecuario\" \/>\n<meta property=\"og:description\" content=\"Apertura del taller estuvo a cargo del seremi de Agricultura, Alfonso Roux, y el director regional de INDAP, Petar Bradasic (Mundo Agropecuario). \u201cEsta regi\u00f3n tiene un muy buen nivel\u201d, dijo...\" \/>\n<meta property=\"og:url\" content=\"https:\/\/www.mundoagropecuario.cl\/new\/treinta-pequenos-productores-de-punta-arenas-se-perfeccionan-en-tecnicas-de-manejo-avicola\/\" \/>\n<meta property=\"og:site_name\" content=\"Mundoagropecuario\" \/>\n<meta property=\"article:publisher\" content=\"https:\/\/www.facebook.com\/mundo.agropecuario.3\" \/>\n<meta property=\"article:published_time\" content=\"2019-05-10T05:27:30+00:00\" \/>\n<meta property=\"article:modified_time\" content=\"2019-05-10T05:28:04+00:00\" \/>\n<meta property=\"og:image\" content=\"https:\/\/www.mundoagropecuario.cl\/new\/wp-content\/uploads\/2019\/05\/capacitaci\u00f3n-manejo-av\u00edcola-punta-arenas.jpg\" \/>\n\t<meta property=\"og:image:width\" content=\"700\" \/>\n\t<meta property=\"og:image:height\" content=\"485\" \/>\n\t<meta property=\"og:image:type\" content=\"image\/jpeg\" \/>\n<meta name=\"author\" content=\"periodista\" \/>\n<meta name=\"twitter:card\" content=\"summary_large_image\" \/>\n<meta name=\"twitter:creator\" content=\"@MundoAgropecuar\" \/>\n<meta name=\"twitter:site\" content=\"@MundoAgropecuar\" \/>\n<meta name=\"twitter:label1\" content=\"Escrito por\" \/>\n\t<meta name=\"twitter:data1\" content=\"periodista\" \/>\n\t<meta name=\"twitter:label2\" content=\"Tiempo de lectura\" \/>\n\t<meta name=\"twitter:data2\" content=\"2 minutos\" \/>\n<script type=\"application\/ld+json\" class=\"yoast-schema-graph\">{\"@context\":\"https:\/\/schema.org\",\"@graph\":[{\"@type\":\"Article\",\"@id\":\"https:\/\/www.mundoagropecuario.cl\/new\/treinta-pequenos-productores-de-punta-arenas-se-perfeccionan-en-tecnicas-de-manejo-avicola\/#article\",\"isPartOf\":{\"@id\":\"https:\/\/www.mundoagropecuario.cl\/new\/treinta-pequenos-productores-de-punta-arenas-se-perfeccionan-en-tecnicas-de-manejo-avicola\/\"},\"author\":{\"name\":\"periodista\",\"@id\":\"https:\/\/www.mundoagropecuario.cl\/new\/#\/schema\/person\/0c221050801c74e45256a7a9a1ff0803\"},\"headline\":\"Treinta peque\u00f1os productores de Punta Arenas se perfeccionan en t\u00e9cnicas de manejo av\u00edcola\",\"datePublished\":\"2019-05-10T05:27:30+00:00\",\"dateModified\":\"2019-05-10T05:28:04+00:00\",\"mainEntityOfPage\":{\"@id\":\"https:\/\/www.mundoagropecuario.cl\/new\/treinta-pequenos-productores-de-punta-arenas-se-perfeccionan-en-tecnicas-de-manejo-avicola\/\"},\"wordCount\":495,\"publisher\":{\"@id\":\"https:\/\/www.mundoagropecuario.cl\/new\/#organization\"},\"image\":{\"@id\":\"https:\/\/www.mundoagropecuario.cl\/new\/treinta-pequenos-productores-de-punta-arenas-se-perfeccionan-en-tecnicas-de-manejo-avicola\/#primaryimage\"},\"thumbnailUrl\":\"https:\/\/www.mundoagropecuario.cl\/new\/wp-content\/uploads\/2019\/05\/capacitaci\u00f3n-manejo-av\u00edcola-punta-arenas.jpg\",\"keywords\":[\"av\u00edcola\",\"Magallanes\",\"Punta Arenas\"],\"articleSection\":[\"Titular 3\"],\"inLanguage\":\"es\"},{\"@type\":\"WebPage\",\"@id\":\"https:\/\/www.mundoagropecuario.cl\/new\/treinta-pequenos-productores-de-punta-arenas-se-perfeccionan-en-tecnicas-de-manejo-avicola\/\",\"url\":\"https:\/\/www.mundoagropecuario.cl\/new\/treinta-pequenos-productores-de-punta-arenas-se-perfeccionan-en-tecnicas-de-manejo-avicola\/\",\"name\":\"Treinta peque\u00f1os productores de Punta Arenas se perfeccionan en t\u00e9cnicas de manejo av\u00edcola - Mundoagropecuario\",\"isPartOf\":{\"@id\":\"https:\/\/www.mundoagropecuario.cl\/new\/#website\"},\"primaryImageOfPage\":{\"@id\":\"https:\/\/www.mundoagropecuario.cl\/new\/treinta-pequenos-productores-de-punta-arenas-se-perfeccionan-en-tecnicas-de-manejo-avicola\/#primaryimage\"},\"image\":{\"@id\":\"https:\/\/www.mundoagropecuario.cl\/new\/treinta-pequenos-productores-de-punta-arenas-se-perfeccionan-en-tecnicas-de-manejo-avicola\/#primaryimage\"},\"thumbnailUrl\":\"https:\/\/www.mundoagropecuario.cl\/new\/wp-content\/uploads\/2019\/05\/capacitaci\u00f3n-manejo-av\u00edcola-punta-arenas.jpg\",\"datePublished\":\"2019-05-10T05:27:30+00:00\",\"dateModified\":\"2019-05-10T05:28:04+00:00\",\"breadcrumb\":{\"@id\":\"https:\/\/www.mundoagropecuario.cl\/new\/treinta-pequenos-productores-de-punta-arenas-se-perfeccionan-en-tecnicas-de-manejo-avicola\/#breadcrumb\"},\"inLanguage\":\"es\",\"potentialAction\":[{\"@type\":\"ReadAction\",\"target\":[\"https:\/\/www.mundoagropecuario.cl\/new\/treinta-pequenos-productores-de-punta-arenas-se-perfeccionan-en-tecnicas-de-manejo-avicola\/\"]}]},{\"@type\":\"ImageObject\",\"inLanguage\":\"es\",\"@id\":\"https:\/\/www.mundoagropecuario.cl\/new\/treinta-pequenos-productores-de-punta-arenas-se-perfeccionan-en-tecnicas-de-manejo-avicola\/#primaryimage\",\"url\":\"https:\/\/www.mundoagropecuario.cl\/new\/wp-content\/uploads\/2019\/05\/capacitaci\u00f3n-manejo-av\u00edcola-punta-arenas.jpg\",\"contentUrl\":\"https:\/\/www.mundoagropecuario.cl\/new\/wp-content\/uploads\/2019\/05\/capacitaci\u00f3n-manejo-av\u00edcola-punta-arenas.jpg\",\"width\":577,\"height\":400},{\"@type\":\"BreadcrumbList\",\"@id\":\"https:\/\/www.mundoagropecuario.cl\/new\/treinta-pequenos-productores-de-punta-arenas-se-perfeccionan-en-tecnicas-de-manejo-avicola\/#breadcrumb\",\"itemListElement\":[{\"@type\":\"ListItem\",\"position\":1,\"name\":\"Portada\",\"item\":\"https:\/\/www.mundoagropecuario.cl\/new\/\"},{\"@type\":\"ListItem\",\"position\":2,\"name\":\"Treinta peque\u00f1os productores de Punta Arenas se perfeccionan en t\u00e9cnicas de manejo av\u00edcola\"}]},{\"@type\":\"WebSite\",\"@id\":\"https:\/\/www.mundoagropecuario.cl\/new\/#website\",\"url\":\"https:\/\/www.mundoagropecuario.cl\/new\/\",\"name\":\"Mundoagropecuario\",\"description\":\"Mundo Agropecuario\",\"publisher\":{\"@id\":\"https:\/\/www.mundoagropecuario.cl\/new\/#organization\"},\"potentialAction\":[{\"@type\":\"SearchAction\",\"target\":{\"@type\":\"EntryPoint\",\"urlTemplate\":\"https:\/\/www.mundoagropecuario.cl\/new\/?s={search_term_string}\"},\"query-input\":{\"@type\":\"PropertyValueSpecification\",\"valueRequired\":true,\"valueName\":\"search_term_string\"}}],\"inLanguage\":\"es\"},{\"@type\":\"Organization\",\"@id\":\"https:\/\/www.mundoagropecuario.cl\/new\/#organization\",\"name\":\"Revista de Agricultura\",\"url\":\"https:\/\/www.mundoagropecuario.cl\/new\/\",\"logo\":{\"@type\":\"ImageObject\",\"inLanguage\":\"es\",\"@id\":\"https:\/\/www.mundoagropecuario.cl\/new\/#\/schema\/logo\/image\/\",\"url\":\"https:\/\/www.mundoagropecuario.cl\/new\/wp-content\/uploads\/2020\/11\/PORTAL-1-1.png\",\"contentUrl\":\"https:\/\/www.mundoagropecuario.cl\/new\/wp-content\/uploads\/2020\/11\/PORTAL-1-1.png\",\"width\":1026,\"height\":100,\"caption\":\"Revista de Agricultura\"},\"image\":{\"@id\":\"https:\/\/www.mundoagropecuario.cl\/new\/#\/schema\/logo\/image\/\"},\"sameAs\":[\"https:\/\/www.facebook.com\/mundo.agropecuario.3\",\"https:\/\/x.com\/MundoAgropecuar\",\"https:\/\/www.linkedin.com\/in\/mundo-agropecuario-934009201\/\"]},{\"@type\":\"Person\",\"@id\":\"https:\/\/www.mundoagropecuario.cl\/new\/#\/schema\/person\/0c221050801c74e45256a7a9a1ff0803\",\"name\":\"periodista\",\"url\":\"https:\/\/www.mundoagropecuario.cl\/new\/author\/periodista\/\"}]}<\/script>\n<!-- \/ Yoast SEO plugin. -->","yoast_head_json":{"title":"Treinta peque\u00f1os productores de Punta Arenas se perfeccionan en t\u00e9cnicas de manejo av\u00edcola - Mundoagropecuario","robots":{"index":"index","follow":"follow","max-snippet":"max-snippet:-1","max-image-preview":"max-image-preview:large","max-video-preview":"max-video-preview:-1"},"canonical":"https:\/\/www.mundoagropecuario.cl\/new\/treinta-pequenos-productores-de-punta-arenas-se-perfeccionan-en-tecnicas-de-manejo-avicola\/","og_locale":"es_ES","og_type":"article","og_title":"Treinta peque\u00f1os productores de Punta Arenas se perfeccionan en t\u00e9cnicas de manejo av\u00edcola - Mundoagropecuario","og_description":"Apertura del taller estuvo a cargo del seremi de Agricultura, Alfonso Roux, y el director regional de INDAP, Petar Bradasic (Mundo Agropecuario). \u201cEsta regi\u00f3n tiene un muy buen nivel\u201d, dijo...","og_url":"https:\/\/www.mundoagropecuario.cl\/new\/treinta-pequenos-productores-de-punta-arenas-se-perfeccionan-en-tecnicas-de-manejo-avicola\/","og_site_name":"Mundoagropecuario","article_publisher":"https:\/\/www.facebook.com\/mundo.agropecuario.3","article_published_time":"2019-05-10T05:27:30+00:00","article_modified_time":"2019-05-10T05:28:04+00:00","og_image":[{"width":700,"height":485,"url":"https:\/\/www.mundoagropecuario.cl\/new\/wp-content\/uploads\/2019\/05\/capacitaci\u00f3n-manejo-av\u00edcola-punta-arenas.jpg","type":"image\/jpeg"}],"author":"periodista","twitter_card":"summary_large_image","twitter_creator":"@MundoAgropecuar","twitter_site":"@MundoAgropecuar","twitter_misc":{"Escrito por":"periodista","Tiempo de lectura":"2 minutos"},"schema":{"@context":"https:\/\/schema.org","@graph":[{"@type":"Article","@id":"https:\/\/www.mundoagropecuario.cl\/new\/treinta-pequenos-productores-de-punta-arenas-se-perfeccionan-en-tecnicas-de-manejo-avicola\/#article","isPartOf":{"@id":"https:\/\/www.mundoagropecuario.cl\/new\/treinta-pequenos-productores-de-punta-arenas-se-perfeccionan-en-tecnicas-de-manejo-avicola\/"},"author":{"name":"periodista","@id":"https:\/\/www.mundoagropecuario.cl\/new\/#\/schema\/person\/0c221050801c74e45256a7a9a1ff0803"},"headline":"Treinta peque\u00f1os productores de Punta Arenas se perfeccionan en t\u00e9cnicas de manejo av\u00edcola","datePublished":"2019-05-10T05:27:30+00:00","dateModified":"2019-05-10T05:28:04+00:00","mainEntityOfPage":{"@id":"https:\/\/www.mundoagropecuario.cl\/new\/treinta-pequenos-productores-de-punta-arenas-se-perfeccionan-en-tecnicas-de-manejo-avicola\/"},"wordCount":495,"publisher":{"@id":"https:\/\/www.mundoagropecuario.cl\/new\/#organization"},"image":{"@id":"https:\/\/www.mundoagropecuario.cl\/new\/treinta-pequenos-productores-de-punta-arenas-se-perfeccionan-en-tecnicas-de-manejo-avicola\/#primaryimage"},"thumbnailUrl":"https:\/\/www.mundoagropecuario.cl\/new\/wp-content\/uploads\/2019\/05\/capacitaci\u00f3n-manejo-av\u00edcola-punta-arenas.jpg","keywords":["av\u00edcola","Magallanes","Punta Arenas"],"articleSection":["Titular 3"],"inLanguage":"es"},{"@type":"WebPage","@id":"https:\/\/www.mundoagropecuario.cl\/new\/treinta-pequenos-productores-de-punta-arenas-se-perfeccionan-en-tecnicas-de-manejo-avicola\/","url":"https:\/\/www.mundoagropecuario.cl\/new\/treinta-pequenos-productores-de-punta-arenas-se-perfeccionan-en-tecnicas-de-manejo-avicola\/","name":"Treinta peque\u00f1os productores de Punta Arenas se perfeccionan en t\u00e9cnicas de manejo av\u00edcola - Mundoagropecuario","isPartOf":{"@id":"https:\/\/www.mundoagropecuario.cl\/new\/#website"},"primaryImageOfPage":{"@id":"https:\/\/www.mundoagropecuario.cl\/new\/treinta-pequenos-productores-de-punta-arenas-se-perfeccionan-en-tecnicas-de-manejo-avicola\/#primaryimage"},"image":{"@id":"https:\/\/www.mundoagropecuario.cl\/new\/treinta-pequenos-productores-de-punta-arenas-se-perfeccionan-en-tecnicas-de-manejo-avicola\/#primaryimage"},"thumbnailUrl":"https:\/\/www.mundoagropecuario.cl\/new\/wp-content\/uploads\/2019\/05\/capacitaci\u00f3n-manejo-av\u00edcola-punta-arenas.jpg","datePublished":"2019-05-10T05:27:30+00:00","dateModified":"2019-05-10T05:28:04+00:00","breadcrumb":{"@id":"https:\/\/www.mundoagropecuario.cl\/new\/treinta-pequenos-productores-de-punta-arenas-se-perfeccionan-en-tecnicas-de-manejo-avicola\/#breadcrumb"},"inLanguage":"es","potentialAction":[{"@type":"ReadAction","target":["https:\/\/www.mundoagropecuario.cl\/new\/treinta-pequenos-productores-de-punta-arenas-se-perfeccionan-en-tecnicas-de-manejo-avicola\/"]}]},{"@type":"ImageObject","inLanguage":"es","@id":"https:\/\/www.mundoagropecuario.cl\/new\/treinta-pequenos-productores-de-punta-arenas-se-perfeccionan-en-tecnicas-de-manejo-avicola\/#primaryimage","url":"https:\/\/www.mundoagropecuario.cl\/new\/wp-content\/uploads\/2019\/05\/capacitaci\u00f3n-manejo-av\u00edcola-punta-arenas.jpg","contentUrl":"https:\/\/www.mundoagropecuario.cl\/new\/wp-content\/uploads\/2019\/05\/capacitaci\u00f3n-manejo-av\u00edcola-punta-arenas.jpg","width":577,"height":400},{"@type":"BreadcrumbList","@id":"https:\/\/www.mundoagropecuario.cl\/new\/treinta-pequenos-productores-de-punta-arenas-se-perfeccionan-en-tecnicas-de-manejo-avicola\/#breadcrumb","itemListElement":[{"@type":"ListItem","position":1,"name":"Portada","item":"https:\/\/www.mundoagropecuario.cl\/new\/"},{"@type":"ListItem","position":2,"name":"Treinta peque\u00f1os productores de Punta Arenas se perfeccionan en t\u00e9cnicas de manejo av\u00edcola"}]},{"@type":"WebSite","@id":"https:\/\/www.mundoagropecuario.cl\/new\/#website","url":"https:\/\/www.mundoagropecuario.cl\/new\/","name":"Mundoagropecuario","description":"Mundo Agropecuario","publisher":{"@id":"https:\/\/www.mundoagropecuario.cl\/new\/#organization"},"potentialAction":[{"@type":"SearchAction","target":{"@type":"EntryPoint","urlTemplate":"https:\/\/www.mundoagropecuario.cl\/new\/?s={search_term_string}"},"query-input":{"@type":"PropertyValueSpecification","valueRequired":true,"valueName":"search_term_string"}}],"inLanguage":"es"},{"@type":"Organization","@id":"https:\/\/www.mundoagropecuario.cl\/new\/#organization","name":"Revista de Agricultura","url":"https:\/\/www.mundoagropecuario.cl\/new\/","logo":{"@type":"ImageObject","inLanguage":"es","@id":"https:\/\/www.mundoagropecuario.cl\/new\/#\/schema\/logo\/image\/","url":"https:\/\/www.mundoagropecuario.cl\/new\/wp-content\/uploads\/2020\/11\/PORTAL-1-1.png","contentUrl":"https:\/\/www.mundoagropecuario.cl\/new\/wp-content\/uploads\/2020\/11\/PORTAL-1-1.png","width":1026,"height":100,"caption":"Revista de Agricultura"},"image":{"@id":"https:\/\/www.mundoagropecuario.cl\/new\/#\/schema\/logo\/image\/"},"sameAs":["https:\/\/www.facebook.com\/mundo.agropecuario.3","https:\/\/x.com\/MundoAgropecuar","https:\/\/www.linkedin.com\/in\/mundo-agropecuario-934009201\/"]},{"@type":"Person","@id":"https:\/\/www.mundoagropecuario.cl\/new\/#\/schema\/person\/0c221050801c74e45256a7a9a1ff0803","name":"periodista","url":"https:\/\/www.mundoagropecuario.cl\/new\/author\/periodista\/"}]}},"_links":{"self":[{"href":"https:\/\/www.mundoagropecuario.cl\/new\/wp-json\/wp\/v2\/posts\/11834","targetHints":{"allow":["GET"]}}],"collection":[{"href":"https:\/\/www.mundoagropecuario.cl\/new\/wp-json\/wp\/v2\/posts"}],"about":[{"href":"https:\/\/www.mundoagropecuario.cl\/new\/wp-json\/wp\/v2\/types\/post"}],"author":[{"embeddable":true,"href":"https:\/\/www.mundoagropecuario.cl\/new\/wp-json\/wp\/v2\/users\/3"}],"replies":[{"embeddable":true,"href":"https:\/\/www.mundoagropecuario.cl\/new\/wp-json\/wp\/v2\/comments?post=11834"}],"version-history":[{"count":1,"href":"https:\/\/www.mundoagropecuario.cl\/new\/wp-json\/wp\/v2\/posts\/11834\/revisions"}],"predecessor-version":[{"id":11836,"href":"https:\/\/www.mundoagropecuario.cl\/new\/wp-json\/wp\/v2\/posts\/11834\/revisions\/11836"}],"wp:featuredmedia":[{"embeddable":true,"href":"https:\/\/www.mundoagropecuario.cl\/new\/wp-json\/wp\/v2\/media\/11835"}],"wp:attachment":[{"href":"https:\/\/www.mundoagropecuario.cl\/new\/wp-json\/wp\/v2\/media?parent=11834"}],"wp:term":[{"taxonomy":"category","embeddable":true,"href":"https:\/\/www.mundoagropecuario.cl\/new\/wp-json\/wp\/v2\/categories?post=11834"},{"taxonomy":"post_tag","embeddable":true,"href":"https:\/\/www.mundoagropecuario.cl\/new\/wp-json\/wp\/v2\/tags?post=11834"}],"curies":[{"name":"wp","href":"https:\/\/api.w.org\/{rel}","templated":true}]}}