{"id":11735,"date":"2019-05-06T10:09:52","date_gmt":"2019-05-06T13:09:52","guid":{"rendered":"http:\/\/www.mundoagropecuario.cl\/new\/?p=11735"},"modified":"2019-05-07T11:30:41","modified_gmt":"2019-05-07T14:30:41","slug":"seremi-de-agricultura-abre-concursos-para-fertilizacion-de-praderas-en-los-rios","status":"publish","type":"post","link":"https:\/\/www.mundoagropecuario.cl\/new\/seremi-de-agricultura-abre-concursos-para-fertilizacion-de-praderas-en-los-rios\/","title":{"rendered":"Seremi de Agricultura abre concursos para fertilizaci\u00f3n de praderas en Los R\u00edos"},"content":{"rendered":"<blockquote><p><em>Las iniciativas cuentan con un monto total de $325 millones y pretenden beneficiar praderas usadas para alimentaci\u00f3n animal (Mundo Agropecuario).<\/em><\/p><\/blockquote>\n<p>El Gobierno Regional y la seremi de Agricultura, por medio del Programa Regional de Mejoramiento de Fertilidad de Suelos de la Pol\u00edtica Silvoagropecuaria, lanz\u00f3 4 nuevos concursos orientados a aumentar los niveles de fertilidad de los suelos con vocaci\u00f3n pecuaria de agricultores de la regi\u00f3n de Los R\u00edos.<\/p>\n<p>En su quinto a\u00f1o de ejecuci\u00f3n el Programa de Fertilidad de Suelos Pecuarios de la Pol\u00edtica Regional de Desarrollo Silvoagropecuaria, ha beneficiado a m\u00e1s de 530 agricultores con m\u00e1s de 1000 millones de pesos, permitiendo mejorar la fertilidad de los suelos, estableciendo coberturas vegetales en sistemas que desarrollan actividades pecuarias.<\/p>\n<p>La seremi de Agricultura, Moira Henzi, recalc\u00f3 la importancia de este programa, \u201cla fertilidad es uno de los principales pilares de producci\u00f3n en los campos, es por esta raz\u00f3n que este programa cobra gran valor al impactar de forma directa en la econom\u00eda de nuestros agricultores. Con acciones como esta el Gobierno del Presidente Pi\u00f1era busca acortar las brechas de desigualdad en el sector rural y as\u00ed mejorar la calidad de vida de estas familias\u201d.<\/p>\n<p><strong>Concursos<\/strong><\/p>\n<p>El primer concurso, \u201cApoyo a sistemas pastoriles pecuarios pertenecientes a Agricultura Familiar Campesina sin acceso al programa SIRSD-S\u201d, por un monto de $50.000.000 y est\u00e1 dirigido a personas naturales que sean usuarias de INDAP&nbsp; y que en la actualidad se encuentren imposibilitadas de acceder a recursos del programa SIRSD-S. El plazo de postulaci\u00f3n termina el 3 junio de 2019.<\/p>\n<p>El segundo, \u201cAplicaci\u00f3n de enmiendas calc\u00e1reas y fertilizantes fosforados en praderas destinadas a alimentaci\u00f3n animal bovina de la regi\u00f3n de Los R\u00edos\u201d por un monto de $115.000.000. Y est\u00e1 dirigido a medianos productores de la Regi\u00f3n de los R\u00edos de los rubros l\u00e1cteos y carne bovina. El plazo de postulaci\u00f3n termina el 4 junio de 2019.<\/p>\n<p>El tercer concurso, \u201cApoyo al establecimiento de cultivos y&nbsp; praderas de alto rendimiento en sistemas pecuarios de la regi\u00f3n de Los R\u00edos\u201d, por un monto total hasta $110.000.000. Y est\u00e1 dirigido a agricultores pecuarios de la regi\u00f3n de Los R\u00edos para establecimiento de ma\u00edz forrajero de utilizaci\u00f3n invernal como ensilaje y de praderas de rotaci\u00f3n o permanentes. El plazo de postulaci\u00f3n es hasta 5 de junio de 2019.<\/p>\n<p>Y el cuarto concurso, \u201cMejora base forrajera en comunidades ind\u00edgenas que desarrollan sistemas pecuarios de forma comunitaria en la Regi\u00f3n de Los R\u00edos\u201d por un monto total de $50.000.000. Est\u00e1 dirigido a comunidades ind\u00edgenas que trabajan en forma colaborativa. El plazo de postulaci\u00f3n termina el 6 junio de 2019.<\/p>\n<p>Para mayor informaci\u00f3n o para solicitud de las bases y anexos se pueden dirigir a la seremi de Agricultura, ubicada en Camilo Henr\u00edquez N\u00ba 103, Valdivia en horario de oficina. O solicitarla al correo electr\u00f3nico ricardosalvomarquez@gmail.com&nbsp; o desde el sitio web <a href=\"http:\/\/www.minagri.gob.cl\/region\/xiv-region-de-los-rios\">www.minagri.gob.cl\/region\/xiv-region-de-los-rios<\/a><\/p>\n<p>&nbsp;<\/p>\n<p>&nbsp;<\/p>\n","protected":false},"excerpt":{"rendered":"<p>Las iniciativas cuentan con un monto total de $325 millones y pretenden beneficiar praderas usadas para alimentaci\u00f3n animal (Mundo Agropecuario). El Gobierno Regional y la seremi de Agricultura, por medio&#8230;<\/p>\n","protected":false},"author":3,"featured_media":11736,"comment_status":"closed","ping_status":"closed","sticky":false,"template":"","format":"standard","meta":{"footnotes":""},"categories":[1945],"tags":[3620,2628,2697],"class_list":["post-11735","post","type-post","status-publish","format-standard","has-post-thumbnail","hentry","category-agricultura","tag-fertilizacion","tag-los-rios","tag-praderas"],"yoast_head":"<!-- This site is optimized with the Yoast SEO plugin v26.6 - https:\/\/yoast.com\/wordpress\/plugins\/seo\/ -->\n<title>Seremi de Agricultura abre concursos para fertilizaci\u00f3n de praderas en Los R\u00edos - Mundoagropecuario<\/title>\n<meta name=\"robots\" content=\"index, follow, max-snippet:-1, max-image-preview:large, max-video-preview:-1\" \/>\n<link rel=\"canonical\" href=\"https:\/\/www.mundoagropecuario.cl\/new\/seremi-de-agricultura-abre-concursos-para-fertilizacion-de-praderas-en-los-rios\/\" \/>\n<meta property=\"og:locale\" content=\"es_ES\" \/>\n<meta property=\"og:type\" content=\"article\" \/>\n<meta property=\"og:title\" content=\"Seremi de Agricultura abre concursos para fertilizaci\u00f3n de praderas en Los R\u00edos - Mundoagropecuario\" \/>\n<meta property=\"og:description\" content=\"Las iniciativas cuentan con un monto total de $325 millones y pretenden beneficiar praderas usadas para alimentaci\u00f3n animal (Mundo Agropecuario). El Gobierno Regional y la seremi de Agricultura, por medio...\" \/>\n<meta property=\"og:url\" content=\"https:\/\/www.mundoagropecuario.cl\/new\/seremi-de-agricultura-abre-concursos-para-fertilizacion-de-praderas-en-los-rios\/\" \/>\n<meta property=\"og:site_name\" content=\"Mundoagropecuario\" \/>\n<meta property=\"article:publisher\" content=\"https:\/\/www.facebook.com\/mundo.agropecuario.3\" \/>\n<meta property=\"article:published_time\" content=\"2019-05-06T13:09:52+00:00\" \/>\n<meta property=\"article:modified_time\" content=\"2019-05-07T14:30:41+00:00\" \/>\n<meta property=\"og:image\" content=\"https:\/\/www.mundoagropecuario.cl\/new\/wp-content\/uploads\/2019\/05\/praderas.jpg\" \/>\n\t<meta property=\"og:image:width\" content=\"930\" \/>\n\t<meta property=\"og:image:height\" content=\"619\" \/>\n\t<meta property=\"og:image:type\" content=\"image\/jpeg\" \/>\n<meta name=\"author\" content=\"periodista\" \/>\n<meta name=\"twitter:card\" content=\"summary_large_image\" \/>\n<meta name=\"twitter:creator\" content=\"@MundoAgropecuar\" \/>\n<meta name=\"twitter:site\" content=\"@MundoAgropecuar\" \/>\n<meta name=\"twitter:label1\" content=\"Escrito por\" \/>\n\t<meta name=\"twitter:data1\" content=\"periodista\" \/>\n\t<meta name=\"twitter:label2\" content=\"Tiempo de lectura\" \/>\n\t<meta name=\"twitter:data2\" content=\"3 minutos\" \/>\n<script type=\"application\/ld+json\" class=\"yoast-schema-graph\">{\"@context\":\"https:\/\/schema.org\",\"@graph\":[{\"@type\":\"Article\",\"@id\":\"https:\/\/www.mundoagropecuario.cl\/new\/seremi-de-agricultura-abre-concursos-para-fertilizacion-de-praderas-en-los-rios\/#article\",\"isPartOf\":{\"@id\":\"https:\/\/www.mundoagropecuario.cl\/new\/seremi-de-agricultura-abre-concursos-para-fertilizacion-de-praderas-en-los-rios\/\"},\"author\":{\"name\":\"periodista\",\"@id\":\"https:\/\/www.mundoagropecuario.cl\/new\/#\/schema\/person\/0c221050801c74e45256a7a9a1ff0803\"},\"headline\":\"Seremi de Agricultura abre concursos para fertilizaci\u00f3n de praderas en Los R\u00edos\",\"datePublished\":\"2019-05-06T13:09:52+00:00\",\"dateModified\":\"2019-05-07T14:30:41+00:00\",\"mainEntityOfPage\":{\"@id\":\"https:\/\/www.mundoagropecuario.cl\/new\/seremi-de-agricultura-abre-concursos-para-fertilizacion-de-praderas-en-los-rios\/\"},\"wordCount\":517,\"publisher\":{\"@id\":\"https:\/\/www.mundoagropecuario.cl\/new\/#organization\"},\"image\":{\"@id\":\"https:\/\/www.mundoagropecuario.cl\/new\/seremi-de-agricultura-abre-concursos-para-fertilizacion-de-praderas-en-los-rios\/#primaryimage\"},\"thumbnailUrl\":\"https:\/\/www.mundoagropecuario.cl\/new\/wp-content\/uploads\/2019\/05\/praderas.jpg\",\"keywords\":[\"fertilizaci\u00f3n\",\"Los R\u00edos\",\"praderas\"],\"articleSection\":[\"Agricultura\"],\"inLanguage\":\"es\"},{\"@type\":\"WebPage\",\"@id\":\"https:\/\/www.mundoagropecuario.cl\/new\/seremi-de-agricultura-abre-concursos-para-fertilizacion-de-praderas-en-los-rios\/\",\"url\":\"https:\/\/www.mundoagropecuario.cl\/new\/seremi-de-agricultura-abre-concursos-para-fertilizacion-de-praderas-en-los-rios\/\",\"name\":\"Seremi de Agricultura abre concursos para fertilizaci\u00f3n de praderas en Los R\u00edos - Mundoagropecuario\",\"isPartOf\":{\"@id\":\"https:\/\/www.mundoagropecuario.cl\/new\/#website\"},\"primaryImageOfPage\":{\"@id\":\"https:\/\/www.mundoagropecuario.cl\/new\/seremi-de-agricultura-abre-concursos-para-fertilizacion-de-praderas-en-los-rios\/#primaryimage\"},\"image\":{\"@id\":\"https:\/\/www.mundoagropecuario.cl\/new\/seremi-de-agricultura-abre-concursos-para-fertilizacion-de-praderas-en-los-rios\/#primaryimage\"},\"thumbnailUrl\":\"https:\/\/www.mundoagropecuario.cl\/new\/wp-content\/uploads\/2019\/05\/praderas.jpg\",\"datePublished\":\"2019-05-06T13:09:52+00:00\",\"dateModified\":\"2019-05-07T14:30:41+00:00\",\"breadcrumb\":{\"@id\":\"https:\/\/www.mundoagropecuario.cl\/new\/seremi-de-agricultura-abre-concursos-para-fertilizacion-de-praderas-en-los-rios\/#breadcrumb\"},\"inLanguage\":\"es\",\"potentialAction\":[{\"@type\":\"ReadAction\",\"target\":[\"https:\/\/www.mundoagropecuario.cl\/new\/seremi-de-agricultura-abre-concursos-para-fertilizacion-de-praderas-en-los-rios\/\"]}]},{\"@type\":\"ImageObject\",\"inLanguage\":\"es\",\"@id\":\"https:\/\/www.mundoagropecuario.cl\/new\/seremi-de-agricultura-abre-concursos-para-fertilizacion-de-praderas-en-los-rios\/#primaryimage\",\"url\":\"https:\/\/www.mundoagropecuario.cl\/new\/wp-content\/uploads\/2019\/05\/praderas.jpg\",\"contentUrl\":\"https:\/\/www.mundoagropecuario.cl\/new\/wp-content\/uploads\/2019\/05\/praderas.jpg\",\"width\":601,\"height\":400},{\"@type\":\"BreadcrumbList\",\"@id\":\"https:\/\/www.mundoagropecuario.cl\/new\/seremi-de-agricultura-abre-concursos-para-fertilizacion-de-praderas-en-los-rios\/#breadcrumb\",\"itemListElement\":[{\"@type\":\"ListItem\",\"position\":1,\"name\":\"Portada\",\"item\":\"https:\/\/www.mundoagropecuario.cl\/new\/\"},{\"@type\":\"ListItem\",\"position\":2,\"name\":\"Seremi de Agricultura abre concursos para fertilizaci\u00f3n de praderas en Los R\u00edos\"}]},{\"@type\":\"WebSite\",\"@id\":\"https:\/\/www.mundoagropecuario.cl\/new\/#website\",\"url\":\"https:\/\/www.mundoagropecuario.cl\/new\/\",\"name\":\"Mundoagropecuario\",\"description\":\"Mundo Agropecuario\",\"publisher\":{\"@id\":\"https:\/\/www.mundoagropecuario.cl\/new\/#organization\"},\"potentialAction\":[{\"@type\":\"SearchAction\",\"target\":{\"@type\":\"EntryPoint\",\"urlTemplate\":\"https:\/\/www.mundoagropecuario.cl\/new\/?s={search_term_string}\"},\"query-input\":{\"@type\":\"PropertyValueSpecification\",\"valueRequired\":true,\"valueName\":\"search_term_string\"}}],\"inLanguage\":\"es\"},{\"@type\":\"Organization\",\"@id\":\"https:\/\/www.mundoagropecuario.cl\/new\/#organization\",\"name\":\"Revista de Agricultura\",\"url\":\"https:\/\/www.mundoagropecuario.cl\/new\/\",\"logo\":{\"@type\":\"ImageObject\",\"inLanguage\":\"es\",\"@id\":\"https:\/\/www.mundoagropecuario.cl\/new\/#\/schema\/logo\/image\/\",\"url\":\"https:\/\/www.mundoagropecuario.cl\/new\/wp-content\/uploads\/2020\/11\/PORTAL-1-1.png\",\"contentUrl\":\"https:\/\/www.mundoagropecuario.cl\/new\/wp-content\/uploads\/2020\/11\/PORTAL-1-1.png\",\"width\":1026,\"height\":100,\"caption\":\"Revista de Agricultura\"},\"image\":{\"@id\":\"https:\/\/www.mundoagropecuario.cl\/new\/#\/schema\/logo\/image\/\"},\"sameAs\":[\"https:\/\/www.facebook.com\/mundo.agropecuario.3\",\"https:\/\/x.com\/MundoAgropecuar\",\"https:\/\/www.linkedin.com\/in\/mundo-agropecuario-934009201\/\"]},{\"@type\":\"Person\",\"@id\":\"https:\/\/www.mundoagropecuario.cl\/new\/#\/schema\/person\/0c221050801c74e45256a7a9a1ff0803\",\"name\":\"periodista\",\"url\":\"https:\/\/www.mundoagropecuario.cl\/new\/author\/periodista\/\"}]}<\/script>\n<!-- \/ Yoast SEO plugin. -->","yoast_head_json":{"title":"Seremi de Agricultura abre concursos para fertilizaci\u00f3n de praderas en Los R\u00edos - Mundoagropecuario","robots":{"index":"index","follow":"follow","max-snippet":"max-snippet:-1","max-image-preview":"max-image-preview:large","max-video-preview":"max-video-preview:-1"},"canonical":"https:\/\/www.mundoagropecuario.cl\/new\/seremi-de-agricultura-abre-concursos-para-fertilizacion-de-praderas-en-los-rios\/","og_locale":"es_ES","og_type":"article","og_title":"Seremi de Agricultura abre concursos para fertilizaci\u00f3n de praderas en Los R\u00edos - Mundoagropecuario","og_description":"Las iniciativas cuentan con un monto total de $325 millones y pretenden beneficiar praderas usadas para alimentaci\u00f3n animal (Mundo Agropecuario). El Gobierno Regional y la seremi de Agricultura, por medio...","og_url":"https:\/\/www.mundoagropecuario.cl\/new\/seremi-de-agricultura-abre-concursos-para-fertilizacion-de-praderas-en-los-rios\/","og_site_name":"Mundoagropecuario","article_publisher":"https:\/\/www.facebook.com\/mundo.agropecuario.3","article_published_time":"2019-05-06T13:09:52+00:00","article_modified_time":"2019-05-07T14:30:41+00:00","og_image":[{"width":930,"height":619,"url":"https:\/\/www.mundoagropecuario.cl\/new\/wp-content\/uploads\/2019\/05\/praderas.jpg","type":"image\/jpeg"}],"author":"periodista","twitter_card":"summary_large_image","twitter_creator":"@MundoAgropecuar","twitter_site":"@MundoAgropecuar","twitter_misc":{"Escrito por":"periodista","Tiempo de lectura":"3 minutos"},"schema":{"@context":"https:\/\/schema.org","@graph":[{"@type":"Article","@id":"https:\/\/www.mundoagropecuario.cl\/new\/seremi-de-agricultura-abre-concursos-para-fertilizacion-de-praderas-en-los-rios\/#article","isPartOf":{"@id":"https:\/\/www.mundoagropecuario.cl\/new\/seremi-de-agricultura-abre-concursos-para-fertilizacion-de-praderas-en-los-rios\/"},"author":{"name":"periodista","@id":"https:\/\/www.mundoagropecuario.cl\/new\/#\/schema\/person\/0c221050801c74e45256a7a9a1ff0803"},"headline":"Seremi de Agricultura abre concursos para fertilizaci\u00f3n de praderas en Los R\u00edos","datePublished":"2019-05-06T13:09:52+00:00","dateModified":"2019-05-07T14:30:41+00:00","mainEntityOfPage":{"@id":"https:\/\/www.mundoagropecuario.cl\/new\/seremi-de-agricultura-abre-concursos-para-fertilizacion-de-praderas-en-los-rios\/"},"wordCount":517,"publisher":{"@id":"https:\/\/www.mundoagropecuario.cl\/new\/#organization"},"image":{"@id":"https:\/\/www.mundoagropecuario.cl\/new\/seremi-de-agricultura-abre-concursos-para-fertilizacion-de-praderas-en-los-rios\/#primaryimage"},"thumbnailUrl":"https:\/\/www.mundoagropecuario.cl\/new\/wp-content\/uploads\/2019\/05\/praderas.jpg","keywords":["fertilizaci\u00f3n","Los R\u00edos","praderas"],"articleSection":["Agricultura"],"inLanguage":"es"},{"@type":"WebPage","@id":"https:\/\/www.mundoagropecuario.cl\/new\/seremi-de-agricultura-abre-concursos-para-fertilizacion-de-praderas-en-los-rios\/","url":"https:\/\/www.mundoagropecuario.cl\/new\/seremi-de-agricultura-abre-concursos-para-fertilizacion-de-praderas-en-los-rios\/","name":"Seremi de Agricultura abre concursos para fertilizaci\u00f3n de praderas en Los R\u00edos - Mundoagropecuario","isPartOf":{"@id":"https:\/\/www.mundoagropecuario.cl\/new\/#website"},"primaryImageOfPage":{"@id":"https:\/\/www.mundoagropecuario.cl\/new\/seremi-de-agricultura-abre-concursos-para-fertilizacion-de-praderas-en-los-rios\/#primaryimage"},"image":{"@id":"https:\/\/www.mundoagropecuario.cl\/new\/seremi-de-agricultura-abre-concursos-para-fertilizacion-de-praderas-en-los-rios\/#primaryimage"},"thumbnailUrl":"https:\/\/www.mundoagropecuario.cl\/new\/wp-content\/uploads\/2019\/05\/praderas.jpg","datePublished":"2019-05-06T13:09:52+00:00","dateModified":"2019-05-07T14:30:41+00:00","breadcrumb":{"@id":"https:\/\/www.mundoagropecuario.cl\/new\/seremi-de-agricultura-abre-concursos-para-fertilizacion-de-praderas-en-los-rios\/#breadcrumb"},"inLanguage":"es","potentialAction":[{"@type":"ReadAction","target":["https:\/\/www.mundoagropecuario.cl\/new\/seremi-de-agricultura-abre-concursos-para-fertilizacion-de-praderas-en-los-rios\/"]}]},{"@type":"ImageObject","inLanguage":"es","@id":"https:\/\/www.mundoagropecuario.cl\/new\/seremi-de-agricultura-abre-concursos-para-fertilizacion-de-praderas-en-los-rios\/#primaryimage","url":"https:\/\/www.mundoagropecuario.cl\/new\/wp-content\/uploads\/2019\/05\/praderas.jpg","contentUrl":"https:\/\/www.mundoagropecuario.cl\/new\/wp-content\/uploads\/2019\/05\/praderas.jpg","width":601,"height":400},{"@type":"BreadcrumbList","@id":"https:\/\/www.mundoagropecuario.cl\/new\/seremi-de-agricultura-abre-concursos-para-fertilizacion-de-praderas-en-los-rios\/#breadcrumb","itemListElement":[{"@type":"ListItem","position":1,"name":"Portada","item":"https:\/\/www.mundoagropecuario.cl\/new\/"},{"@type":"ListItem","position":2,"name":"Seremi de Agricultura abre concursos para fertilizaci\u00f3n de praderas en Los R\u00edos"}]},{"@type":"WebSite","@id":"https:\/\/www.mundoagropecuario.cl\/new\/#website","url":"https:\/\/www.mundoagropecuario.cl\/new\/","name":"Mundoagropecuario","description":"Mundo Agropecuario","publisher":{"@id":"https:\/\/www.mundoagropecuario.cl\/new\/#organization"},"potentialAction":[{"@type":"SearchAction","target":{"@type":"EntryPoint","urlTemplate":"https:\/\/www.mundoagropecuario.cl\/new\/?s={search_term_string}"},"query-input":{"@type":"PropertyValueSpecification","valueRequired":true,"valueName":"search_term_string"}}],"inLanguage":"es"},{"@type":"Organization","@id":"https:\/\/www.mundoagropecuario.cl\/new\/#organization","name":"Revista de Agricultura","url":"https:\/\/www.mundoagropecuario.cl\/new\/","logo":{"@type":"ImageObject","inLanguage":"es","@id":"https:\/\/www.mundoagropecuario.cl\/new\/#\/schema\/logo\/image\/","url":"https:\/\/www.mundoagropecuario.cl\/new\/wp-content\/uploads\/2020\/11\/PORTAL-1-1.png","contentUrl":"https:\/\/www.mundoagropecuario.cl\/new\/wp-content\/uploads\/2020\/11\/PORTAL-1-1.png","width":1026,"height":100,"caption":"Revista de Agricultura"},"image":{"@id":"https:\/\/www.mundoagropecuario.cl\/new\/#\/schema\/logo\/image\/"},"sameAs":["https:\/\/www.facebook.com\/mundo.agropecuario.3","https:\/\/x.com\/MundoAgropecuar","https:\/\/www.linkedin.com\/in\/mundo-agropecuario-934009201\/"]},{"@type":"Person","@id":"https:\/\/www.mundoagropecuario.cl\/new\/#\/schema\/person\/0c221050801c74e45256a7a9a1ff0803","name":"periodista","url":"https:\/\/www.mundoagropecuario.cl\/new\/author\/periodista\/"}]}},"_links":{"self":[{"href":"https:\/\/www.mundoagropecuario.cl\/new\/wp-json\/wp\/v2\/posts\/11735","targetHints":{"allow":["GET"]}}],"collection":[{"href":"https:\/\/www.mundoagropecuario.cl\/new\/wp-json\/wp\/v2\/posts"}],"about":[{"href":"https:\/\/www.mundoagropecuario.cl\/new\/wp-json\/wp\/v2\/types\/post"}],"author":[{"embeddable":true,"href":"https:\/\/www.mundoagropecuario.cl\/new\/wp-json\/wp\/v2\/users\/3"}],"replies":[{"embeddable":true,"href":"https:\/\/www.mundoagropecuario.cl\/new\/wp-json\/wp\/v2\/comments?post=11735"}],"version-history":[{"count":2,"href":"https:\/\/www.mundoagropecuario.cl\/new\/wp-json\/wp\/v2\/posts\/11735\/revisions"}],"predecessor-version":[{"id":11777,"href":"https:\/\/www.mundoagropecuario.cl\/new\/wp-json\/wp\/v2\/posts\/11735\/revisions\/11777"}],"wp:featuredmedia":[{"embeddable":true,"href":"https:\/\/www.mundoagropecuario.cl\/new\/wp-json\/wp\/v2\/media\/11736"}],"wp:attachment":[{"href":"https:\/\/www.mundoagropecuario.cl\/new\/wp-json\/wp\/v2\/media?parent=11735"}],"wp:term":[{"taxonomy":"category","embeddable":true,"href":"https:\/\/www.mundoagropecuario.cl\/new\/wp-json\/wp\/v2\/categories?post=11735"},{"taxonomy":"post_tag","embeddable":true,"href":"https:\/\/www.mundoagropecuario.cl\/new\/wp-json\/wp\/v2\/tags?post=11735"}],"curies":[{"name":"wp","href":"https:\/\/api.w.org\/{rel}","templated":true}]}}