{"id":11586,"date":"2019-04-24T03:40:46","date_gmt":"2019-04-24T06:40:46","guid":{"rendered":"http:\/\/www.mundoagropecuario.cl\/new\/?p=11586"},"modified":"2019-04-25T11:49:36","modified_gmt":"2019-04-25T14:49:36","slug":"especialista-de-agronomia-puc-lanzo-libro-sobre-evaluacion-sinecologica-de-las-praderas","status":"publish","type":"post","link":"https:\/\/www.mundoagropecuario.cl\/new\/especialista-de-agronomia-puc-lanzo-libro-sobre-evaluacion-sinecologica-de-las-praderas\/","title":{"rendered":"Especialista de Agronom\u00eda PUC lanz\u00f3 libro sobre evaluaci\u00f3n sinecol\u00f3gica de las praderas"},"content":{"rendered":"<blockquote><p><em>Profesor em\u00e9rito de la Facultad de Agronom\u00eda e Ingenier\u00eda Forestal UC, pionero en desarrollo sustentable y cuidado del medioambiente en nuestro pa\u00eds, present\u00f3 el libro que escribi\u00f3 junto a Fernando Cosio e Ivonne Aranguiz. En 180 p\u00e1ginas plasman las bases sobre las que se fundamenta el m\u00e9todo de medici\u00f3n de la condici\u00f3n de un ecosistema (Mundo Agropecuario-PUC).<\/em><\/p><\/blockquote>\n<p>La ecolog\u00eda no era el campo que es ahora cuando Juan Gast\u00f3, ingeniero agr\u00f3nomo y Ph.D. en Desarrollo Sustentable, comenz\u00f3 a explorarlo. En 1977 ingres\u00f3 a la Pontificia Universidad Cat\u00f3lica como docente y desde las aulas de la Facultad de Agronom\u00eda e Ingenier\u00eda Forestal comparti\u00f3 sus conocimientos y su pasi\u00f3n por el logro de relaciones arm\u00f3nicas entre los seres humanos y la naturaleza.<\/p>\n<p>Parte de su experiencia se encuentra condensada en &#8220;Evaluaci\u00f3n Sinecol\u00f3gica de las Praderas&#8221;, publicado por Ediciones UC gracias al trabajo en conjunto con los ingenieros agr\u00f3nomos Fernando Cosio e Ivonne Aranguiz. El libro se enmarca en el conflicto generado por la capacidad del ser humano de alterar la naturaleza al dominarla y domesticarla a trav\u00e9s del uso de la tecnolog\u00eda, sistemas de informaci\u00f3n y combustibles f\u00f3siles, un tema que toma vital relevancia hoy, cuando nos enfrentamos a los desaf\u00edos del cambio clim\u00e1tico.<\/p>\n<p>&#8220;El profesor Gast\u00f3 viene de una generaci\u00f3n en que las cosas se hac\u00edan de forma completamente diferente, las manos se llegaban a poner duras y sucias, porque el trabajo se hac\u00eda directamente en el campo, en terreno. El conocimiento que Juan Gast\u00f3 gener\u00f3 y recopil\u00f3 en este libro nos permite tener una visi\u00f3n mucho m\u00e1s amplia sobre el potencial de las praderas&#8221;, destac\u00f3 Rolando Demanet, profesor e investigador de la Universidad de la Frontera.<\/p>\n<p>El experto en Praderas y Pasturas fue el encargado de comentar el libro y dar inicio a la ceremonia que cont\u00f3 con la presencia del Decano Rodrigo Figueroa y la Coordinadora Editorial de Ediciones UC, Patricia Corona.<\/p>\n<p><strong>Libro: Evaluaci\u00f3n Sinecol\u00f3gica de las Praderas<\/strong><\/p>\n<p>La sinecolog\u00eda es la rama de la ecolog\u00eda que se hace cargo de esta realidad al estudiar c\u00f3mo diferentes grupos de especies, poblaciones o comunidades, se relacionan con el ambiente en el que viven.<\/p>\n<p>El uso agr\u00edcola de la naturaleza y el grado de intervenci\u00f3n en el territorio est\u00e1n determinados por la visi\u00f3n que la sociedad tiene sobre estos temas. Este libro ayuda de manera decisiva a ponderar los distintos factores que inciden en un manejo racional y sustentable de nuestros recursos naturales forrajeros y presenta por primera vez las bases sobre las que se fundamenta el m\u00e9todo de medici\u00f3n de la condici\u00f3n de un ecosistema.<\/p>\n<p>En el caso de las praderas, insumo b\u00e1sico para la actividad ganadera, si bien uno de los objetivos principales es mantener una productividad alta, el manejo sinecol\u00f3gico es clave, ya que es necesario entender los factores que determinar\u00e1n la sustentabilidad a largo plazo de esa comunidad. Este libro est\u00e1 dirigido a docentes y alumnos de agronom\u00eda, ingenier\u00eda forestal, recursos naturales y carreras afines a la ecolog\u00eda aplicada, as\u00ed como a profesionales, investigadores y agricultores ganaderos que utilizan pastizales. Una obra \u00fanica en Chile que coopera en el desarrollo de un manejo agr\u00edcola eficiente y responsable.<\/p>\n<p>&nbsp;<\/p>\n<p>&nbsp;<\/p>\n","protected":false},"excerpt":{"rendered":"<p>Profesor em\u00e9rito de la Facultad de Agronom\u00eda e Ingenier\u00eda Forestal UC, pionero en desarrollo sustentable y cuidado del medioambiente en nuestro pa\u00eds, present\u00f3 el libro que escribi\u00f3 junto a Fernando&#8230;<\/p>\n","protected":false},"author":3,"featured_media":7125,"comment_status":"closed","ping_status":"closed","sticky":false,"template":"","format":"standard","meta":{"footnotes":""},"categories":[1945],"tags":[3577,3576,2697,2899],"class_list":["post-11586","post","type-post","status-publish","format-standard","has-post-thumbnail","hentry","category-agricultura","tag-agronomia-puc","tag-evaluacion-sinecologica","tag-praderas","tag-puc"],"yoast_head":"<!-- This site is optimized with the Yoast SEO plugin v26.6 - https:\/\/yoast.com\/wordpress\/plugins\/seo\/ -->\n<title>Especialista de Agronom\u00eda PUC lanz\u00f3 libro sobre evaluaci\u00f3n sinecol\u00f3gica de las praderas - Mundoagropecuario<\/title>\n<meta name=\"robots\" content=\"index, follow, max-snippet:-1, max-image-preview:large, max-video-preview:-1\" \/>\n<link rel=\"canonical\" href=\"https:\/\/www.mundoagropecuario.cl\/new\/especialista-de-agronomia-puc-lanzo-libro-sobre-evaluacion-sinecologica-de-las-praderas\/\" \/>\n<meta property=\"og:locale\" content=\"es_ES\" \/>\n<meta property=\"og:type\" content=\"article\" \/>\n<meta property=\"og:title\" content=\"Especialista de Agronom\u00eda PUC lanz\u00f3 libro sobre evaluaci\u00f3n sinecol\u00f3gica de las praderas - Mundoagropecuario\" \/>\n<meta property=\"og:description\" content=\"Profesor em\u00e9rito de la Facultad de Agronom\u00eda e Ingenier\u00eda Forestal UC, pionero en desarrollo sustentable y cuidado del medioambiente en nuestro pa\u00eds, present\u00f3 el libro que escribi\u00f3 junto a Fernando...\" \/>\n<meta property=\"og:url\" content=\"https:\/\/www.mundoagropecuario.cl\/new\/especialista-de-agronomia-puc-lanzo-libro-sobre-evaluacion-sinecologica-de-las-praderas\/\" \/>\n<meta property=\"og:site_name\" content=\"Mundoagropecuario\" \/>\n<meta property=\"article:publisher\" content=\"https:\/\/www.facebook.com\/mundo.agropecuario.3\" \/>\n<meta property=\"article:published_time\" content=\"2019-04-24T06:40:46+00:00\" \/>\n<meta property=\"article:modified_time\" content=\"2019-04-25T14:49:36+00:00\" \/>\n<meta property=\"og:image\" content=\"https:\/\/www.mundoagropecuario.cl\/new\/wp-content\/uploads\/2018\/06\/ganado-Chile-2018-768x512.jpg\" \/>\n\t<meta property=\"og:image:width\" content=\"900\" \/>\n\t<meta property=\"og:image:height\" content=\"600\" \/>\n\t<meta property=\"og:image:type\" content=\"image\/jpeg\" \/>\n<meta name=\"author\" content=\"periodista\" \/>\n<meta name=\"twitter:card\" content=\"summary_large_image\" \/>\n<meta name=\"twitter:creator\" content=\"@MundoAgropecuar\" \/>\n<meta name=\"twitter:site\" content=\"@MundoAgropecuar\" \/>\n<meta name=\"twitter:label1\" content=\"Escrito por\" \/>\n\t<meta name=\"twitter:data1\" content=\"periodista\" \/>\n\t<meta name=\"twitter:label2\" content=\"Tiempo de lectura\" \/>\n\t<meta name=\"twitter:data2\" content=\"3 minutos\" \/>\n<script type=\"application\/ld+json\" class=\"yoast-schema-graph\">{\"@context\":\"https:\/\/schema.org\",\"@graph\":[{\"@type\":\"Article\",\"@id\":\"https:\/\/www.mundoagropecuario.cl\/new\/especialista-de-agronomia-puc-lanzo-libro-sobre-evaluacion-sinecologica-de-las-praderas\/#article\",\"isPartOf\":{\"@id\":\"https:\/\/www.mundoagropecuario.cl\/new\/especialista-de-agronomia-puc-lanzo-libro-sobre-evaluacion-sinecologica-de-las-praderas\/\"},\"author\":{\"name\":\"periodista\",\"@id\":\"https:\/\/www.mundoagropecuario.cl\/new\/#\/schema\/person\/0c221050801c74e45256a7a9a1ff0803\"},\"headline\":\"Especialista de Agronom\u00eda PUC lanz\u00f3 libro sobre evaluaci\u00f3n sinecol\u00f3gica de las praderas\",\"datePublished\":\"2019-04-24T06:40:46+00:00\",\"dateModified\":\"2019-04-25T14:49:36+00:00\",\"mainEntityOfPage\":{\"@id\":\"https:\/\/www.mundoagropecuario.cl\/new\/especialista-de-agronomia-puc-lanzo-libro-sobre-evaluacion-sinecologica-de-las-praderas\/\"},\"wordCount\":584,\"publisher\":{\"@id\":\"https:\/\/www.mundoagropecuario.cl\/new\/#organization\"},\"image\":{\"@id\":\"https:\/\/www.mundoagropecuario.cl\/new\/especialista-de-agronomia-puc-lanzo-libro-sobre-evaluacion-sinecologica-de-las-praderas\/#primaryimage\"},\"thumbnailUrl\":\"https:\/\/www.mundoagropecuario.cl\/new\/wp-content\/uploads\/2018\/06\/ganado-Chile-2018-768x512.jpg\",\"keywords\":[\"Agronom\u00eda PUC\",\"Evaluaci\u00f3n Sinecol\u00f3gica\",\"praderas\",\"PUC\"],\"articleSection\":[\"Agricultura\"],\"inLanguage\":\"es\"},{\"@type\":\"WebPage\",\"@id\":\"https:\/\/www.mundoagropecuario.cl\/new\/especialista-de-agronomia-puc-lanzo-libro-sobre-evaluacion-sinecologica-de-las-praderas\/\",\"url\":\"https:\/\/www.mundoagropecuario.cl\/new\/especialista-de-agronomia-puc-lanzo-libro-sobre-evaluacion-sinecologica-de-las-praderas\/\",\"name\":\"Especialista de Agronom\u00eda PUC lanz\u00f3 libro sobre evaluaci\u00f3n sinecol\u00f3gica de las praderas - Mundoagropecuario\",\"isPartOf\":{\"@id\":\"https:\/\/www.mundoagropecuario.cl\/new\/#website\"},\"primaryImageOfPage\":{\"@id\":\"https:\/\/www.mundoagropecuario.cl\/new\/especialista-de-agronomia-puc-lanzo-libro-sobre-evaluacion-sinecologica-de-las-praderas\/#primaryimage\"},\"image\":{\"@id\":\"https:\/\/www.mundoagropecuario.cl\/new\/especialista-de-agronomia-puc-lanzo-libro-sobre-evaluacion-sinecologica-de-las-praderas\/#primaryimage\"},\"thumbnailUrl\":\"https:\/\/www.mundoagropecuario.cl\/new\/wp-content\/uploads\/2018\/06\/ganado-Chile-2018-768x512.jpg\",\"datePublished\":\"2019-04-24T06:40:46+00:00\",\"dateModified\":\"2019-04-25T14:49:36+00:00\",\"breadcrumb\":{\"@id\":\"https:\/\/www.mundoagropecuario.cl\/new\/especialista-de-agronomia-puc-lanzo-libro-sobre-evaluacion-sinecologica-de-las-praderas\/#breadcrumb\"},\"inLanguage\":\"es\",\"potentialAction\":[{\"@type\":\"ReadAction\",\"target\":[\"https:\/\/www.mundoagropecuario.cl\/new\/especialista-de-agronomia-puc-lanzo-libro-sobre-evaluacion-sinecologica-de-las-praderas\/\"]}]},{\"@type\":\"ImageObject\",\"inLanguage\":\"es\",\"@id\":\"https:\/\/www.mundoagropecuario.cl\/new\/especialista-de-agronomia-puc-lanzo-libro-sobre-evaluacion-sinecologica-de-las-praderas\/#primaryimage\",\"url\":\"https:\/\/www.mundoagropecuario.cl\/new\/wp-content\/uploads\/2018\/06\/ganado-Chile-2018-768x512.jpg\",\"contentUrl\":\"https:\/\/www.mundoagropecuario.cl\/new\/wp-content\/uploads\/2018\/06\/ganado-Chile-2018-768x512.jpg\",\"width\":600,\"height\":400},{\"@type\":\"BreadcrumbList\",\"@id\":\"https:\/\/www.mundoagropecuario.cl\/new\/especialista-de-agronomia-puc-lanzo-libro-sobre-evaluacion-sinecologica-de-las-praderas\/#breadcrumb\",\"itemListElement\":[{\"@type\":\"ListItem\",\"position\":1,\"name\":\"Portada\",\"item\":\"https:\/\/www.mundoagropecuario.cl\/new\/\"},{\"@type\":\"ListItem\",\"position\":2,\"name\":\"Especialista de Agronom\u00eda PUC lanz\u00f3 libro sobre evaluaci\u00f3n sinecol\u00f3gica de las praderas\"}]},{\"@type\":\"WebSite\",\"@id\":\"https:\/\/www.mundoagropecuario.cl\/new\/#website\",\"url\":\"https:\/\/www.mundoagropecuario.cl\/new\/\",\"name\":\"Mundoagropecuario\",\"description\":\"Mundo Agropecuario\",\"publisher\":{\"@id\":\"https:\/\/www.mundoagropecuario.cl\/new\/#organization\"},\"potentialAction\":[{\"@type\":\"SearchAction\",\"target\":{\"@type\":\"EntryPoint\",\"urlTemplate\":\"https:\/\/www.mundoagropecuario.cl\/new\/?s={search_term_string}\"},\"query-input\":{\"@type\":\"PropertyValueSpecification\",\"valueRequired\":true,\"valueName\":\"search_term_string\"}}],\"inLanguage\":\"es\"},{\"@type\":\"Organization\",\"@id\":\"https:\/\/www.mundoagropecuario.cl\/new\/#organization\",\"name\":\"Revista de Agricultura\",\"url\":\"https:\/\/www.mundoagropecuario.cl\/new\/\",\"logo\":{\"@type\":\"ImageObject\",\"inLanguage\":\"es\",\"@id\":\"https:\/\/www.mundoagropecuario.cl\/new\/#\/schema\/logo\/image\/\",\"url\":\"https:\/\/www.mundoagropecuario.cl\/new\/wp-content\/uploads\/2020\/11\/PORTAL-1-1.png\",\"contentUrl\":\"https:\/\/www.mundoagropecuario.cl\/new\/wp-content\/uploads\/2020\/11\/PORTAL-1-1.png\",\"width\":1026,\"height\":100,\"caption\":\"Revista de Agricultura\"},\"image\":{\"@id\":\"https:\/\/www.mundoagropecuario.cl\/new\/#\/schema\/logo\/image\/\"},\"sameAs\":[\"https:\/\/www.facebook.com\/mundo.agropecuario.3\",\"https:\/\/x.com\/MundoAgropecuar\",\"https:\/\/www.linkedin.com\/in\/mundo-agropecuario-934009201\/\"]},{\"@type\":\"Person\",\"@id\":\"https:\/\/www.mundoagropecuario.cl\/new\/#\/schema\/person\/0c221050801c74e45256a7a9a1ff0803\",\"name\":\"periodista\",\"url\":\"https:\/\/www.mundoagropecuario.cl\/new\/author\/periodista\/\"}]}<\/script>\n<!-- \/ Yoast SEO plugin. -->","yoast_head_json":{"title":"Especialista de Agronom\u00eda PUC lanz\u00f3 libro sobre evaluaci\u00f3n sinecol\u00f3gica de las praderas - Mundoagropecuario","robots":{"index":"index","follow":"follow","max-snippet":"max-snippet:-1","max-image-preview":"max-image-preview:large","max-video-preview":"max-video-preview:-1"},"canonical":"https:\/\/www.mundoagropecuario.cl\/new\/especialista-de-agronomia-puc-lanzo-libro-sobre-evaluacion-sinecologica-de-las-praderas\/","og_locale":"es_ES","og_type":"article","og_title":"Especialista de Agronom\u00eda PUC lanz\u00f3 libro sobre evaluaci\u00f3n sinecol\u00f3gica de las praderas - Mundoagropecuario","og_description":"Profesor em\u00e9rito de la Facultad de Agronom\u00eda e Ingenier\u00eda Forestal UC, pionero en desarrollo sustentable y cuidado del medioambiente en nuestro pa\u00eds, present\u00f3 el libro que escribi\u00f3 junto a Fernando...","og_url":"https:\/\/www.mundoagropecuario.cl\/new\/especialista-de-agronomia-puc-lanzo-libro-sobre-evaluacion-sinecologica-de-las-praderas\/","og_site_name":"Mundoagropecuario","article_publisher":"https:\/\/www.facebook.com\/mundo.agropecuario.3","article_published_time":"2019-04-24T06:40:46+00:00","article_modified_time":"2019-04-25T14:49:36+00:00","og_image":[{"width":900,"height":600,"url":"https:\/\/www.mundoagropecuario.cl\/new\/wp-content\/uploads\/2018\/06\/ganado-Chile-2018-768x512.jpg","type":"image\/jpeg"}],"author":"periodista","twitter_card":"summary_large_image","twitter_creator":"@MundoAgropecuar","twitter_site":"@MundoAgropecuar","twitter_misc":{"Escrito por":"periodista","Tiempo de lectura":"3 minutos"},"schema":{"@context":"https:\/\/schema.org","@graph":[{"@type":"Article","@id":"https:\/\/www.mundoagropecuario.cl\/new\/especialista-de-agronomia-puc-lanzo-libro-sobre-evaluacion-sinecologica-de-las-praderas\/#article","isPartOf":{"@id":"https:\/\/www.mundoagropecuario.cl\/new\/especialista-de-agronomia-puc-lanzo-libro-sobre-evaluacion-sinecologica-de-las-praderas\/"},"author":{"name":"periodista","@id":"https:\/\/www.mundoagropecuario.cl\/new\/#\/schema\/person\/0c221050801c74e45256a7a9a1ff0803"},"headline":"Especialista de Agronom\u00eda PUC lanz\u00f3 libro sobre evaluaci\u00f3n sinecol\u00f3gica de las praderas","datePublished":"2019-04-24T06:40:46+00:00","dateModified":"2019-04-25T14:49:36+00:00","mainEntityOfPage":{"@id":"https:\/\/www.mundoagropecuario.cl\/new\/especialista-de-agronomia-puc-lanzo-libro-sobre-evaluacion-sinecologica-de-las-praderas\/"},"wordCount":584,"publisher":{"@id":"https:\/\/www.mundoagropecuario.cl\/new\/#organization"},"image":{"@id":"https:\/\/www.mundoagropecuario.cl\/new\/especialista-de-agronomia-puc-lanzo-libro-sobre-evaluacion-sinecologica-de-las-praderas\/#primaryimage"},"thumbnailUrl":"https:\/\/www.mundoagropecuario.cl\/new\/wp-content\/uploads\/2018\/06\/ganado-Chile-2018-768x512.jpg","keywords":["Agronom\u00eda PUC","Evaluaci\u00f3n Sinecol\u00f3gica","praderas","PUC"],"articleSection":["Agricultura"],"inLanguage":"es"},{"@type":"WebPage","@id":"https:\/\/www.mundoagropecuario.cl\/new\/especialista-de-agronomia-puc-lanzo-libro-sobre-evaluacion-sinecologica-de-las-praderas\/","url":"https:\/\/www.mundoagropecuario.cl\/new\/especialista-de-agronomia-puc-lanzo-libro-sobre-evaluacion-sinecologica-de-las-praderas\/","name":"Especialista de Agronom\u00eda PUC lanz\u00f3 libro sobre evaluaci\u00f3n sinecol\u00f3gica de las praderas - Mundoagropecuario","isPartOf":{"@id":"https:\/\/www.mundoagropecuario.cl\/new\/#website"},"primaryImageOfPage":{"@id":"https:\/\/www.mundoagropecuario.cl\/new\/especialista-de-agronomia-puc-lanzo-libro-sobre-evaluacion-sinecologica-de-las-praderas\/#primaryimage"},"image":{"@id":"https:\/\/www.mundoagropecuario.cl\/new\/especialista-de-agronomia-puc-lanzo-libro-sobre-evaluacion-sinecologica-de-las-praderas\/#primaryimage"},"thumbnailUrl":"https:\/\/www.mundoagropecuario.cl\/new\/wp-content\/uploads\/2018\/06\/ganado-Chile-2018-768x512.jpg","datePublished":"2019-04-24T06:40:46+00:00","dateModified":"2019-04-25T14:49:36+00:00","breadcrumb":{"@id":"https:\/\/www.mundoagropecuario.cl\/new\/especialista-de-agronomia-puc-lanzo-libro-sobre-evaluacion-sinecologica-de-las-praderas\/#breadcrumb"},"inLanguage":"es","potentialAction":[{"@type":"ReadAction","target":["https:\/\/www.mundoagropecuario.cl\/new\/especialista-de-agronomia-puc-lanzo-libro-sobre-evaluacion-sinecologica-de-las-praderas\/"]}]},{"@type":"ImageObject","inLanguage":"es","@id":"https:\/\/www.mundoagropecuario.cl\/new\/especialista-de-agronomia-puc-lanzo-libro-sobre-evaluacion-sinecologica-de-las-praderas\/#primaryimage","url":"https:\/\/www.mundoagropecuario.cl\/new\/wp-content\/uploads\/2018\/06\/ganado-Chile-2018-768x512.jpg","contentUrl":"https:\/\/www.mundoagropecuario.cl\/new\/wp-content\/uploads\/2018\/06\/ganado-Chile-2018-768x512.jpg","width":600,"height":400},{"@type":"BreadcrumbList","@id":"https:\/\/www.mundoagropecuario.cl\/new\/especialista-de-agronomia-puc-lanzo-libro-sobre-evaluacion-sinecologica-de-las-praderas\/#breadcrumb","itemListElement":[{"@type":"ListItem","position":1,"name":"Portada","item":"https:\/\/www.mundoagropecuario.cl\/new\/"},{"@type":"ListItem","position":2,"name":"Especialista de Agronom\u00eda PUC lanz\u00f3 libro sobre evaluaci\u00f3n sinecol\u00f3gica de las praderas"}]},{"@type":"WebSite","@id":"https:\/\/www.mundoagropecuario.cl\/new\/#website","url":"https:\/\/www.mundoagropecuario.cl\/new\/","name":"Mundoagropecuario","description":"Mundo Agropecuario","publisher":{"@id":"https:\/\/www.mundoagropecuario.cl\/new\/#organization"},"potentialAction":[{"@type":"SearchAction","target":{"@type":"EntryPoint","urlTemplate":"https:\/\/www.mundoagropecuario.cl\/new\/?s={search_term_string}"},"query-input":{"@type":"PropertyValueSpecification","valueRequired":true,"valueName":"search_term_string"}}],"inLanguage":"es"},{"@type":"Organization","@id":"https:\/\/www.mundoagropecuario.cl\/new\/#organization","name":"Revista de Agricultura","url":"https:\/\/www.mundoagropecuario.cl\/new\/","logo":{"@type":"ImageObject","inLanguage":"es","@id":"https:\/\/www.mundoagropecuario.cl\/new\/#\/schema\/logo\/image\/","url":"https:\/\/www.mundoagropecuario.cl\/new\/wp-content\/uploads\/2020\/11\/PORTAL-1-1.png","contentUrl":"https:\/\/www.mundoagropecuario.cl\/new\/wp-content\/uploads\/2020\/11\/PORTAL-1-1.png","width":1026,"height":100,"caption":"Revista de Agricultura"},"image":{"@id":"https:\/\/www.mundoagropecuario.cl\/new\/#\/schema\/logo\/image\/"},"sameAs":["https:\/\/www.facebook.com\/mundo.agropecuario.3","https:\/\/x.com\/MundoAgropecuar","https:\/\/www.linkedin.com\/in\/mundo-agropecuario-934009201\/"]},{"@type":"Person","@id":"https:\/\/www.mundoagropecuario.cl\/new\/#\/schema\/person\/0c221050801c74e45256a7a9a1ff0803","name":"periodista","url":"https:\/\/www.mundoagropecuario.cl\/new\/author\/periodista\/"}]}},"_links":{"self":[{"href":"https:\/\/www.mundoagropecuario.cl\/new\/wp-json\/wp\/v2\/posts\/11586","targetHints":{"allow":["GET"]}}],"collection":[{"href":"https:\/\/www.mundoagropecuario.cl\/new\/wp-json\/wp\/v2\/posts"}],"about":[{"href":"https:\/\/www.mundoagropecuario.cl\/new\/wp-json\/wp\/v2\/types\/post"}],"author":[{"embeddable":true,"href":"https:\/\/www.mundoagropecuario.cl\/new\/wp-json\/wp\/v2\/users\/3"}],"replies":[{"embeddable":true,"href":"https:\/\/www.mundoagropecuario.cl\/new\/wp-json\/wp\/v2\/comments?post=11586"}],"version-history":[{"count":1,"href":"https:\/\/www.mundoagropecuario.cl\/new\/wp-json\/wp\/v2\/posts\/11586\/revisions"}],"predecessor-version":[{"id":11587,"href":"https:\/\/www.mundoagropecuario.cl\/new\/wp-json\/wp\/v2\/posts\/11586\/revisions\/11587"}],"wp:featuredmedia":[{"embeddable":true,"href":"https:\/\/www.mundoagropecuario.cl\/new\/wp-json\/wp\/v2\/media\/7125"}],"wp:attachment":[{"href":"https:\/\/www.mundoagropecuario.cl\/new\/wp-json\/wp\/v2\/media?parent=11586"}],"wp:term":[{"taxonomy":"category","embeddable":true,"href":"https:\/\/www.mundoagropecuario.cl\/new\/wp-json\/wp\/v2\/categories?post=11586"},{"taxonomy":"post_tag","embeddable":true,"href":"https:\/\/www.mundoagropecuario.cl\/new\/wp-json\/wp\/v2\/tags?post=11586"}],"curies":[{"name":"wp","href":"https:\/\/api.w.org\/{rel}","templated":true}]}}