{"id":11572,"date":"2019-04-24T03:04:35","date_gmt":"2019-04-24T06:04:35","guid":{"rendered":"http:\/\/www.mundoagropecuario.cl\/new\/?p=11572"},"modified":"2019-04-24T03:04:35","modified_gmt":"2019-04-24T06:04:35","slug":"subdirectora-nacional-de-id-de-inia-recorre-chile-informando-sobre-modernizacion-institucional","status":"publish","type":"post","link":"https:\/\/www.mundoagropecuario.cl\/new\/subdirectora-nacional-de-id-de-inia-recorre-chile-informando-sobre-modernizacion-institucional\/","title":{"rendered":"Subdirectora Nacional de I+D de INIA recorre Chile informando sobre modernizaci\u00f3n institucional"},"content":{"rendered":"<blockquote><p><em>Para promover el trabajo colaborativo entre los equipos de trabajo, por primera vez en la historia de INIA se realiz\u00f3 un concurso interno de investigaci\u00f3n denominado N\u00facleos I+D 2018 (Mundo Agropecuario).<\/em><\/p><\/blockquote>\n<p>La subdirectora Nacional del Instituto de Investigaciones Agropecuarias (INIA), Marta Alfaro Valenzuela, se encuentra recorriendo Chile para informar sobre el plan de modernizaci\u00f3n institucional y fortalecimiento de Investigaci\u00f3n, Desarrollo e Innovaci\u00f3n (I+D+i), que est\u00e1 impulsando la actual administraci\u00f3n que encabeza el Director Nacional, Pedro Bustos Valdivia.<\/p>\n<p>\u201cCon el prop\u00f3sito de modernizar nuestra instituci\u00f3n, para adaptarnos mejor a los actuales y nuevos escenarios y fortalecer el \u00e1rea de I+D+i, hemos definido 5 ejes tem\u00e1ticos, con miras a focalizar y priorizar nuestro quehacer. Ellos son: Cambio Clim\u00e1tico, Sustentabilidad, Alimentos del Futuro, Tecnolog\u00edas Emergentes, y Transferencia y Formaci\u00f3n de Capacidades\u201d, explic\u00f3 la autoridad del INIA.<\/p>\n<p>Asimismo, inform\u00f3 que \u201cpara potenciar nuestra presencia nacional, organizamos a la instituci\u00f3n en cinco macrozonas: Norte, Central, Centro-Sur, Sur y Austral. Esto nos permitir\u00e1 enfrentar los desaf\u00edos en I+D+i, con una visi\u00f3n integral del INIA, y de cada territorio con sus demandas\u201d.<\/p>\n<p>Adem\u00e1s, a\u00f1adi\u00f3 que para promover el trabajo colaborativo entre los equipos de trabajo, por primera vez en la historia de INIA se realiz\u00f3 un concurso interno de investigaci\u00f3n denominado N\u00facleos I+D 2018. \u201cEsta iniciativa estuvo orientada al desarrollo de proyectos en \u00e1mbitos como la fruticultura, cambio clim\u00e1tico, manejo integrado de plagas y ganader\u00eda, a lo largo de todo el territorio nacional. \u201cLa idea es que estas iniciativas permitan integrar grupos de trabajo de distintos centros regionales, multidisciplinarios, con visi\u00f3n de macrozona, sirviendo adem\u00e1s como capital semilla para el apalancamiento de nuevos recursos y aportando al desarrollo de la sustentabilidad del sector agropecuario de Chile&#8221;, puntualiz\u00f3 Alfaro.<\/p>\n<p>La autoridad tambi\u00e9n inform\u00f3 que en 2018 se evalu\u00f3 internamente el quehacer en Investigaci\u00f3n y Desarrollo del INIA, para establecer la l\u00ednea base del instituto y, por primera vez en su historia, \u00e9sta ser\u00e1 revisada a nivel internacional, por medio de un trabajo que est\u00e1 en plena ejecuci\u00f3n por parte del IRTA de Catalu\u00f1a, Espa\u00f1a. Luego, en el segundo semestre de 2019, un grupo de expertos internacionales tambi\u00e9n revisar\u00e1 este trabajo, conformando el primer Comit\u00e9 Cient\u00edfico Asesor institucional. \u201cAdicionalmente, en este mismo \u00e1mbito, se dio inicio a una labor de revisi\u00f3n de procesos cr\u00edticos, con el fin de mejorar la eficiencia y eficacia de nuestra gesti\u00f3n institucional, as\u00ed como los reportes y el aprovechamiento de datos, de acuerdo a las definiciones estrat\u00e9gicas del INIA\u201d, se\u00f1al\u00f3.<\/p>\n<p>La subdirectora del INIA destac\u00f3 tambi\u00e9n la puesta en marcha de un plan para la incorporaci\u00f3n, en el corto plazo, de 22 nuevos investigadores que permitir\u00e1n robustecer el aporte del Instituto al sector agroalimentario nacional y finalmente resalt\u00f3, entre otros logros de este primer a\u00f1o, la realizaci\u00f3n de los dos primeros encuentros INIA IdeaLab, en INIA Remehue en Osorno y Santiago y un tercero nuevamente en Osorno. \u201cComo su nombre lo indica los INIA IdeaLab son parte de un laboratorio de ideas que nos ha permitido poner a disposici\u00f3n del sector privado el trabajo de nuestros especialistas y recoger la demanda tecnol\u00f3gica, para impulsar en forma conjunta el desarrollo de sectores que hemos priorizado por su alto potencial, tales como la fruticultura y vitivinicultura del sur, los alimentos saludables y la industria agroalimentaria de la zona sur\u201d, puntualiz\u00f3.<\/p>\n","protected":false},"excerpt":{"rendered":"<p>Para promover el trabajo colaborativo entre los equipos de trabajo, por primera vez en la historia de INIA se realiz\u00f3 un concurso interno de investigaci\u00f3n denominado N\u00facleos I+D 2018 (Mundo&#8230;<\/p>\n","protected":false},"author":3,"featured_media":11573,"comment_status":"closed","ping_status":"closed","sticky":false,"template":"","format":"standard","meta":{"footnotes":""},"categories":[1987],"tags":[3114,2052,3568],"class_list":["post-11572","post","type-post","status-publish","format-standard","has-post-thumbnail","hentry","category-instituciones","tag-id","tag-inia","tag-inia-idealab"],"yoast_head":"<!-- This site is optimized with the Yoast SEO plugin v26.6 - https:\/\/yoast.com\/wordpress\/plugins\/seo\/ -->\n<title>Subdirectora Nacional de I+D de INIA recorre Chile informando sobre modernizaci\u00f3n institucional - Mundoagropecuario<\/title>\n<meta name=\"robots\" content=\"index, follow, max-snippet:-1, max-image-preview:large, max-video-preview:-1\" \/>\n<link rel=\"canonical\" href=\"https:\/\/www.mundoagropecuario.cl\/new\/subdirectora-nacional-de-id-de-inia-recorre-chile-informando-sobre-modernizacion-institucional\/\" \/>\n<meta property=\"og:locale\" content=\"es_ES\" \/>\n<meta property=\"og:type\" content=\"article\" \/>\n<meta property=\"og:title\" content=\"Subdirectora Nacional de I+D de INIA recorre Chile informando sobre modernizaci\u00f3n institucional - Mundoagropecuario\" \/>\n<meta property=\"og:description\" content=\"Para promover el trabajo colaborativo entre los equipos de trabajo, por primera vez en la historia de INIA se realiz\u00f3 un concurso interno de investigaci\u00f3n denominado N\u00facleos I+D 2018 (Mundo...\" \/>\n<meta property=\"og:url\" content=\"https:\/\/www.mundoagropecuario.cl\/new\/subdirectora-nacional-de-id-de-inia-recorre-chile-informando-sobre-modernizacion-institucional\/\" \/>\n<meta property=\"og:site_name\" content=\"Mundoagropecuario\" \/>\n<meta property=\"article:publisher\" content=\"https:\/\/www.facebook.com\/mundo.agropecuario.3\" \/>\n<meta property=\"article:published_time\" content=\"2019-04-24T06:04:35+00:00\" \/>\n<meta property=\"og:image\" content=\"https:\/\/www.mundoagropecuario.cl\/new\/wp-content\/uploads\/2019\/04\/directora-ID-INIA.jpg\" \/>\n\t<meta property=\"og:image:width\" content=\"820\" \/>\n\t<meta property=\"og:image:height\" content=\"547\" \/>\n\t<meta property=\"og:image:type\" content=\"image\/jpeg\" \/>\n<meta name=\"author\" content=\"periodista\" \/>\n<meta name=\"twitter:card\" content=\"summary_large_image\" \/>\n<meta name=\"twitter:creator\" content=\"@MundoAgropecuar\" \/>\n<meta name=\"twitter:site\" content=\"@MundoAgropecuar\" \/>\n<meta name=\"twitter:label1\" content=\"Escrito por\" \/>\n\t<meta name=\"twitter:data1\" content=\"periodista\" \/>\n\t<meta name=\"twitter:label2\" content=\"Tiempo de lectura\" \/>\n\t<meta name=\"twitter:data2\" content=\"3 minutos\" \/>\n<script type=\"application\/ld+json\" class=\"yoast-schema-graph\">{\"@context\":\"https:\/\/schema.org\",\"@graph\":[{\"@type\":\"Article\",\"@id\":\"https:\/\/www.mundoagropecuario.cl\/new\/subdirectora-nacional-de-id-de-inia-recorre-chile-informando-sobre-modernizacion-institucional\/#article\",\"isPartOf\":{\"@id\":\"https:\/\/www.mundoagropecuario.cl\/new\/subdirectora-nacional-de-id-de-inia-recorre-chile-informando-sobre-modernizacion-institucional\/\"},\"author\":{\"name\":\"periodista\",\"@id\":\"https:\/\/www.mundoagropecuario.cl\/new\/#\/schema\/person\/0c221050801c74e45256a7a9a1ff0803\"},\"headline\":\"Subdirectora Nacional de I+D de INIA recorre Chile informando sobre modernizaci\u00f3n institucional\",\"datePublished\":\"2019-04-24T06:04:35+00:00\",\"mainEntityOfPage\":{\"@id\":\"https:\/\/www.mundoagropecuario.cl\/new\/subdirectora-nacional-de-id-de-inia-recorre-chile-informando-sobre-modernizacion-institucional\/\"},\"wordCount\":603,\"publisher\":{\"@id\":\"https:\/\/www.mundoagropecuario.cl\/new\/#organization\"},\"image\":{\"@id\":\"https:\/\/www.mundoagropecuario.cl\/new\/subdirectora-nacional-de-id-de-inia-recorre-chile-informando-sobre-modernizacion-institucional\/#primaryimage\"},\"thumbnailUrl\":\"https:\/\/www.mundoagropecuario.cl\/new\/wp-content\/uploads\/2019\/04\/directora-ID-INIA.jpg\",\"keywords\":[\"I+D\",\"INIA\",\"INIA IdeaLab\"],\"articleSection\":[\"Instituciones\"],\"inLanguage\":\"es\"},{\"@type\":\"WebPage\",\"@id\":\"https:\/\/www.mundoagropecuario.cl\/new\/subdirectora-nacional-de-id-de-inia-recorre-chile-informando-sobre-modernizacion-institucional\/\",\"url\":\"https:\/\/www.mundoagropecuario.cl\/new\/subdirectora-nacional-de-id-de-inia-recorre-chile-informando-sobre-modernizacion-institucional\/\",\"name\":\"Subdirectora Nacional de I+D de INIA recorre Chile informando sobre modernizaci\u00f3n institucional - Mundoagropecuario\",\"isPartOf\":{\"@id\":\"https:\/\/www.mundoagropecuario.cl\/new\/#website\"},\"primaryImageOfPage\":{\"@id\":\"https:\/\/www.mundoagropecuario.cl\/new\/subdirectora-nacional-de-id-de-inia-recorre-chile-informando-sobre-modernizacion-institucional\/#primaryimage\"},\"image\":{\"@id\":\"https:\/\/www.mundoagropecuario.cl\/new\/subdirectora-nacional-de-id-de-inia-recorre-chile-informando-sobre-modernizacion-institucional\/#primaryimage\"},\"thumbnailUrl\":\"https:\/\/www.mundoagropecuario.cl\/new\/wp-content\/uploads\/2019\/04\/directora-ID-INIA.jpg\",\"datePublished\":\"2019-04-24T06:04:35+00:00\",\"breadcrumb\":{\"@id\":\"https:\/\/www.mundoagropecuario.cl\/new\/subdirectora-nacional-de-id-de-inia-recorre-chile-informando-sobre-modernizacion-institucional\/#breadcrumb\"},\"inLanguage\":\"es\",\"potentialAction\":[{\"@type\":\"ReadAction\",\"target\":[\"https:\/\/www.mundoagropecuario.cl\/new\/subdirectora-nacional-de-id-de-inia-recorre-chile-informando-sobre-modernizacion-institucional\/\"]}]},{\"@type\":\"ImageObject\",\"inLanguage\":\"es\",\"@id\":\"https:\/\/www.mundoagropecuario.cl\/new\/subdirectora-nacional-de-id-de-inia-recorre-chile-informando-sobre-modernizacion-institucional\/#primaryimage\",\"url\":\"https:\/\/www.mundoagropecuario.cl\/new\/wp-content\/uploads\/2019\/04\/directora-ID-INIA.jpg\",\"contentUrl\":\"https:\/\/www.mundoagropecuario.cl\/new\/wp-content\/uploads\/2019\/04\/directora-ID-INIA.jpg\",\"width\":600,\"height\":400},{\"@type\":\"BreadcrumbList\",\"@id\":\"https:\/\/www.mundoagropecuario.cl\/new\/subdirectora-nacional-de-id-de-inia-recorre-chile-informando-sobre-modernizacion-institucional\/#breadcrumb\",\"itemListElement\":[{\"@type\":\"ListItem\",\"position\":1,\"name\":\"Portada\",\"item\":\"https:\/\/www.mundoagropecuario.cl\/new\/\"},{\"@type\":\"ListItem\",\"position\":2,\"name\":\"Subdirectora Nacional de I+D de INIA recorre Chile informando sobre modernizaci\u00f3n institucional\"}]},{\"@type\":\"WebSite\",\"@id\":\"https:\/\/www.mundoagropecuario.cl\/new\/#website\",\"url\":\"https:\/\/www.mundoagropecuario.cl\/new\/\",\"name\":\"Mundoagropecuario\",\"description\":\"Mundo Agropecuario\",\"publisher\":{\"@id\":\"https:\/\/www.mundoagropecuario.cl\/new\/#organization\"},\"potentialAction\":[{\"@type\":\"SearchAction\",\"target\":{\"@type\":\"EntryPoint\",\"urlTemplate\":\"https:\/\/www.mundoagropecuario.cl\/new\/?s={search_term_string}\"},\"query-input\":{\"@type\":\"PropertyValueSpecification\",\"valueRequired\":true,\"valueName\":\"search_term_string\"}}],\"inLanguage\":\"es\"},{\"@type\":\"Organization\",\"@id\":\"https:\/\/www.mundoagropecuario.cl\/new\/#organization\",\"name\":\"Revista de Agricultura\",\"url\":\"https:\/\/www.mundoagropecuario.cl\/new\/\",\"logo\":{\"@type\":\"ImageObject\",\"inLanguage\":\"es\",\"@id\":\"https:\/\/www.mundoagropecuario.cl\/new\/#\/schema\/logo\/image\/\",\"url\":\"https:\/\/www.mundoagropecuario.cl\/new\/wp-content\/uploads\/2020\/11\/PORTAL-1-1.png\",\"contentUrl\":\"https:\/\/www.mundoagropecuario.cl\/new\/wp-content\/uploads\/2020\/11\/PORTAL-1-1.png\",\"width\":1026,\"height\":100,\"caption\":\"Revista de Agricultura\"},\"image\":{\"@id\":\"https:\/\/www.mundoagropecuario.cl\/new\/#\/schema\/logo\/image\/\"},\"sameAs\":[\"https:\/\/www.facebook.com\/mundo.agropecuario.3\",\"https:\/\/x.com\/MundoAgropecuar\",\"https:\/\/www.linkedin.com\/in\/mundo-agropecuario-934009201\/\"]},{\"@type\":\"Person\",\"@id\":\"https:\/\/www.mundoagropecuario.cl\/new\/#\/schema\/person\/0c221050801c74e45256a7a9a1ff0803\",\"name\":\"periodista\",\"url\":\"https:\/\/www.mundoagropecuario.cl\/new\/author\/periodista\/\"}]}<\/script>\n<!-- \/ Yoast SEO plugin. -->","yoast_head_json":{"title":"Subdirectora Nacional de I+D de INIA recorre Chile informando sobre modernizaci\u00f3n institucional - Mundoagropecuario","robots":{"index":"index","follow":"follow","max-snippet":"max-snippet:-1","max-image-preview":"max-image-preview:large","max-video-preview":"max-video-preview:-1"},"canonical":"https:\/\/www.mundoagropecuario.cl\/new\/subdirectora-nacional-de-id-de-inia-recorre-chile-informando-sobre-modernizacion-institucional\/","og_locale":"es_ES","og_type":"article","og_title":"Subdirectora Nacional de I+D de INIA recorre Chile informando sobre modernizaci\u00f3n institucional - Mundoagropecuario","og_description":"Para promover el trabajo colaborativo entre los equipos de trabajo, por primera vez en la historia de INIA se realiz\u00f3 un concurso interno de investigaci\u00f3n denominado N\u00facleos I+D 2018 (Mundo...","og_url":"https:\/\/www.mundoagropecuario.cl\/new\/subdirectora-nacional-de-id-de-inia-recorre-chile-informando-sobre-modernizacion-institucional\/","og_site_name":"Mundoagropecuario","article_publisher":"https:\/\/www.facebook.com\/mundo.agropecuario.3","article_published_time":"2019-04-24T06:04:35+00:00","og_image":[{"width":820,"height":547,"url":"https:\/\/www.mundoagropecuario.cl\/new\/wp-content\/uploads\/2019\/04\/directora-ID-INIA.jpg","type":"image\/jpeg"}],"author":"periodista","twitter_card":"summary_large_image","twitter_creator":"@MundoAgropecuar","twitter_site":"@MundoAgropecuar","twitter_misc":{"Escrito por":"periodista","Tiempo de lectura":"3 minutos"},"schema":{"@context":"https:\/\/schema.org","@graph":[{"@type":"Article","@id":"https:\/\/www.mundoagropecuario.cl\/new\/subdirectora-nacional-de-id-de-inia-recorre-chile-informando-sobre-modernizacion-institucional\/#article","isPartOf":{"@id":"https:\/\/www.mundoagropecuario.cl\/new\/subdirectora-nacional-de-id-de-inia-recorre-chile-informando-sobre-modernizacion-institucional\/"},"author":{"name":"periodista","@id":"https:\/\/www.mundoagropecuario.cl\/new\/#\/schema\/person\/0c221050801c74e45256a7a9a1ff0803"},"headline":"Subdirectora Nacional de I+D de INIA recorre Chile informando sobre modernizaci\u00f3n institucional","datePublished":"2019-04-24T06:04:35+00:00","mainEntityOfPage":{"@id":"https:\/\/www.mundoagropecuario.cl\/new\/subdirectora-nacional-de-id-de-inia-recorre-chile-informando-sobre-modernizacion-institucional\/"},"wordCount":603,"publisher":{"@id":"https:\/\/www.mundoagropecuario.cl\/new\/#organization"},"image":{"@id":"https:\/\/www.mundoagropecuario.cl\/new\/subdirectora-nacional-de-id-de-inia-recorre-chile-informando-sobre-modernizacion-institucional\/#primaryimage"},"thumbnailUrl":"https:\/\/www.mundoagropecuario.cl\/new\/wp-content\/uploads\/2019\/04\/directora-ID-INIA.jpg","keywords":["I+D","INIA","INIA IdeaLab"],"articleSection":["Instituciones"],"inLanguage":"es"},{"@type":"WebPage","@id":"https:\/\/www.mundoagropecuario.cl\/new\/subdirectora-nacional-de-id-de-inia-recorre-chile-informando-sobre-modernizacion-institucional\/","url":"https:\/\/www.mundoagropecuario.cl\/new\/subdirectora-nacional-de-id-de-inia-recorre-chile-informando-sobre-modernizacion-institucional\/","name":"Subdirectora Nacional de I+D de INIA recorre Chile informando sobre modernizaci\u00f3n institucional - Mundoagropecuario","isPartOf":{"@id":"https:\/\/www.mundoagropecuario.cl\/new\/#website"},"primaryImageOfPage":{"@id":"https:\/\/www.mundoagropecuario.cl\/new\/subdirectora-nacional-de-id-de-inia-recorre-chile-informando-sobre-modernizacion-institucional\/#primaryimage"},"image":{"@id":"https:\/\/www.mundoagropecuario.cl\/new\/subdirectora-nacional-de-id-de-inia-recorre-chile-informando-sobre-modernizacion-institucional\/#primaryimage"},"thumbnailUrl":"https:\/\/www.mundoagropecuario.cl\/new\/wp-content\/uploads\/2019\/04\/directora-ID-INIA.jpg","datePublished":"2019-04-24T06:04:35+00:00","breadcrumb":{"@id":"https:\/\/www.mundoagropecuario.cl\/new\/subdirectora-nacional-de-id-de-inia-recorre-chile-informando-sobre-modernizacion-institucional\/#breadcrumb"},"inLanguage":"es","potentialAction":[{"@type":"ReadAction","target":["https:\/\/www.mundoagropecuario.cl\/new\/subdirectora-nacional-de-id-de-inia-recorre-chile-informando-sobre-modernizacion-institucional\/"]}]},{"@type":"ImageObject","inLanguage":"es","@id":"https:\/\/www.mundoagropecuario.cl\/new\/subdirectora-nacional-de-id-de-inia-recorre-chile-informando-sobre-modernizacion-institucional\/#primaryimage","url":"https:\/\/www.mundoagropecuario.cl\/new\/wp-content\/uploads\/2019\/04\/directora-ID-INIA.jpg","contentUrl":"https:\/\/www.mundoagropecuario.cl\/new\/wp-content\/uploads\/2019\/04\/directora-ID-INIA.jpg","width":600,"height":400},{"@type":"BreadcrumbList","@id":"https:\/\/www.mundoagropecuario.cl\/new\/subdirectora-nacional-de-id-de-inia-recorre-chile-informando-sobre-modernizacion-institucional\/#breadcrumb","itemListElement":[{"@type":"ListItem","position":1,"name":"Portada","item":"https:\/\/www.mundoagropecuario.cl\/new\/"},{"@type":"ListItem","position":2,"name":"Subdirectora Nacional de I+D de INIA recorre Chile informando sobre modernizaci\u00f3n institucional"}]},{"@type":"WebSite","@id":"https:\/\/www.mundoagropecuario.cl\/new\/#website","url":"https:\/\/www.mundoagropecuario.cl\/new\/","name":"Mundoagropecuario","description":"Mundo Agropecuario","publisher":{"@id":"https:\/\/www.mundoagropecuario.cl\/new\/#organization"},"potentialAction":[{"@type":"SearchAction","target":{"@type":"EntryPoint","urlTemplate":"https:\/\/www.mundoagropecuario.cl\/new\/?s={search_term_string}"},"query-input":{"@type":"PropertyValueSpecification","valueRequired":true,"valueName":"search_term_string"}}],"inLanguage":"es"},{"@type":"Organization","@id":"https:\/\/www.mundoagropecuario.cl\/new\/#organization","name":"Revista de Agricultura","url":"https:\/\/www.mundoagropecuario.cl\/new\/","logo":{"@type":"ImageObject","inLanguage":"es","@id":"https:\/\/www.mundoagropecuario.cl\/new\/#\/schema\/logo\/image\/","url":"https:\/\/www.mundoagropecuario.cl\/new\/wp-content\/uploads\/2020\/11\/PORTAL-1-1.png","contentUrl":"https:\/\/www.mundoagropecuario.cl\/new\/wp-content\/uploads\/2020\/11\/PORTAL-1-1.png","width":1026,"height":100,"caption":"Revista de Agricultura"},"image":{"@id":"https:\/\/www.mundoagropecuario.cl\/new\/#\/schema\/logo\/image\/"},"sameAs":["https:\/\/www.facebook.com\/mundo.agropecuario.3","https:\/\/x.com\/MundoAgropecuar","https:\/\/www.linkedin.com\/in\/mundo-agropecuario-934009201\/"]},{"@type":"Person","@id":"https:\/\/www.mundoagropecuario.cl\/new\/#\/schema\/person\/0c221050801c74e45256a7a9a1ff0803","name":"periodista","url":"https:\/\/www.mundoagropecuario.cl\/new\/author\/periodista\/"}]}},"_links":{"self":[{"href":"https:\/\/www.mundoagropecuario.cl\/new\/wp-json\/wp\/v2\/posts\/11572","targetHints":{"allow":["GET"]}}],"collection":[{"href":"https:\/\/www.mundoagropecuario.cl\/new\/wp-json\/wp\/v2\/posts"}],"about":[{"href":"https:\/\/www.mundoagropecuario.cl\/new\/wp-json\/wp\/v2\/types\/post"}],"author":[{"embeddable":true,"href":"https:\/\/www.mundoagropecuario.cl\/new\/wp-json\/wp\/v2\/users\/3"}],"replies":[{"embeddable":true,"href":"https:\/\/www.mundoagropecuario.cl\/new\/wp-json\/wp\/v2\/comments?post=11572"}],"version-history":[{"count":1,"href":"https:\/\/www.mundoagropecuario.cl\/new\/wp-json\/wp\/v2\/posts\/11572\/revisions"}],"predecessor-version":[{"id":11574,"href":"https:\/\/www.mundoagropecuario.cl\/new\/wp-json\/wp\/v2\/posts\/11572\/revisions\/11574"}],"wp:featuredmedia":[{"embeddable":true,"href":"https:\/\/www.mundoagropecuario.cl\/new\/wp-json\/wp\/v2\/media\/11573"}],"wp:attachment":[{"href":"https:\/\/www.mundoagropecuario.cl\/new\/wp-json\/wp\/v2\/media?parent=11572"}],"wp:term":[{"taxonomy":"category","embeddable":true,"href":"https:\/\/www.mundoagropecuario.cl\/new\/wp-json\/wp\/v2\/categories?post=11572"},{"taxonomy":"post_tag","embeddable":true,"href":"https:\/\/www.mundoagropecuario.cl\/new\/wp-json\/wp\/v2\/tags?post=11572"}],"curies":[{"name":"wp","href":"https:\/\/api.w.org\/{rel}","templated":true}]}}