{"id":11560,"date":"2019-04-23T04:01:53","date_gmt":"2019-04-23T07:01:53","guid":{"rendered":"http:\/\/www.mundoagropecuario.cl\/new\/?p=11560"},"modified":"2019-04-23T04:13:32","modified_gmt":"2019-04-23T07:13:32","slug":"especialistas-abordaran-en-chillan-medidas-para-adaptar-agricultura-de-nuble-al-cambio-climatico","status":"publish","type":"post","link":"https:\/\/www.mundoagropecuario.cl\/new\/especialistas-abordaran-en-chillan-medidas-para-adaptar-agricultura-de-nuble-al-cambio-climatico\/","title":{"rendered":"Especialistas abordar\u00e1n en Chill\u00e1n medidas para adaptar agricultura de \u00d1uble al cambio clim\u00e1tico"},"content":{"rendered":"<blockquote><p><em>Seminario previsto para este jueves 25 y viernes 26 de abril, es organizado por Seremi de Agricultura de \u00d1uble, FIA e INIA, y ser\u00e1 la instancia propicia para escuchar y debatir las medidas que se adoptar\u00e1n para seguir manteniendo la productividad del sector agr\u00edcola regional (Mundo Agropecuario).<\/em><\/p><\/blockquote>\n<p>Un seminario de gran factura y que reunir\u00e1 a catorce expertos de INIA, Universidad de Concepci\u00f3n, Universidad de Chile y Comisi\u00f3n Nacional de Riego, en la tem\u00e1tica del cambio clim\u00e1tico y agricultura, se desarrollar\u00e1 esta semana los d\u00edas jueves 25 y viernes 26 de abril en Chill\u00e1n.<\/p>\n<p>La actividad impulsada por la Seremi de Agricultura de \u00d1uble, la Fundaci\u00f3n para la Innovaci\u00f3n Agraria (FIA) y por INIA, se realizar\u00e1 en el auditorio de INIA Quilamapu donde se abordar\u00e1n los principales problemas y las adaptaciones que se requieren implementar para mantener una buena producci\u00f3n agr\u00edcola regional.<\/p>\n<p>El seminario titulado \u201cAdaptaci\u00f3n al cambio clim\u00e1tico para la agricultura de \u00d1uble: sembrando futuro\u201d, contemplar\u00e1 presentaciones en las principales \u00e1reas de inter\u00e9s agr\u00edcola como hortalizas, frutales, legumbres, trigo y arroz, enfermedades, suelos, riego, a las que se sumar\u00e1n charlas de enfoque agroclim\u00e1tico y las pol\u00edticas de cambio clim\u00e1tico, esta \u00faltima a cargo del seremi de medio ambiente Patricio Caama\u00f1o.<\/p>\n<p>La entrada no tiene costo, pero se hace indispensables la inscripci\u00f3n previa al correo <a href=\"mailto:vvaldes@inia.cl\">vvaldes@inia.cl<\/a> o al fono 42 220 6820.<\/p>\n<p><strong>Hablan los organizadores<\/strong><\/p>\n<p>Fernando B\u00f3rquez, seremi de Agricultura de la regi\u00f3n de \u00d1uble indic\u00f3 que \u201ceste seminario es una excelente instancia que pretende abordar el cambio clim\u00e1tico de manera directa sobre el efecto que tendr\u00eda sobre rubros agr\u00edcolas tales como cultivos, frutales, hortalizas, entre otros. Este enfoque es fundamental para preparar a los agricultores para enfrentar los cambios en la agricultura y en qu\u00e9 medida afecta o beneficia a la preparaci\u00f3n de diversos rubros o cultivos\u201d<\/p>\n<p>En tanto, el Director Regional de INIA Quilamapu, Rodrigo Avil\u00e9s expres\u00f3 que lo relevante del seminario son \u201clas medidas concretas y recomendaciones que se deben adoptar en los principales rubros agr\u00edcolas de la regi\u00f3n ante los efectos del cambio clim\u00e1tico, de forma tal de continuar siendo competitivos con opciones productivas frente a los escenarios de exigentes mercados nacionales e internacionales\u201d.<\/p>\n<p>Finalmente, el investigador y experto en climatolog\u00eda de INIA Quilamapu, Ra\u00fal Orrego, recalc\u00f3 que \u201clos efectos del cambio clim\u00e1tico los estamos viviendo en la actualidad, lo que se manifiesta en aspectos como la importante sequ\u00eda que nos afecta hace 10 a\u00f1os, las intensas olas de calor de las \u00faltimas temporadas estivales y las primaveras lluviosas que han afectado, de manera significativa, la actividad agr\u00edcola regional\u201d.<\/p>\n<p>El especialista a\u00f1adi\u00f3 que \u201ceste cambio en las reglas del juego debe ser enfrentado vinculando a investigadores y el mundo de la academia con los agricultores, que son los m\u00e1s afectados, debido a la mayor incertidumbre producto de la menor disponibilidad de agua para riego, mejores condiciones para enfermedades fungosas, riesgos de heladas, granizos, incendios, entre otros\u201d.<\/p>\n<p>&nbsp;<\/p>\n","protected":false},"excerpt":{"rendered":"<p>Seminario previsto para este jueves 25 y viernes 26 de abril, es organizado por Seremi de Agricultura de \u00d1uble, FIA e INIA, y ser\u00e1 la instancia propicia para escuchar y&#8230;<\/p>\n","protected":false},"author":3,"featured_media":11561,"comment_status":"closed","ping_status":"closed","sticky":false,"template":"","format":"standard","meta":{"footnotes":""},"categories":[1948],"tags":[3563,542,1151],"class_list":["post-11560","post","type-post","status-publish","format-standard","has-post-thumbnail","hentry","category-sustentabilidad","tag-agroclimatico","tag-cambio-climatico","tag-nuble"],"yoast_head":"<!-- This site is optimized with the Yoast SEO plugin v26.6 - https:\/\/yoast.com\/wordpress\/plugins\/seo\/ -->\n<title>Especialistas abordar\u00e1n en Chill\u00e1n medidas para adaptar agricultura de \u00d1uble al cambio clim\u00e1tico - Mundoagropecuario<\/title>\n<meta name=\"robots\" content=\"index, follow, max-snippet:-1, max-image-preview:large, max-video-preview:-1\" \/>\n<link rel=\"canonical\" href=\"https:\/\/www.mundoagropecuario.cl\/new\/especialistas-abordaran-en-chillan-medidas-para-adaptar-agricultura-de-nuble-al-cambio-climatico\/\" \/>\n<meta property=\"og:locale\" content=\"es_ES\" \/>\n<meta property=\"og:type\" content=\"article\" \/>\n<meta property=\"og:title\" content=\"Especialistas abordar\u00e1n en Chill\u00e1n medidas para adaptar agricultura de \u00d1uble al cambio clim\u00e1tico - Mundoagropecuario\" \/>\n<meta property=\"og:description\" content=\"Seminario previsto para este jueves 25 y viernes 26 de abril, es organizado por Seremi de Agricultura de \u00d1uble, FIA e INIA, y ser\u00e1 la instancia propicia para escuchar y...\" \/>\n<meta property=\"og:url\" content=\"https:\/\/www.mundoagropecuario.cl\/new\/especialistas-abordaran-en-chillan-medidas-para-adaptar-agricultura-de-nuble-al-cambio-climatico\/\" \/>\n<meta property=\"og:site_name\" content=\"Mundoagropecuario\" \/>\n<meta property=\"article:publisher\" content=\"https:\/\/www.facebook.com\/mundo.agropecuario.3\" \/>\n<meta property=\"article:published_time\" content=\"2019-04-23T07:01:53+00:00\" \/>\n<meta property=\"article:modified_time\" content=\"2019-04-23T07:13:32+00:00\" \/>\n<meta property=\"og:image\" content=\"https:\/\/www.mundoagropecuario.cl\/new\/wp-content\/uploads\/2019\/04\/suelos-agr\u00edcolas-cambio-clima.jpg\" \/>\n\t<meta property=\"og:image:width\" content=\"650\" \/>\n\t<meta property=\"og:image:height\" content=\"413\" \/>\n\t<meta property=\"og:image:type\" content=\"image\/jpeg\" \/>\n<meta name=\"author\" content=\"periodista\" \/>\n<meta name=\"twitter:card\" content=\"summary_large_image\" \/>\n<meta name=\"twitter:creator\" content=\"@MundoAgropecuar\" \/>\n<meta name=\"twitter:site\" content=\"@MundoAgropecuar\" \/>\n<meta name=\"twitter:label1\" content=\"Escrito por\" \/>\n\t<meta name=\"twitter:data1\" content=\"periodista\" \/>\n\t<meta name=\"twitter:label2\" content=\"Tiempo de lectura\" \/>\n\t<meta name=\"twitter:data2\" content=\"3 minutos\" \/>\n<script type=\"application\/ld+json\" class=\"yoast-schema-graph\">{\"@context\":\"https:\/\/schema.org\",\"@graph\":[{\"@type\":\"Article\",\"@id\":\"https:\/\/www.mundoagropecuario.cl\/new\/especialistas-abordaran-en-chillan-medidas-para-adaptar-agricultura-de-nuble-al-cambio-climatico\/#article\",\"isPartOf\":{\"@id\":\"https:\/\/www.mundoagropecuario.cl\/new\/especialistas-abordaran-en-chillan-medidas-para-adaptar-agricultura-de-nuble-al-cambio-climatico\/\"},\"author\":{\"name\":\"periodista\",\"@id\":\"https:\/\/www.mundoagropecuario.cl\/new\/#\/schema\/person\/0c221050801c74e45256a7a9a1ff0803\"},\"headline\":\"Especialistas abordar\u00e1n en Chill\u00e1n medidas para adaptar agricultura de \u00d1uble al cambio clim\u00e1tico\",\"datePublished\":\"2019-04-23T07:01:53+00:00\",\"dateModified\":\"2019-04-23T07:13:32+00:00\",\"mainEntityOfPage\":{\"@id\":\"https:\/\/www.mundoagropecuario.cl\/new\/especialistas-abordaran-en-chillan-medidas-para-adaptar-agricultura-de-nuble-al-cambio-climatico\/\"},\"wordCount\":532,\"publisher\":{\"@id\":\"https:\/\/www.mundoagropecuario.cl\/new\/#organization\"},\"image\":{\"@id\":\"https:\/\/www.mundoagropecuario.cl\/new\/especialistas-abordaran-en-chillan-medidas-para-adaptar-agricultura-de-nuble-al-cambio-climatico\/#primaryimage\"},\"thumbnailUrl\":\"https:\/\/www.mundoagropecuario.cl\/new\/wp-content\/uploads\/2019\/04\/suelos-agr\u00edcolas-cambio-clima.jpg\",\"keywords\":[\"agroclim\u00e1tico\",\"Cambio clim\u00e1tico\",\"\u00d1uble\"],\"articleSection\":[\"Sustentabilidad\"],\"inLanguage\":\"es\"},{\"@type\":\"WebPage\",\"@id\":\"https:\/\/www.mundoagropecuario.cl\/new\/especialistas-abordaran-en-chillan-medidas-para-adaptar-agricultura-de-nuble-al-cambio-climatico\/\",\"url\":\"https:\/\/www.mundoagropecuario.cl\/new\/especialistas-abordaran-en-chillan-medidas-para-adaptar-agricultura-de-nuble-al-cambio-climatico\/\",\"name\":\"Especialistas abordar\u00e1n en Chill\u00e1n medidas para adaptar agricultura de \u00d1uble al cambio clim\u00e1tico - Mundoagropecuario\",\"isPartOf\":{\"@id\":\"https:\/\/www.mundoagropecuario.cl\/new\/#website\"},\"primaryImageOfPage\":{\"@id\":\"https:\/\/www.mundoagropecuario.cl\/new\/especialistas-abordaran-en-chillan-medidas-para-adaptar-agricultura-de-nuble-al-cambio-climatico\/#primaryimage\"},\"image\":{\"@id\":\"https:\/\/www.mundoagropecuario.cl\/new\/especialistas-abordaran-en-chillan-medidas-para-adaptar-agricultura-de-nuble-al-cambio-climatico\/#primaryimage\"},\"thumbnailUrl\":\"https:\/\/www.mundoagropecuario.cl\/new\/wp-content\/uploads\/2019\/04\/suelos-agr\u00edcolas-cambio-clima.jpg\",\"datePublished\":\"2019-04-23T07:01:53+00:00\",\"dateModified\":\"2019-04-23T07:13:32+00:00\",\"breadcrumb\":{\"@id\":\"https:\/\/www.mundoagropecuario.cl\/new\/especialistas-abordaran-en-chillan-medidas-para-adaptar-agricultura-de-nuble-al-cambio-climatico\/#breadcrumb\"},\"inLanguage\":\"es\",\"potentialAction\":[{\"@type\":\"ReadAction\",\"target\":[\"https:\/\/www.mundoagropecuario.cl\/new\/especialistas-abordaran-en-chillan-medidas-para-adaptar-agricultura-de-nuble-al-cambio-climatico\/\"]}]},{\"@type\":\"ImageObject\",\"inLanguage\":\"es\",\"@id\":\"https:\/\/www.mundoagropecuario.cl\/new\/especialistas-abordaran-en-chillan-medidas-para-adaptar-agricultura-de-nuble-al-cambio-climatico\/#primaryimage\",\"url\":\"https:\/\/www.mundoagropecuario.cl\/new\/wp-content\/uploads\/2019\/04\/suelos-agr\u00edcolas-cambio-clima.jpg\",\"contentUrl\":\"https:\/\/www.mundoagropecuario.cl\/new\/wp-content\/uploads\/2019\/04\/suelos-agr\u00edcolas-cambio-clima.jpg\",\"width\":630,\"height\":400},{\"@type\":\"BreadcrumbList\",\"@id\":\"https:\/\/www.mundoagropecuario.cl\/new\/especialistas-abordaran-en-chillan-medidas-para-adaptar-agricultura-de-nuble-al-cambio-climatico\/#breadcrumb\",\"itemListElement\":[{\"@type\":\"ListItem\",\"position\":1,\"name\":\"Portada\",\"item\":\"https:\/\/www.mundoagropecuario.cl\/new\/\"},{\"@type\":\"ListItem\",\"position\":2,\"name\":\"Especialistas abordar\u00e1n en Chill\u00e1n medidas para adaptar agricultura de \u00d1uble al cambio clim\u00e1tico\"}]},{\"@type\":\"WebSite\",\"@id\":\"https:\/\/www.mundoagropecuario.cl\/new\/#website\",\"url\":\"https:\/\/www.mundoagropecuario.cl\/new\/\",\"name\":\"Mundoagropecuario\",\"description\":\"Mundo Agropecuario\",\"publisher\":{\"@id\":\"https:\/\/www.mundoagropecuario.cl\/new\/#organization\"},\"potentialAction\":[{\"@type\":\"SearchAction\",\"target\":{\"@type\":\"EntryPoint\",\"urlTemplate\":\"https:\/\/www.mundoagropecuario.cl\/new\/?s={search_term_string}\"},\"query-input\":{\"@type\":\"PropertyValueSpecification\",\"valueRequired\":true,\"valueName\":\"search_term_string\"}}],\"inLanguage\":\"es\"},{\"@type\":\"Organization\",\"@id\":\"https:\/\/www.mundoagropecuario.cl\/new\/#organization\",\"name\":\"Revista de Agricultura\",\"url\":\"https:\/\/www.mundoagropecuario.cl\/new\/\",\"logo\":{\"@type\":\"ImageObject\",\"inLanguage\":\"es\",\"@id\":\"https:\/\/www.mundoagropecuario.cl\/new\/#\/schema\/logo\/image\/\",\"url\":\"https:\/\/www.mundoagropecuario.cl\/new\/wp-content\/uploads\/2020\/11\/PORTAL-1-1.png\",\"contentUrl\":\"https:\/\/www.mundoagropecuario.cl\/new\/wp-content\/uploads\/2020\/11\/PORTAL-1-1.png\",\"width\":1026,\"height\":100,\"caption\":\"Revista de Agricultura\"},\"image\":{\"@id\":\"https:\/\/www.mundoagropecuario.cl\/new\/#\/schema\/logo\/image\/\"},\"sameAs\":[\"https:\/\/www.facebook.com\/mundo.agropecuario.3\",\"https:\/\/x.com\/MundoAgropecuar\",\"https:\/\/www.linkedin.com\/in\/mundo-agropecuario-934009201\/\"]},{\"@type\":\"Person\",\"@id\":\"https:\/\/www.mundoagropecuario.cl\/new\/#\/schema\/person\/0c221050801c74e45256a7a9a1ff0803\",\"name\":\"periodista\",\"url\":\"https:\/\/www.mundoagropecuario.cl\/new\/author\/periodista\/\"}]}<\/script>\n<!-- \/ Yoast SEO plugin. -->","yoast_head_json":{"title":"Especialistas abordar\u00e1n en Chill\u00e1n medidas para adaptar agricultura de \u00d1uble al cambio clim\u00e1tico - Mundoagropecuario","robots":{"index":"index","follow":"follow","max-snippet":"max-snippet:-1","max-image-preview":"max-image-preview:large","max-video-preview":"max-video-preview:-1"},"canonical":"https:\/\/www.mundoagropecuario.cl\/new\/especialistas-abordaran-en-chillan-medidas-para-adaptar-agricultura-de-nuble-al-cambio-climatico\/","og_locale":"es_ES","og_type":"article","og_title":"Especialistas abordar\u00e1n en Chill\u00e1n medidas para adaptar agricultura de \u00d1uble al cambio clim\u00e1tico - Mundoagropecuario","og_description":"Seminario previsto para este jueves 25 y viernes 26 de abril, es organizado por Seremi de Agricultura de \u00d1uble, FIA e INIA, y ser\u00e1 la instancia propicia para escuchar y...","og_url":"https:\/\/www.mundoagropecuario.cl\/new\/especialistas-abordaran-en-chillan-medidas-para-adaptar-agricultura-de-nuble-al-cambio-climatico\/","og_site_name":"Mundoagropecuario","article_publisher":"https:\/\/www.facebook.com\/mundo.agropecuario.3","article_published_time":"2019-04-23T07:01:53+00:00","article_modified_time":"2019-04-23T07:13:32+00:00","og_image":[{"width":650,"height":413,"url":"https:\/\/www.mundoagropecuario.cl\/new\/wp-content\/uploads\/2019\/04\/suelos-agr\u00edcolas-cambio-clima.jpg","type":"image\/jpeg"}],"author":"periodista","twitter_card":"summary_large_image","twitter_creator":"@MundoAgropecuar","twitter_site":"@MundoAgropecuar","twitter_misc":{"Escrito por":"periodista","Tiempo de lectura":"3 minutos"},"schema":{"@context":"https:\/\/schema.org","@graph":[{"@type":"Article","@id":"https:\/\/www.mundoagropecuario.cl\/new\/especialistas-abordaran-en-chillan-medidas-para-adaptar-agricultura-de-nuble-al-cambio-climatico\/#article","isPartOf":{"@id":"https:\/\/www.mundoagropecuario.cl\/new\/especialistas-abordaran-en-chillan-medidas-para-adaptar-agricultura-de-nuble-al-cambio-climatico\/"},"author":{"name":"periodista","@id":"https:\/\/www.mundoagropecuario.cl\/new\/#\/schema\/person\/0c221050801c74e45256a7a9a1ff0803"},"headline":"Especialistas abordar\u00e1n en Chill\u00e1n medidas para adaptar agricultura de \u00d1uble al cambio clim\u00e1tico","datePublished":"2019-04-23T07:01:53+00:00","dateModified":"2019-04-23T07:13:32+00:00","mainEntityOfPage":{"@id":"https:\/\/www.mundoagropecuario.cl\/new\/especialistas-abordaran-en-chillan-medidas-para-adaptar-agricultura-de-nuble-al-cambio-climatico\/"},"wordCount":532,"publisher":{"@id":"https:\/\/www.mundoagropecuario.cl\/new\/#organization"},"image":{"@id":"https:\/\/www.mundoagropecuario.cl\/new\/especialistas-abordaran-en-chillan-medidas-para-adaptar-agricultura-de-nuble-al-cambio-climatico\/#primaryimage"},"thumbnailUrl":"https:\/\/www.mundoagropecuario.cl\/new\/wp-content\/uploads\/2019\/04\/suelos-agr\u00edcolas-cambio-clima.jpg","keywords":["agroclim\u00e1tico","Cambio clim\u00e1tico","\u00d1uble"],"articleSection":["Sustentabilidad"],"inLanguage":"es"},{"@type":"WebPage","@id":"https:\/\/www.mundoagropecuario.cl\/new\/especialistas-abordaran-en-chillan-medidas-para-adaptar-agricultura-de-nuble-al-cambio-climatico\/","url":"https:\/\/www.mundoagropecuario.cl\/new\/especialistas-abordaran-en-chillan-medidas-para-adaptar-agricultura-de-nuble-al-cambio-climatico\/","name":"Especialistas abordar\u00e1n en Chill\u00e1n medidas para adaptar agricultura de \u00d1uble al cambio clim\u00e1tico - Mundoagropecuario","isPartOf":{"@id":"https:\/\/www.mundoagropecuario.cl\/new\/#website"},"primaryImageOfPage":{"@id":"https:\/\/www.mundoagropecuario.cl\/new\/especialistas-abordaran-en-chillan-medidas-para-adaptar-agricultura-de-nuble-al-cambio-climatico\/#primaryimage"},"image":{"@id":"https:\/\/www.mundoagropecuario.cl\/new\/especialistas-abordaran-en-chillan-medidas-para-adaptar-agricultura-de-nuble-al-cambio-climatico\/#primaryimage"},"thumbnailUrl":"https:\/\/www.mundoagropecuario.cl\/new\/wp-content\/uploads\/2019\/04\/suelos-agr\u00edcolas-cambio-clima.jpg","datePublished":"2019-04-23T07:01:53+00:00","dateModified":"2019-04-23T07:13:32+00:00","breadcrumb":{"@id":"https:\/\/www.mundoagropecuario.cl\/new\/especialistas-abordaran-en-chillan-medidas-para-adaptar-agricultura-de-nuble-al-cambio-climatico\/#breadcrumb"},"inLanguage":"es","potentialAction":[{"@type":"ReadAction","target":["https:\/\/www.mundoagropecuario.cl\/new\/especialistas-abordaran-en-chillan-medidas-para-adaptar-agricultura-de-nuble-al-cambio-climatico\/"]}]},{"@type":"ImageObject","inLanguage":"es","@id":"https:\/\/www.mundoagropecuario.cl\/new\/especialistas-abordaran-en-chillan-medidas-para-adaptar-agricultura-de-nuble-al-cambio-climatico\/#primaryimage","url":"https:\/\/www.mundoagropecuario.cl\/new\/wp-content\/uploads\/2019\/04\/suelos-agr\u00edcolas-cambio-clima.jpg","contentUrl":"https:\/\/www.mundoagropecuario.cl\/new\/wp-content\/uploads\/2019\/04\/suelos-agr\u00edcolas-cambio-clima.jpg","width":630,"height":400},{"@type":"BreadcrumbList","@id":"https:\/\/www.mundoagropecuario.cl\/new\/especialistas-abordaran-en-chillan-medidas-para-adaptar-agricultura-de-nuble-al-cambio-climatico\/#breadcrumb","itemListElement":[{"@type":"ListItem","position":1,"name":"Portada","item":"https:\/\/www.mundoagropecuario.cl\/new\/"},{"@type":"ListItem","position":2,"name":"Especialistas abordar\u00e1n en Chill\u00e1n medidas para adaptar agricultura de \u00d1uble al cambio clim\u00e1tico"}]},{"@type":"WebSite","@id":"https:\/\/www.mundoagropecuario.cl\/new\/#website","url":"https:\/\/www.mundoagropecuario.cl\/new\/","name":"Mundoagropecuario","description":"Mundo Agropecuario","publisher":{"@id":"https:\/\/www.mundoagropecuario.cl\/new\/#organization"},"potentialAction":[{"@type":"SearchAction","target":{"@type":"EntryPoint","urlTemplate":"https:\/\/www.mundoagropecuario.cl\/new\/?s={search_term_string}"},"query-input":{"@type":"PropertyValueSpecification","valueRequired":true,"valueName":"search_term_string"}}],"inLanguage":"es"},{"@type":"Organization","@id":"https:\/\/www.mundoagropecuario.cl\/new\/#organization","name":"Revista de Agricultura","url":"https:\/\/www.mundoagropecuario.cl\/new\/","logo":{"@type":"ImageObject","inLanguage":"es","@id":"https:\/\/www.mundoagropecuario.cl\/new\/#\/schema\/logo\/image\/","url":"https:\/\/www.mundoagropecuario.cl\/new\/wp-content\/uploads\/2020\/11\/PORTAL-1-1.png","contentUrl":"https:\/\/www.mundoagropecuario.cl\/new\/wp-content\/uploads\/2020\/11\/PORTAL-1-1.png","width":1026,"height":100,"caption":"Revista de Agricultura"},"image":{"@id":"https:\/\/www.mundoagropecuario.cl\/new\/#\/schema\/logo\/image\/"},"sameAs":["https:\/\/www.facebook.com\/mundo.agropecuario.3","https:\/\/x.com\/MundoAgropecuar","https:\/\/www.linkedin.com\/in\/mundo-agropecuario-934009201\/"]},{"@type":"Person","@id":"https:\/\/www.mundoagropecuario.cl\/new\/#\/schema\/person\/0c221050801c74e45256a7a9a1ff0803","name":"periodista","url":"https:\/\/www.mundoagropecuario.cl\/new\/author\/periodista\/"}]}},"_links":{"self":[{"href":"https:\/\/www.mundoagropecuario.cl\/new\/wp-json\/wp\/v2\/posts\/11560","targetHints":{"allow":["GET"]}}],"collection":[{"href":"https:\/\/www.mundoagropecuario.cl\/new\/wp-json\/wp\/v2\/posts"}],"about":[{"href":"https:\/\/www.mundoagropecuario.cl\/new\/wp-json\/wp\/v2\/types\/post"}],"author":[{"embeddable":true,"href":"https:\/\/www.mundoagropecuario.cl\/new\/wp-json\/wp\/v2\/users\/3"}],"replies":[{"embeddable":true,"href":"https:\/\/www.mundoagropecuario.cl\/new\/wp-json\/wp\/v2\/comments?post=11560"}],"version-history":[{"count":1,"href":"https:\/\/www.mundoagropecuario.cl\/new\/wp-json\/wp\/v2\/posts\/11560\/revisions"}],"predecessor-version":[{"id":11562,"href":"https:\/\/www.mundoagropecuario.cl\/new\/wp-json\/wp\/v2\/posts\/11560\/revisions\/11562"}],"wp:featuredmedia":[{"embeddable":true,"href":"https:\/\/www.mundoagropecuario.cl\/new\/wp-json\/wp\/v2\/media\/11561"}],"wp:attachment":[{"href":"https:\/\/www.mundoagropecuario.cl\/new\/wp-json\/wp\/v2\/media?parent=11560"}],"wp:term":[{"taxonomy":"category","embeddable":true,"href":"https:\/\/www.mundoagropecuario.cl\/new\/wp-json\/wp\/v2\/categories?post=11560"},{"taxonomy":"post_tag","embeddable":true,"href":"https:\/\/www.mundoagropecuario.cl\/new\/wp-json\/wp\/v2\/tags?post=11560"}],"curies":[{"name":"wp","href":"https:\/\/api.w.org\/{rel}","templated":true}]}}