{"id":11518,"date":"2019-04-18T02:00:03","date_gmt":"2019-04-18T05:00:03","guid":{"rendered":"http:\/\/www.mundoagropecuario.cl\/new\/?p=11518"},"modified":"2019-04-22T13:36:00","modified_gmt":"2019-04-22T16:36:00","slug":"chile-muestra-su-sistema-de-alerta-temprana-para-tizon-tardio-de-la-papa-en-paises-de-latinoamerica","status":"publish","type":"post","link":"https:\/\/www.mundoagropecuario.cl\/new\/chile-muestra-su-sistema-de-alerta-temprana-para-tizon-tardio-de-la-papa-en-paises-de-latinoamerica\/","title":{"rendered":"Chile muestra su sistema de alerta temprana para Tiz\u00f3n tard\u00edo de la papa en pa\u00edses de Latinoam\u00e9rica"},"content":{"rendered":"<blockquote><p><em>Como parte de un proyecto del Fondo Regional de Tecnolog\u00eda Agropecuaria (FONTAGRO) durante tres d\u00edas especialistas de Chile, Argentina, Ecuador y Panam\u00e1 participaron de un taller en Chilo\u00e9, en el que se dio a conocer el trabajo realizado por el Instituto de Investigaciones Agropecuarias (INIA) de Chile, para controlar esta grave enfermedad (Mundo Agropecuario).<\/em><\/p><\/blockquote>\n<p>Conocer la experiencia chilena para la implementaci\u00f3n de un sistema de alerta temprana para un manejo preventivo sustentable del Tiz\u00f3n tard\u00edo de la papa, como medida de adaptaci\u00f3n frente a la variabilidad del cambio clim\u00e1tico en Latinoam\u00e9rica, fue el objetivo de un taller realizado recientemente en el archipi\u00e9lago de Chilo\u00e9, con representantes del Instituto Nacional de Tecnolog\u00eda Agropecuaria (INTA) de Argentina; el Instituto Nacional de Investigaciones Agropecuarias (INIAP) de Ecuador, el Instituto de Investigaci\u00f3n Agropecuaria (IDIAP) de Panam\u00e1, el Instituto de Investigaciones Agropecuarias (INIA) de Chile, la Direcci\u00f3n Meteorol\u00f3gica y el Consorcio Papa Chile.<\/p>\n<p>Ivette Acu\u00f1a, subdirectora regional de INIA Remehue y coordinadora del taller y l\u00edder de este proyecto, explic\u00f3 que \u201cesta iniciativa ejecutada por el INIA chileno, con el financiamiento de FONTAGRO y el Banco Interamericano de Desarrollo (BID), busca formar una plataforma de especialistas en Tiz\u00f3n tard\u00edo de la papa en Latinoam\u00e9rica, con el objetivo de implementar un sistemas de alerta temprana como herramienta de apoyo a la toma de decisiones en sistemas productivos de la agricultura familiar en los pa\u00edses participantes\u201d.<\/p>\n<p>A\u00f1adi\u00f3 que \u201cesta red de especialistas trabajar\u00e1 como una comunidad de pr\u00e1ctica, con comunicaci\u00f3n a trav\u00e9s de reuniones virtuales, talleres de capacitaci\u00f3n, un portal web y tambi\u00e9n de manera muy cercana a los asesores y agricultores de papa de cada pa\u00eds. En Chile trabajaremos con agricultores de papa de la isla de Chilo\u00e9\u201d.<\/p>\n<p>Acu\u00f1a, quien es adem\u00e1s especialista en enfermedades de papa, puntualiz\u00f3 que \u201cel sistema de alerta temprana de tiz\u00f3n tard\u00edo desarrollado por el INIA de Chile y presentado en esta jornada, es una plataforma de informaci\u00f3n que procesa los datos meteorol\u00f3gicos capturados desde la Red de Estaciones Meteorol\u00f3gica Autom\u00e1ticas de INIA, entre las regiones del B\u00edo B\u00edo a Los Lagos. Esto permite identificar si existen las condiciones para el desarrollo de la enfermedad y enviar una alerta a los agricultores y asesores inscritos en el sistema\u201d.<\/p>\n<p>Enfatiz\u00f3 que \u201ccon el pron\u00f3stico de condiciones apropiadas para el desarrollo del tiz\u00f3n tard\u00edo, en cuanto a temperatura del aire, horas de humedad relativa sobre 80% y precipitaciones, se emite una alerta a los usuarios a trav\u00e9s del sitio web http:\/\/tizon.inia.cl y se env\u00edan correos electr\u00f3nicos y mensajes de texto a los celulares\u201d.<\/p>\n<p>Sobre las ventajas del sistema, la especialista indic\u00f3 que \u201cel uso de esta informaci\u00f3n basada en alerta temprana ayuda a los agricultores a realizar un control en forma oportuna y eficiente y s\u00f3lo cuando es necesario. As\u00ed, esta informaci\u00f3n, junto a capacitaciones en manejo integrado y buenas pr\u00e1cticas agr\u00edcolas, apoya la producci\u00f3n sustentable del cultivo de papa y la adaptaci\u00f3n y mitigaci\u00f3n al cambio clim\u00e1tico\u201d.<\/p>\n<p>Asimismo, recalc\u00f3 que \u201ca trav\u00e9s de este proyecto se espera reducir en un 50% el uso de pesticidas necesarios para el control de tiz\u00f3n tard\u00edo en Latinoam\u00e9rica, mejorando la eficiencia y seguridad en el manejo de estos productos, lo que junto con la implementaci\u00f3n de una estrategia de Manejo Integrado de Plagas (MIP), de acuerdo a la condici\u00f3n ambiental y sistema productivo, permitir\u00e1 disminuir los costos de producci\u00f3n en al menos un 20% y reducir el potencial impacto ambiental. Adem\u00e1s, se fortalecer\u00e1n las capacidades de investigaci\u00f3n aplicada en los pa\u00edses que est\u00e1n participando del proyecto\u201d.<\/p>\n<p>&nbsp;<\/p>\n<p>&nbsp;<\/p>\n<p>&nbsp;<\/p>\n","protected":false},"excerpt":{"rendered":"<p>Como parte de un proyecto del Fondo Regional de Tecnolog\u00eda Agropecuaria (FONTAGRO) durante tres d\u00edas especialistas de Chile, Argentina, Ecuador y Panam\u00e1 participaron de un taller en Chilo\u00e9, en el&#8230;<\/p>\n","protected":false},"author":3,"featured_media":11519,"comment_status":"closed","ping_status":"closed","sticky":false,"template":"","format":"standard","meta":{"footnotes":""},"categories":[1945],"tags":[3457,939,2063,1993,2234,3550],"class_list":["post-11518","post","type-post","status-publish","format-standard","has-post-thumbnail","hentry","category-agricultura","tag-bid","tag-chiloe","tag-fontagro","tag-inia-remehue","tag-papa","tag-tizon-tardio"],"yoast_head":"<!-- This site is optimized with the Yoast SEO plugin v26.6 - https:\/\/yoast.com\/wordpress\/plugins\/seo\/ -->\n<title>Chile muestra su sistema de alerta temprana para Tiz\u00f3n tard\u00edo de la papa en pa\u00edses de Latinoam\u00e9rica - Mundoagropecuario<\/title>\n<meta name=\"robots\" content=\"index, follow, max-snippet:-1, max-image-preview:large, max-video-preview:-1\" \/>\n<link rel=\"canonical\" href=\"https:\/\/www.mundoagropecuario.cl\/new\/chile-muestra-su-sistema-de-alerta-temprana-para-tizon-tardio-de-la-papa-en-paises-de-latinoamerica\/\" \/>\n<meta property=\"og:locale\" content=\"es_ES\" \/>\n<meta property=\"og:type\" content=\"article\" \/>\n<meta property=\"og:title\" content=\"Chile muestra su sistema de alerta temprana para Tiz\u00f3n tard\u00edo de la papa en pa\u00edses de Latinoam\u00e9rica - Mundoagropecuario\" \/>\n<meta property=\"og:description\" content=\"Como parte de un proyecto del Fondo Regional de Tecnolog\u00eda Agropecuaria (FONTAGRO) durante tres d\u00edas especialistas de Chile, Argentina, Ecuador y Panam\u00e1 participaron de un taller en Chilo\u00e9, en el...\" \/>\n<meta property=\"og:url\" content=\"https:\/\/www.mundoagropecuario.cl\/new\/chile-muestra-su-sistema-de-alerta-temprana-para-tizon-tardio-de-la-papa-en-paises-de-latinoamerica\/\" \/>\n<meta property=\"og:site_name\" content=\"Mundoagropecuario\" \/>\n<meta property=\"article:publisher\" content=\"https:\/\/www.facebook.com\/mundo.agropecuario.3\" \/>\n<meta property=\"article:published_time\" content=\"2019-04-18T05:00:03+00:00\" \/>\n<meta property=\"article:modified_time\" content=\"2019-04-22T16:36:00+00:00\" \/>\n<meta property=\"og:image\" content=\"https:\/\/www.mundoagropecuario.cl\/new\/wp-content\/uploads\/2019\/04\/tizon-tardio.jpg\" \/>\n\t<meta property=\"og:image:width\" content=\"903\" \/>\n\t<meta property=\"og:image:height\" content=\"600\" \/>\n\t<meta property=\"og:image:type\" content=\"image\/jpeg\" \/>\n<meta name=\"author\" content=\"periodista\" \/>\n<meta name=\"twitter:card\" content=\"summary_large_image\" \/>\n<meta name=\"twitter:creator\" content=\"@MundoAgropecuar\" \/>\n<meta name=\"twitter:site\" content=\"@MundoAgropecuar\" \/>\n<meta name=\"twitter:label1\" content=\"Escrito por\" \/>\n\t<meta name=\"twitter:data1\" content=\"periodista\" \/>\n\t<meta name=\"twitter:label2\" content=\"Tiempo de lectura\" \/>\n\t<meta name=\"twitter:data2\" content=\"3 minutos\" \/>\n<script type=\"application\/ld+json\" class=\"yoast-schema-graph\">{\"@context\":\"https:\/\/schema.org\",\"@graph\":[{\"@type\":\"Article\",\"@id\":\"https:\/\/www.mundoagropecuario.cl\/new\/chile-muestra-su-sistema-de-alerta-temprana-para-tizon-tardio-de-la-papa-en-paises-de-latinoamerica\/#article\",\"isPartOf\":{\"@id\":\"https:\/\/www.mundoagropecuario.cl\/new\/chile-muestra-su-sistema-de-alerta-temprana-para-tizon-tardio-de-la-papa-en-paises-de-latinoamerica\/\"},\"author\":{\"name\":\"periodista\",\"@id\":\"https:\/\/www.mundoagropecuario.cl\/new\/#\/schema\/person\/0c221050801c74e45256a7a9a1ff0803\"},\"headline\":\"Chile muestra su sistema de alerta temprana para Tiz\u00f3n tard\u00edo de la papa en pa\u00edses de Latinoam\u00e9rica\",\"datePublished\":\"2019-04-18T05:00:03+00:00\",\"dateModified\":\"2019-04-22T16:36:00+00:00\",\"mainEntityOfPage\":{\"@id\":\"https:\/\/www.mundoagropecuario.cl\/new\/chile-muestra-su-sistema-de-alerta-temprana-para-tizon-tardio-de-la-papa-en-paises-de-latinoamerica\/\"},\"wordCount\":667,\"publisher\":{\"@id\":\"https:\/\/www.mundoagropecuario.cl\/new\/#organization\"},\"image\":{\"@id\":\"https:\/\/www.mundoagropecuario.cl\/new\/chile-muestra-su-sistema-de-alerta-temprana-para-tizon-tardio-de-la-papa-en-paises-de-latinoamerica\/#primaryimage\"},\"thumbnailUrl\":\"https:\/\/www.mundoagropecuario.cl\/new\/wp-content\/uploads\/2019\/04\/tizon-tardio.jpg\",\"keywords\":[\"BID\",\"Chilo\u00e9\",\"Fontagro\",\"INIA Remehue\",\"Papa\",\"tiz\u00f3n tard\u00edo\"],\"articleSection\":[\"Agricultura\"],\"inLanguage\":\"es\"},{\"@type\":\"WebPage\",\"@id\":\"https:\/\/www.mundoagropecuario.cl\/new\/chile-muestra-su-sistema-de-alerta-temprana-para-tizon-tardio-de-la-papa-en-paises-de-latinoamerica\/\",\"url\":\"https:\/\/www.mundoagropecuario.cl\/new\/chile-muestra-su-sistema-de-alerta-temprana-para-tizon-tardio-de-la-papa-en-paises-de-latinoamerica\/\",\"name\":\"Chile muestra su sistema de alerta temprana para Tiz\u00f3n tard\u00edo de la papa en pa\u00edses de Latinoam\u00e9rica - Mundoagropecuario\",\"isPartOf\":{\"@id\":\"https:\/\/www.mundoagropecuario.cl\/new\/#website\"},\"primaryImageOfPage\":{\"@id\":\"https:\/\/www.mundoagropecuario.cl\/new\/chile-muestra-su-sistema-de-alerta-temprana-para-tizon-tardio-de-la-papa-en-paises-de-latinoamerica\/#primaryimage\"},\"image\":{\"@id\":\"https:\/\/www.mundoagropecuario.cl\/new\/chile-muestra-su-sistema-de-alerta-temprana-para-tizon-tardio-de-la-papa-en-paises-de-latinoamerica\/#primaryimage\"},\"thumbnailUrl\":\"https:\/\/www.mundoagropecuario.cl\/new\/wp-content\/uploads\/2019\/04\/tizon-tardio.jpg\",\"datePublished\":\"2019-04-18T05:00:03+00:00\",\"dateModified\":\"2019-04-22T16:36:00+00:00\",\"breadcrumb\":{\"@id\":\"https:\/\/www.mundoagropecuario.cl\/new\/chile-muestra-su-sistema-de-alerta-temprana-para-tizon-tardio-de-la-papa-en-paises-de-latinoamerica\/#breadcrumb\"},\"inLanguage\":\"es\",\"potentialAction\":[{\"@type\":\"ReadAction\",\"target\":[\"https:\/\/www.mundoagropecuario.cl\/new\/chile-muestra-su-sistema-de-alerta-temprana-para-tizon-tardio-de-la-papa-en-paises-de-latinoamerica\/\"]}]},{\"@type\":\"ImageObject\",\"inLanguage\":\"es\",\"@id\":\"https:\/\/www.mundoagropecuario.cl\/new\/chile-muestra-su-sistema-de-alerta-temprana-para-tizon-tardio-de-la-papa-en-paises-de-latinoamerica\/#primaryimage\",\"url\":\"https:\/\/www.mundoagropecuario.cl\/new\/wp-content\/uploads\/2019\/04\/tizon-tardio.jpg\",\"contentUrl\":\"https:\/\/www.mundoagropecuario.cl\/new\/wp-content\/uploads\/2019\/04\/tizon-tardio.jpg\",\"width\":602,\"height\":400},{\"@type\":\"BreadcrumbList\",\"@id\":\"https:\/\/www.mundoagropecuario.cl\/new\/chile-muestra-su-sistema-de-alerta-temprana-para-tizon-tardio-de-la-papa-en-paises-de-latinoamerica\/#breadcrumb\",\"itemListElement\":[{\"@type\":\"ListItem\",\"position\":1,\"name\":\"Portada\",\"item\":\"https:\/\/www.mundoagropecuario.cl\/new\/\"},{\"@type\":\"ListItem\",\"position\":2,\"name\":\"Chile muestra su sistema de alerta temprana para Tiz\u00f3n tard\u00edo de la papa en pa\u00edses de Latinoam\u00e9rica\"}]},{\"@type\":\"WebSite\",\"@id\":\"https:\/\/www.mundoagropecuario.cl\/new\/#website\",\"url\":\"https:\/\/www.mundoagropecuario.cl\/new\/\",\"name\":\"Mundoagropecuario\",\"description\":\"Mundo Agropecuario\",\"publisher\":{\"@id\":\"https:\/\/www.mundoagropecuario.cl\/new\/#organization\"},\"potentialAction\":[{\"@type\":\"SearchAction\",\"target\":{\"@type\":\"EntryPoint\",\"urlTemplate\":\"https:\/\/www.mundoagropecuario.cl\/new\/?s={search_term_string}\"},\"query-input\":{\"@type\":\"PropertyValueSpecification\",\"valueRequired\":true,\"valueName\":\"search_term_string\"}}],\"inLanguage\":\"es\"},{\"@type\":\"Organization\",\"@id\":\"https:\/\/www.mundoagropecuario.cl\/new\/#organization\",\"name\":\"Revista de Agricultura\",\"url\":\"https:\/\/www.mundoagropecuario.cl\/new\/\",\"logo\":{\"@type\":\"ImageObject\",\"inLanguage\":\"es\",\"@id\":\"https:\/\/www.mundoagropecuario.cl\/new\/#\/schema\/logo\/image\/\",\"url\":\"https:\/\/www.mundoagropecuario.cl\/new\/wp-content\/uploads\/2020\/11\/PORTAL-1-1.png\",\"contentUrl\":\"https:\/\/www.mundoagropecuario.cl\/new\/wp-content\/uploads\/2020\/11\/PORTAL-1-1.png\",\"width\":1026,\"height\":100,\"caption\":\"Revista de Agricultura\"},\"image\":{\"@id\":\"https:\/\/www.mundoagropecuario.cl\/new\/#\/schema\/logo\/image\/\"},\"sameAs\":[\"https:\/\/www.facebook.com\/mundo.agropecuario.3\",\"https:\/\/x.com\/MundoAgropecuar\",\"https:\/\/www.linkedin.com\/in\/mundo-agropecuario-934009201\/\"]},{\"@type\":\"Person\",\"@id\":\"https:\/\/www.mundoagropecuario.cl\/new\/#\/schema\/person\/0c221050801c74e45256a7a9a1ff0803\",\"name\":\"periodista\",\"url\":\"https:\/\/www.mundoagropecuario.cl\/new\/author\/periodista\/\"}]}<\/script>\n<!-- \/ Yoast SEO plugin. -->","yoast_head_json":{"title":"Chile muestra su sistema de alerta temprana para Tiz\u00f3n tard\u00edo de la papa en pa\u00edses de Latinoam\u00e9rica - Mundoagropecuario","robots":{"index":"index","follow":"follow","max-snippet":"max-snippet:-1","max-image-preview":"max-image-preview:large","max-video-preview":"max-video-preview:-1"},"canonical":"https:\/\/www.mundoagropecuario.cl\/new\/chile-muestra-su-sistema-de-alerta-temprana-para-tizon-tardio-de-la-papa-en-paises-de-latinoamerica\/","og_locale":"es_ES","og_type":"article","og_title":"Chile muestra su sistema de alerta temprana para Tiz\u00f3n tard\u00edo de la papa en pa\u00edses de Latinoam\u00e9rica - Mundoagropecuario","og_description":"Como parte de un proyecto del Fondo Regional de Tecnolog\u00eda Agropecuaria (FONTAGRO) durante tres d\u00edas especialistas de Chile, Argentina, Ecuador y Panam\u00e1 participaron de un taller en Chilo\u00e9, en el...","og_url":"https:\/\/www.mundoagropecuario.cl\/new\/chile-muestra-su-sistema-de-alerta-temprana-para-tizon-tardio-de-la-papa-en-paises-de-latinoamerica\/","og_site_name":"Mundoagropecuario","article_publisher":"https:\/\/www.facebook.com\/mundo.agropecuario.3","article_published_time":"2019-04-18T05:00:03+00:00","article_modified_time":"2019-04-22T16:36:00+00:00","og_image":[{"width":903,"height":600,"url":"https:\/\/www.mundoagropecuario.cl\/new\/wp-content\/uploads\/2019\/04\/tizon-tardio.jpg","type":"image\/jpeg"}],"author":"periodista","twitter_card":"summary_large_image","twitter_creator":"@MundoAgropecuar","twitter_site":"@MundoAgropecuar","twitter_misc":{"Escrito por":"periodista","Tiempo de lectura":"3 minutos"},"schema":{"@context":"https:\/\/schema.org","@graph":[{"@type":"Article","@id":"https:\/\/www.mundoagropecuario.cl\/new\/chile-muestra-su-sistema-de-alerta-temprana-para-tizon-tardio-de-la-papa-en-paises-de-latinoamerica\/#article","isPartOf":{"@id":"https:\/\/www.mundoagropecuario.cl\/new\/chile-muestra-su-sistema-de-alerta-temprana-para-tizon-tardio-de-la-papa-en-paises-de-latinoamerica\/"},"author":{"name":"periodista","@id":"https:\/\/www.mundoagropecuario.cl\/new\/#\/schema\/person\/0c221050801c74e45256a7a9a1ff0803"},"headline":"Chile muestra su sistema de alerta temprana para Tiz\u00f3n tard\u00edo de la papa en pa\u00edses de Latinoam\u00e9rica","datePublished":"2019-04-18T05:00:03+00:00","dateModified":"2019-04-22T16:36:00+00:00","mainEntityOfPage":{"@id":"https:\/\/www.mundoagropecuario.cl\/new\/chile-muestra-su-sistema-de-alerta-temprana-para-tizon-tardio-de-la-papa-en-paises-de-latinoamerica\/"},"wordCount":667,"publisher":{"@id":"https:\/\/www.mundoagropecuario.cl\/new\/#organization"},"image":{"@id":"https:\/\/www.mundoagropecuario.cl\/new\/chile-muestra-su-sistema-de-alerta-temprana-para-tizon-tardio-de-la-papa-en-paises-de-latinoamerica\/#primaryimage"},"thumbnailUrl":"https:\/\/www.mundoagropecuario.cl\/new\/wp-content\/uploads\/2019\/04\/tizon-tardio.jpg","keywords":["BID","Chilo\u00e9","Fontagro","INIA Remehue","Papa","tiz\u00f3n tard\u00edo"],"articleSection":["Agricultura"],"inLanguage":"es"},{"@type":"WebPage","@id":"https:\/\/www.mundoagropecuario.cl\/new\/chile-muestra-su-sistema-de-alerta-temprana-para-tizon-tardio-de-la-papa-en-paises-de-latinoamerica\/","url":"https:\/\/www.mundoagropecuario.cl\/new\/chile-muestra-su-sistema-de-alerta-temprana-para-tizon-tardio-de-la-papa-en-paises-de-latinoamerica\/","name":"Chile muestra su sistema de alerta temprana para Tiz\u00f3n tard\u00edo de la papa en pa\u00edses de Latinoam\u00e9rica - Mundoagropecuario","isPartOf":{"@id":"https:\/\/www.mundoagropecuario.cl\/new\/#website"},"primaryImageOfPage":{"@id":"https:\/\/www.mundoagropecuario.cl\/new\/chile-muestra-su-sistema-de-alerta-temprana-para-tizon-tardio-de-la-papa-en-paises-de-latinoamerica\/#primaryimage"},"image":{"@id":"https:\/\/www.mundoagropecuario.cl\/new\/chile-muestra-su-sistema-de-alerta-temprana-para-tizon-tardio-de-la-papa-en-paises-de-latinoamerica\/#primaryimage"},"thumbnailUrl":"https:\/\/www.mundoagropecuario.cl\/new\/wp-content\/uploads\/2019\/04\/tizon-tardio.jpg","datePublished":"2019-04-18T05:00:03+00:00","dateModified":"2019-04-22T16:36:00+00:00","breadcrumb":{"@id":"https:\/\/www.mundoagropecuario.cl\/new\/chile-muestra-su-sistema-de-alerta-temprana-para-tizon-tardio-de-la-papa-en-paises-de-latinoamerica\/#breadcrumb"},"inLanguage":"es","potentialAction":[{"@type":"ReadAction","target":["https:\/\/www.mundoagropecuario.cl\/new\/chile-muestra-su-sistema-de-alerta-temprana-para-tizon-tardio-de-la-papa-en-paises-de-latinoamerica\/"]}]},{"@type":"ImageObject","inLanguage":"es","@id":"https:\/\/www.mundoagropecuario.cl\/new\/chile-muestra-su-sistema-de-alerta-temprana-para-tizon-tardio-de-la-papa-en-paises-de-latinoamerica\/#primaryimage","url":"https:\/\/www.mundoagropecuario.cl\/new\/wp-content\/uploads\/2019\/04\/tizon-tardio.jpg","contentUrl":"https:\/\/www.mundoagropecuario.cl\/new\/wp-content\/uploads\/2019\/04\/tizon-tardio.jpg","width":602,"height":400},{"@type":"BreadcrumbList","@id":"https:\/\/www.mundoagropecuario.cl\/new\/chile-muestra-su-sistema-de-alerta-temprana-para-tizon-tardio-de-la-papa-en-paises-de-latinoamerica\/#breadcrumb","itemListElement":[{"@type":"ListItem","position":1,"name":"Portada","item":"https:\/\/www.mundoagropecuario.cl\/new\/"},{"@type":"ListItem","position":2,"name":"Chile muestra su sistema de alerta temprana para Tiz\u00f3n tard\u00edo de la papa en pa\u00edses de Latinoam\u00e9rica"}]},{"@type":"WebSite","@id":"https:\/\/www.mundoagropecuario.cl\/new\/#website","url":"https:\/\/www.mundoagropecuario.cl\/new\/","name":"Mundoagropecuario","description":"Mundo Agropecuario","publisher":{"@id":"https:\/\/www.mundoagropecuario.cl\/new\/#organization"},"potentialAction":[{"@type":"SearchAction","target":{"@type":"EntryPoint","urlTemplate":"https:\/\/www.mundoagropecuario.cl\/new\/?s={search_term_string}"},"query-input":{"@type":"PropertyValueSpecification","valueRequired":true,"valueName":"search_term_string"}}],"inLanguage":"es"},{"@type":"Organization","@id":"https:\/\/www.mundoagropecuario.cl\/new\/#organization","name":"Revista de Agricultura","url":"https:\/\/www.mundoagropecuario.cl\/new\/","logo":{"@type":"ImageObject","inLanguage":"es","@id":"https:\/\/www.mundoagropecuario.cl\/new\/#\/schema\/logo\/image\/","url":"https:\/\/www.mundoagropecuario.cl\/new\/wp-content\/uploads\/2020\/11\/PORTAL-1-1.png","contentUrl":"https:\/\/www.mundoagropecuario.cl\/new\/wp-content\/uploads\/2020\/11\/PORTAL-1-1.png","width":1026,"height":100,"caption":"Revista de Agricultura"},"image":{"@id":"https:\/\/www.mundoagropecuario.cl\/new\/#\/schema\/logo\/image\/"},"sameAs":["https:\/\/www.facebook.com\/mundo.agropecuario.3","https:\/\/x.com\/MundoAgropecuar","https:\/\/www.linkedin.com\/in\/mundo-agropecuario-934009201\/"]},{"@type":"Person","@id":"https:\/\/www.mundoagropecuario.cl\/new\/#\/schema\/person\/0c221050801c74e45256a7a9a1ff0803","name":"periodista","url":"https:\/\/www.mundoagropecuario.cl\/new\/author\/periodista\/"}]}},"_links":{"self":[{"href":"https:\/\/www.mundoagropecuario.cl\/new\/wp-json\/wp\/v2\/posts\/11518","targetHints":{"allow":["GET"]}}],"collection":[{"href":"https:\/\/www.mundoagropecuario.cl\/new\/wp-json\/wp\/v2\/posts"}],"about":[{"href":"https:\/\/www.mundoagropecuario.cl\/new\/wp-json\/wp\/v2\/types\/post"}],"author":[{"embeddable":true,"href":"https:\/\/www.mundoagropecuario.cl\/new\/wp-json\/wp\/v2\/users\/3"}],"replies":[{"embeddable":true,"href":"https:\/\/www.mundoagropecuario.cl\/new\/wp-json\/wp\/v2\/comments?post=11518"}],"version-history":[{"count":1,"href":"https:\/\/www.mundoagropecuario.cl\/new\/wp-json\/wp\/v2\/posts\/11518\/revisions"}],"predecessor-version":[{"id":11520,"href":"https:\/\/www.mundoagropecuario.cl\/new\/wp-json\/wp\/v2\/posts\/11518\/revisions\/11520"}],"wp:featuredmedia":[{"embeddable":true,"href":"https:\/\/www.mundoagropecuario.cl\/new\/wp-json\/wp\/v2\/media\/11519"}],"wp:attachment":[{"href":"https:\/\/www.mundoagropecuario.cl\/new\/wp-json\/wp\/v2\/media?parent=11518"}],"wp:term":[{"taxonomy":"category","embeddable":true,"href":"https:\/\/www.mundoagropecuario.cl\/new\/wp-json\/wp\/v2\/categories?post=11518"},{"taxonomy":"post_tag","embeddable":true,"href":"https:\/\/www.mundoagropecuario.cl\/new\/wp-json\/wp\/v2\/tags?post=11518"}],"curies":[{"name":"wp","href":"https:\/\/api.w.org\/{rel}","templated":true}]}}