{"id":11463,"date":"2019-04-16T02:00:21","date_gmt":"2019-04-16T05:00:21","guid":{"rendered":"http:\/\/www.mundoagropecuario.cl\/new\/?p=11463"},"modified":"2019-04-16T01:31:10","modified_gmt":"2019-04-16T04:31:10","slug":"llaman-a-agricultores-a-contratar-seguros-del-agro-para-resguardar-cultivos-contra-riesgos-climaticos","status":"publish","type":"post","link":"https:\/\/www.mundoagropecuario.cl\/new\/llaman-a-agricultores-a-contratar-seguros-del-agro-para-resguardar-cultivos-contra-riesgos-climaticos\/","title":{"rendered":"Llaman a agricultores a contratar seguros del agro para resguardar cultivos contra riesgos clim\u00e1ticos"},"content":{"rendered":"<blockquote><p><em>Seremi de Agricultura de Arica y Parinacota indic\u00f3 que da\u00f1os por eventos como la crecida de los r\u00edos durante las lluvias estivales o tormentas de viento, como la que ocurri\u00f3 el invierno del 2016 y afect\u00f3 a muchos agricultores de Azapa, o bien, los vientos salinos que afectaron a los tomateros de Lluta y Azapa en julio pasado, podr\u00edan ser cubiertos con este tipo de instrumentos (Mundo Agropecuario).<\/em><\/p><\/blockquote>\n<p>El seremi de Agricultura de Arica y Parinacota, Jorge Heiden, llam\u00f3 a los agricultores de la regi\u00f3n a contratar oportunamente el seguro agr\u00edcola con subsidio estatal de modo de resguardar tanto sus cultivos como su capital de trabajo.<\/p>\n<p>El seremi explic\u00f3 que \u201cel objetivo de los seguros para el agro es proteger a los agricultores de las p\u00e9rdidas econ\u00f3micas que provocan los da\u00f1os ocasionados por eventos clim\u00e1ticos, permiti\u00e9ndoles recuperar el capital de trabajo invertido en la materia asegurada y, de esta forma, mejorar su estabilidad financiera permitiendo la continuidad del agricultor y su grupo familiar en la actividad productiva\u201d. A su juicio, \u201cda\u00f1os por eventos como la crecida de los r\u00edos en el llamado durante las lluvias de verano, como la que ocurri\u00f3 el invierno del 2016 y afect\u00f3 a muchos agricultores de Azapa, pueden ser cubiertos con este tipo de seguros\u201d.<\/p>\n<p>En tanto, el director ejecutivo de Agroseguros, Ricardo Prado, explic\u00f3 que todo agricultor agropecuario que cuente con iniciaci\u00f3n de actividades ante el SII y sea contribuyente del impuesto al valor agregado (IVA) puede contratar este tipo de seguros y acceder al subsidio estatal al copago de la prima o costo del seguro. \u201cTambi\u00e9n aquellos agricultores que, sin tener iniciaci\u00f3n de actividades, est\u00e9n siendo atendidos como clientes de cr\u00e9dito por INDAP, BancoEstado u otras instituciones autorizadas, en cuyo caso, el monto asegurado no puede superar las 250 UF por temporada agr\u00edcola\u201d, precis\u00f3.<\/p>\n<p>Record\u00f3 que el cambio clim\u00e1tico lleg\u00f3 para quedarse. \u201cBasta recordar los granizos y lluvias que azotaron en noviembre pasado a las regiones de O\u2019Higgins y El Maule. Estuve en esas zonas y vi como estos riesgos afectaron fuertemente sus cultivos, el trabajo de todo un a\u00f1o y su ingreso familiar. Tambi\u00e9n estuvimos con otros, con el mismo problema, pero que hab\u00edan sido precavidos y hab\u00edan contratado previamente el seguro que cubre estos riesgos de la naturaleza\u201d, sostuvo Prado.<\/p>\n<p>El Ministerio de Agricultura, a trav\u00e9s de Agroseguros, pone a disposici\u00f3n de los agricultores una amplia bater\u00eda de seguros con subsidio estatal para proteger su inversi\u00f3n y puedan transferir el riesgo a terceros especializados como lo son las compa\u00f1\u00edas de seguros. Al contratar estos seguros, en caso de ocurrir un siniestro que afecte su producci\u00f3n, la indemnizaci\u00f3n recibida les permite cumplir con sus compromisos financieros. Para m\u00e1s informaci\u00f3n, se puede consultar directamente con los corredores de seguros de la regi\u00f3n, INDAP, Banco de Chile, BancoEstado, Codesser, entre otros, o bien, informarse en la p\u00e1gina web <a href=\"http:\/\/www.agroseguros.gob.cl\">www.agroseguros.gob.cl<\/a><\/p>\n","protected":false},"excerpt":{"rendered":"<p>Seremi de Agricultura de Arica y Parinacota indic\u00f3 que da\u00f1os por eventos como la crecida de los r\u00edos durante las lluvias estivales o tormentas de viento, como la que ocurri\u00f3&#8230;<\/p>\n","protected":false},"author":3,"featured_media":11464,"comment_status":"closed","ping_status":"closed","sticky":false,"template":"","format":"standard","meta":{"footnotes":""},"categories":[1987],"tags":[2131,2660,1992],"class_list":["post-11463","post","type-post","status-publish","format-standard","has-post-thumbnail","hentry","category-instituciones","tag-agroseguros","tag-arica-y-parinacota","tag-indap"],"yoast_head":"<!-- This site is optimized with the Yoast SEO plugin v26.6 - https:\/\/yoast.com\/wordpress\/plugins\/seo\/ -->\n<title>Llaman a agricultores a contratar seguros del agro para resguardar cultivos contra riesgos clim\u00e1ticos - Mundoagropecuario<\/title>\n<meta name=\"robots\" content=\"index, follow, max-snippet:-1, max-image-preview:large, max-video-preview:-1\" \/>\n<link rel=\"canonical\" href=\"https:\/\/www.mundoagropecuario.cl\/new\/llaman-a-agricultores-a-contratar-seguros-del-agro-para-resguardar-cultivos-contra-riesgos-climaticos\/\" \/>\n<meta property=\"og:locale\" content=\"es_ES\" \/>\n<meta property=\"og:type\" content=\"article\" \/>\n<meta property=\"og:title\" content=\"Llaman a agricultores a contratar seguros del agro para resguardar cultivos contra riesgos clim\u00e1ticos - Mundoagropecuario\" \/>\n<meta property=\"og:description\" content=\"Seremi de Agricultura de Arica y Parinacota indic\u00f3 que da\u00f1os por eventos como la crecida de los r\u00edos durante las lluvias estivales o tormentas de viento, como la que ocurri\u00f3...\" \/>\n<meta property=\"og:url\" content=\"https:\/\/www.mundoagropecuario.cl\/new\/llaman-a-agricultores-a-contratar-seguros-del-agro-para-resguardar-cultivos-contra-riesgos-climaticos\/\" \/>\n<meta property=\"og:site_name\" content=\"Mundoagropecuario\" \/>\n<meta property=\"article:publisher\" content=\"https:\/\/www.facebook.com\/mundo.agropecuario.3\" \/>\n<meta property=\"article:published_time\" content=\"2019-04-16T05:00:21+00:00\" \/>\n<meta property=\"og:image\" content=\"https:\/\/www.mundoagropecuario.cl\/new\/wp-content\/uploads\/2019\/04\/agroseguros-1.jpg\" \/>\n\t<meta property=\"og:image:width\" content=\"882\" \/>\n\t<meta property=\"og:image:height\" content=\"662\" \/>\n\t<meta property=\"og:image:type\" content=\"image\/jpeg\" \/>\n<meta name=\"author\" content=\"periodista\" \/>\n<meta name=\"twitter:card\" content=\"summary_large_image\" \/>\n<meta name=\"twitter:creator\" content=\"@MundoAgropecuar\" \/>\n<meta name=\"twitter:site\" content=\"@MundoAgropecuar\" \/>\n<meta name=\"twitter:label1\" content=\"Escrito por\" \/>\n\t<meta name=\"twitter:data1\" content=\"periodista\" \/>\n\t<meta name=\"twitter:label2\" content=\"Tiempo de lectura\" \/>\n\t<meta name=\"twitter:data2\" content=\"3 minutos\" \/>\n<script type=\"application\/ld+json\" class=\"yoast-schema-graph\">{\"@context\":\"https:\/\/schema.org\",\"@graph\":[{\"@type\":\"Article\",\"@id\":\"https:\/\/www.mundoagropecuario.cl\/new\/llaman-a-agricultores-a-contratar-seguros-del-agro-para-resguardar-cultivos-contra-riesgos-climaticos\/#article\",\"isPartOf\":{\"@id\":\"https:\/\/www.mundoagropecuario.cl\/new\/llaman-a-agricultores-a-contratar-seguros-del-agro-para-resguardar-cultivos-contra-riesgos-climaticos\/\"},\"author\":{\"name\":\"periodista\",\"@id\":\"https:\/\/www.mundoagropecuario.cl\/new\/#\/schema\/person\/0c221050801c74e45256a7a9a1ff0803\"},\"headline\":\"Llaman a agricultores a contratar seguros del agro para resguardar cultivos contra riesgos clim\u00e1ticos\",\"datePublished\":\"2019-04-16T05:00:21+00:00\",\"mainEntityOfPage\":{\"@id\":\"https:\/\/www.mundoagropecuario.cl\/new\/llaman-a-agricultores-a-contratar-seguros-del-agro-para-resguardar-cultivos-contra-riesgos-climaticos\/\"},\"wordCount\":525,\"publisher\":{\"@id\":\"https:\/\/www.mundoagropecuario.cl\/new\/#organization\"},\"image\":{\"@id\":\"https:\/\/www.mundoagropecuario.cl\/new\/llaman-a-agricultores-a-contratar-seguros-del-agro-para-resguardar-cultivos-contra-riesgos-climaticos\/#primaryimage\"},\"thumbnailUrl\":\"https:\/\/www.mundoagropecuario.cl\/new\/wp-content\/uploads\/2019\/04\/agroseguros-1.jpg\",\"keywords\":[\"Agroseguros\",\"Arica y Parinacota\",\"Indap\"],\"articleSection\":[\"Instituciones\"],\"inLanguage\":\"es\"},{\"@type\":\"WebPage\",\"@id\":\"https:\/\/www.mundoagropecuario.cl\/new\/llaman-a-agricultores-a-contratar-seguros-del-agro-para-resguardar-cultivos-contra-riesgos-climaticos\/\",\"url\":\"https:\/\/www.mundoagropecuario.cl\/new\/llaman-a-agricultores-a-contratar-seguros-del-agro-para-resguardar-cultivos-contra-riesgos-climaticos\/\",\"name\":\"Llaman a agricultores a contratar seguros del agro para resguardar cultivos contra riesgos clim\u00e1ticos - Mundoagropecuario\",\"isPartOf\":{\"@id\":\"https:\/\/www.mundoagropecuario.cl\/new\/#website\"},\"primaryImageOfPage\":{\"@id\":\"https:\/\/www.mundoagropecuario.cl\/new\/llaman-a-agricultores-a-contratar-seguros-del-agro-para-resguardar-cultivos-contra-riesgos-climaticos\/#primaryimage\"},\"image\":{\"@id\":\"https:\/\/www.mundoagropecuario.cl\/new\/llaman-a-agricultores-a-contratar-seguros-del-agro-para-resguardar-cultivos-contra-riesgos-climaticos\/#primaryimage\"},\"thumbnailUrl\":\"https:\/\/www.mundoagropecuario.cl\/new\/wp-content\/uploads\/2019\/04\/agroseguros-1.jpg\",\"datePublished\":\"2019-04-16T05:00:21+00:00\",\"breadcrumb\":{\"@id\":\"https:\/\/www.mundoagropecuario.cl\/new\/llaman-a-agricultores-a-contratar-seguros-del-agro-para-resguardar-cultivos-contra-riesgos-climaticos\/#breadcrumb\"},\"inLanguage\":\"es\",\"potentialAction\":[{\"@type\":\"ReadAction\",\"target\":[\"https:\/\/www.mundoagropecuario.cl\/new\/llaman-a-agricultores-a-contratar-seguros-del-agro-para-resguardar-cultivos-contra-riesgos-climaticos\/\"]}]},{\"@type\":\"ImageObject\",\"inLanguage\":\"es\",\"@id\":\"https:\/\/www.mundoagropecuario.cl\/new\/llaman-a-agricultores-a-contratar-seguros-del-agro-para-resguardar-cultivos-contra-riesgos-climaticos\/#primaryimage\",\"url\":\"https:\/\/www.mundoagropecuario.cl\/new\/wp-content\/uploads\/2019\/04\/agroseguros-1.jpg\",\"contentUrl\":\"https:\/\/www.mundoagropecuario.cl\/new\/wp-content\/uploads\/2019\/04\/agroseguros-1.jpg\",\"width\":533,\"height\":400},{\"@type\":\"BreadcrumbList\",\"@id\":\"https:\/\/www.mundoagropecuario.cl\/new\/llaman-a-agricultores-a-contratar-seguros-del-agro-para-resguardar-cultivos-contra-riesgos-climaticos\/#breadcrumb\",\"itemListElement\":[{\"@type\":\"ListItem\",\"position\":1,\"name\":\"Portada\",\"item\":\"https:\/\/www.mundoagropecuario.cl\/new\/\"},{\"@type\":\"ListItem\",\"position\":2,\"name\":\"Llaman a agricultores a contratar seguros del agro para resguardar cultivos contra riesgos clim\u00e1ticos\"}]},{\"@type\":\"WebSite\",\"@id\":\"https:\/\/www.mundoagropecuario.cl\/new\/#website\",\"url\":\"https:\/\/www.mundoagropecuario.cl\/new\/\",\"name\":\"Mundoagropecuario\",\"description\":\"Mundo Agropecuario\",\"publisher\":{\"@id\":\"https:\/\/www.mundoagropecuario.cl\/new\/#organization\"},\"potentialAction\":[{\"@type\":\"SearchAction\",\"target\":{\"@type\":\"EntryPoint\",\"urlTemplate\":\"https:\/\/www.mundoagropecuario.cl\/new\/?s={search_term_string}\"},\"query-input\":{\"@type\":\"PropertyValueSpecification\",\"valueRequired\":true,\"valueName\":\"search_term_string\"}}],\"inLanguage\":\"es\"},{\"@type\":\"Organization\",\"@id\":\"https:\/\/www.mundoagropecuario.cl\/new\/#organization\",\"name\":\"Revista de Agricultura\",\"url\":\"https:\/\/www.mundoagropecuario.cl\/new\/\",\"logo\":{\"@type\":\"ImageObject\",\"inLanguage\":\"es\",\"@id\":\"https:\/\/www.mundoagropecuario.cl\/new\/#\/schema\/logo\/image\/\",\"url\":\"https:\/\/www.mundoagropecuario.cl\/new\/wp-content\/uploads\/2020\/11\/PORTAL-1-1.png\",\"contentUrl\":\"https:\/\/www.mundoagropecuario.cl\/new\/wp-content\/uploads\/2020\/11\/PORTAL-1-1.png\",\"width\":1026,\"height\":100,\"caption\":\"Revista de Agricultura\"},\"image\":{\"@id\":\"https:\/\/www.mundoagropecuario.cl\/new\/#\/schema\/logo\/image\/\"},\"sameAs\":[\"https:\/\/www.facebook.com\/mundo.agropecuario.3\",\"https:\/\/x.com\/MundoAgropecuar\",\"https:\/\/www.linkedin.com\/in\/mundo-agropecuario-934009201\/\"]},{\"@type\":\"Person\",\"@id\":\"https:\/\/www.mundoagropecuario.cl\/new\/#\/schema\/person\/0c221050801c74e45256a7a9a1ff0803\",\"name\":\"periodista\",\"url\":\"https:\/\/www.mundoagropecuario.cl\/new\/author\/periodista\/\"}]}<\/script>\n<!-- \/ Yoast SEO plugin. -->","yoast_head_json":{"title":"Llaman a agricultores a contratar seguros del agro para resguardar cultivos contra riesgos clim\u00e1ticos - Mundoagropecuario","robots":{"index":"index","follow":"follow","max-snippet":"max-snippet:-1","max-image-preview":"max-image-preview:large","max-video-preview":"max-video-preview:-1"},"canonical":"https:\/\/www.mundoagropecuario.cl\/new\/llaman-a-agricultores-a-contratar-seguros-del-agro-para-resguardar-cultivos-contra-riesgos-climaticos\/","og_locale":"es_ES","og_type":"article","og_title":"Llaman a agricultores a contratar seguros del agro para resguardar cultivos contra riesgos clim\u00e1ticos - Mundoagropecuario","og_description":"Seremi de Agricultura de Arica y Parinacota indic\u00f3 que da\u00f1os por eventos como la crecida de los r\u00edos durante las lluvias estivales o tormentas de viento, como la que ocurri\u00f3...","og_url":"https:\/\/www.mundoagropecuario.cl\/new\/llaman-a-agricultores-a-contratar-seguros-del-agro-para-resguardar-cultivos-contra-riesgos-climaticos\/","og_site_name":"Mundoagropecuario","article_publisher":"https:\/\/www.facebook.com\/mundo.agropecuario.3","article_published_time":"2019-04-16T05:00:21+00:00","og_image":[{"width":882,"height":662,"url":"https:\/\/www.mundoagropecuario.cl\/new\/wp-content\/uploads\/2019\/04\/agroseguros-1.jpg","type":"image\/jpeg"}],"author":"periodista","twitter_card":"summary_large_image","twitter_creator":"@MundoAgropecuar","twitter_site":"@MundoAgropecuar","twitter_misc":{"Escrito por":"periodista","Tiempo de lectura":"3 minutos"},"schema":{"@context":"https:\/\/schema.org","@graph":[{"@type":"Article","@id":"https:\/\/www.mundoagropecuario.cl\/new\/llaman-a-agricultores-a-contratar-seguros-del-agro-para-resguardar-cultivos-contra-riesgos-climaticos\/#article","isPartOf":{"@id":"https:\/\/www.mundoagropecuario.cl\/new\/llaman-a-agricultores-a-contratar-seguros-del-agro-para-resguardar-cultivos-contra-riesgos-climaticos\/"},"author":{"name":"periodista","@id":"https:\/\/www.mundoagropecuario.cl\/new\/#\/schema\/person\/0c221050801c74e45256a7a9a1ff0803"},"headline":"Llaman a agricultores a contratar seguros del agro para resguardar cultivos contra riesgos clim\u00e1ticos","datePublished":"2019-04-16T05:00:21+00:00","mainEntityOfPage":{"@id":"https:\/\/www.mundoagropecuario.cl\/new\/llaman-a-agricultores-a-contratar-seguros-del-agro-para-resguardar-cultivos-contra-riesgos-climaticos\/"},"wordCount":525,"publisher":{"@id":"https:\/\/www.mundoagropecuario.cl\/new\/#organization"},"image":{"@id":"https:\/\/www.mundoagropecuario.cl\/new\/llaman-a-agricultores-a-contratar-seguros-del-agro-para-resguardar-cultivos-contra-riesgos-climaticos\/#primaryimage"},"thumbnailUrl":"https:\/\/www.mundoagropecuario.cl\/new\/wp-content\/uploads\/2019\/04\/agroseguros-1.jpg","keywords":["Agroseguros","Arica y Parinacota","Indap"],"articleSection":["Instituciones"],"inLanguage":"es"},{"@type":"WebPage","@id":"https:\/\/www.mundoagropecuario.cl\/new\/llaman-a-agricultores-a-contratar-seguros-del-agro-para-resguardar-cultivos-contra-riesgos-climaticos\/","url":"https:\/\/www.mundoagropecuario.cl\/new\/llaman-a-agricultores-a-contratar-seguros-del-agro-para-resguardar-cultivos-contra-riesgos-climaticos\/","name":"Llaman a agricultores a contratar seguros del agro para resguardar cultivos contra riesgos clim\u00e1ticos - Mundoagropecuario","isPartOf":{"@id":"https:\/\/www.mundoagropecuario.cl\/new\/#website"},"primaryImageOfPage":{"@id":"https:\/\/www.mundoagropecuario.cl\/new\/llaman-a-agricultores-a-contratar-seguros-del-agro-para-resguardar-cultivos-contra-riesgos-climaticos\/#primaryimage"},"image":{"@id":"https:\/\/www.mundoagropecuario.cl\/new\/llaman-a-agricultores-a-contratar-seguros-del-agro-para-resguardar-cultivos-contra-riesgos-climaticos\/#primaryimage"},"thumbnailUrl":"https:\/\/www.mundoagropecuario.cl\/new\/wp-content\/uploads\/2019\/04\/agroseguros-1.jpg","datePublished":"2019-04-16T05:00:21+00:00","breadcrumb":{"@id":"https:\/\/www.mundoagropecuario.cl\/new\/llaman-a-agricultores-a-contratar-seguros-del-agro-para-resguardar-cultivos-contra-riesgos-climaticos\/#breadcrumb"},"inLanguage":"es","potentialAction":[{"@type":"ReadAction","target":["https:\/\/www.mundoagropecuario.cl\/new\/llaman-a-agricultores-a-contratar-seguros-del-agro-para-resguardar-cultivos-contra-riesgos-climaticos\/"]}]},{"@type":"ImageObject","inLanguage":"es","@id":"https:\/\/www.mundoagropecuario.cl\/new\/llaman-a-agricultores-a-contratar-seguros-del-agro-para-resguardar-cultivos-contra-riesgos-climaticos\/#primaryimage","url":"https:\/\/www.mundoagropecuario.cl\/new\/wp-content\/uploads\/2019\/04\/agroseguros-1.jpg","contentUrl":"https:\/\/www.mundoagropecuario.cl\/new\/wp-content\/uploads\/2019\/04\/agroseguros-1.jpg","width":533,"height":400},{"@type":"BreadcrumbList","@id":"https:\/\/www.mundoagropecuario.cl\/new\/llaman-a-agricultores-a-contratar-seguros-del-agro-para-resguardar-cultivos-contra-riesgos-climaticos\/#breadcrumb","itemListElement":[{"@type":"ListItem","position":1,"name":"Portada","item":"https:\/\/www.mundoagropecuario.cl\/new\/"},{"@type":"ListItem","position":2,"name":"Llaman a agricultores a contratar seguros del agro para resguardar cultivos contra riesgos clim\u00e1ticos"}]},{"@type":"WebSite","@id":"https:\/\/www.mundoagropecuario.cl\/new\/#website","url":"https:\/\/www.mundoagropecuario.cl\/new\/","name":"Mundoagropecuario","description":"Mundo Agropecuario","publisher":{"@id":"https:\/\/www.mundoagropecuario.cl\/new\/#organization"},"potentialAction":[{"@type":"SearchAction","target":{"@type":"EntryPoint","urlTemplate":"https:\/\/www.mundoagropecuario.cl\/new\/?s={search_term_string}"},"query-input":{"@type":"PropertyValueSpecification","valueRequired":true,"valueName":"search_term_string"}}],"inLanguage":"es"},{"@type":"Organization","@id":"https:\/\/www.mundoagropecuario.cl\/new\/#organization","name":"Revista de Agricultura","url":"https:\/\/www.mundoagropecuario.cl\/new\/","logo":{"@type":"ImageObject","inLanguage":"es","@id":"https:\/\/www.mundoagropecuario.cl\/new\/#\/schema\/logo\/image\/","url":"https:\/\/www.mundoagropecuario.cl\/new\/wp-content\/uploads\/2020\/11\/PORTAL-1-1.png","contentUrl":"https:\/\/www.mundoagropecuario.cl\/new\/wp-content\/uploads\/2020\/11\/PORTAL-1-1.png","width":1026,"height":100,"caption":"Revista de Agricultura"},"image":{"@id":"https:\/\/www.mundoagropecuario.cl\/new\/#\/schema\/logo\/image\/"},"sameAs":["https:\/\/www.facebook.com\/mundo.agropecuario.3","https:\/\/x.com\/MundoAgropecuar","https:\/\/www.linkedin.com\/in\/mundo-agropecuario-934009201\/"]},{"@type":"Person","@id":"https:\/\/www.mundoagropecuario.cl\/new\/#\/schema\/person\/0c221050801c74e45256a7a9a1ff0803","name":"periodista","url":"https:\/\/www.mundoagropecuario.cl\/new\/author\/periodista\/"}]}},"_links":{"self":[{"href":"https:\/\/www.mundoagropecuario.cl\/new\/wp-json\/wp\/v2\/posts\/11463","targetHints":{"allow":["GET"]}}],"collection":[{"href":"https:\/\/www.mundoagropecuario.cl\/new\/wp-json\/wp\/v2\/posts"}],"about":[{"href":"https:\/\/www.mundoagropecuario.cl\/new\/wp-json\/wp\/v2\/types\/post"}],"author":[{"embeddable":true,"href":"https:\/\/www.mundoagropecuario.cl\/new\/wp-json\/wp\/v2\/users\/3"}],"replies":[{"embeddable":true,"href":"https:\/\/www.mundoagropecuario.cl\/new\/wp-json\/wp\/v2\/comments?post=11463"}],"version-history":[{"count":1,"href":"https:\/\/www.mundoagropecuario.cl\/new\/wp-json\/wp\/v2\/posts\/11463\/revisions"}],"predecessor-version":[{"id":11465,"href":"https:\/\/www.mundoagropecuario.cl\/new\/wp-json\/wp\/v2\/posts\/11463\/revisions\/11465"}],"wp:featuredmedia":[{"embeddable":true,"href":"https:\/\/www.mundoagropecuario.cl\/new\/wp-json\/wp\/v2\/media\/11464"}],"wp:attachment":[{"href":"https:\/\/www.mundoagropecuario.cl\/new\/wp-json\/wp\/v2\/media?parent=11463"}],"wp:term":[{"taxonomy":"category","embeddable":true,"href":"https:\/\/www.mundoagropecuario.cl\/new\/wp-json\/wp\/v2\/categories?post=11463"},{"taxonomy":"post_tag","embeddable":true,"href":"https:\/\/www.mundoagropecuario.cl\/new\/wp-json\/wp\/v2\/tags?post=11463"}],"curies":[{"name":"wp","href":"https:\/\/api.w.org\/{rel}","templated":true}]}}