{"id":11407,"date":"2019-04-11T01:37:24","date_gmt":"2019-04-11T04:37:24","guid":{"rendered":"http:\/\/www.mundoagropecuario.cl\/new\/?p=11407"},"modified":"2019-04-18T12:03:55","modified_gmt":"2019-04-18T15:03:55","slug":"ii-seminario-internacional-reunio-a-expertos-agricultores-y-emprendedores-del-rubro-de-las-legumbres","status":"publish","type":"post","link":"https:\/\/www.mundoagropecuario.cl\/new\/ii-seminario-internacional-reunio-a-expertos-agricultores-y-emprendedores-del-rubro-de-las-legumbres\/","title":{"rendered":"II Seminario Internacional reuni\u00f3 a expertos, agricultores y emprendedores del rubro de las legumbres"},"content":{"rendered":"<blockquote><p><em>La actividad que congreg\u00f3 a productores locales, representantes de la academia, la industria transformadora y empresas comercializadoras, se realiz\u00f3 en la Facultad de Agronom\u00eda e Ingenier\u00eda Forestal de la Pontificia Universidad Cat\u00f3lica de Chile, gestor principal de la iniciativa. Fue el inicio de la semana m\u00e1s importante del a\u00f1o para el desarrollo de este fundamental alimento (Mundo Agropecuario).<\/em><\/p><\/blockquote>\n<p>\u00bfPor qu\u00e9 es tan importante el desarrollo de las legumbres en Chile? Desde el a\u00f1o 2016, la Organizaci\u00f3n de las Naciones Unidas para la Alimentaci\u00f3n y la Agricultura (FAO), las considera &#8220;esenciales para mantener una nutrici\u00f3n adecuada&#8221; y la recomienda para todos los segmentos de la poblaci\u00f3n, en especial, beb\u00e9s y ni\u00f1os peque\u00f1os, mujeres en edad reproductiva, vegetarianos, veganos y cel\u00edacos.<\/p>\n<p>Impulsados por la Fundaci\u00f3n para la Innovaci\u00f3n Agraria (FIA) y en el marco del Programa Estrat\u00e9gico Transforma Alimentos, el 2\u00b0 Seminario Internacional Anual del Polo Territorial de Legumbres, realizado en el Auditorio Central de la Facultad de Agronom\u00eda e Ingenier\u00eda Forestal de la Pontificia Universidad Cat\u00f3lica de Chile, result\u00f3 todo un \u00e9xito, con la asistencia de expertos extranjeros, autoridades nacionales, representantes de marcas asociadas y actores vinculados al sector de las legumbres en Chile.<\/p>\n<p>El encargado de dar la bienvenida fue el profesor Andr\u00e9s Schwember, ingeniero agr\u00f3nomo y director general del proyecto &#8220;Polo Territorial Legumbres&#8221;.<\/p>\n<p>&#8220;El componente social de este proyecto es muy importante. De hecho, el rol social es un objetivo central de nuestra universidad. Tambi\u00e9n es necesaria una interacci\u00f3n virtuosa buscando el beneficio com\u00fan entre campo, ciencia e industria, y esto s\u00f3lo se logra agregando valor a nuestra materia prima a trav\u00e9s de productos innovadores&#8221;, declar\u00f3 el acad\u00e9mico en su intervenci\u00f3n inicial.<\/p>\n<p>Posteriormente, fue el turno del Decano de la Facultad de Agronom\u00eda e Ingenier\u00eda Forestal de la Pontificia Universidad Cat\u00f3lica de Chile, Rodrigo Figueroa, quien tambi\u00e9n valor\u00f3 la forma de trabajo que busca implementar este proyecto. &#8220;Este modelo es uno de los m\u00e1s interesantes que me ha tocado ver como Decano&#8221;, se\u00f1al\u00f3 la autoridad.<\/p>\n<p>Una de las exposiciones m\u00e1s esperadas fue la de la experta espa\u00f1ola Juana Fr\u00edas, Licenciada y Doctora en Farmacia, con una amplia experiencia cient\u00edfica internacional y que ha ostentado, entre otros cargos, el de presidenta del Congreso Euro Food Chem en el a\u00f1o 2015.<\/p>\n<p>Representante del Consejo Superior de Investigaci\u00f3n Cient\u00edfica (CSIC), \u2013la principal instituci\u00f3n p\u00fablica dedicada a la investigaci\u00f3n cient\u00edfica en Espa\u00f1a\u2013, la doctora Fr\u00edas destac\u00f3 el alto valor nutricional de las legumbres y puso \u00e9nfasis en tres retos fundamentales que la sociedad actual debe enfrentar: el cambio clim\u00e1tico, la seguridad alimentaria y la nutrici\u00f3n y salud, y c\u00f3mo las legumbres son parte esencial para contenerlos.<\/p>\n<p>Posteriormente, se realiz\u00f3 una particular degustaci\u00f3n de diversos alimentos derivados de legumbres, en la que se conoci\u00f3 por primera vez un prototipo de un producto final desarrollado en el marco del Polo Legumbres: Cusc\u00fas de poroto t\u00f3rtola chileno.<\/p>\n<p>La jornada sigui\u00f3 con una mesa abierta, en la que el p\u00fablico participante pudo realizar preguntas y tener una interacci\u00f3n directa con los expositores, finalizando, con una interesante rueda de negocios en la que participaron agricultores y emprendedores vinculados al comercio de legumbres chilenas.<\/p>\n<p>Respecto a los avances del Polo, se pueden mencionar la implementaci\u00f3n de un Planta Piloto para el desarrollo de prototipos funcionales y aditivos en Chile; y la existencia de ocho ingredientes m\u00e1s saludables disponibles para la industria alimentaria (harinas de legumbres, concentrados proteicos, entre otros).<\/p>\n<p>Adem\u00e1s, durante el segundo semestre de este a\u00f1o se lanzar\u00e1 un nuevo producto final en base a poroto t\u00f3rtola chileno, variedad de legumbre que solo existe en Chile, por lo que no existe competencia extranjera.<\/p>\n<p><strong>Jornada de integraci\u00f3n campo y ciencia<\/strong><\/p>\n<p>Durante la cumbre de tres d\u00edas se re\u00fanen agricultores l\u00edderes junto a diversas autoridades pol\u00edticas, acad\u00e9micas y cient\u00edficas para presentar los principales avances del Polo Territorial de Legumbres, unificar desaf\u00edos y obtener conclusiones sobre el presente del rubro.<\/p>\n<p>Uno de los principales desaf\u00edos de este programa, es convertirse en la plataforma de articulaci\u00f3n entre la industria y 500 peque\u00f1os agricultores de legumbres en toda la zona centro-sur del pa\u00eds. Concretamente, desde la Regi\u00f3n de Valpara\u00edso hasta la Regi\u00f3n de \u00d1uble.<\/p>\n<p>Por eso, tambi\u00e9n se realizar\u00e1n actividades en dos comunas fuera de la Regi\u00f3n Metropolitana: Curepto, en la Regi\u00f3n del Maule y Marchig\u00fce, en la Regi\u00f3n de O&#8217;Higgins.<\/p>\n<p>En Talca, productores de legumbres, equipo t\u00e9cnico de la Universidad de Talca, y profesionales del equipo de gesti\u00f3n del Polo Legumbres dieron vida a una jornada para conocer avances t\u00e9cnicos, compartir experiencias, y generar una integraci\u00f3n directa entre los distintos actores asociados al proyecto. Adem\u00e1s, se realiz\u00f3 la inauguraci\u00f3n de la Planta Piloto de Ingredientes Funcionales Granotec, ubicada en la comuna de Marchig\u00fce para presenciar en terreno su funcionamiento y degustar algunos de los prototipos desarrollados a la fecha en base a legumbres nacionales.<\/p>\n<p>&nbsp;<\/p>\n<p>&nbsp;<\/p>\n","protected":false},"excerpt":{"rendered":"<p>La actividad que congreg\u00f3 a productores locales, representantes de la academia, la industria transformadora y empresas comercializadoras, se realiz\u00f3 en la Facultad de Agronom\u00eda e Ingenier\u00eda Forestal de la Pontificia&#8230;<\/p>\n","protected":false},"author":3,"featured_media":11408,"comment_status":"closed","ping_status":"closed","sticky":false,"template":"","format":"standard","meta":{"footnotes":""},"categories":[1945],"tags":[3517,3518,2899],"class_list":["post-11407","post","type-post","status-publish","format-standard","has-post-thumbnail","hentry","category-agricultura","tag-legumbres","tag-polo-territorial-legumbres","tag-puc"],"yoast_head":"<!-- This site is optimized with the Yoast SEO plugin v26.6 - https:\/\/yoast.com\/wordpress\/plugins\/seo\/ -->\n<title>II Seminario Internacional reuni\u00f3 a expertos, agricultores y emprendedores del rubro de las legumbres - Mundoagropecuario<\/title>\n<meta name=\"robots\" content=\"index, follow, max-snippet:-1, max-image-preview:large, max-video-preview:-1\" \/>\n<link rel=\"canonical\" href=\"https:\/\/www.mundoagropecuario.cl\/new\/ii-seminario-internacional-reunio-a-expertos-agricultores-y-emprendedores-del-rubro-de-las-legumbres\/\" \/>\n<meta property=\"og:locale\" content=\"es_ES\" \/>\n<meta property=\"og:type\" content=\"article\" \/>\n<meta property=\"og:title\" content=\"II Seminario Internacional reuni\u00f3 a expertos, agricultores y emprendedores del rubro de las legumbres - Mundoagropecuario\" \/>\n<meta property=\"og:description\" content=\"La actividad que congreg\u00f3 a productores locales, representantes de la academia, la industria transformadora y empresas comercializadoras, se realiz\u00f3 en la Facultad de Agronom\u00eda e Ingenier\u00eda Forestal de la Pontificia...\" \/>\n<meta property=\"og:url\" content=\"https:\/\/www.mundoagropecuario.cl\/new\/ii-seminario-internacional-reunio-a-expertos-agricultores-y-emprendedores-del-rubro-de-las-legumbres\/\" \/>\n<meta property=\"og:site_name\" content=\"Mundoagropecuario\" \/>\n<meta property=\"article:publisher\" content=\"https:\/\/www.facebook.com\/mundo.agropecuario.3\" \/>\n<meta property=\"article:published_time\" content=\"2019-04-11T04:37:24+00:00\" \/>\n<meta property=\"article:modified_time\" content=\"2019-04-18T15:03:55+00:00\" \/>\n<meta property=\"og:image\" content=\"https:\/\/www.mundoagropecuario.cl\/new\/wp-content\/uploads\/2019\/04\/seminario-polo-legumbres.jpg\" \/>\n\t<meta property=\"og:image:width\" content=\"640\" \/>\n\t<meta property=\"og:image:height\" content=\"426\" \/>\n\t<meta property=\"og:image:type\" content=\"image\/jpeg\" \/>\n<meta name=\"author\" content=\"periodista\" \/>\n<meta name=\"twitter:card\" content=\"summary_large_image\" \/>\n<meta name=\"twitter:creator\" content=\"@MundoAgropecuar\" \/>\n<meta name=\"twitter:site\" content=\"@MundoAgropecuar\" \/>\n<meta name=\"twitter:label1\" content=\"Escrito por\" \/>\n\t<meta name=\"twitter:data1\" content=\"periodista\" \/>\n\t<meta name=\"twitter:label2\" content=\"Tiempo de lectura\" \/>\n\t<meta name=\"twitter:data2\" content=\"4 minutos\" \/>\n<script type=\"application\/ld+json\" class=\"yoast-schema-graph\">{\"@context\":\"https:\/\/schema.org\",\"@graph\":[{\"@type\":\"Article\",\"@id\":\"https:\/\/www.mundoagropecuario.cl\/new\/ii-seminario-internacional-reunio-a-expertos-agricultores-y-emprendedores-del-rubro-de-las-legumbres\/#article\",\"isPartOf\":{\"@id\":\"https:\/\/www.mundoagropecuario.cl\/new\/ii-seminario-internacional-reunio-a-expertos-agricultores-y-emprendedores-del-rubro-de-las-legumbres\/\"},\"author\":{\"name\":\"periodista\",\"@id\":\"https:\/\/www.mundoagropecuario.cl\/new\/#\/schema\/person\/0c221050801c74e45256a7a9a1ff0803\"},\"headline\":\"II Seminario Internacional reuni\u00f3 a expertos, agricultores y emprendedores del rubro de las legumbres\",\"datePublished\":\"2019-04-11T04:37:24+00:00\",\"dateModified\":\"2019-04-18T15:03:55+00:00\",\"mainEntityOfPage\":{\"@id\":\"https:\/\/www.mundoagropecuario.cl\/new\/ii-seminario-internacional-reunio-a-expertos-agricultores-y-emprendedores-del-rubro-de-las-legumbres\/\"},\"wordCount\":893,\"publisher\":{\"@id\":\"https:\/\/www.mundoagropecuario.cl\/new\/#organization\"},\"image\":{\"@id\":\"https:\/\/www.mundoagropecuario.cl\/new\/ii-seminario-internacional-reunio-a-expertos-agricultores-y-emprendedores-del-rubro-de-las-legumbres\/#primaryimage\"},\"thumbnailUrl\":\"https:\/\/www.mundoagropecuario.cl\/new\/wp-content\/uploads\/2019\/04\/seminario-polo-legumbres.jpg\",\"keywords\":[\"legumbres\",\"Polo Territorial Legumbres\",\"PUC\"],\"articleSection\":[\"Agricultura\"],\"inLanguage\":\"es\"},{\"@type\":\"WebPage\",\"@id\":\"https:\/\/www.mundoagropecuario.cl\/new\/ii-seminario-internacional-reunio-a-expertos-agricultores-y-emprendedores-del-rubro-de-las-legumbres\/\",\"url\":\"https:\/\/www.mundoagropecuario.cl\/new\/ii-seminario-internacional-reunio-a-expertos-agricultores-y-emprendedores-del-rubro-de-las-legumbres\/\",\"name\":\"II Seminario Internacional reuni\u00f3 a expertos, agricultores y emprendedores del rubro de las legumbres - Mundoagropecuario\",\"isPartOf\":{\"@id\":\"https:\/\/www.mundoagropecuario.cl\/new\/#website\"},\"primaryImageOfPage\":{\"@id\":\"https:\/\/www.mundoagropecuario.cl\/new\/ii-seminario-internacional-reunio-a-expertos-agricultores-y-emprendedores-del-rubro-de-las-legumbres\/#primaryimage\"},\"image\":{\"@id\":\"https:\/\/www.mundoagropecuario.cl\/new\/ii-seminario-internacional-reunio-a-expertos-agricultores-y-emprendedores-del-rubro-de-las-legumbres\/#primaryimage\"},\"thumbnailUrl\":\"https:\/\/www.mundoagropecuario.cl\/new\/wp-content\/uploads\/2019\/04\/seminario-polo-legumbres.jpg\",\"datePublished\":\"2019-04-11T04:37:24+00:00\",\"dateModified\":\"2019-04-18T15:03:55+00:00\",\"breadcrumb\":{\"@id\":\"https:\/\/www.mundoagropecuario.cl\/new\/ii-seminario-internacional-reunio-a-expertos-agricultores-y-emprendedores-del-rubro-de-las-legumbres\/#breadcrumb\"},\"inLanguage\":\"es\",\"potentialAction\":[{\"@type\":\"ReadAction\",\"target\":[\"https:\/\/www.mundoagropecuario.cl\/new\/ii-seminario-internacional-reunio-a-expertos-agricultores-y-emprendedores-del-rubro-de-las-legumbres\/\"]}]},{\"@type\":\"ImageObject\",\"inLanguage\":\"es\",\"@id\":\"https:\/\/www.mundoagropecuario.cl\/new\/ii-seminario-internacional-reunio-a-expertos-agricultores-y-emprendedores-del-rubro-de-las-legumbres\/#primaryimage\",\"url\":\"https:\/\/www.mundoagropecuario.cl\/new\/wp-content\/uploads\/2019\/04\/seminario-polo-legumbres.jpg\",\"contentUrl\":\"https:\/\/www.mundoagropecuario.cl\/new\/wp-content\/uploads\/2019\/04\/seminario-polo-legumbres.jpg\",\"width\":601,\"height\":400},{\"@type\":\"BreadcrumbList\",\"@id\":\"https:\/\/www.mundoagropecuario.cl\/new\/ii-seminario-internacional-reunio-a-expertos-agricultores-y-emprendedores-del-rubro-de-las-legumbres\/#breadcrumb\",\"itemListElement\":[{\"@type\":\"ListItem\",\"position\":1,\"name\":\"Portada\",\"item\":\"https:\/\/www.mundoagropecuario.cl\/new\/\"},{\"@type\":\"ListItem\",\"position\":2,\"name\":\"II Seminario Internacional reuni\u00f3 a expertos, agricultores y emprendedores del rubro de las legumbres\"}]},{\"@type\":\"WebSite\",\"@id\":\"https:\/\/www.mundoagropecuario.cl\/new\/#website\",\"url\":\"https:\/\/www.mundoagropecuario.cl\/new\/\",\"name\":\"Mundoagropecuario\",\"description\":\"Mundo Agropecuario\",\"publisher\":{\"@id\":\"https:\/\/www.mundoagropecuario.cl\/new\/#organization\"},\"potentialAction\":[{\"@type\":\"SearchAction\",\"target\":{\"@type\":\"EntryPoint\",\"urlTemplate\":\"https:\/\/www.mundoagropecuario.cl\/new\/?s={search_term_string}\"},\"query-input\":{\"@type\":\"PropertyValueSpecification\",\"valueRequired\":true,\"valueName\":\"search_term_string\"}}],\"inLanguage\":\"es\"},{\"@type\":\"Organization\",\"@id\":\"https:\/\/www.mundoagropecuario.cl\/new\/#organization\",\"name\":\"Revista de Agricultura\",\"url\":\"https:\/\/www.mundoagropecuario.cl\/new\/\",\"logo\":{\"@type\":\"ImageObject\",\"inLanguage\":\"es\",\"@id\":\"https:\/\/www.mundoagropecuario.cl\/new\/#\/schema\/logo\/image\/\",\"url\":\"https:\/\/www.mundoagropecuario.cl\/new\/wp-content\/uploads\/2020\/11\/PORTAL-1-1.png\",\"contentUrl\":\"https:\/\/www.mundoagropecuario.cl\/new\/wp-content\/uploads\/2020\/11\/PORTAL-1-1.png\",\"width\":1026,\"height\":100,\"caption\":\"Revista de Agricultura\"},\"image\":{\"@id\":\"https:\/\/www.mundoagropecuario.cl\/new\/#\/schema\/logo\/image\/\"},\"sameAs\":[\"https:\/\/www.facebook.com\/mundo.agropecuario.3\",\"https:\/\/x.com\/MundoAgropecuar\",\"https:\/\/www.linkedin.com\/in\/mundo-agropecuario-934009201\/\"]},{\"@type\":\"Person\",\"@id\":\"https:\/\/www.mundoagropecuario.cl\/new\/#\/schema\/person\/0c221050801c74e45256a7a9a1ff0803\",\"name\":\"periodista\",\"url\":\"https:\/\/www.mundoagropecuario.cl\/new\/author\/periodista\/\"}]}<\/script>\n<!-- \/ Yoast SEO plugin. -->","yoast_head_json":{"title":"II Seminario Internacional reuni\u00f3 a expertos, agricultores y emprendedores del rubro de las legumbres - Mundoagropecuario","robots":{"index":"index","follow":"follow","max-snippet":"max-snippet:-1","max-image-preview":"max-image-preview:large","max-video-preview":"max-video-preview:-1"},"canonical":"https:\/\/www.mundoagropecuario.cl\/new\/ii-seminario-internacional-reunio-a-expertos-agricultores-y-emprendedores-del-rubro-de-las-legumbres\/","og_locale":"es_ES","og_type":"article","og_title":"II Seminario Internacional reuni\u00f3 a expertos, agricultores y emprendedores del rubro de las legumbres - Mundoagropecuario","og_description":"La actividad que congreg\u00f3 a productores locales, representantes de la academia, la industria transformadora y empresas comercializadoras, se realiz\u00f3 en la Facultad de Agronom\u00eda e Ingenier\u00eda Forestal de la Pontificia...","og_url":"https:\/\/www.mundoagropecuario.cl\/new\/ii-seminario-internacional-reunio-a-expertos-agricultores-y-emprendedores-del-rubro-de-las-legumbres\/","og_site_name":"Mundoagropecuario","article_publisher":"https:\/\/www.facebook.com\/mundo.agropecuario.3","article_published_time":"2019-04-11T04:37:24+00:00","article_modified_time":"2019-04-18T15:03:55+00:00","og_image":[{"width":640,"height":426,"url":"https:\/\/www.mundoagropecuario.cl\/new\/wp-content\/uploads\/2019\/04\/seminario-polo-legumbres.jpg","type":"image\/jpeg"}],"author":"periodista","twitter_card":"summary_large_image","twitter_creator":"@MundoAgropecuar","twitter_site":"@MundoAgropecuar","twitter_misc":{"Escrito por":"periodista","Tiempo de lectura":"4 minutos"},"schema":{"@context":"https:\/\/schema.org","@graph":[{"@type":"Article","@id":"https:\/\/www.mundoagropecuario.cl\/new\/ii-seminario-internacional-reunio-a-expertos-agricultores-y-emprendedores-del-rubro-de-las-legumbres\/#article","isPartOf":{"@id":"https:\/\/www.mundoagropecuario.cl\/new\/ii-seminario-internacional-reunio-a-expertos-agricultores-y-emprendedores-del-rubro-de-las-legumbres\/"},"author":{"name":"periodista","@id":"https:\/\/www.mundoagropecuario.cl\/new\/#\/schema\/person\/0c221050801c74e45256a7a9a1ff0803"},"headline":"II Seminario Internacional reuni\u00f3 a expertos, agricultores y emprendedores del rubro de las legumbres","datePublished":"2019-04-11T04:37:24+00:00","dateModified":"2019-04-18T15:03:55+00:00","mainEntityOfPage":{"@id":"https:\/\/www.mundoagropecuario.cl\/new\/ii-seminario-internacional-reunio-a-expertos-agricultores-y-emprendedores-del-rubro-de-las-legumbres\/"},"wordCount":893,"publisher":{"@id":"https:\/\/www.mundoagropecuario.cl\/new\/#organization"},"image":{"@id":"https:\/\/www.mundoagropecuario.cl\/new\/ii-seminario-internacional-reunio-a-expertos-agricultores-y-emprendedores-del-rubro-de-las-legumbres\/#primaryimage"},"thumbnailUrl":"https:\/\/www.mundoagropecuario.cl\/new\/wp-content\/uploads\/2019\/04\/seminario-polo-legumbres.jpg","keywords":["legumbres","Polo Territorial Legumbres","PUC"],"articleSection":["Agricultura"],"inLanguage":"es"},{"@type":"WebPage","@id":"https:\/\/www.mundoagropecuario.cl\/new\/ii-seminario-internacional-reunio-a-expertos-agricultores-y-emprendedores-del-rubro-de-las-legumbres\/","url":"https:\/\/www.mundoagropecuario.cl\/new\/ii-seminario-internacional-reunio-a-expertos-agricultores-y-emprendedores-del-rubro-de-las-legumbres\/","name":"II Seminario Internacional reuni\u00f3 a expertos, agricultores y emprendedores del rubro de las legumbres - Mundoagropecuario","isPartOf":{"@id":"https:\/\/www.mundoagropecuario.cl\/new\/#website"},"primaryImageOfPage":{"@id":"https:\/\/www.mundoagropecuario.cl\/new\/ii-seminario-internacional-reunio-a-expertos-agricultores-y-emprendedores-del-rubro-de-las-legumbres\/#primaryimage"},"image":{"@id":"https:\/\/www.mundoagropecuario.cl\/new\/ii-seminario-internacional-reunio-a-expertos-agricultores-y-emprendedores-del-rubro-de-las-legumbres\/#primaryimage"},"thumbnailUrl":"https:\/\/www.mundoagropecuario.cl\/new\/wp-content\/uploads\/2019\/04\/seminario-polo-legumbres.jpg","datePublished":"2019-04-11T04:37:24+00:00","dateModified":"2019-04-18T15:03:55+00:00","breadcrumb":{"@id":"https:\/\/www.mundoagropecuario.cl\/new\/ii-seminario-internacional-reunio-a-expertos-agricultores-y-emprendedores-del-rubro-de-las-legumbres\/#breadcrumb"},"inLanguage":"es","potentialAction":[{"@type":"ReadAction","target":["https:\/\/www.mundoagropecuario.cl\/new\/ii-seminario-internacional-reunio-a-expertos-agricultores-y-emprendedores-del-rubro-de-las-legumbres\/"]}]},{"@type":"ImageObject","inLanguage":"es","@id":"https:\/\/www.mundoagropecuario.cl\/new\/ii-seminario-internacional-reunio-a-expertos-agricultores-y-emprendedores-del-rubro-de-las-legumbres\/#primaryimage","url":"https:\/\/www.mundoagropecuario.cl\/new\/wp-content\/uploads\/2019\/04\/seminario-polo-legumbres.jpg","contentUrl":"https:\/\/www.mundoagropecuario.cl\/new\/wp-content\/uploads\/2019\/04\/seminario-polo-legumbres.jpg","width":601,"height":400},{"@type":"BreadcrumbList","@id":"https:\/\/www.mundoagropecuario.cl\/new\/ii-seminario-internacional-reunio-a-expertos-agricultores-y-emprendedores-del-rubro-de-las-legumbres\/#breadcrumb","itemListElement":[{"@type":"ListItem","position":1,"name":"Portada","item":"https:\/\/www.mundoagropecuario.cl\/new\/"},{"@type":"ListItem","position":2,"name":"II Seminario Internacional reuni\u00f3 a expertos, agricultores y emprendedores del rubro de las legumbres"}]},{"@type":"WebSite","@id":"https:\/\/www.mundoagropecuario.cl\/new\/#website","url":"https:\/\/www.mundoagropecuario.cl\/new\/","name":"Mundoagropecuario","description":"Mundo Agropecuario","publisher":{"@id":"https:\/\/www.mundoagropecuario.cl\/new\/#organization"},"potentialAction":[{"@type":"SearchAction","target":{"@type":"EntryPoint","urlTemplate":"https:\/\/www.mundoagropecuario.cl\/new\/?s={search_term_string}"},"query-input":{"@type":"PropertyValueSpecification","valueRequired":true,"valueName":"search_term_string"}}],"inLanguage":"es"},{"@type":"Organization","@id":"https:\/\/www.mundoagropecuario.cl\/new\/#organization","name":"Revista de Agricultura","url":"https:\/\/www.mundoagropecuario.cl\/new\/","logo":{"@type":"ImageObject","inLanguage":"es","@id":"https:\/\/www.mundoagropecuario.cl\/new\/#\/schema\/logo\/image\/","url":"https:\/\/www.mundoagropecuario.cl\/new\/wp-content\/uploads\/2020\/11\/PORTAL-1-1.png","contentUrl":"https:\/\/www.mundoagropecuario.cl\/new\/wp-content\/uploads\/2020\/11\/PORTAL-1-1.png","width":1026,"height":100,"caption":"Revista de Agricultura"},"image":{"@id":"https:\/\/www.mundoagropecuario.cl\/new\/#\/schema\/logo\/image\/"},"sameAs":["https:\/\/www.facebook.com\/mundo.agropecuario.3","https:\/\/x.com\/MundoAgropecuar","https:\/\/www.linkedin.com\/in\/mundo-agropecuario-934009201\/"]},{"@type":"Person","@id":"https:\/\/www.mundoagropecuario.cl\/new\/#\/schema\/person\/0c221050801c74e45256a7a9a1ff0803","name":"periodista","url":"https:\/\/www.mundoagropecuario.cl\/new\/author\/periodista\/"}]}},"_links":{"self":[{"href":"https:\/\/www.mundoagropecuario.cl\/new\/wp-json\/wp\/v2\/posts\/11407","targetHints":{"allow":["GET"]}}],"collection":[{"href":"https:\/\/www.mundoagropecuario.cl\/new\/wp-json\/wp\/v2\/posts"}],"about":[{"href":"https:\/\/www.mundoagropecuario.cl\/new\/wp-json\/wp\/v2\/types\/post"}],"author":[{"embeddable":true,"href":"https:\/\/www.mundoagropecuario.cl\/new\/wp-json\/wp\/v2\/users\/3"}],"replies":[{"embeddable":true,"href":"https:\/\/www.mundoagropecuario.cl\/new\/wp-json\/wp\/v2\/comments?post=11407"}],"version-history":[{"count":1,"href":"https:\/\/www.mundoagropecuario.cl\/new\/wp-json\/wp\/v2\/posts\/11407\/revisions"}],"predecessor-version":[{"id":11409,"href":"https:\/\/www.mundoagropecuario.cl\/new\/wp-json\/wp\/v2\/posts\/11407\/revisions\/11409"}],"wp:featuredmedia":[{"embeddable":true,"href":"https:\/\/www.mundoagropecuario.cl\/new\/wp-json\/wp\/v2\/media\/11408"}],"wp:attachment":[{"href":"https:\/\/www.mundoagropecuario.cl\/new\/wp-json\/wp\/v2\/media?parent=11407"}],"wp:term":[{"taxonomy":"category","embeddable":true,"href":"https:\/\/www.mundoagropecuario.cl\/new\/wp-json\/wp\/v2\/categories?post=11407"},{"taxonomy":"post_tag","embeddable":true,"href":"https:\/\/www.mundoagropecuario.cl\/new\/wp-json\/wp\/v2\/tags?post=11407"}],"curies":[{"name":"wp","href":"https:\/\/api.w.org\/{rel}","templated":true}]}}