{"id":11380,"date":"2019-04-10T02:21:28","date_gmt":"2019-04-10T05:21:28","guid":{"rendered":"http:\/\/www.mundoagropecuario.cl\/new\/?p=11380"},"modified":"2019-04-18T12:06:53","modified_gmt":"2019-04-18T15:06:53","slug":"cooprinsem-estuvo-presente-en-congreso-internacional-de-innovacion-para-el-sector-agropecuario","status":"publish","type":"post","link":"https:\/\/www.mundoagropecuario.cl\/new\/cooprinsem-estuvo-presente-en-congreso-internacional-de-innovacion-para-el-sector-agropecuario\/","title":{"rendered":"Cooprinsem estuvo presente en Congreso Internacional de Innovaci\u00f3n para el sector agropecuario"},"content":{"rendered":"<blockquote><p><em>En la oportunidad, directivos de la cooperativa iniciaron conversaciones para apoyar t\u00e9cnicamente a productores locales, y colaborar en la modernizaci\u00f3n del sector lechero del pa\u00eds centroamericano (Mundo Agropecuario).<\/em><\/p><\/blockquote>\n<p>Invitados por el Banco Interamericano de Desarrollo (BID), Cooprinsem particip\u00f3 recientemente en el Congreso Internacional de Innovaci\u00f3n para el sector agropecuario (Agrotech), efectuado en la ciudad de San Pedro Sula, en Honduras.<\/p>\n<p>Esta cita t\u00e9cnica congreg\u00f3 a los referentes en innovaci\u00f3n tecnol\u00f3gica para el fortalecimiento de la productividad, rentabilidad y resiliencia del sector agropecuario en Latinoam\u00e9rica. En la versi\u00f3n 2019, participaron cerca de 60 expositores provenientes de distintos pa\u00edses, y fue la Cooperativa osornina la que se hizo presente en esta cumbre tecnol\u00f3gica para exhibir sus servicios de apoyo al manejo de la producci\u00f3n lechera, de crianza-engorda, cultivos anuales, y otros tipos de explotaciones agr\u00edcolas.<\/p>\n<p>As\u00ed lo manifest\u00f3 el gerente general de Cooprinsem, Sergio Niklitschek, quien lider\u00f3 la comitiva que particip\u00f3 en este encuentro. El directivo explic\u00f3 que la invitaci\u00f3n del BID a participar en esta cita, se funda en el reconocimiento que tiene la organizaci\u00f3n en materias de transferencia tecnol\u00f3gica al servicio de los productores de Chile.<\/p>\n<p>Apunt\u00f3 a que el desarrollo que ha alcanzado la Cooperativa y el potencial que tiene para dar asesor\u00eda al sector agropecuario, han sido claves para generar alianzas que impulsen la ganader\u00eda y la lecher\u00eda, incluso fuera de nuestras fronteras. \u201cLa invitaci\u00f3n que le hicieron a Cooprinsem fue por nuestra trayectoria y el impacto que hemos tenido en el sector lechero durante estos \u00faltimos 50 a\u00f1os, y viendo c\u00f3mo nosotros podemos transferir lo aprendido ya en Chile, al sector agropecuario de Honduras\u201d, se\u00f1al\u00f3 el gerente general.<\/p>\n<p>En esta l\u00ednea, se establecieron los primeros contactos con el Gobierno local, el BID y productores hondure\u00f1os, para buscar la mejor forma de apoyar t\u00e9cnicamente en materias relacionadas a registro y calidad de leche, y con ello, mejorar gesti\u00f3n de los productores y avanzar en la modernizaci\u00f3n del sector lechero de este pa\u00eds. Al respecto Niklitschek manifest\u00f3 \u201cvemos buenas perspectivas a futuro de poder entregar algunos paquetes tecnol\u00f3gicos que vayan en ayuda de este pa\u00eds centroamericano\u201d.<\/p>\n<p>El gerente general asisti\u00f3 a este encuentro en compa\u00f1\u00eda del Director T\u00e9cnico Comercial del Departamento de Reproducci\u00f3n e Inseminaci\u00f3n Artificial, Mario Olivares. Fueron dos jornadas en las que los directivos chilenos presentaron a los asistentes a la muestra Agrotech, las distintas innovaciones tecnol\u00f3gicas que la Cooperativa tiene a disposici\u00f3n de sus clientes y socios. Recibieron adem\u00e1s de visita del Embajador de Chile en Honduras, Enrique Barriga, quien destac\u00f3 la presencia de la Cooprinsem en el Congreso Internacional de Innovaci\u00f3n Tecnol\u00f3gica para el Sector Agropecuario, efectuado en la ciudad de San Pedro Sula<\/p>\n<p>&nbsp;<\/p>\n<p>&nbsp;<\/p>\n<p>&nbsp;<\/p>\n<p>&nbsp;<\/p>\n","protected":false},"excerpt":{"rendered":"<p>En la oportunidad, directivos de la cooperativa iniciaron conversaciones para apoyar t\u00e9cnicamente a productores locales, y colaborar en la modernizaci\u00f3n del sector lechero del pa\u00eds centroamericano (Mundo Agropecuario). Invitados por&#8230;<\/p>\n","protected":false},"author":3,"featured_media":11381,"comment_status":"closed","ping_status":"closed","sticky":false,"template":"","format":"standard","meta":{"footnotes":""},"categories":[1945],"tags":[3510,3457,2261,3509],"class_list":["post-11380","post","type-post","status-publish","format-standard","has-post-thumbnail","hentry","category-agricultura","tag-agrotech","tag-bid","tag-cooprinsem","tag-honduras"],"yoast_head":"<!-- This site is optimized with the Yoast SEO plugin v26.6 - https:\/\/yoast.com\/wordpress\/plugins\/seo\/ -->\n<title>Cooprinsem estuvo presente en Congreso Internacional de Innovaci\u00f3n para el sector agropecuario - Mundoagropecuario<\/title>\n<meta name=\"robots\" content=\"index, follow, max-snippet:-1, max-image-preview:large, max-video-preview:-1\" \/>\n<link rel=\"canonical\" href=\"https:\/\/www.mundoagropecuario.cl\/new\/cooprinsem-estuvo-presente-en-congreso-internacional-de-innovacion-para-el-sector-agropecuario\/\" \/>\n<meta property=\"og:locale\" content=\"es_ES\" \/>\n<meta property=\"og:type\" content=\"article\" \/>\n<meta property=\"og:title\" content=\"Cooprinsem estuvo presente en Congreso Internacional de Innovaci\u00f3n para el sector agropecuario - Mundoagropecuario\" \/>\n<meta property=\"og:description\" content=\"En la oportunidad, directivos de la cooperativa iniciaron conversaciones para apoyar t\u00e9cnicamente a productores locales, y colaborar en la modernizaci\u00f3n del sector lechero del pa\u00eds centroamericano (Mundo Agropecuario). Invitados por...\" \/>\n<meta property=\"og:url\" content=\"https:\/\/www.mundoagropecuario.cl\/new\/cooprinsem-estuvo-presente-en-congreso-internacional-de-innovacion-para-el-sector-agropecuario\/\" \/>\n<meta property=\"og:site_name\" content=\"Mundoagropecuario\" \/>\n<meta property=\"article:publisher\" content=\"https:\/\/www.facebook.com\/mundo.agropecuario.3\" \/>\n<meta property=\"article:published_time\" content=\"2019-04-10T05:21:28+00:00\" \/>\n<meta property=\"article:modified_time\" content=\"2019-04-18T15:06:53+00:00\" \/>\n<meta property=\"og:image\" content=\"https:\/\/www.mundoagropecuario.cl\/new\/wp-content\/uploads\/2019\/04\/Cooprinsem-Congreso-Agrotech-Honduras.jpg\" \/>\n\t<meta property=\"og:image:width\" content=\"896\" \/>\n\t<meta property=\"og:image:height\" content=\"504\" \/>\n\t<meta property=\"og:image:type\" content=\"image\/jpeg\" \/>\n<meta name=\"author\" content=\"periodista\" \/>\n<meta name=\"twitter:card\" content=\"summary_large_image\" \/>\n<meta name=\"twitter:creator\" content=\"@MundoAgropecuar\" \/>\n<meta name=\"twitter:site\" content=\"@MundoAgropecuar\" \/>\n<meta name=\"twitter:label1\" content=\"Escrito por\" \/>\n\t<meta name=\"twitter:data1\" content=\"periodista\" \/>\n\t<meta name=\"twitter:label2\" content=\"Tiempo de lectura\" \/>\n\t<meta name=\"twitter:data2\" content=\"2 minutos\" \/>\n<script type=\"application\/ld+json\" class=\"yoast-schema-graph\">{\"@context\":\"https:\/\/schema.org\",\"@graph\":[{\"@type\":\"Article\",\"@id\":\"https:\/\/www.mundoagropecuario.cl\/new\/cooprinsem-estuvo-presente-en-congreso-internacional-de-innovacion-para-el-sector-agropecuario\/#article\",\"isPartOf\":{\"@id\":\"https:\/\/www.mundoagropecuario.cl\/new\/cooprinsem-estuvo-presente-en-congreso-internacional-de-innovacion-para-el-sector-agropecuario\/\"},\"author\":{\"name\":\"periodista\",\"@id\":\"https:\/\/www.mundoagropecuario.cl\/new\/#\/schema\/person\/0c221050801c74e45256a7a9a1ff0803\"},\"headline\":\"Cooprinsem estuvo presente en Congreso Internacional de Innovaci\u00f3n para el sector agropecuario\",\"datePublished\":\"2019-04-10T05:21:28+00:00\",\"dateModified\":\"2019-04-18T15:06:53+00:00\",\"mainEntityOfPage\":{\"@id\":\"https:\/\/www.mundoagropecuario.cl\/new\/cooprinsem-estuvo-presente-en-congreso-internacional-de-innovacion-para-el-sector-agropecuario\/\"},\"wordCount\":493,\"publisher\":{\"@id\":\"https:\/\/www.mundoagropecuario.cl\/new\/#organization\"},\"image\":{\"@id\":\"https:\/\/www.mundoagropecuario.cl\/new\/cooprinsem-estuvo-presente-en-congreso-internacional-de-innovacion-para-el-sector-agropecuario\/#primaryimage\"},\"thumbnailUrl\":\"https:\/\/www.mundoagropecuario.cl\/new\/wp-content\/uploads\/2019\/04\/Cooprinsem-Congreso-Agrotech-Honduras.jpg\",\"keywords\":[\"Agrotech\",\"BID\",\"Cooprinsem\",\"Honduras\"],\"articleSection\":[\"Agricultura\"],\"inLanguage\":\"es\"},{\"@type\":\"WebPage\",\"@id\":\"https:\/\/www.mundoagropecuario.cl\/new\/cooprinsem-estuvo-presente-en-congreso-internacional-de-innovacion-para-el-sector-agropecuario\/\",\"url\":\"https:\/\/www.mundoagropecuario.cl\/new\/cooprinsem-estuvo-presente-en-congreso-internacional-de-innovacion-para-el-sector-agropecuario\/\",\"name\":\"Cooprinsem estuvo presente en Congreso Internacional de Innovaci\u00f3n para el sector agropecuario - Mundoagropecuario\",\"isPartOf\":{\"@id\":\"https:\/\/www.mundoagropecuario.cl\/new\/#website\"},\"primaryImageOfPage\":{\"@id\":\"https:\/\/www.mundoagropecuario.cl\/new\/cooprinsem-estuvo-presente-en-congreso-internacional-de-innovacion-para-el-sector-agropecuario\/#primaryimage\"},\"image\":{\"@id\":\"https:\/\/www.mundoagropecuario.cl\/new\/cooprinsem-estuvo-presente-en-congreso-internacional-de-innovacion-para-el-sector-agropecuario\/#primaryimage\"},\"thumbnailUrl\":\"https:\/\/www.mundoagropecuario.cl\/new\/wp-content\/uploads\/2019\/04\/Cooprinsem-Congreso-Agrotech-Honduras.jpg\",\"datePublished\":\"2019-04-10T05:21:28+00:00\",\"dateModified\":\"2019-04-18T15:06:53+00:00\",\"breadcrumb\":{\"@id\":\"https:\/\/www.mundoagropecuario.cl\/new\/cooprinsem-estuvo-presente-en-congreso-internacional-de-innovacion-para-el-sector-agropecuario\/#breadcrumb\"},\"inLanguage\":\"es\",\"potentialAction\":[{\"@type\":\"ReadAction\",\"target\":[\"https:\/\/www.mundoagropecuario.cl\/new\/cooprinsem-estuvo-presente-en-congreso-internacional-de-innovacion-para-el-sector-agropecuario\/\"]}]},{\"@type\":\"ImageObject\",\"inLanguage\":\"es\",\"@id\":\"https:\/\/www.mundoagropecuario.cl\/new\/cooprinsem-estuvo-presente-en-congreso-internacional-de-innovacion-para-el-sector-agropecuario\/#primaryimage\",\"url\":\"https:\/\/www.mundoagropecuario.cl\/new\/wp-content\/uploads\/2019\/04\/Cooprinsem-Congreso-Agrotech-Honduras.jpg\",\"contentUrl\":\"https:\/\/www.mundoagropecuario.cl\/new\/wp-content\/uploads\/2019\/04\/Cooprinsem-Congreso-Agrotech-Honduras.jpg\",\"width\":711,\"height\":400},{\"@type\":\"BreadcrumbList\",\"@id\":\"https:\/\/www.mundoagropecuario.cl\/new\/cooprinsem-estuvo-presente-en-congreso-internacional-de-innovacion-para-el-sector-agropecuario\/#breadcrumb\",\"itemListElement\":[{\"@type\":\"ListItem\",\"position\":1,\"name\":\"Portada\",\"item\":\"https:\/\/www.mundoagropecuario.cl\/new\/\"},{\"@type\":\"ListItem\",\"position\":2,\"name\":\"Cooprinsem estuvo presente en Congreso Internacional de Innovaci\u00f3n para el sector agropecuario\"}]},{\"@type\":\"WebSite\",\"@id\":\"https:\/\/www.mundoagropecuario.cl\/new\/#website\",\"url\":\"https:\/\/www.mundoagropecuario.cl\/new\/\",\"name\":\"Mundoagropecuario\",\"description\":\"Mundo Agropecuario\",\"publisher\":{\"@id\":\"https:\/\/www.mundoagropecuario.cl\/new\/#organization\"},\"potentialAction\":[{\"@type\":\"SearchAction\",\"target\":{\"@type\":\"EntryPoint\",\"urlTemplate\":\"https:\/\/www.mundoagropecuario.cl\/new\/?s={search_term_string}\"},\"query-input\":{\"@type\":\"PropertyValueSpecification\",\"valueRequired\":true,\"valueName\":\"search_term_string\"}}],\"inLanguage\":\"es\"},{\"@type\":\"Organization\",\"@id\":\"https:\/\/www.mundoagropecuario.cl\/new\/#organization\",\"name\":\"Revista de Agricultura\",\"url\":\"https:\/\/www.mundoagropecuario.cl\/new\/\",\"logo\":{\"@type\":\"ImageObject\",\"inLanguage\":\"es\",\"@id\":\"https:\/\/www.mundoagropecuario.cl\/new\/#\/schema\/logo\/image\/\",\"url\":\"https:\/\/www.mundoagropecuario.cl\/new\/wp-content\/uploads\/2020\/11\/PORTAL-1-1.png\",\"contentUrl\":\"https:\/\/www.mundoagropecuario.cl\/new\/wp-content\/uploads\/2020\/11\/PORTAL-1-1.png\",\"width\":1026,\"height\":100,\"caption\":\"Revista de Agricultura\"},\"image\":{\"@id\":\"https:\/\/www.mundoagropecuario.cl\/new\/#\/schema\/logo\/image\/\"},\"sameAs\":[\"https:\/\/www.facebook.com\/mundo.agropecuario.3\",\"https:\/\/x.com\/MundoAgropecuar\",\"https:\/\/www.linkedin.com\/in\/mundo-agropecuario-934009201\/\"]},{\"@type\":\"Person\",\"@id\":\"https:\/\/www.mundoagropecuario.cl\/new\/#\/schema\/person\/0c221050801c74e45256a7a9a1ff0803\",\"name\":\"periodista\",\"url\":\"https:\/\/www.mundoagropecuario.cl\/new\/author\/periodista\/\"}]}<\/script>\n<!-- \/ Yoast SEO plugin. -->","yoast_head_json":{"title":"Cooprinsem estuvo presente en Congreso Internacional de Innovaci\u00f3n para el sector agropecuario - Mundoagropecuario","robots":{"index":"index","follow":"follow","max-snippet":"max-snippet:-1","max-image-preview":"max-image-preview:large","max-video-preview":"max-video-preview:-1"},"canonical":"https:\/\/www.mundoagropecuario.cl\/new\/cooprinsem-estuvo-presente-en-congreso-internacional-de-innovacion-para-el-sector-agropecuario\/","og_locale":"es_ES","og_type":"article","og_title":"Cooprinsem estuvo presente en Congreso Internacional de Innovaci\u00f3n para el sector agropecuario - Mundoagropecuario","og_description":"En la oportunidad, directivos de la cooperativa iniciaron conversaciones para apoyar t\u00e9cnicamente a productores locales, y colaborar en la modernizaci\u00f3n del sector lechero del pa\u00eds centroamericano (Mundo Agropecuario). Invitados por...","og_url":"https:\/\/www.mundoagropecuario.cl\/new\/cooprinsem-estuvo-presente-en-congreso-internacional-de-innovacion-para-el-sector-agropecuario\/","og_site_name":"Mundoagropecuario","article_publisher":"https:\/\/www.facebook.com\/mundo.agropecuario.3","article_published_time":"2019-04-10T05:21:28+00:00","article_modified_time":"2019-04-18T15:06:53+00:00","og_image":[{"width":896,"height":504,"url":"https:\/\/www.mundoagropecuario.cl\/new\/wp-content\/uploads\/2019\/04\/Cooprinsem-Congreso-Agrotech-Honduras.jpg","type":"image\/jpeg"}],"author":"periodista","twitter_card":"summary_large_image","twitter_creator":"@MundoAgropecuar","twitter_site":"@MundoAgropecuar","twitter_misc":{"Escrito por":"periodista","Tiempo de lectura":"2 minutos"},"schema":{"@context":"https:\/\/schema.org","@graph":[{"@type":"Article","@id":"https:\/\/www.mundoagropecuario.cl\/new\/cooprinsem-estuvo-presente-en-congreso-internacional-de-innovacion-para-el-sector-agropecuario\/#article","isPartOf":{"@id":"https:\/\/www.mundoagropecuario.cl\/new\/cooprinsem-estuvo-presente-en-congreso-internacional-de-innovacion-para-el-sector-agropecuario\/"},"author":{"name":"periodista","@id":"https:\/\/www.mundoagropecuario.cl\/new\/#\/schema\/person\/0c221050801c74e45256a7a9a1ff0803"},"headline":"Cooprinsem estuvo presente en Congreso Internacional de Innovaci\u00f3n para el sector agropecuario","datePublished":"2019-04-10T05:21:28+00:00","dateModified":"2019-04-18T15:06:53+00:00","mainEntityOfPage":{"@id":"https:\/\/www.mundoagropecuario.cl\/new\/cooprinsem-estuvo-presente-en-congreso-internacional-de-innovacion-para-el-sector-agropecuario\/"},"wordCount":493,"publisher":{"@id":"https:\/\/www.mundoagropecuario.cl\/new\/#organization"},"image":{"@id":"https:\/\/www.mundoagropecuario.cl\/new\/cooprinsem-estuvo-presente-en-congreso-internacional-de-innovacion-para-el-sector-agropecuario\/#primaryimage"},"thumbnailUrl":"https:\/\/www.mundoagropecuario.cl\/new\/wp-content\/uploads\/2019\/04\/Cooprinsem-Congreso-Agrotech-Honduras.jpg","keywords":["Agrotech","BID","Cooprinsem","Honduras"],"articleSection":["Agricultura"],"inLanguage":"es"},{"@type":"WebPage","@id":"https:\/\/www.mundoagropecuario.cl\/new\/cooprinsem-estuvo-presente-en-congreso-internacional-de-innovacion-para-el-sector-agropecuario\/","url":"https:\/\/www.mundoagropecuario.cl\/new\/cooprinsem-estuvo-presente-en-congreso-internacional-de-innovacion-para-el-sector-agropecuario\/","name":"Cooprinsem estuvo presente en Congreso Internacional de Innovaci\u00f3n para el sector agropecuario - Mundoagropecuario","isPartOf":{"@id":"https:\/\/www.mundoagropecuario.cl\/new\/#website"},"primaryImageOfPage":{"@id":"https:\/\/www.mundoagropecuario.cl\/new\/cooprinsem-estuvo-presente-en-congreso-internacional-de-innovacion-para-el-sector-agropecuario\/#primaryimage"},"image":{"@id":"https:\/\/www.mundoagropecuario.cl\/new\/cooprinsem-estuvo-presente-en-congreso-internacional-de-innovacion-para-el-sector-agropecuario\/#primaryimage"},"thumbnailUrl":"https:\/\/www.mundoagropecuario.cl\/new\/wp-content\/uploads\/2019\/04\/Cooprinsem-Congreso-Agrotech-Honduras.jpg","datePublished":"2019-04-10T05:21:28+00:00","dateModified":"2019-04-18T15:06:53+00:00","breadcrumb":{"@id":"https:\/\/www.mundoagropecuario.cl\/new\/cooprinsem-estuvo-presente-en-congreso-internacional-de-innovacion-para-el-sector-agropecuario\/#breadcrumb"},"inLanguage":"es","potentialAction":[{"@type":"ReadAction","target":["https:\/\/www.mundoagropecuario.cl\/new\/cooprinsem-estuvo-presente-en-congreso-internacional-de-innovacion-para-el-sector-agropecuario\/"]}]},{"@type":"ImageObject","inLanguage":"es","@id":"https:\/\/www.mundoagropecuario.cl\/new\/cooprinsem-estuvo-presente-en-congreso-internacional-de-innovacion-para-el-sector-agropecuario\/#primaryimage","url":"https:\/\/www.mundoagropecuario.cl\/new\/wp-content\/uploads\/2019\/04\/Cooprinsem-Congreso-Agrotech-Honduras.jpg","contentUrl":"https:\/\/www.mundoagropecuario.cl\/new\/wp-content\/uploads\/2019\/04\/Cooprinsem-Congreso-Agrotech-Honduras.jpg","width":711,"height":400},{"@type":"BreadcrumbList","@id":"https:\/\/www.mundoagropecuario.cl\/new\/cooprinsem-estuvo-presente-en-congreso-internacional-de-innovacion-para-el-sector-agropecuario\/#breadcrumb","itemListElement":[{"@type":"ListItem","position":1,"name":"Portada","item":"https:\/\/www.mundoagropecuario.cl\/new\/"},{"@type":"ListItem","position":2,"name":"Cooprinsem estuvo presente en Congreso Internacional de Innovaci\u00f3n para el sector agropecuario"}]},{"@type":"WebSite","@id":"https:\/\/www.mundoagropecuario.cl\/new\/#website","url":"https:\/\/www.mundoagropecuario.cl\/new\/","name":"Mundoagropecuario","description":"Mundo Agropecuario","publisher":{"@id":"https:\/\/www.mundoagropecuario.cl\/new\/#organization"},"potentialAction":[{"@type":"SearchAction","target":{"@type":"EntryPoint","urlTemplate":"https:\/\/www.mundoagropecuario.cl\/new\/?s={search_term_string}"},"query-input":{"@type":"PropertyValueSpecification","valueRequired":true,"valueName":"search_term_string"}}],"inLanguage":"es"},{"@type":"Organization","@id":"https:\/\/www.mundoagropecuario.cl\/new\/#organization","name":"Revista de Agricultura","url":"https:\/\/www.mundoagropecuario.cl\/new\/","logo":{"@type":"ImageObject","inLanguage":"es","@id":"https:\/\/www.mundoagropecuario.cl\/new\/#\/schema\/logo\/image\/","url":"https:\/\/www.mundoagropecuario.cl\/new\/wp-content\/uploads\/2020\/11\/PORTAL-1-1.png","contentUrl":"https:\/\/www.mundoagropecuario.cl\/new\/wp-content\/uploads\/2020\/11\/PORTAL-1-1.png","width":1026,"height":100,"caption":"Revista de Agricultura"},"image":{"@id":"https:\/\/www.mundoagropecuario.cl\/new\/#\/schema\/logo\/image\/"},"sameAs":["https:\/\/www.facebook.com\/mundo.agropecuario.3","https:\/\/x.com\/MundoAgropecuar","https:\/\/www.linkedin.com\/in\/mundo-agropecuario-934009201\/"]},{"@type":"Person","@id":"https:\/\/www.mundoagropecuario.cl\/new\/#\/schema\/person\/0c221050801c74e45256a7a9a1ff0803","name":"periodista","url":"https:\/\/www.mundoagropecuario.cl\/new\/author\/periodista\/"}]}},"_links":{"self":[{"href":"https:\/\/www.mundoagropecuario.cl\/new\/wp-json\/wp\/v2\/posts\/11380","targetHints":{"allow":["GET"]}}],"collection":[{"href":"https:\/\/www.mundoagropecuario.cl\/new\/wp-json\/wp\/v2\/posts"}],"about":[{"href":"https:\/\/www.mundoagropecuario.cl\/new\/wp-json\/wp\/v2\/types\/post"}],"author":[{"embeddable":true,"href":"https:\/\/www.mundoagropecuario.cl\/new\/wp-json\/wp\/v2\/users\/3"}],"replies":[{"embeddable":true,"href":"https:\/\/www.mundoagropecuario.cl\/new\/wp-json\/wp\/v2\/comments?post=11380"}],"version-history":[{"count":1,"href":"https:\/\/www.mundoagropecuario.cl\/new\/wp-json\/wp\/v2\/posts\/11380\/revisions"}],"predecessor-version":[{"id":11382,"href":"https:\/\/www.mundoagropecuario.cl\/new\/wp-json\/wp\/v2\/posts\/11380\/revisions\/11382"}],"wp:featuredmedia":[{"embeddable":true,"href":"https:\/\/www.mundoagropecuario.cl\/new\/wp-json\/wp\/v2\/media\/11381"}],"wp:attachment":[{"href":"https:\/\/www.mundoagropecuario.cl\/new\/wp-json\/wp\/v2\/media?parent=11380"}],"wp:term":[{"taxonomy":"category","embeddable":true,"href":"https:\/\/www.mundoagropecuario.cl\/new\/wp-json\/wp\/v2\/categories?post=11380"},{"taxonomy":"post_tag","embeddable":true,"href":"https:\/\/www.mundoagropecuario.cl\/new\/wp-json\/wp\/v2\/tags?post=11380"}],"curies":[{"name":"wp","href":"https:\/\/api.w.org\/{rel}","templated":true}]}}