{"id":11377,"date":"2019-04-10T02:07:39","date_gmt":"2019-04-10T05:07:39","guid":{"rendered":"http:\/\/www.mundoagropecuario.cl\/new\/?p=11377"},"modified":"2019-04-18T12:05:38","modified_gmt":"2019-04-18T15:05:38","slug":"en-coquimbo-entregan-recomendaciones-a-apicultores-ante-deteccion-de-loque-americana","status":"publish","type":"post","link":"https:\/\/www.mundoagropecuario.cl\/new\/en-coquimbo-entregan-recomendaciones-a-apicultores-ante-deteccion-de-loque-americana\/","title":{"rendered":"En Coquimbo entregan recomendaciones a apicultores ante detecci\u00f3n de Loque Americana"},"content":{"rendered":"<blockquote><p><em>El SAG se encuentra realizando una serie de reuniones y charlas informativas a apicultores para dar a conocer las medidas de bioseguridad a adoptar y el estado de situaci\u00f3n de esta enfermedad que afecta a las abejas (Mundo Agropecuario).<\/em><\/p><\/blockquote>\n<p>Una serie de importantes recomendaciones realiz\u00f3 el Servicio Agr\u00edcola y Ganadero en la Regi\u00f3n de Coquimbo tras la detecci\u00f3n de Loque Americana en cinco apiarios de la zona. El objetivo es que los apicultores tomen las medidas de resguardo necesarias para evitar la propagaci\u00f3n de esta enfermedad bacteriana propia de las abejas y que afecta espec\u00edficamente a sus larvas produci\u00e9ndoles la muerte.<\/p>\n<p>Las abejas propagan la enfermedad al interior de la colmena, especialmente las nodrizas, que pueden extender los g\u00e9rmenes por toda la colonia. Las larvas de polilla de la cera tambi\u00e9n tienen un papel fundamental en la dispersi\u00f3n.<\/p>\n<p>Cabe tener en cuenta que las principales v\u00edas de contagio entre distintas colmenas y entre apiarios lo constituyen el pillaje de colonias enfermas, errores de vuelo (deriva), intervenciones poco cuidadosas del apicultor, alimentaci\u00f3n con miel de origen desconocido, todo ello favorecido por la trashumancia y las transacciones comerciales.<\/p>\n<p>Es por ello que se recomienda a los apicultores controlar el ingreso de cualquier persona ajena al establecimiento en donde se encuentra el apiario; mantener el material de trabajo desinfectado y limpio; no utilizar material de trabajo de otros apiarios; no reproducir la colmena desde panales enfermos; evitar ingresar productos de otros apiarios, como miel, polen, cera, prop\u00f3leos, jalea real, entre otros; no mezclar marcos ni alzas entre las colmenas; y nunca alimentar a las abejas con miel. Adem\u00e1s, si en alguna inspecci\u00f3n se detectan signos compatibles con la enfermedad, se debe avisar inmediatamente al Servicio.<\/p>\n<p>El Director Regional (s) del SAG en la Regi\u00f3n de Coquimbo, Gonzalo Vega, explica que \u201chemos detectado en total 5 apiarios infectados con la bacteria Paenibacillus larvae, causante de la enfermedad Loque Americana. Esta es una de las enfermedades m\u00e1s importantes de las abejas, es por ello que solicitamos a los apicultores tomar las medidas de resguardo indicadas a fin de evitar su propagaci\u00f3n\u201d.<\/p>\n<p>El directivo agreg\u00f3 que de los apiarios detectados con Loque Americana, cuatro se ubican en la Provincia de Elqui y uno en Limar\u00ed: \u201ctodos pertenecen al mismo apicultor, por lo que estamos tomando las medidas de control indicadas para este tipo de casos, adem\u00e1s de la respectiva cuarentena que tiene por objetivo evitar la propagaci\u00f3n de esta enfermedad a otros apiarios\u201d, agreg\u00f3 el Director Regional (s) del SAG.<\/p>\n<p>Al respecto, el Seremi de Agricultura, Rodrigo \u00d3rdenes, destac\u00f3 que \u201cen la regi\u00f3n existen 23.078 colmenas y es muy importante que los tenedores de abejas y apicultores denuncien oportunamente la presencia de alguna enfermedad o su sospecha, con el objetivo de que el SAG pueda concurrir a revisar esas colmenas, hacer una revisi\u00f3n completa y verificar la presencia o ausencia de alg\u00fan tipo de enfermedad ap\u00edcola\u201d.<\/p>\n<p>El SAG cuenta con un programa de vigilancia permanente de sanidad animal con inspecciones peri\u00f3dicas en las distintas regiones del pa\u00eds, cuyo objetivo es la detecci\u00f3n temprana de enfermedades ausentes y el monitoreo de los cambios de los patrones de ocurrencia de aquellas que se encuentran presentes en el pa\u00eds. En este programa se incluye la Loque Americana como una enfermedad ap\u00edcola que afecta la sanidad de apiarios de producci\u00f3n.<\/p>\n<p>Adem\u00e1s, en la regi\u00f3n se encuentran realizando una serie de reuniones y charlas con el objetivo de informar a los apicultores las medidas de bioseguridad a adoptar y el estado de situaci\u00f3n de la enfermedad.<\/p>\n<p>&nbsp;<\/p>\n<p>&nbsp;<\/p>\n<p>&nbsp;<\/p>\n<p>&nbsp;<\/p>\n","protected":false},"excerpt":{"rendered":"<p>El SAG se encuentra realizando una serie de reuniones y charlas informativas a apicultores para dar a conocer las medidas de bioseguridad a adoptar y el estado de situaci\u00f3n de&#8230;<\/p>\n","protected":false},"author":3,"featured_media":11378,"comment_status":"closed","ping_status":"closed","sticky":false,"template":"","format":"standard","meta":{"footnotes":""},"categories":[1945],"tags":[3508,664,1981,2036],"class_list":["post-11377","post","type-post","status-publish","format-standard","has-post-thumbnail","hentry","category-agricultura","tag-apiarios","tag-coquimbo","tag-loque-americana","tag-sag"],"yoast_head":"<!-- This site is optimized with the Yoast SEO plugin v26.6 - https:\/\/yoast.com\/wordpress\/plugins\/seo\/ -->\n<title>En Coquimbo entregan recomendaciones a apicultores ante detecci\u00f3n de Loque Americana - Mundoagropecuario<\/title>\n<meta name=\"robots\" content=\"index, follow, max-snippet:-1, max-image-preview:large, max-video-preview:-1\" \/>\n<link rel=\"canonical\" href=\"https:\/\/www.mundoagropecuario.cl\/new\/en-coquimbo-entregan-recomendaciones-a-apicultores-ante-deteccion-de-loque-americana\/\" \/>\n<meta property=\"og:locale\" content=\"es_ES\" \/>\n<meta property=\"og:type\" content=\"article\" \/>\n<meta property=\"og:title\" content=\"En Coquimbo entregan recomendaciones a apicultores ante detecci\u00f3n de Loque Americana - Mundoagropecuario\" \/>\n<meta property=\"og:description\" content=\"El SAG se encuentra realizando una serie de reuniones y charlas informativas a apicultores para dar a conocer las medidas de bioseguridad a adoptar y el estado de situaci\u00f3n de...\" \/>\n<meta property=\"og:url\" content=\"https:\/\/www.mundoagropecuario.cl\/new\/en-coquimbo-entregan-recomendaciones-a-apicultores-ante-deteccion-de-loque-americana\/\" \/>\n<meta property=\"og:site_name\" content=\"Mundoagropecuario\" \/>\n<meta property=\"article:publisher\" content=\"https:\/\/www.facebook.com\/mundo.agropecuario.3\" \/>\n<meta property=\"article:published_time\" content=\"2019-04-10T05:07:39+00:00\" \/>\n<meta property=\"article:modified_time\" content=\"2019-04-18T15:05:38+00:00\" \/>\n<meta property=\"og:image\" content=\"https:\/\/www.mundoagropecuario.cl\/new\/wp-content\/uploads\/2019\/04\/loque-abejas.jpg\" \/>\n\t<meta property=\"og:image:width\" content=\"1024\" \/>\n\t<meta property=\"og:image:height\" content=\"576\" \/>\n\t<meta property=\"og:image:type\" content=\"image\/jpeg\" \/>\n<meta name=\"author\" content=\"periodista\" \/>\n<meta name=\"twitter:card\" content=\"summary_large_image\" \/>\n<meta name=\"twitter:creator\" content=\"@MundoAgropecuar\" \/>\n<meta name=\"twitter:site\" content=\"@MundoAgropecuar\" \/>\n<meta name=\"twitter:label1\" content=\"Escrito por\" \/>\n\t<meta name=\"twitter:data1\" content=\"periodista\" \/>\n\t<meta name=\"twitter:label2\" content=\"Tiempo de lectura\" \/>\n\t<meta name=\"twitter:data2\" content=\"3 minutos\" \/>\n<script type=\"application\/ld+json\" class=\"yoast-schema-graph\">{\"@context\":\"https:\/\/schema.org\",\"@graph\":[{\"@type\":\"Article\",\"@id\":\"https:\/\/www.mundoagropecuario.cl\/new\/en-coquimbo-entregan-recomendaciones-a-apicultores-ante-deteccion-de-loque-americana\/#article\",\"isPartOf\":{\"@id\":\"https:\/\/www.mundoagropecuario.cl\/new\/en-coquimbo-entregan-recomendaciones-a-apicultores-ante-deteccion-de-loque-americana\/\"},\"author\":{\"name\":\"periodista\",\"@id\":\"https:\/\/www.mundoagropecuario.cl\/new\/#\/schema\/person\/0c221050801c74e45256a7a9a1ff0803\"},\"headline\":\"En Coquimbo entregan recomendaciones a apicultores ante detecci\u00f3n de Loque Americana\",\"datePublished\":\"2019-04-10T05:07:39+00:00\",\"dateModified\":\"2019-04-18T15:05:38+00:00\",\"mainEntityOfPage\":{\"@id\":\"https:\/\/www.mundoagropecuario.cl\/new\/en-coquimbo-entregan-recomendaciones-a-apicultores-ante-deteccion-de-loque-americana\/\"},\"wordCount\":632,\"publisher\":{\"@id\":\"https:\/\/www.mundoagropecuario.cl\/new\/#organization\"},\"image\":{\"@id\":\"https:\/\/www.mundoagropecuario.cl\/new\/en-coquimbo-entregan-recomendaciones-a-apicultores-ante-deteccion-de-loque-americana\/#primaryimage\"},\"thumbnailUrl\":\"https:\/\/www.mundoagropecuario.cl\/new\/wp-content\/uploads\/2019\/04\/loque-abejas.jpg\",\"keywords\":[\"apiarios\",\"Coquimbo\",\"Loque americana\",\"SAG\"],\"articleSection\":[\"Agricultura\"],\"inLanguage\":\"es\"},{\"@type\":\"WebPage\",\"@id\":\"https:\/\/www.mundoagropecuario.cl\/new\/en-coquimbo-entregan-recomendaciones-a-apicultores-ante-deteccion-de-loque-americana\/\",\"url\":\"https:\/\/www.mundoagropecuario.cl\/new\/en-coquimbo-entregan-recomendaciones-a-apicultores-ante-deteccion-de-loque-americana\/\",\"name\":\"En Coquimbo entregan recomendaciones a apicultores ante detecci\u00f3n de Loque Americana - Mundoagropecuario\",\"isPartOf\":{\"@id\":\"https:\/\/www.mundoagropecuario.cl\/new\/#website\"},\"primaryImageOfPage\":{\"@id\":\"https:\/\/www.mundoagropecuario.cl\/new\/en-coquimbo-entregan-recomendaciones-a-apicultores-ante-deteccion-de-loque-americana\/#primaryimage\"},\"image\":{\"@id\":\"https:\/\/www.mundoagropecuario.cl\/new\/en-coquimbo-entregan-recomendaciones-a-apicultores-ante-deteccion-de-loque-americana\/#primaryimage\"},\"thumbnailUrl\":\"https:\/\/www.mundoagropecuario.cl\/new\/wp-content\/uploads\/2019\/04\/loque-abejas.jpg\",\"datePublished\":\"2019-04-10T05:07:39+00:00\",\"dateModified\":\"2019-04-18T15:05:38+00:00\",\"breadcrumb\":{\"@id\":\"https:\/\/www.mundoagropecuario.cl\/new\/en-coquimbo-entregan-recomendaciones-a-apicultores-ante-deteccion-de-loque-americana\/#breadcrumb\"},\"inLanguage\":\"es\",\"potentialAction\":[{\"@type\":\"ReadAction\",\"target\":[\"https:\/\/www.mundoagropecuario.cl\/new\/en-coquimbo-entregan-recomendaciones-a-apicultores-ante-deteccion-de-loque-americana\/\"]}]},{\"@type\":\"ImageObject\",\"inLanguage\":\"es\",\"@id\":\"https:\/\/www.mundoagropecuario.cl\/new\/en-coquimbo-entregan-recomendaciones-a-apicultores-ante-deteccion-de-loque-americana\/#primaryimage\",\"url\":\"https:\/\/www.mundoagropecuario.cl\/new\/wp-content\/uploads\/2019\/04\/loque-abejas.jpg\",\"contentUrl\":\"https:\/\/www.mundoagropecuario.cl\/new\/wp-content\/uploads\/2019\/04\/loque-abejas.jpg\",\"width\":711,\"height\":400},{\"@type\":\"BreadcrumbList\",\"@id\":\"https:\/\/www.mundoagropecuario.cl\/new\/en-coquimbo-entregan-recomendaciones-a-apicultores-ante-deteccion-de-loque-americana\/#breadcrumb\",\"itemListElement\":[{\"@type\":\"ListItem\",\"position\":1,\"name\":\"Portada\",\"item\":\"https:\/\/www.mundoagropecuario.cl\/new\/\"},{\"@type\":\"ListItem\",\"position\":2,\"name\":\"En Coquimbo entregan recomendaciones a apicultores ante detecci\u00f3n de Loque Americana\"}]},{\"@type\":\"WebSite\",\"@id\":\"https:\/\/www.mundoagropecuario.cl\/new\/#website\",\"url\":\"https:\/\/www.mundoagropecuario.cl\/new\/\",\"name\":\"Mundoagropecuario\",\"description\":\"Mundo Agropecuario\",\"publisher\":{\"@id\":\"https:\/\/www.mundoagropecuario.cl\/new\/#organization\"},\"potentialAction\":[{\"@type\":\"SearchAction\",\"target\":{\"@type\":\"EntryPoint\",\"urlTemplate\":\"https:\/\/www.mundoagropecuario.cl\/new\/?s={search_term_string}\"},\"query-input\":{\"@type\":\"PropertyValueSpecification\",\"valueRequired\":true,\"valueName\":\"search_term_string\"}}],\"inLanguage\":\"es\"},{\"@type\":\"Organization\",\"@id\":\"https:\/\/www.mundoagropecuario.cl\/new\/#organization\",\"name\":\"Revista de Agricultura\",\"url\":\"https:\/\/www.mundoagropecuario.cl\/new\/\",\"logo\":{\"@type\":\"ImageObject\",\"inLanguage\":\"es\",\"@id\":\"https:\/\/www.mundoagropecuario.cl\/new\/#\/schema\/logo\/image\/\",\"url\":\"https:\/\/www.mundoagropecuario.cl\/new\/wp-content\/uploads\/2020\/11\/PORTAL-1-1.png\",\"contentUrl\":\"https:\/\/www.mundoagropecuario.cl\/new\/wp-content\/uploads\/2020\/11\/PORTAL-1-1.png\",\"width\":1026,\"height\":100,\"caption\":\"Revista de Agricultura\"},\"image\":{\"@id\":\"https:\/\/www.mundoagropecuario.cl\/new\/#\/schema\/logo\/image\/\"},\"sameAs\":[\"https:\/\/www.facebook.com\/mundo.agropecuario.3\",\"https:\/\/x.com\/MundoAgropecuar\",\"https:\/\/www.linkedin.com\/in\/mundo-agropecuario-934009201\/\"]},{\"@type\":\"Person\",\"@id\":\"https:\/\/www.mundoagropecuario.cl\/new\/#\/schema\/person\/0c221050801c74e45256a7a9a1ff0803\",\"name\":\"periodista\",\"url\":\"https:\/\/www.mundoagropecuario.cl\/new\/author\/periodista\/\"}]}<\/script>\n<!-- \/ Yoast SEO plugin. -->","yoast_head_json":{"title":"En Coquimbo entregan recomendaciones a apicultores ante detecci\u00f3n de Loque Americana - Mundoagropecuario","robots":{"index":"index","follow":"follow","max-snippet":"max-snippet:-1","max-image-preview":"max-image-preview:large","max-video-preview":"max-video-preview:-1"},"canonical":"https:\/\/www.mundoagropecuario.cl\/new\/en-coquimbo-entregan-recomendaciones-a-apicultores-ante-deteccion-de-loque-americana\/","og_locale":"es_ES","og_type":"article","og_title":"En Coquimbo entregan recomendaciones a apicultores ante detecci\u00f3n de Loque Americana - Mundoagropecuario","og_description":"El SAG se encuentra realizando una serie de reuniones y charlas informativas a apicultores para dar a conocer las medidas de bioseguridad a adoptar y el estado de situaci\u00f3n de...","og_url":"https:\/\/www.mundoagropecuario.cl\/new\/en-coquimbo-entregan-recomendaciones-a-apicultores-ante-deteccion-de-loque-americana\/","og_site_name":"Mundoagropecuario","article_publisher":"https:\/\/www.facebook.com\/mundo.agropecuario.3","article_published_time":"2019-04-10T05:07:39+00:00","article_modified_time":"2019-04-18T15:05:38+00:00","og_image":[{"width":1024,"height":576,"url":"https:\/\/www.mundoagropecuario.cl\/new\/wp-content\/uploads\/2019\/04\/loque-abejas.jpg","type":"image\/jpeg"}],"author":"periodista","twitter_card":"summary_large_image","twitter_creator":"@MundoAgropecuar","twitter_site":"@MundoAgropecuar","twitter_misc":{"Escrito por":"periodista","Tiempo de lectura":"3 minutos"},"schema":{"@context":"https:\/\/schema.org","@graph":[{"@type":"Article","@id":"https:\/\/www.mundoagropecuario.cl\/new\/en-coquimbo-entregan-recomendaciones-a-apicultores-ante-deteccion-de-loque-americana\/#article","isPartOf":{"@id":"https:\/\/www.mundoagropecuario.cl\/new\/en-coquimbo-entregan-recomendaciones-a-apicultores-ante-deteccion-de-loque-americana\/"},"author":{"name":"periodista","@id":"https:\/\/www.mundoagropecuario.cl\/new\/#\/schema\/person\/0c221050801c74e45256a7a9a1ff0803"},"headline":"En Coquimbo entregan recomendaciones a apicultores ante detecci\u00f3n de Loque Americana","datePublished":"2019-04-10T05:07:39+00:00","dateModified":"2019-04-18T15:05:38+00:00","mainEntityOfPage":{"@id":"https:\/\/www.mundoagropecuario.cl\/new\/en-coquimbo-entregan-recomendaciones-a-apicultores-ante-deteccion-de-loque-americana\/"},"wordCount":632,"publisher":{"@id":"https:\/\/www.mundoagropecuario.cl\/new\/#organization"},"image":{"@id":"https:\/\/www.mundoagropecuario.cl\/new\/en-coquimbo-entregan-recomendaciones-a-apicultores-ante-deteccion-de-loque-americana\/#primaryimage"},"thumbnailUrl":"https:\/\/www.mundoagropecuario.cl\/new\/wp-content\/uploads\/2019\/04\/loque-abejas.jpg","keywords":["apiarios","Coquimbo","Loque americana","SAG"],"articleSection":["Agricultura"],"inLanguage":"es"},{"@type":"WebPage","@id":"https:\/\/www.mundoagropecuario.cl\/new\/en-coquimbo-entregan-recomendaciones-a-apicultores-ante-deteccion-de-loque-americana\/","url":"https:\/\/www.mundoagropecuario.cl\/new\/en-coquimbo-entregan-recomendaciones-a-apicultores-ante-deteccion-de-loque-americana\/","name":"En Coquimbo entregan recomendaciones a apicultores ante detecci\u00f3n de Loque Americana - Mundoagropecuario","isPartOf":{"@id":"https:\/\/www.mundoagropecuario.cl\/new\/#website"},"primaryImageOfPage":{"@id":"https:\/\/www.mundoagropecuario.cl\/new\/en-coquimbo-entregan-recomendaciones-a-apicultores-ante-deteccion-de-loque-americana\/#primaryimage"},"image":{"@id":"https:\/\/www.mundoagropecuario.cl\/new\/en-coquimbo-entregan-recomendaciones-a-apicultores-ante-deteccion-de-loque-americana\/#primaryimage"},"thumbnailUrl":"https:\/\/www.mundoagropecuario.cl\/new\/wp-content\/uploads\/2019\/04\/loque-abejas.jpg","datePublished":"2019-04-10T05:07:39+00:00","dateModified":"2019-04-18T15:05:38+00:00","breadcrumb":{"@id":"https:\/\/www.mundoagropecuario.cl\/new\/en-coquimbo-entregan-recomendaciones-a-apicultores-ante-deteccion-de-loque-americana\/#breadcrumb"},"inLanguage":"es","potentialAction":[{"@type":"ReadAction","target":["https:\/\/www.mundoagropecuario.cl\/new\/en-coquimbo-entregan-recomendaciones-a-apicultores-ante-deteccion-de-loque-americana\/"]}]},{"@type":"ImageObject","inLanguage":"es","@id":"https:\/\/www.mundoagropecuario.cl\/new\/en-coquimbo-entregan-recomendaciones-a-apicultores-ante-deteccion-de-loque-americana\/#primaryimage","url":"https:\/\/www.mundoagropecuario.cl\/new\/wp-content\/uploads\/2019\/04\/loque-abejas.jpg","contentUrl":"https:\/\/www.mundoagropecuario.cl\/new\/wp-content\/uploads\/2019\/04\/loque-abejas.jpg","width":711,"height":400},{"@type":"BreadcrumbList","@id":"https:\/\/www.mundoagropecuario.cl\/new\/en-coquimbo-entregan-recomendaciones-a-apicultores-ante-deteccion-de-loque-americana\/#breadcrumb","itemListElement":[{"@type":"ListItem","position":1,"name":"Portada","item":"https:\/\/www.mundoagropecuario.cl\/new\/"},{"@type":"ListItem","position":2,"name":"En Coquimbo entregan recomendaciones a apicultores ante detecci\u00f3n de Loque Americana"}]},{"@type":"WebSite","@id":"https:\/\/www.mundoagropecuario.cl\/new\/#website","url":"https:\/\/www.mundoagropecuario.cl\/new\/","name":"Mundoagropecuario","description":"Mundo Agropecuario","publisher":{"@id":"https:\/\/www.mundoagropecuario.cl\/new\/#organization"},"potentialAction":[{"@type":"SearchAction","target":{"@type":"EntryPoint","urlTemplate":"https:\/\/www.mundoagropecuario.cl\/new\/?s={search_term_string}"},"query-input":{"@type":"PropertyValueSpecification","valueRequired":true,"valueName":"search_term_string"}}],"inLanguage":"es"},{"@type":"Organization","@id":"https:\/\/www.mundoagropecuario.cl\/new\/#organization","name":"Revista de Agricultura","url":"https:\/\/www.mundoagropecuario.cl\/new\/","logo":{"@type":"ImageObject","inLanguage":"es","@id":"https:\/\/www.mundoagropecuario.cl\/new\/#\/schema\/logo\/image\/","url":"https:\/\/www.mundoagropecuario.cl\/new\/wp-content\/uploads\/2020\/11\/PORTAL-1-1.png","contentUrl":"https:\/\/www.mundoagropecuario.cl\/new\/wp-content\/uploads\/2020\/11\/PORTAL-1-1.png","width":1026,"height":100,"caption":"Revista de Agricultura"},"image":{"@id":"https:\/\/www.mundoagropecuario.cl\/new\/#\/schema\/logo\/image\/"},"sameAs":["https:\/\/www.facebook.com\/mundo.agropecuario.3","https:\/\/x.com\/MundoAgropecuar","https:\/\/www.linkedin.com\/in\/mundo-agropecuario-934009201\/"]},{"@type":"Person","@id":"https:\/\/www.mundoagropecuario.cl\/new\/#\/schema\/person\/0c221050801c74e45256a7a9a1ff0803","name":"periodista","url":"https:\/\/www.mundoagropecuario.cl\/new\/author\/periodista\/"}]}},"_links":{"self":[{"href":"https:\/\/www.mundoagropecuario.cl\/new\/wp-json\/wp\/v2\/posts\/11377","targetHints":{"allow":["GET"]}}],"collection":[{"href":"https:\/\/www.mundoagropecuario.cl\/new\/wp-json\/wp\/v2\/posts"}],"about":[{"href":"https:\/\/www.mundoagropecuario.cl\/new\/wp-json\/wp\/v2\/types\/post"}],"author":[{"embeddable":true,"href":"https:\/\/www.mundoagropecuario.cl\/new\/wp-json\/wp\/v2\/users\/3"}],"replies":[{"embeddable":true,"href":"https:\/\/www.mundoagropecuario.cl\/new\/wp-json\/wp\/v2\/comments?post=11377"}],"version-history":[{"count":1,"href":"https:\/\/www.mundoagropecuario.cl\/new\/wp-json\/wp\/v2\/posts\/11377\/revisions"}],"predecessor-version":[{"id":11379,"href":"https:\/\/www.mundoagropecuario.cl\/new\/wp-json\/wp\/v2\/posts\/11377\/revisions\/11379"}],"wp:featuredmedia":[{"embeddable":true,"href":"https:\/\/www.mundoagropecuario.cl\/new\/wp-json\/wp\/v2\/media\/11378"}],"wp:attachment":[{"href":"https:\/\/www.mundoagropecuario.cl\/new\/wp-json\/wp\/v2\/media?parent=11377"}],"wp:term":[{"taxonomy":"category","embeddable":true,"href":"https:\/\/www.mundoagropecuario.cl\/new\/wp-json\/wp\/v2\/categories?post=11377"},{"taxonomy":"post_tag","embeddable":true,"href":"https:\/\/www.mundoagropecuario.cl\/new\/wp-json\/wp\/v2\/tags?post=11377"}],"curies":[{"name":"wp","href":"https:\/\/api.w.org\/{rel}","templated":true}]}}