{"id":11359,"date":"2019-04-09T03:48:14","date_gmt":"2019-04-09T06:48:14","guid":{"rendered":"http:\/\/www.mundoagropecuario.cl\/new\/?p=11359"},"modified":"2019-04-09T03:48:14","modified_gmt":"2019-04-09T06:48:14","slug":"agricultores-de-arica-y-parinacota-se-capacitan-en-buenas-practicas-agricolas-y-manejo-de-resistencias-a-fitosanitarios","status":"publish","type":"post","link":"https:\/\/www.mundoagropecuario.cl\/new\/agricultores-de-arica-y-parinacota-se-capacitan-en-buenas-practicas-agricolas-y-manejo-de-resistencias-a-fitosanitarios\/","title":{"rendered":"Agricultores de Arica y Parinacota se capacitan en Buenas Pr\u00e1cticas Agr\u00edcolas y manejo de resistencias a fitosanitarios"},"content":{"rendered":"<blockquote><p><em>Por medio de un sistema de cooperaci\u00f3n, INIA y Afipa realizaron tres jornadas de capacitaci\u00f3n, con el objetivo de mejorar la competitividad de los agricultores de esa regi\u00f3n (Mundo Agropecuario).<\/em><\/p><\/blockquote>\n<p>Un total de 112 personas, entre agricultores, asesores y estudiantes de carreras vinculadas al mundo del agro, de la Regi\u00f3n de Arica y Parinacota, se capacitaron en Buenas Pr\u00e1cticas Agr\u00edcolas (BPA) y manejo de resistencias a fitosanitarios.<\/p>\n<p>El seremi de Agricultura de Arica y Parinacota, Jorge Heiden, explic\u00f3 que esta serie de capacitaciones son parte del programa de transferencia tecnol\u00f3gica del Instituto de Investigaciones Agropecuarias, INIA, cuyo objetivo es mejorar la competitividad de los agricultores de la regi\u00f3n y, a su vez, corresponde al programa de capacitaci\u00f3n de Afipa.<\/p>\n<p>La actividad estuvo dividida en tres jornadas. En la primera, se hizo un taller respecto al manejo de los fitosanitarios, el cual estuvo dirigido a los alumnos de la carrera de t\u00e9cnico agr\u00edcola del Liceo Agr\u00edcola Padre Francisco Napolitano del Valle de Lluta. El grupo particip\u00f3 de una charla te\u00f3rica y un ejercicio pr\u00e1ctico para conocer el correcto uso de los equipos de protecci\u00f3n.<\/p>\n<p>Durante la segunda jornada, Roxane Flores de la Asociaci\u00f3n Nacional de Fabricantes e Importadores de Productos Fitosanitarios Agr\u00edcolas, Afipa, expuso acerca del manejo de resistencias a los plaguicidas. Esta vez, los capacitados fueron profesionales del \u00e1rea y de los servicios del agro. Marjorie Allende, agr\u00f3nomo a cargo de la coordinaci\u00f3n de actividades por parte de INIA, explic\u00f3 que este es un tema de especial importancia para la regi\u00f3n, debido a la agricultura intensiva que se desarrolla para producir en contra estaci\u00f3n, con una mirada hacia el desarrollo de una agricultura sustentable.<\/p>\n<p>Finalmente, se capacit\u00f3 en buenas pr\u00e1cticas y manejo de fitosanitarios a agricultores del valle de Azapa. En este curso, particip\u00f3 tambi\u00e9n la mesa de la mujer rural y se trataron temas como el manejo integrado de plagas, el uso de equipos de protecci\u00f3n, la lectura de etiquetas, las t\u00e9cnicas de dosificaci\u00f3n y almacenaje, entre otros.<\/p>\n","protected":false},"excerpt":{"rendered":"<p>Por medio de un sistema de cooperaci\u00f3n, INIA y Afipa realizaron tres jornadas de capacitaci\u00f3n, con el objetivo de mejorar la competitividad de los agricultores de esa regi\u00f3n (Mundo Agropecuario)&#8230;.<\/p>\n","protected":false},"author":3,"featured_media":11360,"comment_status":"closed","ping_status":"closed","sticky":false,"template":"","format":"standard","meta":{"footnotes":""},"categories":[1948],"tags":[2174,2660,2490,2052],"class_list":["post-11359","post","type-post","status-publish","format-standard","has-post-thumbnail","hentry","category-sustentabilidad","tag-afipa","tag-arica-y-parinacota","tag-fitosanitarios","tag-inia"],"yoast_head":"<!-- This site is optimized with the Yoast SEO plugin v26.6 - https:\/\/yoast.com\/wordpress\/plugins\/seo\/ -->\n<title>Agricultores de Arica y Parinacota se capacitan en Buenas Pr\u00e1cticas Agr\u00edcolas y manejo de resistencias a fitosanitarios - Mundoagropecuario<\/title>\n<meta name=\"robots\" content=\"index, follow, max-snippet:-1, max-image-preview:large, max-video-preview:-1\" \/>\n<link rel=\"canonical\" href=\"https:\/\/www.mundoagropecuario.cl\/new\/agricultores-de-arica-y-parinacota-se-capacitan-en-buenas-practicas-agricolas-y-manejo-de-resistencias-a-fitosanitarios\/\" \/>\n<meta property=\"og:locale\" content=\"es_ES\" \/>\n<meta property=\"og:type\" content=\"article\" \/>\n<meta property=\"og:title\" content=\"Agricultores de Arica y Parinacota se capacitan en Buenas Pr\u00e1cticas Agr\u00edcolas y manejo de resistencias a fitosanitarios - Mundoagropecuario\" \/>\n<meta property=\"og:description\" content=\"Por medio de un sistema de cooperaci\u00f3n, INIA y Afipa realizaron tres jornadas de capacitaci\u00f3n, con el objetivo de mejorar la competitividad de los agricultores de esa regi\u00f3n (Mundo Agropecuario)....\" \/>\n<meta property=\"og:url\" content=\"https:\/\/www.mundoagropecuario.cl\/new\/agricultores-de-arica-y-parinacota-se-capacitan-en-buenas-practicas-agricolas-y-manejo-de-resistencias-a-fitosanitarios\/\" \/>\n<meta property=\"og:site_name\" content=\"Mundoagropecuario\" \/>\n<meta property=\"article:publisher\" content=\"https:\/\/www.facebook.com\/mundo.agropecuario.3\" \/>\n<meta property=\"article:published_time\" content=\"2019-04-09T06:48:14+00:00\" \/>\n<meta property=\"og:image\" content=\"https:\/\/www.mundoagropecuario.cl\/new\/wp-content\/uploads\/2019\/04\/Arica-BPA.jpg\" \/>\n\t<meta property=\"og:image:width\" content=\"880\" \/>\n\t<meta property=\"og:image:height\" content=\"660\" \/>\n\t<meta property=\"og:image:type\" content=\"image\/jpeg\" \/>\n<meta name=\"author\" content=\"periodista\" \/>\n<meta name=\"twitter:card\" content=\"summary_large_image\" \/>\n<meta name=\"twitter:creator\" content=\"@MundoAgropecuar\" \/>\n<meta name=\"twitter:site\" content=\"@MundoAgropecuar\" \/>\n<meta name=\"twitter:label1\" content=\"Escrito por\" \/>\n\t<meta name=\"twitter:data1\" content=\"periodista\" \/>\n\t<meta name=\"twitter:label2\" content=\"Tiempo de lectura\" \/>\n\t<meta name=\"twitter:data2\" content=\"2 minutos\" \/>\n<script type=\"application\/ld+json\" class=\"yoast-schema-graph\">{\"@context\":\"https:\/\/schema.org\",\"@graph\":[{\"@type\":\"Article\",\"@id\":\"https:\/\/www.mundoagropecuario.cl\/new\/agricultores-de-arica-y-parinacota-se-capacitan-en-buenas-practicas-agricolas-y-manejo-de-resistencias-a-fitosanitarios\/#article\",\"isPartOf\":{\"@id\":\"https:\/\/www.mundoagropecuario.cl\/new\/agricultores-de-arica-y-parinacota-se-capacitan-en-buenas-practicas-agricolas-y-manejo-de-resistencias-a-fitosanitarios\/\"},\"author\":{\"name\":\"periodista\",\"@id\":\"https:\/\/www.mundoagropecuario.cl\/new\/#\/schema\/person\/0c221050801c74e45256a7a9a1ff0803\"},\"headline\":\"Agricultores de Arica y Parinacota se capacitan en Buenas Pr\u00e1cticas Agr\u00edcolas y manejo de resistencias a fitosanitarios\",\"datePublished\":\"2019-04-09T06:48:14+00:00\",\"mainEntityOfPage\":{\"@id\":\"https:\/\/www.mundoagropecuario.cl\/new\/agricultores-de-arica-y-parinacota-se-capacitan-en-buenas-practicas-agricolas-y-manejo-de-resistencias-a-fitosanitarios\/\"},\"wordCount\":373,\"publisher\":{\"@id\":\"https:\/\/www.mundoagropecuario.cl\/new\/#organization\"},\"image\":{\"@id\":\"https:\/\/www.mundoagropecuario.cl\/new\/agricultores-de-arica-y-parinacota-se-capacitan-en-buenas-practicas-agricolas-y-manejo-de-resistencias-a-fitosanitarios\/#primaryimage\"},\"thumbnailUrl\":\"https:\/\/www.mundoagropecuario.cl\/new\/wp-content\/uploads\/2019\/04\/Arica-BPA.jpg\",\"keywords\":[\"Afipa\",\"Arica y Parinacota\",\"fitosanitarios\",\"INIA\"],\"articleSection\":[\"Sustentabilidad\"],\"inLanguage\":\"es\"},{\"@type\":\"WebPage\",\"@id\":\"https:\/\/www.mundoagropecuario.cl\/new\/agricultores-de-arica-y-parinacota-se-capacitan-en-buenas-practicas-agricolas-y-manejo-de-resistencias-a-fitosanitarios\/\",\"url\":\"https:\/\/www.mundoagropecuario.cl\/new\/agricultores-de-arica-y-parinacota-se-capacitan-en-buenas-practicas-agricolas-y-manejo-de-resistencias-a-fitosanitarios\/\",\"name\":\"Agricultores de Arica y Parinacota se capacitan en Buenas Pr\u00e1cticas Agr\u00edcolas y manejo de resistencias a fitosanitarios - Mundoagropecuario\",\"isPartOf\":{\"@id\":\"https:\/\/www.mundoagropecuario.cl\/new\/#website\"},\"primaryImageOfPage\":{\"@id\":\"https:\/\/www.mundoagropecuario.cl\/new\/agricultores-de-arica-y-parinacota-se-capacitan-en-buenas-practicas-agricolas-y-manejo-de-resistencias-a-fitosanitarios\/#primaryimage\"},\"image\":{\"@id\":\"https:\/\/www.mundoagropecuario.cl\/new\/agricultores-de-arica-y-parinacota-se-capacitan-en-buenas-practicas-agricolas-y-manejo-de-resistencias-a-fitosanitarios\/#primaryimage\"},\"thumbnailUrl\":\"https:\/\/www.mundoagropecuario.cl\/new\/wp-content\/uploads\/2019\/04\/Arica-BPA.jpg\",\"datePublished\":\"2019-04-09T06:48:14+00:00\",\"breadcrumb\":{\"@id\":\"https:\/\/www.mundoagropecuario.cl\/new\/agricultores-de-arica-y-parinacota-se-capacitan-en-buenas-practicas-agricolas-y-manejo-de-resistencias-a-fitosanitarios\/#breadcrumb\"},\"inLanguage\":\"es\",\"potentialAction\":[{\"@type\":\"ReadAction\",\"target\":[\"https:\/\/www.mundoagropecuario.cl\/new\/agricultores-de-arica-y-parinacota-se-capacitan-en-buenas-practicas-agricolas-y-manejo-de-resistencias-a-fitosanitarios\/\"]}]},{\"@type\":\"ImageObject\",\"inLanguage\":\"es\",\"@id\":\"https:\/\/www.mundoagropecuario.cl\/new\/agricultores-de-arica-y-parinacota-se-capacitan-en-buenas-practicas-agricolas-y-manejo-de-resistencias-a-fitosanitarios\/#primaryimage\",\"url\":\"https:\/\/www.mundoagropecuario.cl\/new\/wp-content\/uploads\/2019\/04\/Arica-BPA.jpg\",\"contentUrl\":\"https:\/\/www.mundoagropecuario.cl\/new\/wp-content\/uploads\/2019\/04\/Arica-BPA.jpg\",\"width\":533,\"height\":400},{\"@type\":\"BreadcrumbList\",\"@id\":\"https:\/\/www.mundoagropecuario.cl\/new\/agricultores-de-arica-y-parinacota-se-capacitan-en-buenas-practicas-agricolas-y-manejo-de-resistencias-a-fitosanitarios\/#breadcrumb\",\"itemListElement\":[{\"@type\":\"ListItem\",\"position\":1,\"name\":\"Portada\",\"item\":\"https:\/\/www.mundoagropecuario.cl\/new\/\"},{\"@type\":\"ListItem\",\"position\":2,\"name\":\"Agricultores de Arica y Parinacota se capacitan en Buenas Pr\u00e1cticas Agr\u00edcolas y manejo de resistencias a fitosanitarios\"}]},{\"@type\":\"WebSite\",\"@id\":\"https:\/\/www.mundoagropecuario.cl\/new\/#website\",\"url\":\"https:\/\/www.mundoagropecuario.cl\/new\/\",\"name\":\"Mundoagropecuario\",\"description\":\"Mundo Agropecuario\",\"publisher\":{\"@id\":\"https:\/\/www.mundoagropecuario.cl\/new\/#organization\"},\"potentialAction\":[{\"@type\":\"SearchAction\",\"target\":{\"@type\":\"EntryPoint\",\"urlTemplate\":\"https:\/\/www.mundoagropecuario.cl\/new\/?s={search_term_string}\"},\"query-input\":{\"@type\":\"PropertyValueSpecification\",\"valueRequired\":true,\"valueName\":\"search_term_string\"}}],\"inLanguage\":\"es\"},{\"@type\":\"Organization\",\"@id\":\"https:\/\/www.mundoagropecuario.cl\/new\/#organization\",\"name\":\"Revista de Agricultura\",\"url\":\"https:\/\/www.mundoagropecuario.cl\/new\/\",\"logo\":{\"@type\":\"ImageObject\",\"inLanguage\":\"es\",\"@id\":\"https:\/\/www.mundoagropecuario.cl\/new\/#\/schema\/logo\/image\/\",\"url\":\"https:\/\/www.mundoagropecuario.cl\/new\/wp-content\/uploads\/2020\/11\/PORTAL-1-1.png\",\"contentUrl\":\"https:\/\/www.mundoagropecuario.cl\/new\/wp-content\/uploads\/2020\/11\/PORTAL-1-1.png\",\"width\":1026,\"height\":100,\"caption\":\"Revista de Agricultura\"},\"image\":{\"@id\":\"https:\/\/www.mundoagropecuario.cl\/new\/#\/schema\/logo\/image\/\"},\"sameAs\":[\"https:\/\/www.facebook.com\/mundo.agropecuario.3\",\"https:\/\/x.com\/MundoAgropecuar\",\"https:\/\/www.linkedin.com\/in\/mundo-agropecuario-934009201\/\"]},{\"@type\":\"Person\",\"@id\":\"https:\/\/www.mundoagropecuario.cl\/new\/#\/schema\/person\/0c221050801c74e45256a7a9a1ff0803\",\"name\":\"periodista\",\"url\":\"https:\/\/www.mundoagropecuario.cl\/new\/author\/periodista\/\"}]}<\/script>\n<!-- \/ Yoast SEO plugin. -->","yoast_head_json":{"title":"Agricultores de Arica y Parinacota se capacitan en Buenas Pr\u00e1cticas Agr\u00edcolas y manejo de resistencias a fitosanitarios - Mundoagropecuario","robots":{"index":"index","follow":"follow","max-snippet":"max-snippet:-1","max-image-preview":"max-image-preview:large","max-video-preview":"max-video-preview:-1"},"canonical":"https:\/\/www.mundoagropecuario.cl\/new\/agricultores-de-arica-y-parinacota-se-capacitan-en-buenas-practicas-agricolas-y-manejo-de-resistencias-a-fitosanitarios\/","og_locale":"es_ES","og_type":"article","og_title":"Agricultores de Arica y Parinacota se capacitan en Buenas Pr\u00e1cticas Agr\u00edcolas y manejo de resistencias a fitosanitarios - Mundoagropecuario","og_description":"Por medio de un sistema de cooperaci\u00f3n, INIA y Afipa realizaron tres jornadas de capacitaci\u00f3n, con el objetivo de mejorar la competitividad de los agricultores de esa regi\u00f3n (Mundo Agropecuario)....","og_url":"https:\/\/www.mundoagropecuario.cl\/new\/agricultores-de-arica-y-parinacota-se-capacitan-en-buenas-practicas-agricolas-y-manejo-de-resistencias-a-fitosanitarios\/","og_site_name":"Mundoagropecuario","article_publisher":"https:\/\/www.facebook.com\/mundo.agropecuario.3","article_published_time":"2019-04-09T06:48:14+00:00","og_image":[{"width":880,"height":660,"url":"https:\/\/www.mundoagropecuario.cl\/new\/wp-content\/uploads\/2019\/04\/Arica-BPA.jpg","type":"image\/jpeg"}],"author":"periodista","twitter_card":"summary_large_image","twitter_creator":"@MundoAgropecuar","twitter_site":"@MundoAgropecuar","twitter_misc":{"Escrito por":"periodista","Tiempo de lectura":"2 minutos"},"schema":{"@context":"https:\/\/schema.org","@graph":[{"@type":"Article","@id":"https:\/\/www.mundoagropecuario.cl\/new\/agricultores-de-arica-y-parinacota-se-capacitan-en-buenas-practicas-agricolas-y-manejo-de-resistencias-a-fitosanitarios\/#article","isPartOf":{"@id":"https:\/\/www.mundoagropecuario.cl\/new\/agricultores-de-arica-y-parinacota-se-capacitan-en-buenas-practicas-agricolas-y-manejo-de-resistencias-a-fitosanitarios\/"},"author":{"name":"periodista","@id":"https:\/\/www.mundoagropecuario.cl\/new\/#\/schema\/person\/0c221050801c74e45256a7a9a1ff0803"},"headline":"Agricultores de Arica y Parinacota se capacitan en Buenas Pr\u00e1cticas Agr\u00edcolas y manejo de resistencias a fitosanitarios","datePublished":"2019-04-09T06:48:14+00:00","mainEntityOfPage":{"@id":"https:\/\/www.mundoagropecuario.cl\/new\/agricultores-de-arica-y-parinacota-se-capacitan-en-buenas-practicas-agricolas-y-manejo-de-resistencias-a-fitosanitarios\/"},"wordCount":373,"publisher":{"@id":"https:\/\/www.mundoagropecuario.cl\/new\/#organization"},"image":{"@id":"https:\/\/www.mundoagropecuario.cl\/new\/agricultores-de-arica-y-parinacota-se-capacitan-en-buenas-practicas-agricolas-y-manejo-de-resistencias-a-fitosanitarios\/#primaryimage"},"thumbnailUrl":"https:\/\/www.mundoagropecuario.cl\/new\/wp-content\/uploads\/2019\/04\/Arica-BPA.jpg","keywords":["Afipa","Arica y Parinacota","fitosanitarios","INIA"],"articleSection":["Sustentabilidad"],"inLanguage":"es"},{"@type":"WebPage","@id":"https:\/\/www.mundoagropecuario.cl\/new\/agricultores-de-arica-y-parinacota-se-capacitan-en-buenas-practicas-agricolas-y-manejo-de-resistencias-a-fitosanitarios\/","url":"https:\/\/www.mundoagropecuario.cl\/new\/agricultores-de-arica-y-parinacota-se-capacitan-en-buenas-practicas-agricolas-y-manejo-de-resistencias-a-fitosanitarios\/","name":"Agricultores de Arica y Parinacota se capacitan en Buenas Pr\u00e1cticas Agr\u00edcolas y manejo de resistencias a fitosanitarios - Mundoagropecuario","isPartOf":{"@id":"https:\/\/www.mundoagropecuario.cl\/new\/#website"},"primaryImageOfPage":{"@id":"https:\/\/www.mundoagropecuario.cl\/new\/agricultores-de-arica-y-parinacota-se-capacitan-en-buenas-practicas-agricolas-y-manejo-de-resistencias-a-fitosanitarios\/#primaryimage"},"image":{"@id":"https:\/\/www.mundoagropecuario.cl\/new\/agricultores-de-arica-y-parinacota-se-capacitan-en-buenas-practicas-agricolas-y-manejo-de-resistencias-a-fitosanitarios\/#primaryimage"},"thumbnailUrl":"https:\/\/www.mundoagropecuario.cl\/new\/wp-content\/uploads\/2019\/04\/Arica-BPA.jpg","datePublished":"2019-04-09T06:48:14+00:00","breadcrumb":{"@id":"https:\/\/www.mundoagropecuario.cl\/new\/agricultores-de-arica-y-parinacota-se-capacitan-en-buenas-practicas-agricolas-y-manejo-de-resistencias-a-fitosanitarios\/#breadcrumb"},"inLanguage":"es","potentialAction":[{"@type":"ReadAction","target":["https:\/\/www.mundoagropecuario.cl\/new\/agricultores-de-arica-y-parinacota-se-capacitan-en-buenas-practicas-agricolas-y-manejo-de-resistencias-a-fitosanitarios\/"]}]},{"@type":"ImageObject","inLanguage":"es","@id":"https:\/\/www.mundoagropecuario.cl\/new\/agricultores-de-arica-y-parinacota-se-capacitan-en-buenas-practicas-agricolas-y-manejo-de-resistencias-a-fitosanitarios\/#primaryimage","url":"https:\/\/www.mundoagropecuario.cl\/new\/wp-content\/uploads\/2019\/04\/Arica-BPA.jpg","contentUrl":"https:\/\/www.mundoagropecuario.cl\/new\/wp-content\/uploads\/2019\/04\/Arica-BPA.jpg","width":533,"height":400},{"@type":"BreadcrumbList","@id":"https:\/\/www.mundoagropecuario.cl\/new\/agricultores-de-arica-y-parinacota-se-capacitan-en-buenas-practicas-agricolas-y-manejo-de-resistencias-a-fitosanitarios\/#breadcrumb","itemListElement":[{"@type":"ListItem","position":1,"name":"Portada","item":"https:\/\/www.mundoagropecuario.cl\/new\/"},{"@type":"ListItem","position":2,"name":"Agricultores de Arica y Parinacota se capacitan en Buenas Pr\u00e1cticas Agr\u00edcolas y manejo de resistencias a fitosanitarios"}]},{"@type":"WebSite","@id":"https:\/\/www.mundoagropecuario.cl\/new\/#website","url":"https:\/\/www.mundoagropecuario.cl\/new\/","name":"Mundoagropecuario","description":"Mundo Agropecuario","publisher":{"@id":"https:\/\/www.mundoagropecuario.cl\/new\/#organization"},"potentialAction":[{"@type":"SearchAction","target":{"@type":"EntryPoint","urlTemplate":"https:\/\/www.mundoagropecuario.cl\/new\/?s={search_term_string}"},"query-input":{"@type":"PropertyValueSpecification","valueRequired":true,"valueName":"search_term_string"}}],"inLanguage":"es"},{"@type":"Organization","@id":"https:\/\/www.mundoagropecuario.cl\/new\/#organization","name":"Revista de Agricultura","url":"https:\/\/www.mundoagropecuario.cl\/new\/","logo":{"@type":"ImageObject","inLanguage":"es","@id":"https:\/\/www.mundoagropecuario.cl\/new\/#\/schema\/logo\/image\/","url":"https:\/\/www.mundoagropecuario.cl\/new\/wp-content\/uploads\/2020\/11\/PORTAL-1-1.png","contentUrl":"https:\/\/www.mundoagropecuario.cl\/new\/wp-content\/uploads\/2020\/11\/PORTAL-1-1.png","width":1026,"height":100,"caption":"Revista de Agricultura"},"image":{"@id":"https:\/\/www.mundoagropecuario.cl\/new\/#\/schema\/logo\/image\/"},"sameAs":["https:\/\/www.facebook.com\/mundo.agropecuario.3","https:\/\/x.com\/MundoAgropecuar","https:\/\/www.linkedin.com\/in\/mundo-agropecuario-934009201\/"]},{"@type":"Person","@id":"https:\/\/www.mundoagropecuario.cl\/new\/#\/schema\/person\/0c221050801c74e45256a7a9a1ff0803","name":"periodista","url":"https:\/\/www.mundoagropecuario.cl\/new\/author\/periodista\/"}]}},"_links":{"self":[{"href":"https:\/\/www.mundoagropecuario.cl\/new\/wp-json\/wp\/v2\/posts\/11359","targetHints":{"allow":["GET"]}}],"collection":[{"href":"https:\/\/www.mundoagropecuario.cl\/new\/wp-json\/wp\/v2\/posts"}],"about":[{"href":"https:\/\/www.mundoagropecuario.cl\/new\/wp-json\/wp\/v2\/types\/post"}],"author":[{"embeddable":true,"href":"https:\/\/www.mundoagropecuario.cl\/new\/wp-json\/wp\/v2\/users\/3"}],"replies":[{"embeddable":true,"href":"https:\/\/www.mundoagropecuario.cl\/new\/wp-json\/wp\/v2\/comments?post=11359"}],"version-history":[{"count":1,"href":"https:\/\/www.mundoagropecuario.cl\/new\/wp-json\/wp\/v2\/posts\/11359\/revisions"}],"predecessor-version":[{"id":11361,"href":"https:\/\/www.mundoagropecuario.cl\/new\/wp-json\/wp\/v2\/posts\/11359\/revisions\/11361"}],"wp:featuredmedia":[{"embeddable":true,"href":"https:\/\/www.mundoagropecuario.cl\/new\/wp-json\/wp\/v2\/media\/11360"}],"wp:attachment":[{"href":"https:\/\/www.mundoagropecuario.cl\/new\/wp-json\/wp\/v2\/media?parent=11359"}],"wp:term":[{"taxonomy":"category","embeddable":true,"href":"https:\/\/www.mundoagropecuario.cl\/new\/wp-json\/wp\/v2\/categories?post=11359"},{"taxonomy":"post_tag","embeddable":true,"href":"https:\/\/www.mundoagropecuario.cl\/new\/wp-json\/wp\/v2\/tags?post=11359"}],"curies":[{"name":"wp","href":"https:\/\/api.w.org\/{rel}","templated":true}]}}