{"id":11340,"date":"2019-04-08T01:46:24","date_gmt":"2019-04-08T04:46:24","guid":{"rendered":"http:\/\/www.mundoagropecuario.cl\/new\/?p=11340"},"modified":"2019-04-08T01:46:24","modified_gmt":"2019-04-08T04:46:24","slug":"se-reune-mesa-tecnica-de-programa-gore-inia-para-la-innovacion-tecnologica-del-cultivo-de-papa","status":"publish","type":"post","link":"https:\/\/www.mundoagropecuario.cl\/new\/se-reune-mesa-tecnica-de-programa-gore-inia-para-la-innovacion-tecnologica-del-cultivo-de-papa\/","title":{"rendered":"Se re\u00fane mesa t\u00e9cnica de programa GORE-INIA para la innovaci\u00f3n tecnol\u00f3gica del cultivo de papa"},"content":{"rendered":"<blockquote><p><em>Participaron profesionales de las distintas comunas involucradas y sus respectivos UDELES, profesionales de los servicios del agro, adem\u00e1s de los especialistas de INIA Carillanca liderados por el ingeniero agr\u00f3nomo Patricio M\u00e9ndez y la bi\u00f3loga Mayeli Moreno (Mundo Agropecuario).<\/em><\/p><\/blockquote>\n<p>En dependencias de INIA Carillanca se reuni\u00f3 la mesa t\u00e9cnica del programa GORE-INIA orientado a la innovaci\u00f3n tecnol\u00f3gica del cultivo de papa, modelo virtuoso de colaboraci\u00f3n p\u00fablico-privado que cuenta con el apoyo de los municipios de Carahue, Saavedra, Teodoro Schmidt, Freire, Gorbea y Tolt\u00e9n, SAG e INDAP, y que permitir\u00e1 implementar un nuevo esquema de producci\u00f3n de papa semilla en el territorio costero de la regi\u00f3n. En el encuentro participaron profesionales de las distintas comunas involucradas y sus respectivos UDELES, profesionales de los servicios del agro, adem\u00e1s de los especialistas de INIA Carillanca liderados por el ingeniero agr\u00f3nomo Patricio M\u00e9ndez y la bi\u00f3loga Mayeli Moreno.<\/p>\n<p>Este programa permitir\u00e1 fomentar la producci\u00f3n de papa en La Araucan\u00eda, aumentando la producci\u00f3n y disponibilidad de papa semilla y protegiendo el \u00e1rea libre de producci\u00f3n. El desaf\u00edo es contar con papa semilla de calidad, principal forma de evitar enfermedades end\u00e9micas y cuarentenarias, con lo cual los productores obtendr\u00e1n mayor rentabilidad en sus cultivos. En este sentido la articulaci\u00f3n de la mesa t\u00e9cnica es relevante para conocer cada una de las actividades que se ejecutar\u00e1n durante el a\u00f1o 2019, de modo de seguir avanzando en el desarrollo del rubro y la profesionalizaci\u00f3n de nuestros agricultores.<\/p>\n<p>Cabe indicar que la papa siempre ha sido un rubro importante para los peque\u00f1os agricultores del borde costero, quienes han tenido que enfrentar dificultades con virosis y enfermedades en sus cultivos, por lo tanto, la apuesta de INIA es entregar material sano. El objetivo central del programa es asegurar la disponibilidad de papa semilla de calidad resguardando la producci\u00f3n de papa de guarda y papa primor. Para ello se est\u00e1, generando material de alta calidad en dependencias del Centro Regional de la Papa Tranapuente, estableciendo semilleros, entrenando a los multiplicadores, a objeto de ir incorporando la transferencia de semilla de calidad desde los predios a municipios e INDAP. Tambi\u00e9n considera capacitar a productores de papa y equipos t\u00e9cnicos, calendario de fechas que fue entregado esta ma\u00f1ana para la temporada 2019.<\/p>\n<p>&nbsp;<\/p>\n","protected":false},"excerpt":{"rendered":"<p>Participaron profesionales de las distintas comunas involucradas y sus respectivos UDELES, profesionales de los servicios del agro, adem\u00e1s de los especialistas de INIA Carillanca liderados por el ingeniero agr\u00f3nomo Patricio&#8230;<\/p>\n","protected":false},"author":3,"featured_media":11341,"comment_status":"closed","ping_status":"closed","sticky":false,"template":"","format":"standard","meta":{"footnotes":""},"categories":[404],"tags":[154,2052,2234],"class_list":["post-11340","post","type-post","status-publish","format-standard","has-post-thumbnail","hentry","category-titular-2","tag-araucania","tag-inia","tag-papa"],"yoast_head":"<!-- This site is optimized with the Yoast SEO plugin v26.6 - https:\/\/yoast.com\/wordpress\/plugins\/seo\/ -->\n<title>Se re\u00fane mesa t\u00e9cnica de programa GORE-INIA para la innovaci\u00f3n tecnol\u00f3gica del cultivo de papa - Mundoagropecuario<\/title>\n<meta name=\"robots\" content=\"index, follow, max-snippet:-1, max-image-preview:large, max-video-preview:-1\" \/>\n<link rel=\"canonical\" href=\"https:\/\/www.mundoagropecuario.cl\/new\/se-reune-mesa-tecnica-de-programa-gore-inia-para-la-innovacion-tecnologica-del-cultivo-de-papa\/\" \/>\n<meta property=\"og:locale\" content=\"es_ES\" \/>\n<meta property=\"og:type\" content=\"article\" \/>\n<meta property=\"og:title\" content=\"Se re\u00fane mesa t\u00e9cnica de programa GORE-INIA para la innovaci\u00f3n tecnol\u00f3gica del cultivo de papa - Mundoagropecuario\" \/>\n<meta property=\"og:description\" content=\"Participaron profesionales de las distintas comunas involucradas y sus respectivos UDELES, profesionales de los servicios del agro, adem\u00e1s de los especialistas de INIA Carillanca liderados por el ingeniero agr\u00f3nomo Patricio...\" \/>\n<meta property=\"og:url\" content=\"https:\/\/www.mundoagropecuario.cl\/new\/se-reune-mesa-tecnica-de-programa-gore-inia-para-la-innovacion-tecnologica-del-cultivo-de-papa\/\" \/>\n<meta property=\"og:site_name\" content=\"Mundoagropecuario\" \/>\n<meta property=\"article:publisher\" content=\"https:\/\/www.facebook.com\/mundo.agropecuario.3\" \/>\n<meta property=\"article:published_time\" content=\"2019-04-08T04:46:24+00:00\" \/>\n<meta property=\"og:image\" content=\"https:\/\/www.mundoagropecuario.cl\/new\/wp-content\/uploads\/2019\/04\/INIA-papa-Araucania.jpg\" \/>\n\t<meta property=\"og:image:width\" content=\"1024\" \/>\n\t<meta property=\"og:image:height\" content=\"681\" \/>\n\t<meta property=\"og:image:type\" content=\"image\/jpeg\" \/>\n<meta name=\"author\" content=\"periodista\" \/>\n<meta name=\"twitter:card\" content=\"summary_large_image\" \/>\n<meta name=\"twitter:creator\" content=\"@MundoAgropecuar\" \/>\n<meta name=\"twitter:site\" content=\"@MundoAgropecuar\" \/>\n<meta name=\"twitter:label1\" content=\"Escrito por\" \/>\n\t<meta name=\"twitter:data1\" content=\"periodista\" \/>\n\t<meta name=\"twitter:label2\" content=\"Tiempo de lectura\" \/>\n\t<meta name=\"twitter:data2\" content=\"2 minutos\" \/>\n<script type=\"application\/ld+json\" class=\"yoast-schema-graph\">{\"@context\":\"https:\/\/schema.org\",\"@graph\":[{\"@type\":\"Article\",\"@id\":\"https:\/\/www.mundoagropecuario.cl\/new\/se-reune-mesa-tecnica-de-programa-gore-inia-para-la-innovacion-tecnologica-del-cultivo-de-papa\/#article\",\"isPartOf\":{\"@id\":\"https:\/\/www.mundoagropecuario.cl\/new\/se-reune-mesa-tecnica-de-programa-gore-inia-para-la-innovacion-tecnologica-del-cultivo-de-papa\/\"},\"author\":{\"name\":\"periodista\",\"@id\":\"https:\/\/www.mundoagropecuario.cl\/new\/#\/schema\/person\/0c221050801c74e45256a7a9a1ff0803\"},\"headline\":\"Se re\u00fane mesa t\u00e9cnica de programa GORE-INIA para la innovaci\u00f3n tecnol\u00f3gica del cultivo de papa\",\"datePublished\":\"2019-04-08T04:46:24+00:00\",\"mainEntityOfPage\":{\"@id\":\"https:\/\/www.mundoagropecuario.cl\/new\/se-reune-mesa-tecnica-de-programa-gore-inia-para-la-innovacion-tecnologica-del-cultivo-de-papa\/\"},\"wordCount\":419,\"publisher\":{\"@id\":\"https:\/\/www.mundoagropecuario.cl\/new\/#organization\"},\"image\":{\"@id\":\"https:\/\/www.mundoagropecuario.cl\/new\/se-reune-mesa-tecnica-de-programa-gore-inia-para-la-innovacion-tecnologica-del-cultivo-de-papa\/#primaryimage\"},\"thumbnailUrl\":\"https:\/\/www.mundoagropecuario.cl\/new\/wp-content\/uploads\/2019\/04\/INIA-papa-Araucania.jpg\",\"keywords\":[\"araucan\u00eda\",\"INIA\",\"Papa\"],\"articleSection\":[\"Titular 2\"],\"inLanguage\":\"es\"},{\"@type\":\"WebPage\",\"@id\":\"https:\/\/www.mundoagropecuario.cl\/new\/se-reune-mesa-tecnica-de-programa-gore-inia-para-la-innovacion-tecnologica-del-cultivo-de-papa\/\",\"url\":\"https:\/\/www.mundoagropecuario.cl\/new\/se-reune-mesa-tecnica-de-programa-gore-inia-para-la-innovacion-tecnologica-del-cultivo-de-papa\/\",\"name\":\"Se re\u00fane mesa t\u00e9cnica de programa GORE-INIA para la innovaci\u00f3n tecnol\u00f3gica del cultivo de papa - Mundoagropecuario\",\"isPartOf\":{\"@id\":\"https:\/\/www.mundoagropecuario.cl\/new\/#website\"},\"primaryImageOfPage\":{\"@id\":\"https:\/\/www.mundoagropecuario.cl\/new\/se-reune-mesa-tecnica-de-programa-gore-inia-para-la-innovacion-tecnologica-del-cultivo-de-papa\/#primaryimage\"},\"image\":{\"@id\":\"https:\/\/www.mundoagropecuario.cl\/new\/se-reune-mesa-tecnica-de-programa-gore-inia-para-la-innovacion-tecnologica-del-cultivo-de-papa\/#primaryimage\"},\"thumbnailUrl\":\"https:\/\/www.mundoagropecuario.cl\/new\/wp-content\/uploads\/2019\/04\/INIA-papa-Araucania.jpg\",\"datePublished\":\"2019-04-08T04:46:24+00:00\",\"breadcrumb\":{\"@id\":\"https:\/\/www.mundoagropecuario.cl\/new\/se-reune-mesa-tecnica-de-programa-gore-inia-para-la-innovacion-tecnologica-del-cultivo-de-papa\/#breadcrumb\"},\"inLanguage\":\"es\",\"potentialAction\":[{\"@type\":\"ReadAction\",\"target\":[\"https:\/\/www.mundoagropecuario.cl\/new\/se-reune-mesa-tecnica-de-programa-gore-inia-para-la-innovacion-tecnologica-del-cultivo-de-papa\/\"]}]},{\"@type\":\"ImageObject\",\"inLanguage\":\"es\",\"@id\":\"https:\/\/www.mundoagropecuario.cl\/new\/se-reune-mesa-tecnica-de-programa-gore-inia-para-la-innovacion-tecnologica-del-cultivo-de-papa\/#primaryimage\",\"url\":\"https:\/\/www.mundoagropecuario.cl\/new\/wp-content\/uploads\/2019\/04\/INIA-papa-Araucania.jpg\",\"contentUrl\":\"https:\/\/www.mundoagropecuario.cl\/new\/wp-content\/uploads\/2019\/04\/INIA-papa-Araucania.jpg\",\"width\":601,\"height\":400},{\"@type\":\"BreadcrumbList\",\"@id\":\"https:\/\/www.mundoagropecuario.cl\/new\/se-reune-mesa-tecnica-de-programa-gore-inia-para-la-innovacion-tecnologica-del-cultivo-de-papa\/#breadcrumb\",\"itemListElement\":[{\"@type\":\"ListItem\",\"position\":1,\"name\":\"Portada\",\"item\":\"https:\/\/www.mundoagropecuario.cl\/new\/\"},{\"@type\":\"ListItem\",\"position\":2,\"name\":\"Se re\u00fane mesa t\u00e9cnica de programa GORE-INIA para la innovaci\u00f3n tecnol\u00f3gica del cultivo de papa\"}]},{\"@type\":\"WebSite\",\"@id\":\"https:\/\/www.mundoagropecuario.cl\/new\/#website\",\"url\":\"https:\/\/www.mundoagropecuario.cl\/new\/\",\"name\":\"Mundoagropecuario\",\"description\":\"Mundo Agropecuario\",\"publisher\":{\"@id\":\"https:\/\/www.mundoagropecuario.cl\/new\/#organization\"},\"potentialAction\":[{\"@type\":\"SearchAction\",\"target\":{\"@type\":\"EntryPoint\",\"urlTemplate\":\"https:\/\/www.mundoagropecuario.cl\/new\/?s={search_term_string}\"},\"query-input\":{\"@type\":\"PropertyValueSpecification\",\"valueRequired\":true,\"valueName\":\"search_term_string\"}}],\"inLanguage\":\"es\"},{\"@type\":\"Organization\",\"@id\":\"https:\/\/www.mundoagropecuario.cl\/new\/#organization\",\"name\":\"Revista de Agricultura\",\"url\":\"https:\/\/www.mundoagropecuario.cl\/new\/\",\"logo\":{\"@type\":\"ImageObject\",\"inLanguage\":\"es\",\"@id\":\"https:\/\/www.mundoagropecuario.cl\/new\/#\/schema\/logo\/image\/\",\"url\":\"https:\/\/www.mundoagropecuario.cl\/new\/wp-content\/uploads\/2020\/11\/PORTAL-1-1.png\",\"contentUrl\":\"https:\/\/www.mundoagropecuario.cl\/new\/wp-content\/uploads\/2020\/11\/PORTAL-1-1.png\",\"width\":1026,\"height\":100,\"caption\":\"Revista de Agricultura\"},\"image\":{\"@id\":\"https:\/\/www.mundoagropecuario.cl\/new\/#\/schema\/logo\/image\/\"},\"sameAs\":[\"https:\/\/www.facebook.com\/mundo.agropecuario.3\",\"https:\/\/x.com\/MundoAgropecuar\",\"https:\/\/www.linkedin.com\/in\/mundo-agropecuario-934009201\/\"]},{\"@type\":\"Person\",\"@id\":\"https:\/\/www.mundoagropecuario.cl\/new\/#\/schema\/person\/0c221050801c74e45256a7a9a1ff0803\",\"name\":\"periodista\",\"url\":\"https:\/\/www.mundoagropecuario.cl\/new\/author\/periodista\/\"}]}<\/script>\n<!-- \/ Yoast SEO plugin. -->","yoast_head_json":{"title":"Se re\u00fane mesa t\u00e9cnica de programa GORE-INIA para la innovaci\u00f3n tecnol\u00f3gica del cultivo de papa - Mundoagropecuario","robots":{"index":"index","follow":"follow","max-snippet":"max-snippet:-1","max-image-preview":"max-image-preview:large","max-video-preview":"max-video-preview:-1"},"canonical":"https:\/\/www.mundoagropecuario.cl\/new\/se-reune-mesa-tecnica-de-programa-gore-inia-para-la-innovacion-tecnologica-del-cultivo-de-papa\/","og_locale":"es_ES","og_type":"article","og_title":"Se re\u00fane mesa t\u00e9cnica de programa GORE-INIA para la innovaci\u00f3n tecnol\u00f3gica del cultivo de papa - Mundoagropecuario","og_description":"Participaron profesionales de las distintas comunas involucradas y sus respectivos UDELES, profesionales de los servicios del agro, adem\u00e1s de los especialistas de INIA Carillanca liderados por el ingeniero agr\u00f3nomo Patricio...","og_url":"https:\/\/www.mundoagropecuario.cl\/new\/se-reune-mesa-tecnica-de-programa-gore-inia-para-la-innovacion-tecnologica-del-cultivo-de-papa\/","og_site_name":"Mundoagropecuario","article_publisher":"https:\/\/www.facebook.com\/mundo.agropecuario.3","article_published_time":"2019-04-08T04:46:24+00:00","og_image":[{"width":1024,"height":681,"url":"https:\/\/www.mundoagropecuario.cl\/new\/wp-content\/uploads\/2019\/04\/INIA-papa-Araucania.jpg","type":"image\/jpeg"}],"author":"periodista","twitter_card":"summary_large_image","twitter_creator":"@MundoAgropecuar","twitter_site":"@MundoAgropecuar","twitter_misc":{"Escrito por":"periodista","Tiempo de lectura":"2 minutos"},"schema":{"@context":"https:\/\/schema.org","@graph":[{"@type":"Article","@id":"https:\/\/www.mundoagropecuario.cl\/new\/se-reune-mesa-tecnica-de-programa-gore-inia-para-la-innovacion-tecnologica-del-cultivo-de-papa\/#article","isPartOf":{"@id":"https:\/\/www.mundoagropecuario.cl\/new\/se-reune-mesa-tecnica-de-programa-gore-inia-para-la-innovacion-tecnologica-del-cultivo-de-papa\/"},"author":{"name":"periodista","@id":"https:\/\/www.mundoagropecuario.cl\/new\/#\/schema\/person\/0c221050801c74e45256a7a9a1ff0803"},"headline":"Se re\u00fane mesa t\u00e9cnica de programa GORE-INIA para la innovaci\u00f3n tecnol\u00f3gica del cultivo de papa","datePublished":"2019-04-08T04:46:24+00:00","mainEntityOfPage":{"@id":"https:\/\/www.mundoagropecuario.cl\/new\/se-reune-mesa-tecnica-de-programa-gore-inia-para-la-innovacion-tecnologica-del-cultivo-de-papa\/"},"wordCount":419,"publisher":{"@id":"https:\/\/www.mundoagropecuario.cl\/new\/#organization"},"image":{"@id":"https:\/\/www.mundoagropecuario.cl\/new\/se-reune-mesa-tecnica-de-programa-gore-inia-para-la-innovacion-tecnologica-del-cultivo-de-papa\/#primaryimage"},"thumbnailUrl":"https:\/\/www.mundoagropecuario.cl\/new\/wp-content\/uploads\/2019\/04\/INIA-papa-Araucania.jpg","keywords":["araucan\u00eda","INIA","Papa"],"articleSection":["Titular 2"],"inLanguage":"es"},{"@type":"WebPage","@id":"https:\/\/www.mundoagropecuario.cl\/new\/se-reune-mesa-tecnica-de-programa-gore-inia-para-la-innovacion-tecnologica-del-cultivo-de-papa\/","url":"https:\/\/www.mundoagropecuario.cl\/new\/se-reune-mesa-tecnica-de-programa-gore-inia-para-la-innovacion-tecnologica-del-cultivo-de-papa\/","name":"Se re\u00fane mesa t\u00e9cnica de programa GORE-INIA para la innovaci\u00f3n tecnol\u00f3gica del cultivo de papa - Mundoagropecuario","isPartOf":{"@id":"https:\/\/www.mundoagropecuario.cl\/new\/#website"},"primaryImageOfPage":{"@id":"https:\/\/www.mundoagropecuario.cl\/new\/se-reune-mesa-tecnica-de-programa-gore-inia-para-la-innovacion-tecnologica-del-cultivo-de-papa\/#primaryimage"},"image":{"@id":"https:\/\/www.mundoagropecuario.cl\/new\/se-reune-mesa-tecnica-de-programa-gore-inia-para-la-innovacion-tecnologica-del-cultivo-de-papa\/#primaryimage"},"thumbnailUrl":"https:\/\/www.mundoagropecuario.cl\/new\/wp-content\/uploads\/2019\/04\/INIA-papa-Araucania.jpg","datePublished":"2019-04-08T04:46:24+00:00","breadcrumb":{"@id":"https:\/\/www.mundoagropecuario.cl\/new\/se-reune-mesa-tecnica-de-programa-gore-inia-para-la-innovacion-tecnologica-del-cultivo-de-papa\/#breadcrumb"},"inLanguage":"es","potentialAction":[{"@type":"ReadAction","target":["https:\/\/www.mundoagropecuario.cl\/new\/se-reune-mesa-tecnica-de-programa-gore-inia-para-la-innovacion-tecnologica-del-cultivo-de-papa\/"]}]},{"@type":"ImageObject","inLanguage":"es","@id":"https:\/\/www.mundoagropecuario.cl\/new\/se-reune-mesa-tecnica-de-programa-gore-inia-para-la-innovacion-tecnologica-del-cultivo-de-papa\/#primaryimage","url":"https:\/\/www.mundoagropecuario.cl\/new\/wp-content\/uploads\/2019\/04\/INIA-papa-Araucania.jpg","contentUrl":"https:\/\/www.mundoagropecuario.cl\/new\/wp-content\/uploads\/2019\/04\/INIA-papa-Araucania.jpg","width":601,"height":400},{"@type":"BreadcrumbList","@id":"https:\/\/www.mundoagropecuario.cl\/new\/se-reune-mesa-tecnica-de-programa-gore-inia-para-la-innovacion-tecnologica-del-cultivo-de-papa\/#breadcrumb","itemListElement":[{"@type":"ListItem","position":1,"name":"Portada","item":"https:\/\/www.mundoagropecuario.cl\/new\/"},{"@type":"ListItem","position":2,"name":"Se re\u00fane mesa t\u00e9cnica de programa GORE-INIA para la innovaci\u00f3n tecnol\u00f3gica del cultivo de papa"}]},{"@type":"WebSite","@id":"https:\/\/www.mundoagropecuario.cl\/new\/#website","url":"https:\/\/www.mundoagropecuario.cl\/new\/","name":"Mundoagropecuario","description":"Mundo Agropecuario","publisher":{"@id":"https:\/\/www.mundoagropecuario.cl\/new\/#organization"},"potentialAction":[{"@type":"SearchAction","target":{"@type":"EntryPoint","urlTemplate":"https:\/\/www.mundoagropecuario.cl\/new\/?s={search_term_string}"},"query-input":{"@type":"PropertyValueSpecification","valueRequired":true,"valueName":"search_term_string"}}],"inLanguage":"es"},{"@type":"Organization","@id":"https:\/\/www.mundoagropecuario.cl\/new\/#organization","name":"Revista de Agricultura","url":"https:\/\/www.mundoagropecuario.cl\/new\/","logo":{"@type":"ImageObject","inLanguage":"es","@id":"https:\/\/www.mundoagropecuario.cl\/new\/#\/schema\/logo\/image\/","url":"https:\/\/www.mundoagropecuario.cl\/new\/wp-content\/uploads\/2020\/11\/PORTAL-1-1.png","contentUrl":"https:\/\/www.mundoagropecuario.cl\/new\/wp-content\/uploads\/2020\/11\/PORTAL-1-1.png","width":1026,"height":100,"caption":"Revista de Agricultura"},"image":{"@id":"https:\/\/www.mundoagropecuario.cl\/new\/#\/schema\/logo\/image\/"},"sameAs":["https:\/\/www.facebook.com\/mundo.agropecuario.3","https:\/\/x.com\/MundoAgropecuar","https:\/\/www.linkedin.com\/in\/mundo-agropecuario-934009201\/"]},{"@type":"Person","@id":"https:\/\/www.mundoagropecuario.cl\/new\/#\/schema\/person\/0c221050801c74e45256a7a9a1ff0803","name":"periodista","url":"https:\/\/www.mundoagropecuario.cl\/new\/author\/periodista\/"}]}},"_links":{"self":[{"href":"https:\/\/www.mundoagropecuario.cl\/new\/wp-json\/wp\/v2\/posts\/11340","targetHints":{"allow":["GET"]}}],"collection":[{"href":"https:\/\/www.mundoagropecuario.cl\/new\/wp-json\/wp\/v2\/posts"}],"about":[{"href":"https:\/\/www.mundoagropecuario.cl\/new\/wp-json\/wp\/v2\/types\/post"}],"author":[{"embeddable":true,"href":"https:\/\/www.mundoagropecuario.cl\/new\/wp-json\/wp\/v2\/users\/3"}],"replies":[{"embeddable":true,"href":"https:\/\/www.mundoagropecuario.cl\/new\/wp-json\/wp\/v2\/comments?post=11340"}],"version-history":[{"count":1,"href":"https:\/\/www.mundoagropecuario.cl\/new\/wp-json\/wp\/v2\/posts\/11340\/revisions"}],"predecessor-version":[{"id":11342,"href":"https:\/\/www.mundoagropecuario.cl\/new\/wp-json\/wp\/v2\/posts\/11340\/revisions\/11342"}],"wp:featuredmedia":[{"embeddable":true,"href":"https:\/\/www.mundoagropecuario.cl\/new\/wp-json\/wp\/v2\/media\/11341"}],"wp:attachment":[{"href":"https:\/\/www.mundoagropecuario.cl\/new\/wp-json\/wp\/v2\/media?parent=11340"}],"wp:term":[{"taxonomy":"category","embeddable":true,"href":"https:\/\/www.mundoagropecuario.cl\/new\/wp-json\/wp\/v2\/categories?post=11340"},{"taxonomy":"post_tag","embeddable":true,"href":"https:\/\/www.mundoagropecuario.cl\/new\/wp-json\/wp\/v2\/tags?post=11340"}],"curies":[{"name":"wp","href":"https:\/\/api.w.org\/{rel}","templated":true}]}}