{"id":11320,"date":"2019-04-05T01:42:31","date_gmt":"2019-04-05T04:42:31","guid":{"rendered":"http:\/\/www.mundoagropecuario.cl\/new\/?p=11320"},"modified":"2019-04-05T01:42:31","modified_gmt":"2019-04-05T04:42:31","slug":"profesionales-agricolas-se-capacitan-en-tecnicas-de-inseminacion-artificial-para-ganado","status":"publish","type":"post","link":"https:\/\/www.mundoagropecuario.cl\/new\/profesionales-agricolas-se-capacitan-en-tecnicas-de-inseminacion-artificial-para-ganado\/","title":{"rendered":"Profesionales agr\u00edcolas se capacitan en t\u00e9cnicas de inseminaci\u00f3n artificial para ganado"},"content":{"rendered":"<blockquote><p><em>Jornada estuvo a cargo de Rodrigo Catal\u00e1n, jefe t\u00e9cnico de Inseminadores y Coordinador T\u00e9cnico en Cursos de Inseminaci\u00f3n Artificial de Cooprinsem, quien coment\u00f3 que la inseminaci\u00f3n artificial es el \u00fanico sistema que permite controlar los procesos en la reproducci\u00f3n (Mundo Agropecuario).<\/em><\/p><\/blockquote>\n<p>Con el objetivo de entregar conocimientos necesarios para realizar con \u00e9xito la t\u00e9cnica de inseminaci\u00f3n artificial en el ganado bovino, aplicar un mejor control reproductivo y de enfermedades, y con ello, mejorar los programas de selecci\u00f3n gen\u00e9tica y productivas del reba\u00f1o, Agro Capacita, Organismo T\u00e9cnico de Capacitaci\u00f3n (OTEC) de Cooprinsem, inici\u00f3 este fin de semana el curso &#8220;T\u00e9cnicas de Inseminaci\u00f3n Artificial en Ganado Bovino&#8221;.<\/p>\n<p>Asistieron a esta instancia de perfeccionamiento trabajadores agr\u00edcolas, jefes de lecher\u00edas, t\u00e9cnicos agr\u00edcolas, administradores y en general, profesionales del negocio ganadero, quienes se capacitaron en temas como la anatom\u00eda reproductiva, almacenamiento y manejo correcto del semen congelado bovino, m\u00e9todos de detecci\u00f3n de celos, descongelaci\u00f3n y t\u00e9cnica recto vaginal, entre otros.<\/p>\n<p>La jornada estuvo a cargo de Rodrigo Catal\u00e1n, jefe t\u00e9cnico de Inseminadores y Coordinador T\u00e9cnico en Cursos de Inseminaci\u00f3n Artificial de Cooprinsem, quien coment\u00f3 que la inseminaci\u00f3n artificial es el \u00fanico sistema que permite controlar los procesos en la reproducci\u00f3n. &#8220;Por esta raz\u00f3n este curso estuvo orientado para todos aquellos que est\u00e9n involucrados en los procesos productivos del sector pecuario, con el fin de que el participante pueda ser capaz de aplicar lo aprendido en vacas o vaquillas, con la \u00fanica funci\u00f3n de poder acelerar el proceso de pre\u00f1ez.\u00a0 De esta forma, les ense\u00f1amos contenidos b\u00e1sicos como la t\u00e9cnica, el manejo del semen y lo que es la base de inseminaci\u00f3n, la detecci\u00f3n de celos\u201d, indic\u00f3 el profesional.<\/p>\n<p>A su vez, Catal\u00e1n sostuvo que es muy importante que despu\u00e9s del parto la vaca se pre\u00f1e r\u00e1pidamente y el disponer de un t\u00e9cnico en inseminaci\u00f3n en el predio, permite llevar un mejor control. &#8220;Por eso como Cooprinsem, y siguiendo con la senda de ser l\u00edder en tecnolog\u00eda e innovaci\u00f3n, buscamos crear estas jornadas para perfeccionar a los trabajadores, con el objetivo de tener un punto de inicio que apunte a muy buenos resultados&#8221;.<\/p>\n<p>Finalmente, Jos\u00e9 Godoy, participante de este evento apunt\u00f3 que es necesario para todos quienes se desempe\u00f1an en labores agr\u00edcolas poder participar de esto cursos. &#8220;La mejor forma de superarse cada d\u00eda es aprovechar estas instancias que nos entrega Cooprinsem y ser parte de estas capacitaciones, que nos ayudan a aprender nuevas t\u00e9cnicas y a reforzar otras&#8221;.<\/p>\n<p>Este curso se dicta bajo la modalidad te\u00f3rico pr\u00e1ctico, y se extender\u00e1 a por tres s\u00e1bados consecutivos finalizando el 13 de abril. Las clases continuar\u00e1n desarroll\u00e1ndose en el Centro de Laboratorios de Cooprinsem, mientras que los pr\u00e1cticos se llevar\u00e1n a cabo en predios agr\u00edcolas.<\/p>\n<p>&nbsp;<\/p>\n","protected":false},"excerpt":{"rendered":"<p>Jornada estuvo a cargo de Rodrigo Catal\u00e1n, jefe t\u00e9cnico de Inseminadores y Coordinador T\u00e9cnico en Cursos de Inseminaci\u00f3n Artificial de Cooprinsem, quien coment\u00f3 que la inseminaci\u00f3n artificial es el \u00fanico&#8230;<\/p>\n","protected":false},"author":3,"featured_media":11321,"comment_status":"closed","ping_status":"closed","sticky":false,"template":"","format":"standard","meta":{"footnotes":""},"categories":[398],"tags":[2261,3494],"class_list":["post-11320","post","type-post","status-publish","format-standard","has-post-thumbnail","hentry","category-titular-1","tag-cooprinsem","tag-inseminadores"],"yoast_head":"<!-- This site is optimized with the Yoast SEO plugin v26.6 - https:\/\/yoast.com\/wordpress\/plugins\/seo\/ -->\n<title>Profesionales agr\u00edcolas se capacitan en t\u00e9cnicas de inseminaci\u00f3n artificial para ganado - Mundoagropecuario<\/title>\n<meta name=\"robots\" content=\"index, follow, max-snippet:-1, max-image-preview:large, max-video-preview:-1\" \/>\n<link rel=\"canonical\" href=\"https:\/\/www.mundoagropecuario.cl\/new\/profesionales-agricolas-se-capacitan-en-tecnicas-de-inseminacion-artificial-para-ganado\/\" \/>\n<meta property=\"og:locale\" content=\"es_ES\" \/>\n<meta property=\"og:type\" content=\"article\" \/>\n<meta property=\"og:title\" content=\"Profesionales agr\u00edcolas se capacitan en t\u00e9cnicas de inseminaci\u00f3n artificial para ganado - Mundoagropecuario\" \/>\n<meta property=\"og:description\" content=\"Jornada estuvo a cargo de Rodrigo Catal\u00e1n, jefe t\u00e9cnico de Inseminadores y Coordinador T\u00e9cnico en Cursos de Inseminaci\u00f3n Artificial de Cooprinsem, quien coment\u00f3 que la inseminaci\u00f3n artificial es el \u00fanico...\" \/>\n<meta property=\"og:url\" content=\"https:\/\/www.mundoagropecuario.cl\/new\/profesionales-agricolas-se-capacitan-en-tecnicas-de-inseminacion-artificial-para-ganado\/\" \/>\n<meta property=\"og:site_name\" content=\"Mundoagropecuario\" \/>\n<meta property=\"article:publisher\" content=\"https:\/\/www.facebook.com\/mundo.agropecuario.3\" \/>\n<meta property=\"article:published_time\" content=\"2019-04-05T04:42:31+00:00\" \/>\n<meta property=\"og:image\" content=\"https:\/\/www.mundoagropecuario.cl\/new\/wp-content\/uploads\/2019\/04\/inseminadores.jpg\" \/>\n\t<meta property=\"og:image:width\" content=\"1024\" \/>\n\t<meta property=\"og:image:height\" content=\"575\" \/>\n\t<meta property=\"og:image:type\" content=\"image\/jpeg\" \/>\n<meta name=\"author\" content=\"periodista\" \/>\n<meta name=\"twitter:card\" content=\"summary_large_image\" \/>\n<meta name=\"twitter:creator\" content=\"@MundoAgropecuar\" \/>\n<meta name=\"twitter:site\" content=\"@MundoAgropecuar\" \/>\n<meta name=\"twitter:label1\" content=\"Escrito por\" \/>\n\t<meta name=\"twitter:data1\" content=\"periodista\" \/>\n\t<meta name=\"twitter:label2\" content=\"Tiempo de lectura\" \/>\n\t<meta name=\"twitter:data2\" content=\"3 minutos\" \/>\n<script type=\"application\/ld+json\" class=\"yoast-schema-graph\">{\"@context\":\"https:\/\/schema.org\",\"@graph\":[{\"@type\":\"Article\",\"@id\":\"https:\/\/www.mundoagropecuario.cl\/new\/profesionales-agricolas-se-capacitan-en-tecnicas-de-inseminacion-artificial-para-ganado\/#article\",\"isPartOf\":{\"@id\":\"https:\/\/www.mundoagropecuario.cl\/new\/profesionales-agricolas-se-capacitan-en-tecnicas-de-inseminacion-artificial-para-ganado\/\"},\"author\":{\"name\":\"periodista\",\"@id\":\"https:\/\/www.mundoagropecuario.cl\/new\/#\/schema\/person\/0c221050801c74e45256a7a9a1ff0803\"},\"headline\":\"Profesionales agr\u00edcolas se capacitan en t\u00e9cnicas de inseminaci\u00f3n artificial para ganado\",\"datePublished\":\"2019-04-05T04:42:31+00:00\",\"mainEntityOfPage\":{\"@id\":\"https:\/\/www.mundoagropecuario.cl\/new\/profesionales-agricolas-se-capacitan-en-tecnicas-de-inseminacion-artificial-para-ganado\/\"},\"wordCount\":521,\"publisher\":{\"@id\":\"https:\/\/www.mundoagropecuario.cl\/new\/#organization\"},\"image\":{\"@id\":\"https:\/\/www.mundoagropecuario.cl\/new\/profesionales-agricolas-se-capacitan-en-tecnicas-de-inseminacion-artificial-para-ganado\/#primaryimage\"},\"thumbnailUrl\":\"https:\/\/www.mundoagropecuario.cl\/new\/wp-content\/uploads\/2019\/04\/inseminadores.jpg\",\"keywords\":[\"Cooprinsem\",\"inseminadores\"],\"articleSection\":[\"Titular 1\"],\"inLanguage\":\"es\"},{\"@type\":\"WebPage\",\"@id\":\"https:\/\/www.mundoagropecuario.cl\/new\/profesionales-agricolas-se-capacitan-en-tecnicas-de-inseminacion-artificial-para-ganado\/\",\"url\":\"https:\/\/www.mundoagropecuario.cl\/new\/profesionales-agricolas-se-capacitan-en-tecnicas-de-inseminacion-artificial-para-ganado\/\",\"name\":\"Profesionales agr\u00edcolas se capacitan en t\u00e9cnicas de inseminaci\u00f3n artificial para ganado - Mundoagropecuario\",\"isPartOf\":{\"@id\":\"https:\/\/www.mundoagropecuario.cl\/new\/#website\"},\"primaryImageOfPage\":{\"@id\":\"https:\/\/www.mundoagropecuario.cl\/new\/profesionales-agricolas-se-capacitan-en-tecnicas-de-inseminacion-artificial-para-ganado\/#primaryimage\"},\"image\":{\"@id\":\"https:\/\/www.mundoagropecuario.cl\/new\/profesionales-agricolas-se-capacitan-en-tecnicas-de-inseminacion-artificial-para-ganado\/#primaryimage\"},\"thumbnailUrl\":\"https:\/\/www.mundoagropecuario.cl\/new\/wp-content\/uploads\/2019\/04\/inseminadores.jpg\",\"datePublished\":\"2019-04-05T04:42:31+00:00\",\"breadcrumb\":{\"@id\":\"https:\/\/www.mundoagropecuario.cl\/new\/profesionales-agricolas-se-capacitan-en-tecnicas-de-inseminacion-artificial-para-ganado\/#breadcrumb\"},\"inLanguage\":\"es\",\"potentialAction\":[{\"@type\":\"ReadAction\",\"target\":[\"https:\/\/www.mundoagropecuario.cl\/new\/profesionales-agricolas-se-capacitan-en-tecnicas-de-inseminacion-artificial-para-ganado\/\"]}]},{\"@type\":\"ImageObject\",\"inLanguage\":\"es\",\"@id\":\"https:\/\/www.mundoagropecuario.cl\/new\/profesionales-agricolas-se-capacitan-en-tecnicas-de-inseminacion-artificial-para-ganado\/#primaryimage\",\"url\":\"https:\/\/www.mundoagropecuario.cl\/new\/wp-content\/uploads\/2019\/04\/inseminadores.jpg\",\"contentUrl\":\"https:\/\/www.mundoagropecuario.cl\/new\/wp-content\/uploads\/2019\/04\/inseminadores.jpg\",\"width\":712,\"height\":400},{\"@type\":\"BreadcrumbList\",\"@id\":\"https:\/\/www.mundoagropecuario.cl\/new\/profesionales-agricolas-se-capacitan-en-tecnicas-de-inseminacion-artificial-para-ganado\/#breadcrumb\",\"itemListElement\":[{\"@type\":\"ListItem\",\"position\":1,\"name\":\"Portada\",\"item\":\"https:\/\/www.mundoagropecuario.cl\/new\/\"},{\"@type\":\"ListItem\",\"position\":2,\"name\":\"Profesionales agr\u00edcolas se capacitan en t\u00e9cnicas de inseminaci\u00f3n artificial para ganado\"}]},{\"@type\":\"WebSite\",\"@id\":\"https:\/\/www.mundoagropecuario.cl\/new\/#website\",\"url\":\"https:\/\/www.mundoagropecuario.cl\/new\/\",\"name\":\"Mundoagropecuario\",\"description\":\"Mundo Agropecuario\",\"publisher\":{\"@id\":\"https:\/\/www.mundoagropecuario.cl\/new\/#organization\"},\"potentialAction\":[{\"@type\":\"SearchAction\",\"target\":{\"@type\":\"EntryPoint\",\"urlTemplate\":\"https:\/\/www.mundoagropecuario.cl\/new\/?s={search_term_string}\"},\"query-input\":{\"@type\":\"PropertyValueSpecification\",\"valueRequired\":true,\"valueName\":\"search_term_string\"}}],\"inLanguage\":\"es\"},{\"@type\":\"Organization\",\"@id\":\"https:\/\/www.mundoagropecuario.cl\/new\/#organization\",\"name\":\"Revista de Agricultura\",\"url\":\"https:\/\/www.mundoagropecuario.cl\/new\/\",\"logo\":{\"@type\":\"ImageObject\",\"inLanguage\":\"es\",\"@id\":\"https:\/\/www.mundoagropecuario.cl\/new\/#\/schema\/logo\/image\/\",\"url\":\"https:\/\/www.mundoagropecuario.cl\/new\/wp-content\/uploads\/2020\/11\/PORTAL-1-1.png\",\"contentUrl\":\"https:\/\/www.mundoagropecuario.cl\/new\/wp-content\/uploads\/2020\/11\/PORTAL-1-1.png\",\"width\":1026,\"height\":100,\"caption\":\"Revista de Agricultura\"},\"image\":{\"@id\":\"https:\/\/www.mundoagropecuario.cl\/new\/#\/schema\/logo\/image\/\"},\"sameAs\":[\"https:\/\/www.facebook.com\/mundo.agropecuario.3\",\"https:\/\/x.com\/MundoAgropecuar\",\"https:\/\/www.linkedin.com\/in\/mundo-agropecuario-934009201\/\"]},{\"@type\":\"Person\",\"@id\":\"https:\/\/www.mundoagropecuario.cl\/new\/#\/schema\/person\/0c221050801c74e45256a7a9a1ff0803\",\"name\":\"periodista\",\"url\":\"https:\/\/www.mundoagropecuario.cl\/new\/author\/periodista\/\"}]}<\/script>\n<!-- \/ Yoast SEO plugin. -->","yoast_head_json":{"title":"Profesionales agr\u00edcolas se capacitan en t\u00e9cnicas de inseminaci\u00f3n artificial para ganado - Mundoagropecuario","robots":{"index":"index","follow":"follow","max-snippet":"max-snippet:-1","max-image-preview":"max-image-preview:large","max-video-preview":"max-video-preview:-1"},"canonical":"https:\/\/www.mundoagropecuario.cl\/new\/profesionales-agricolas-se-capacitan-en-tecnicas-de-inseminacion-artificial-para-ganado\/","og_locale":"es_ES","og_type":"article","og_title":"Profesionales agr\u00edcolas se capacitan en t\u00e9cnicas de inseminaci\u00f3n artificial para ganado - Mundoagropecuario","og_description":"Jornada estuvo a cargo de Rodrigo Catal\u00e1n, jefe t\u00e9cnico de Inseminadores y Coordinador T\u00e9cnico en Cursos de Inseminaci\u00f3n Artificial de Cooprinsem, quien coment\u00f3 que la inseminaci\u00f3n artificial es el \u00fanico...","og_url":"https:\/\/www.mundoagropecuario.cl\/new\/profesionales-agricolas-se-capacitan-en-tecnicas-de-inseminacion-artificial-para-ganado\/","og_site_name":"Mundoagropecuario","article_publisher":"https:\/\/www.facebook.com\/mundo.agropecuario.3","article_published_time":"2019-04-05T04:42:31+00:00","og_image":[{"width":1024,"height":575,"url":"https:\/\/www.mundoagropecuario.cl\/new\/wp-content\/uploads\/2019\/04\/inseminadores.jpg","type":"image\/jpeg"}],"author":"periodista","twitter_card":"summary_large_image","twitter_creator":"@MundoAgropecuar","twitter_site":"@MundoAgropecuar","twitter_misc":{"Escrito por":"periodista","Tiempo de lectura":"3 minutos"},"schema":{"@context":"https:\/\/schema.org","@graph":[{"@type":"Article","@id":"https:\/\/www.mundoagropecuario.cl\/new\/profesionales-agricolas-se-capacitan-en-tecnicas-de-inseminacion-artificial-para-ganado\/#article","isPartOf":{"@id":"https:\/\/www.mundoagropecuario.cl\/new\/profesionales-agricolas-se-capacitan-en-tecnicas-de-inseminacion-artificial-para-ganado\/"},"author":{"name":"periodista","@id":"https:\/\/www.mundoagropecuario.cl\/new\/#\/schema\/person\/0c221050801c74e45256a7a9a1ff0803"},"headline":"Profesionales agr\u00edcolas se capacitan en t\u00e9cnicas de inseminaci\u00f3n artificial para ganado","datePublished":"2019-04-05T04:42:31+00:00","mainEntityOfPage":{"@id":"https:\/\/www.mundoagropecuario.cl\/new\/profesionales-agricolas-se-capacitan-en-tecnicas-de-inseminacion-artificial-para-ganado\/"},"wordCount":521,"publisher":{"@id":"https:\/\/www.mundoagropecuario.cl\/new\/#organization"},"image":{"@id":"https:\/\/www.mundoagropecuario.cl\/new\/profesionales-agricolas-se-capacitan-en-tecnicas-de-inseminacion-artificial-para-ganado\/#primaryimage"},"thumbnailUrl":"https:\/\/www.mundoagropecuario.cl\/new\/wp-content\/uploads\/2019\/04\/inseminadores.jpg","keywords":["Cooprinsem","inseminadores"],"articleSection":["Titular 1"],"inLanguage":"es"},{"@type":"WebPage","@id":"https:\/\/www.mundoagropecuario.cl\/new\/profesionales-agricolas-se-capacitan-en-tecnicas-de-inseminacion-artificial-para-ganado\/","url":"https:\/\/www.mundoagropecuario.cl\/new\/profesionales-agricolas-se-capacitan-en-tecnicas-de-inseminacion-artificial-para-ganado\/","name":"Profesionales agr\u00edcolas se capacitan en t\u00e9cnicas de inseminaci\u00f3n artificial para ganado - Mundoagropecuario","isPartOf":{"@id":"https:\/\/www.mundoagropecuario.cl\/new\/#website"},"primaryImageOfPage":{"@id":"https:\/\/www.mundoagropecuario.cl\/new\/profesionales-agricolas-se-capacitan-en-tecnicas-de-inseminacion-artificial-para-ganado\/#primaryimage"},"image":{"@id":"https:\/\/www.mundoagropecuario.cl\/new\/profesionales-agricolas-se-capacitan-en-tecnicas-de-inseminacion-artificial-para-ganado\/#primaryimage"},"thumbnailUrl":"https:\/\/www.mundoagropecuario.cl\/new\/wp-content\/uploads\/2019\/04\/inseminadores.jpg","datePublished":"2019-04-05T04:42:31+00:00","breadcrumb":{"@id":"https:\/\/www.mundoagropecuario.cl\/new\/profesionales-agricolas-se-capacitan-en-tecnicas-de-inseminacion-artificial-para-ganado\/#breadcrumb"},"inLanguage":"es","potentialAction":[{"@type":"ReadAction","target":["https:\/\/www.mundoagropecuario.cl\/new\/profesionales-agricolas-se-capacitan-en-tecnicas-de-inseminacion-artificial-para-ganado\/"]}]},{"@type":"ImageObject","inLanguage":"es","@id":"https:\/\/www.mundoagropecuario.cl\/new\/profesionales-agricolas-se-capacitan-en-tecnicas-de-inseminacion-artificial-para-ganado\/#primaryimage","url":"https:\/\/www.mundoagropecuario.cl\/new\/wp-content\/uploads\/2019\/04\/inseminadores.jpg","contentUrl":"https:\/\/www.mundoagropecuario.cl\/new\/wp-content\/uploads\/2019\/04\/inseminadores.jpg","width":712,"height":400},{"@type":"BreadcrumbList","@id":"https:\/\/www.mundoagropecuario.cl\/new\/profesionales-agricolas-se-capacitan-en-tecnicas-de-inseminacion-artificial-para-ganado\/#breadcrumb","itemListElement":[{"@type":"ListItem","position":1,"name":"Portada","item":"https:\/\/www.mundoagropecuario.cl\/new\/"},{"@type":"ListItem","position":2,"name":"Profesionales agr\u00edcolas se capacitan en t\u00e9cnicas de inseminaci\u00f3n artificial para ganado"}]},{"@type":"WebSite","@id":"https:\/\/www.mundoagropecuario.cl\/new\/#website","url":"https:\/\/www.mundoagropecuario.cl\/new\/","name":"Mundoagropecuario","description":"Mundo Agropecuario","publisher":{"@id":"https:\/\/www.mundoagropecuario.cl\/new\/#organization"},"potentialAction":[{"@type":"SearchAction","target":{"@type":"EntryPoint","urlTemplate":"https:\/\/www.mundoagropecuario.cl\/new\/?s={search_term_string}"},"query-input":{"@type":"PropertyValueSpecification","valueRequired":true,"valueName":"search_term_string"}}],"inLanguage":"es"},{"@type":"Organization","@id":"https:\/\/www.mundoagropecuario.cl\/new\/#organization","name":"Revista de Agricultura","url":"https:\/\/www.mundoagropecuario.cl\/new\/","logo":{"@type":"ImageObject","inLanguage":"es","@id":"https:\/\/www.mundoagropecuario.cl\/new\/#\/schema\/logo\/image\/","url":"https:\/\/www.mundoagropecuario.cl\/new\/wp-content\/uploads\/2020\/11\/PORTAL-1-1.png","contentUrl":"https:\/\/www.mundoagropecuario.cl\/new\/wp-content\/uploads\/2020\/11\/PORTAL-1-1.png","width":1026,"height":100,"caption":"Revista de Agricultura"},"image":{"@id":"https:\/\/www.mundoagropecuario.cl\/new\/#\/schema\/logo\/image\/"},"sameAs":["https:\/\/www.facebook.com\/mundo.agropecuario.3","https:\/\/x.com\/MundoAgropecuar","https:\/\/www.linkedin.com\/in\/mundo-agropecuario-934009201\/"]},{"@type":"Person","@id":"https:\/\/www.mundoagropecuario.cl\/new\/#\/schema\/person\/0c221050801c74e45256a7a9a1ff0803","name":"periodista","url":"https:\/\/www.mundoagropecuario.cl\/new\/author\/periodista\/"}]}},"_links":{"self":[{"href":"https:\/\/www.mundoagropecuario.cl\/new\/wp-json\/wp\/v2\/posts\/11320","targetHints":{"allow":["GET"]}}],"collection":[{"href":"https:\/\/www.mundoagropecuario.cl\/new\/wp-json\/wp\/v2\/posts"}],"about":[{"href":"https:\/\/www.mundoagropecuario.cl\/new\/wp-json\/wp\/v2\/types\/post"}],"author":[{"embeddable":true,"href":"https:\/\/www.mundoagropecuario.cl\/new\/wp-json\/wp\/v2\/users\/3"}],"replies":[{"embeddable":true,"href":"https:\/\/www.mundoagropecuario.cl\/new\/wp-json\/wp\/v2\/comments?post=11320"}],"version-history":[{"count":1,"href":"https:\/\/www.mundoagropecuario.cl\/new\/wp-json\/wp\/v2\/posts\/11320\/revisions"}],"predecessor-version":[{"id":11322,"href":"https:\/\/www.mundoagropecuario.cl\/new\/wp-json\/wp\/v2\/posts\/11320\/revisions\/11322"}],"wp:featuredmedia":[{"embeddable":true,"href":"https:\/\/www.mundoagropecuario.cl\/new\/wp-json\/wp\/v2\/media\/11321"}],"wp:attachment":[{"href":"https:\/\/www.mundoagropecuario.cl\/new\/wp-json\/wp\/v2\/media?parent=11320"}],"wp:term":[{"taxonomy":"category","embeddable":true,"href":"https:\/\/www.mundoagropecuario.cl\/new\/wp-json\/wp\/v2\/categories?post=11320"},{"taxonomy":"post_tag","embeddable":true,"href":"https:\/\/www.mundoagropecuario.cl\/new\/wp-json\/wp\/v2\/tags?post=11320"}],"curies":[{"name":"wp","href":"https:\/\/api.w.org\/{rel}","templated":true}]}}