{"id":11301,"date":"2019-04-04T03:04:35","date_gmt":"2019-04-04T06:04:35","guid":{"rendered":"http:\/\/www.mundoagropecuario.cl\/new\/?p=11301"},"modified":"2019-04-04T03:04:35","modified_gmt":"2019-04-04T06:04:35","slug":"autoridades-del-agro-fiscalizan-funcionamiento-de-poderes-compradores-de-uva-en-nuble","status":"publish","type":"post","link":"https:\/\/www.mundoagropecuario.cl\/new\/autoridades-del-agro-fiscalizan-funcionamiento-de-poderes-compradores-de-uva-en-nuble\/","title":{"rendered":"Autoridades del Agro fiscalizan funcionamiento de poderes compradores de uva en \u00d1uble"},"content":{"rendered":"<blockquote><p><em>Ley de Transacciones Comerciales para Productos Agropecuarios establece un reglamento especial para la comercializaci\u00f3n de vid vin\u00edfera para la elaboraci\u00f3n de vinos y mostos para vinos (Mundo Agropecuario).<\/em><\/p><\/blockquote>\n<p>Esta semana, el Seremi de Agricultura Fernando B\u00f3rquez, y el Director Regional (s) del SAG de \u00d1uble, Javier Capponi, junto a un equipo de fiscalizadores del Servicio Agr\u00edcola y Ganadero verificaron el cumplimiento de la normativa vigente para la comercializaci\u00f3n de vid vin\u00edfera para la elaboraci\u00f3n de vinos y mostos para vinos, definido en el marco de la Ley N\u00b0 20.656, referente a fiscalizaci\u00f3n de Transacciones Comerciales para Productos Agropecuarios, en los poderes compradores de la comuna de San Nicol\u00e1s.<\/p>\n<p>\u201cHoy junto al SAG hemos visitado tres importantes poderes compradores de la zona para fiscalizar si cumplen la legislaci\u00f3n vigente en relaci\u00f3n a la compra de uva vin\u00edfera. Se han detectado algunos incumplimientos, por lo cual se cursaron infracciones por parte de los inspectores del Servicio Agr\u00edcola y Ganadero\u201d, explic\u00f3 el Seremi de Agricultura.<\/p>\n<p>Al respecto, el Director Regional (s) del SAG dijo que \u201cesta temporada ya se han cursado seis infracciones: por no publicaci\u00f3n de precios antes de iniciar la comercializaci\u00f3n; no informar al SAG el precio de compra, de acuerdo a la Resoluci\u00f3n N\u00b0 1033\/2019 , no contar con la documentaci\u00f3n de respaldo para representar al poder comprador de la persona encargada de suscribir gu\u00eda de recepci\u00f3n, gu\u00edas de recepci\u00f3n sin las firmas del productor o su representante y del poder comprador, y p\u00e9rdida de calibraci\u00f3n de balanza\u201d.<\/p>\n<p>La Ley N\u00b0 20.256 tiene como finalidad transparentar el mercado de comercializaci\u00f3n de la vid, permitiendo que los productores cuenten con la informaci\u00f3n necesaria para decidir a qui\u00e9n vender su producto, por lo que es necesario que conozcan los precios por variedad, que exista calibraci\u00f3n certificada de los instrumentos de medici\u00f3n por los laboratorios calibradores registrados en el SAG.\u00a0 En el caso de los centros de acopios, \u00e9stos, adem\u00e1s, deben incluir en su listado de precios las industrias o vi\u00f1as para las cuales est\u00e1n comprando, el nombre del centro de acopio y denominaci\u00f3n de la variedad.<\/p>\n<p>Adem\u00e1s, los funcionarios del SAG tambi\u00e9n revisan las gu\u00edas de recepci\u00f3n del producto, las que deben contener el Nombre o raz\u00f3n Social del propietario de la vid vin\u00edfera, N\u00famero de Rol o C\u00e9dula de Identidad del propietario de la vid, fecha y hora de la recepci\u00f3n, precio de referencia y condici\u00f3n de pago y kilos recepcionados. Quienes infrinjan la Ley se exponen a multas de 5 a 200 UTM, lo que depender\u00e1 de la gravedad y reincidencia del incumplimiento.<\/p>\n<p>El a\u00f1o 2018 se establecieron 34 poderes compradores de uva esta temporada en la regi\u00f3n de \u00d1uble, y se espera que este a\u00f1o existan 30 poderes compradores.<\/p>\n<p>Previo al inicio de la temporada se realizaron charlas y reuniones informativas sobre este reglamento dirigidas a los productores de vides como tambi\u00e9n a los poderes compradores, oportunidad en la que se dan a conocer las principales no conformidades detectadas durante las fiscalizaciones.<\/p>\n<p>&nbsp;<\/p>\n","protected":false},"excerpt":{"rendered":"<p>Ley de Transacciones Comerciales para Productos Agropecuarios establece un reglamento especial para la comercializaci\u00f3n de vid vin\u00edfera para la elaboraci\u00f3n de vinos y mostos para vinos (Mundo Agropecuario). Esta semana,&#8230;<\/p>\n","protected":false},"author":3,"featured_media":11302,"comment_status":"closed","ping_status":"closed","sticky":false,"template":"","format":"standard","meta":{"footnotes":""},"categories":[405],"tags":[1151,2036,3124],"class_list":["post-11301","post","type-post","status-publish","format-standard","has-post-thumbnail","hentry","category-titular-3","tag-nuble","tag-sag","tag-uva"],"yoast_head":"<!-- This site is optimized with the Yoast SEO plugin v26.6 - https:\/\/yoast.com\/wordpress\/plugins\/seo\/ -->\n<title>Autoridades del Agro fiscalizan funcionamiento de poderes compradores de uva en \u00d1uble - Mundoagropecuario<\/title>\n<meta name=\"robots\" content=\"index, follow, max-snippet:-1, max-image-preview:large, max-video-preview:-1\" \/>\n<link rel=\"canonical\" href=\"https:\/\/www.mundoagropecuario.cl\/new\/autoridades-del-agro-fiscalizan-funcionamiento-de-poderes-compradores-de-uva-en-nuble\/\" \/>\n<meta property=\"og:locale\" content=\"es_ES\" \/>\n<meta property=\"og:type\" content=\"article\" \/>\n<meta property=\"og:title\" content=\"Autoridades del Agro fiscalizan funcionamiento de poderes compradores de uva en \u00d1uble - Mundoagropecuario\" \/>\n<meta property=\"og:description\" content=\"Ley de Transacciones Comerciales para Productos Agropecuarios establece un reglamento especial para la comercializaci\u00f3n de vid vin\u00edfera para la elaboraci\u00f3n de vinos y mostos para vinos (Mundo Agropecuario). Esta semana,...\" \/>\n<meta property=\"og:url\" content=\"https:\/\/www.mundoagropecuario.cl\/new\/autoridades-del-agro-fiscalizan-funcionamiento-de-poderes-compradores-de-uva-en-nuble\/\" \/>\n<meta property=\"og:site_name\" content=\"Mundoagropecuario\" \/>\n<meta property=\"article:publisher\" content=\"https:\/\/www.facebook.com\/mundo.agropecuario.3\" \/>\n<meta property=\"article:published_time\" content=\"2019-04-04T06:04:35+00:00\" \/>\n<meta property=\"og:image\" content=\"https:\/\/www.mundoagropecuario.cl\/new\/wp-content\/uploads\/2019\/04\/uvas-\u00f1uble.jpg\" \/>\n\t<meta property=\"og:image:width\" content=\"850\" \/>\n\t<meta property=\"og:image:height\" content=\"567\" \/>\n\t<meta property=\"og:image:type\" content=\"image\/jpeg\" \/>\n<meta name=\"author\" content=\"periodista\" \/>\n<meta name=\"twitter:card\" content=\"summary_large_image\" \/>\n<meta name=\"twitter:creator\" content=\"@MundoAgropecuar\" \/>\n<meta name=\"twitter:site\" content=\"@MundoAgropecuar\" \/>\n<meta name=\"twitter:label1\" content=\"Escrito por\" \/>\n\t<meta name=\"twitter:data1\" content=\"periodista\" \/>\n\t<meta name=\"twitter:label2\" content=\"Tiempo de lectura\" \/>\n\t<meta name=\"twitter:data2\" content=\"3 minutos\" \/>\n<script type=\"application\/ld+json\" class=\"yoast-schema-graph\">{\"@context\":\"https:\/\/schema.org\",\"@graph\":[{\"@type\":\"Article\",\"@id\":\"https:\/\/www.mundoagropecuario.cl\/new\/autoridades-del-agro-fiscalizan-funcionamiento-de-poderes-compradores-de-uva-en-nuble\/#article\",\"isPartOf\":{\"@id\":\"https:\/\/www.mundoagropecuario.cl\/new\/autoridades-del-agro-fiscalizan-funcionamiento-de-poderes-compradores-de-uva-en-nuble\/\"},\"author\":{\"name\":\"periodista\",\"@id\":\"https:\/\/www.mundoagropecuario.cl\/new\/#\/schema\/person\/0c221050801c74e45256a7a9a1ff0803\"},\"headline\":\"Autoridades del Agro fiscalizan funcionamiento de poderes compradores de uva en \u00d1uble\",\"datePublished\":\"2019-04-04T06:04:35+00:00\",\"mainEntityOfPage\":{\"@id\":\"https:\/\/www.mundoagropecuario.cl\/new\/autoridades-del-agro-fiscalizan-funcionamiento-de-poderes-compradores-de-uva-en-nuble\/\"},\"wordCount\":544,\"publisher\":{\"@id\":\"https:\/\/www.mundoagropecuario.cl\/new\/#organization\"},\"image\":{\"@id\":\"https:\/\/www.mundoagropecuario.cl\/new\/autoridades-del-agro-fiscalizan-funcionamiento-de-poderes-compradores-de-uva-en-nuble\/#primaryimage\"},\"thumbnailUrl\":\"https:\/\/www.mundoagropecuario.cl\/new\/wp-content\/uploads\/2019\/04\/uvas-\u00f1uble.jpg\",\"keywords\":[\"\u00d1uble\",\"SAG\",\"uva\"],\"articleSection\":[\"Titular 3\"],\"inLanguage\":\"es\"},{\"@type\":\"WebPage\",\"@id\":\"https:\/\/www.mundoagropecuario.cl\/new\/autoridades-del-agro-fiscalizan-funcionamiento-de-poderes-compradores-de-uva-en-nuble\/\",\"url\":\"https:\/\/www.mundoagropecuario.cl\/new\/autoridades-del-agro-fiscalizan-funcionamiento-de-poderes-compradores-de-uva-en-nuble\/\",\"name\":\"Autoridades del Agro fiscalizan funcionamiento de poderes compradores de uva en \u00d1uble - Mundoagropecuario\",\"isPartOf\":{\"@id\":\"https:\/\/www.mundoagropecuario.cl\/new\/#website\"},\"primaryImageOfPage\":{\"@id\":\"https:\/\/www.mundoagropecuario.cl\/new\/autoridades-del-agro-fiscalizan-funcionamiento-de-poderes-compradores-de-uva-en-nuble\/#primaryimage\"},\"image\":{\"@id\":\"https:\/\/www.mundoagropecuario.cl\/new\/autoridades-del-agro-fiscalizan-funcionamiento-de-poderes-compradores-de-uva-en-nuble\/#primaryimage\"},\"thumbnailUrl\":\"https:\/\/www.mundoagropecuario.cl\/new\/wp-content\/uploads\/2019\/04\/uvas-\u00f1uble.jpg\",\"datePublished\":\"2019-04-04T06:04:35+00:00\",\"breadcrumb\":{\"@id\":\"https:\/\/www.mundoagropecuario.cl\/new\/autoridades-del-agro-fiscalizan-funcionamiento-de-poderes-compradores-de-uva-en-nuble\/#breadcrumb\"},\"inLanguage\":\"es\",\"potentialAction\":[{\"@type\":\"ReadAction\",\"target\":[\"https:\/\/www.mundoagropecuario.cl\/new\/autoridades-del-agro-fiscalizan-funcionamiento-de-poderes-compradores-de-uva-en-nuble\/\"]}]},{\"@type\":\"ImageObject\",\"inLanguage\":\"es\",\"@id\":\"https:\/\/www.mundoagropecuario.cl\/new\/autoridades-del-agro-fiscalizan-funcionamiento-de-poderes-compradores-de-uva-en-nuble\/#primaryimage\",\"url\":\"https:\/\/www.mundoagropecuario.cl\/new\/wp-content\/uploads\/2019\/04\/uvas-\u00f1uble.jpg\",\"contentUrl\":\"https:\/\/www.mundoagropecuario.cl\/new\/wp-content\/uploads\/2019\/04\/uvas-\u00f1uble.jpg\",\"width\":600,\"height\":400},{\"@type\":\"BreadcrumbList\",\"@id\":\"https:\/\/www.mundoagropecuario.cl\/new\/autoridades-del-agro-fiscalizan-funcionamiento-de-poderes-compradores-de-uva-en-nuble\/#breadcrumb\",\"itemListElement\":[{\"@type\":\"ListItem\",\"position\":1,\"name\":\"Portada\",\"item\":\"https:\/\/www.mundoagropecuario.cl\/new\/\"},{\"@type\":\"ListItem\",\"position\":2,\"name\":\"Autoridades del Agro fiscalizan funcionamiento de poderes compradores de uva en \u00d1uble\"}]},{\"@type\":\"WebSite\",\"@id\":\"https:\/\/www.mundoagropecuario.cl\/new\/#website\",\"url\":\"https:\/\/www.mundoagropecuario.cl\/new\/\",\"name\":\"Mundoagropecuario\",\"description\":\"Mundo Agropecuario\",\"publisher\":{\"@id\":\"https:\/\/www.mundoagropecuario.cl\/new\/#organization\"},\"potentialAction\":[{\"@type\":\"SearchAction\",\"target\":{\"@type\":\"EntryPoint\",\"urlTemplate\":\"https:\/\/www.mundoagropecuario.cl\/new\/?s={search_term_string}\"},\"query-input\":{\"@type\":\"PropertyValueSpecification\",\"valueRequired\":true,\"valueName\":\"search_term_string\"}}],\"inLanguage\":\"es\"},{\"@type\":\"Organization\",\"@id\":\"https:\/\/www.mundoagropecuario.cl\/new\/#organization\",\"name\":\"Revista de Agricultura\",\"url\":\"https:\/\/www.mundoagropecuario.cl\/new\/\",\"logo\":{\"@type\":\"ImageObject\",\"inLanguage\":\"es\",\"@id\":\"https:\/\/www.mundoagropecuario.cl\/new\/#\/schema\/logo\/image\/\",\"url\":\"https:\/\/www.mundoagropecuario.cl\/new\/wp-content\/uploads\/2020\/11\/PORTAL-1-1.png\",\"contentUrl\":\"https:\/\/www.mundoagropecuario.cl\/new\/wp-content\/uploads\/2020\/11\/PORTAL-1-1.png\",\"width\":1026,\"height\":100,\"caption\":\"Revista de Agricultura\"},\"image\":{\"@id\":\"https:\/\/www.mundoagropecuario.cl\/new\/#\/schema\/logo\/image\/\"},\"sameAs\":[\"https:\/\/www.facebook.com\/mundo.agropecuario.3\",\"https:\/\/x.com\/MundoAgropecuar\",\"https:\/\/www.linkedin.com\/in\/mundo-agropecuario-934009201\/\"]},{\"@type\":\"Person\",\"@id\":\"https:\/\/www.mundoagropecuario.cl\/new\/#\/schema\/person\/0c221050801c74e45256a7a9a1ff0803\",\"name\":\"periodista\",\"url\":\"https:\/\/www.mundoagropecuario.cl\/new\/author\/periodista\/\"}]}<\/script>\n<!-- \/ Yoast SEO plugin. -->","yoast_head_json":{"title":"Autoridades del Agro fiscalizan funcionamiento de poderes compradores de uva en \u00d1uble - Mundoagropecuario","robots":{"index":"index","follow":"follow","max-snippet":"max-snippet:-1","max-image-preview":"max-image-preview:large","max-video-preview":"max-video-preview:-1"},"canonical":"https:\/\/www.mundoagropecuario.cl\/new\/autoridades-del-agro-fiscalizan-funcionamiento-de-poderes-compradores-de-uva-en-nuble\/","og_locale":"es_ES","og_type":"article","og_title":"Autoridades del Agro fiscalizan funcionamiento de poderes compradores de uva en \u00d1uble - Mundoagropecuario","og_description":"Ley de Transacciones Comerciales para Productos Agropecuarios establece un reglamento especial para la comercializaci\u00f3n de vid vin\u00edfera para la elaboraci\u00f3n de vinos y mostos para vinos (Mundo Agropecuario). Esta semana,...","og_url":"https:\/\/www.mundoagropecuario.cl\/new\/autoridades-del-agro-fiscalizan-funcionamiento-de-poderes-compradores-de-uva-en-nuble\/","og_site_name":"Mundoagropecuario","article_publisher":"https:\/\/www.facebook.com\/mundo.agropecuario.3","article_published_time":"2019-04-04T06:04:35+00:00","og_image":[{"width":850,"height":567,"url":"https:\/\/www.mundoagropecuario.cl\/new\/wp-content\/uploads\/2019\/04\/uvas-\u00f1uble.jpg","type":"image\/jpeg"}],"author":"periodista","twitter_card":"summary_large_image","twitter_creator":"@MundoAgropecuar","twitter_site":"@MundoAgropecuar","twitter_misc":{"Escrito por":"periodista","Tiempo de lectura":"3 minutos"},"schema":{"@context":"https:\/\/schema.org","@graph":[{"@type":"Article","@id":"https:\/\/www.mundoagropecuario.cl\/new\/autoridades-del-agro-fiscalizan-funcionamiento-de-poderes-compradores-de-uva-en-nuble\/#article","isPartOf":{"@id":"https:\/\/www.mundoagropecuario.cl\/new\/autoridades-del-agro-fiscalizan-funcionamiento-de-poderes-compradores-de-uva-en-nuble\/"},"author":{"name":"periodista","@id":"https:\/\/www.mundoagropecuario.cl\/new\/#\/schema\/person\/0c221050801c74e45256a7a9a1ff0803"},"headline":"Autoridades del Agro fiscalizan funcionamiento de poderes compradores de uva en \u00d1uble","datePublished":"2019-04-04T06:04:35+00:00","mainEntityOfPage":{"@id":"https:\/\/www.mundoagropecuario.cl\/new\/autoridades-del-agro-fiscalizan-funcionamiento-de-poderes-compradores-de-uva-en-nuble\/"},"wordCount":544,"publisher":{"@id":"https:\/\/www.mundoagropecuario.cl\/new\/#organization"},"image":{"@id":"https:\/\/www.mundoagropecuario.cl\/new\/autoridades-del-agro-fiscalizan-funcionamiento-de-poderes-compradores-de-uva-en-nuble\/#primaryimage"},"thumbnailUrl":"https:\/\/www.mundoagropecuario.cl\/new\/wp-content\/uploads\/2019\/04\/uvas-\u00f1uble.jpg","keywords":["\u00d1uble","SAG","uva"],"articleSection":["Titular 3"],"inLanguage":"es"},{"@type":"WebPage","@id":"https:\/\/www.mundoagropecuario.cl\/new\/autoridades-del-agro-fiscalizan-funcionamiento-de-poderes-compradores-de-uva-en-nuble\/","url":"https:\/\/www.mundoagropecuario.cl\/new\/autoridades-del-agro-fiscalizan-funcionamiento-de-poderes-compradores-de-uva-en-nuble\/","name":"Autoridades del Agro fiscalizan funcionamiento de poderes compradores de uva en \u00d1uble - Mundoagropecuario","isPartOf":{"@id":"https:\/\/www.mundoagropecuario.cl\/new\/#website"},"primaryImageOfPage":{"@id":"https:\/\/www.mundoagropecuario.cl\/new\/autoridades-del-agro-fiscalizan-funcionamiento-de-poderes-compradores-de-uva-en-nuble\/#primaryimage"},"image":{"@id":"https:\/\/www.mundoagropecuario.cl\/new\/autoridades-del-agro-fiscalizan-funcionamiento-de-poderes-compradores-de-uva-en-nuble\/#primaryimage"},"thumbnailUrl":"https:\/\/www.mundoagropecuario.cl\/new\/wp-content\/uploads\/2019\/04\/uvas-\u00f1uble.jpg","datePublished":"2019-04-04T06:04:35+00:00","breadcrumb":{"@id":"https:\/\/www.mundoagropecuario.cl\/new\/autoridades-del-agro-fiscalizan-funcionamiento-de-poderes-compradores-de-uva-en-nuble\/#breadcrumb"},"inLanguage":"es","potentialAction":[{"@type":"ReadAction","target":["https:\/\/www.mundoagropecuario.cl\/new\/autoridades-del-agro-fiscalizan-funcionamiento-de-poderes-compradores-de-uva-en-nuble\/"]}]},{"@type":"ImageObject","inLanguage":"es","@id":"https:\/\/www.mundoagropecuario.cl\/new\/autoridades-del-agro-fiscalizan-funcionamiento-de-poderes-compradores-de-uva-en-nuble\/#primaryimage","url":"https:\/\/www.mundoagropecuario.cl\/new\/wp-content\/uploads\/2019\/04\/uvas-\u00f1uble.jpg","contentUrl":"https:\/\/www.mundoagropecuario.cl\/new\/wp-content\/uploads\/2019\/04\/uvas-\u00f1uble.jpg","width":600,"height":400},{"@type":"BreadcrumbList","@id":"https:\/\/www.mundoagropecuario.cl\/new\/autoridades-del-agro-fiscalizan-funcionamiento-de-poderes-compradores-de-uva-en-nuble\/#breadcrumb","itemListElement":[{"@type":"ListItem","position":1,"name":"Portada","item":"https:\/\/www.mundoagropecuario.cl\/new\/"},{"@type":"ListItem","position":2,"name":"Autoridades del Agro fiscalizan funcionamiento de poderes compradores de uva en \u00d1uble"}]},{"@type":"WebSite","@id":"https:\/\/www.mundoagropecuario.cl\/new\/#website","url":"https:\/\/www.mundoagropecuario.cl\/new\/","name":"Mundoagropecuario","description":"Mundo Agropecuario","publisher":{"@id":"https:\/\/www.mundoagropecuario.cl\/new\/#organization"},"potentialAction":[{"@type":"SearchAction","target":{"@type":"EntryPoint","urlTemplate":"https:\/\/www.mundoagropecuario.cl\/new\/?s={search_term_string}"},"query-input":{"@type":"PropertyValueSpecification","valueRequired":true,"valueName":"search_term_string"}}],"inLanguage":"es"},{"@type":"Organization","@id":"https:\/\/www.mundoagropecuario.cl\/new\/#organization","name":"Revista de Agricultura","url":"https:\/\/www.mundoagropecuario.cl\/new\/","logo":{"@type":"ImageObject","inLanguage":"es","@id":"https:\/\/www.mundoagropecuario.cl\/new\/#\/schema\/logo\/image\/","url":"https:\/\/www.mundoagropecuario.cl\/new\/wp-content\/uploads\/2020\/11\/PORTAL-1-1.png","contentUrl":"https:\/\/www.mundoagropecuario.cl\/new\/wp-content\/uploads\/2020\/11\/PORTAL-1-1.png","width":1026,"height":100,"caption":"Revista de Agricultura"},"image":{"@id":"https:\/\/www.mundoagropecuario.cl\/new\/#\/schema\/logo\/image\/"},"sameAs":["https:\/\/www.facebook.com\/mundo.agropecuario.3","https:\/\/x.com\/MundoAgropecuar","https:\/\/www.linkedin.com\/in\/mundo-agropecuario-934009201\/"]},{"@type":"Person","@id":"https:\/\/www.mundoagropecuario.cl\/new\/#\/schema\/person\/0c221050801c74e45256a7a9a1ff0803","name":"periodista","url":"https:\/\/www.mundoagropecuario.cl\/new\/author\/periodista\/"}]}},"_links":{"self":[{"href":"https:\/\/www.mundoagropecuario.cl\/new\/wp-json\/wp\/v2\/posts\/11301","targetHints":{"allow":["GET"]}}],"collection":[{"href":"https:\/\/www.mundoagropecuario.cl\/new\/wp-json\/wp\/v2\/posts"}],"about":[{"href":"https:\/\/www.mundoagropecuario.cl\/new\/wp-json\/wp\/v2\/types\/post"}],"author":[{"embeddable":true,"href":"https:\/\/www.mundoagropecuario.cl\/new\/wp-json\/wp\/v2\/users\/3"}],"replies":[{"embeddable":true,"href":"https:\/\/www.mundoagropecuario.cl\/new\/wp-json\/wp\/v2\/comments?post=11301"}],"version-history":[{"count":1,"href":"https:\/\/www.mundoagropecuario.cl\/new\/wp-json\/wp\/v2\/posts\/11301\/revisions"}],"predecessor-version":[{"id":11303,"href":"https:\/\/www.mundoagropecuario.cl\/new\/wp-json\/wp\/v2\/posts\/11301\/revisions\/11303"}],"wp:featuredmedia":[{"embeddable":true,"href":"https:\/\/www.mundoagropecuario.cl\/new\/wp-json\/wp\/v2\/media\/11302"}],"wp:attachment":[{"href":"https:\/\/www.mundoagropecuario.cl\/new\/wp-json\/wp\/v2\/media?parent=11301"}],"wp:term":[{"taxonomy":"category","embeddable":true,"href":"https:\/\/www.mundoagropecuario.cl\/new\/wp-json\/wp\/v2\/categories?post=11301"},{"taxonomy":"post_tag","embeddable":true,"href":"https:\/\/www.mundoagropecuario.cl\/new\/wp-json\/wp\/v2\/tags?post=11301"}],"curies":[{"name":"wp","href":"https:\/\/api.w.org\/{rel}","templated":true}]}}