{"id":11295,"date":"2019-04-04T01:46:04","date_gmt":"2019-04-04T04:46:04","guid":{"rendered":"http:\/\/www.mundoagropecuario.cl\/new\/?p=11295"},"modified":"2019-04-04T01:46:04","modified_gmt":"2019-04-04T04:46:04","slug":"corfo-y-fedefruta-instalan-el-primer-instrumento-en-nuble-para-el-desarrollo-del-agro","status":"publish","type":"post","link":"https:\/\/www.mundoagropecuario.cl\/new\/corfo-y-fedefruta-instalan-el-primer-instrumento-en-nuble-para-el-desarrollo-del-agro\/","title":{"rendered":"Corfo y Fedefruta instalan el primer instrumento en \u00d1uble para el desarrollo del agro"},"content":{"rendered":"<blockquote><p><em>Iniciativa busca mejorar la competitividad de los fruticultores, a trav\u00e9s de la difusi\u00f3n y transferencia de nuevas tecnolog\u00edas emergentes en informaci\u00f3n y comunicaci\u00f3n, a modo de alcanzar un mayor detalle de datos en la toma de decisiones para los procesos productivos, y en la gesti\u00f3n de la calidad de los cultivos (Mundo Agropecuario).<\/em><\/p><\/blockquote>\n<p>El Intendente de \u00d1uble, Mart\u00edn Arrau, el Director Regional de Corfo, Daniel Sep\u00falveda, la Federaci\u00f3n de Productores de Frutas de Chile (Fedefruta) y la Asociaci\u00f3n de Agricultores de \u00d1uble, lanzaron el lunes pasado el proyecto Programa de Difusi\u00f3n Tecnol\u00f3gica (PDT) Smart Agro, cofinanciado por Corfo y ejecutado por Fedefruta, que beneficiar\u00e1 a 14 empresas frut\u00edcolas de la zona.<\/p>\n<p>El objetivo de esta iniciativa es mejorar la competitividad de los fruticultores, a trav\u00e9s de la difusi\u00f3n y transferencia de nuevas tecnolog\u00edas emergentes en informaci\u00f3n y comunicaci\u00f3n, a modo de alcanzar un mayor detalle de datos en la toma de decisiones para los procesos productivos, y en la gesti\u00f3n de la calidad de los cultivos.<\/p>\n<p>&#8220;La difusi\u00f3n y transferencia tecnol\u00f3gica ayudar\u00e1n inicialmente a estos 14 agricultores, aunque esperamos que se replique, porque sin duda la aplicaci\u00f3n de tecnolog\u00eda en el agro contribuir\u00e1 a mejorar la competitividad de este rubro tan importante para nuestra regi\u00f3n&#8221;, dijo el director regional de Corfo \u00d1uble, Daniel Sep\u00falveda. &#8220;Y estamos muy contentos, con Corfo y con Fedefruta, que este sea el primer instrumento que aplicamos ac\u00e1 en \u00d1uble para el desarrollo de la agricultura&#8221;.<\/p>\n<p>Asimismo, &#8220;el acceso a tecnolog\u00eda e informaci\u00f3n es clave para para el desarrollo de las industrias&#8221;, se\u00f1ala el gerente de proyectos de Fedefruta, Mario Mar\u00edn. &#8220;Lo hemos visto con trabajos anteriores que hemos realizado por ejemplo en agroindustria, con el Centro de Extensionismo Agroindustrial. Con este programa en \u00d1uble buscamos que las empresas incorporen tecnolog\u00edas de informaci\u00f3n y comunicaci\u00f3n, llamadas TIC, para que puedan mejorar productividad y competitividad. Con este programa trabajaremos para que las empresas mejoren sus sistemas de control en sus procesos productivos, y los agricultores alcancen niveles \u00f3ptimos de utilidades, para lograr la sostenibilidad de sus negocios&#8221;.<\/p>\n<p>En el lanzamiento del PDT Smart Agro realizado en Fundo la Piedra (del presidente de la Asociaci\u00f3n de Agricultores de \u00d1uble \u00c1lvaro Gatica), el Intendente de la Regi\u00f3n de \u00d1uble Mart\u00edn Arrau valor\u00f3 y apoy\u00f3 el comienzo de este programa. &#8220;Es lo que hay que hacer en \u00d1uble, que cuenta con mucho mediano y peque\u00f1o productor&#8221;, indic\u00f3. &#8220;Es necesario que todos est\u00e9n en el carro de la tecnolog\u00eda y por tanto, cuando empezamos a incorporar sensores, a mejorar y entender mejor c\u00f3mo funcionan nuestros cultivos, sin duda vamos a mejorar nuestros rendimientos, como ha sido la t\u00f3nica en estos \u00faltimos a\u00f1os&#8221;, agreg\u00f3, recordando que la nueva regi\u00f3n tiene r\u00e9cord de rendimiento en muchas especies frut\u00edcolas. &#8220;Eso debe seguir as\u00ed, pero debe llegar a todos los productores&#8221;.<\/p>\n<p><strong>Potencial y redes de competitividad<\/strong><\/p>\n<p>Con este tipo de instrumentos y la inversi\u00f3n necesaria, Corfo tanto como Fedefruta consideran que \u00d1uble tiene el potencial para transformarse en uno de los principales polos de hortofruticultura del pa\u00eds, en el mediano plazo, como enfatiz\u00f3 el director regional de Corfo en \u00d1uble. &#8220;Ahora estamos lejos de la producci\u00f3n de Maule y O&#8217;Higgins, pero tenemos un alto potencial\u201d, afirm\u00f3.\u00a0 &#8220;Si somos capaces de desarrollar buena tecnolog\u00eda, competitividad y productividad, posiblemente en unos 20 a\u00f1os m\u00e1s seremos una gran potencia agroalimentaria&#8221;.<\/p>\n<p>Eso es lo que busca Corfo con su red de competitividad en la regi\u00f3n, a la que Fedefruta fue invitada a participar como agente Operador, para presentar proyectos dentro de \u00d1uble. &#8220;Estimamos que el know how que tiene esta Federaci\u00f3n va a servir mucho al desarrollo de la agricultora local. Ya han instalado nexos con la Asociaci\u00f3n de Agricultores y en este caso, con el PDT Smart Agro, van a demostrar que la tecnolog\u00eda es clave para mejorar la competitividad de \u00d1uble&#8221;, concluy\u00f3 el director.<\/p>\n<p>El programa Smart Agro buscar\u00e1 establecer rutinas de uso de tecnolog\u00edas, generar redes colaborativas entre los empresarios y mejorar los diagn\u00f3sticos de brechas, para luego difundir los beneficios y resultados. Durante el desarrollo del programa, se realizar\u00e1n asesor\u00edas, talleres, seminarios, manuales y planes piloto, que permitan un entorno amigable de acceso a estas tecnolog\u00edas. Tanto Corfo como Fedefruta ir\u00e1n informando sobre los avances de este PDT en \u00d1uble.<\/p>\n<p><strong>Modernizaci\u00f3n Tributaria<\/strong><\/p>\n<p>El Intendente de \u00d1uble aprovech\u00f3 la instancia, en la que estaban presentes agricultoras beneficiarios de este proyecto, para dar a conocer algunos alcances de la Modernizaci\u00f3n Tributaria.\u00a0 Se refiri\u00f3 a la necesidad de contar con un sistema m\u00e1s sencillo, que se convierta en un apoyo para los productores. &#8220;Lo importantes es simplificar un esquema que es sumamente complejo. Lo que Chile necesita, en un mundo moderno, es un sistema sencillo, r\u00e1pido y que\u00a0 podamos entender, para as\u00ed saber cu\u00e1nto tenemos que pagar&#8221;, sentenci\u00f3.<\/p>\n<p>Durante la actividad, tambi\u00e9n estuvo presente el Seremi de Econom\u00eda de \u00d1uble, Roger Cisterna, quien destac\u00f3 el inicio del programa y respondi\u00f3 consultas sobre las ideas base del proyecto de modernizaci\u00f3n tributaria.<\/p>\n<p>&nbsp;<\/p>\n","protected":false},"excerpt":{"rendered":"<p>Iniciativa busca mejorar la competitividad de los fruticultores, a trav\u00e9s de la difusi\u00f3n y transferencia de nuevas tecnolog\u00edas emergentes en informaci\u00f3n y comunicaci\u00f3n, a modo de alcanzar un mayor detalle&#8230;<\/p>\n","protected":false},"author":3,"featured_media":11296,"comment_status":"closed","ping_status":"closed","sticky":false,"template":"","format":"standard","meta":{"footnotes":""},"categories":[404],"tags":[153,2095,1151],"class_list":["post-11295","post","type-post","status-publish","format-standard","has-post-thumbnail","hentry","category-titular-2","tag-corfo","tag-fedefruta","tag-nuble"],"yoast_head":"<!-- This site is optimized with the Yoast SEO plugin v26.6 - https:\/\/yoast.com\/wordpress\/plugins\/seo\/ -->\n<title>Corfo y Fedefruta instalan el primer instrumento en \u00d1uble para el desarrollo del agro - Mundoagropecuario<\/title>\n<meta name=\"robots\" content=\"index, follow, max-snippet:-1, max-image-preview:large, max-video-preview:-1\" \/>\n<link rel=\"canonical\" href=\"https:\/\/www.mundoagropecuario.cl\/new\/corfo-y-fedefruta-instalan-el-primer-instrumento-en-nuble-para-el-desarrollo-del-agro\/\" \/>\n<meta property=\"og:locale\" content=\"es_ES\" \/>\n<meta property=\"og:type\" content=\"article\" \/>\n<meta property=\"og:title\" content=\"Corfo y Fedefruta instalan el primer instrumento en \u00d1uble para el desarrollo del agro - Mundoagropecuario\" \/>\n<meta property=\"og:description\" content=\"Iniciativa busca mejorar la competitividad de los fruticultores, a trav\u00e9s de la difusi\u00f3n y transferencia de nuevas tecnolog\u00edas emergentes en informaci\u00f3n y comunicaci\u00f3n, a modo de alcanzar un mayor detalle...\" \/>\n<meta property=\"og:url\" content=\"https:\/\/www.mundoagropecuario.cl\/new\/corfo-y-fedefruta-instalan-el-primer-instrumento-en-nuble-para-el-desarrollo-del-agro\/\" \/>\n<meta property=\"og:site_name\" content=\"Mundoagropecuario\" \/>\n<meta property=\"article:publisher\" content=\"https:\/\/www.facebook.com\/mundo.agropecuario.3\" \/>\n<meta property=\"article:published_time\" content=\"2019-04-04T04:46:04+00:00\" \/>\n<meta property=\"og:image\" content=\"https:\/\/www.mundoagropecuario.cl\/new\/wp-content\/uploads\/2019\/04\/fedefruta-\u00f1uble-e1554386959362.jpg\" \/>\n\t<meta property=\"og:image:width\" content=\"863\" \/>\n\t<meta property=\"og:image:height\" content=\"644\" \/>\n\t<meta property=\"og:image:type\" content=\"image\/jpeg\" \/>\n<meta name=\"author\" content=\"periodista\" \/>\n<meta name=\"twitter:card\" content=\"summary_large_image\" \/>\n<meta name=\"twitter:creator\" content=\"@MundoAgropecuar\" \/>\n<meta name=\"twitter:site\" content=\"@MundoAgropecuar\" \/>\n<meta name=\"twitter:label1\" content=\"Escrito por\" \/>\n\t<meta name=\"twitter:data1\" content=\"periodista\" \/>\n\t<meta name=\"twitter:label2\" content=\"Tiempo de lectura\" \/>\n\t<meta name=\"twitter:data2\" content=\"4 minutos\" \/>\n<script type=\"application\/ld+json\" class=\"yoast-schema-graph\">{\"@context\":\"https:\/\/schema.org\",\"@graph\":[{\"@type\":\"Article\",\"@id\":\"https:\/\/www.mundoagropecuario.cl\/new\/corfo-y-fedefruta-instalan-el-primer-instrumento-en-nuble-para-el-desarrollo-del-agro\/#article\",\"isPartOf\":{\"@id\":\"https:\/\/www.mundoagropecuario.cl\/new\/corfo-y-fedefruta-instalan-el-primer-instrumento-en-nuble-para-el-desarrollo-del-agro\/\"},\"author\":{\"name\":\"periodista\",\"@id\":\"https:\/\/www.mundoagropecuario.cl\/new\/#\/schema\/person\/0c221050801c74e45256a7a9a1ff0803\"},\"headline\":\"Corfo y Fedefruta instalan el primer instrumento en \u00d1uble para el desarrollo del agro\",\"datePublished\":\"2019-04-04T04:46:04+00:00\",\"mainEntityOfPage\":{\"@id\":\"https:\/\/www.mundoagropecuario.cl\/new\/corfo-y-fedefruta-instalan-el-primer-instrumento-en-nuble-para-el-desarrollo-del-agro\/\"},\"wordCount\":903,\"publisher\":{\"@id\":\"https:\/\/www.mundoagropecuario.cl\/new\/#organization\"},\"image\":{\"@id\":\"https:\/\/www.mundoagropecuario.cl\/new\/corfo-y-fedefruta-instalan-el-primer-instrumento-en-nuble-para-el-desarrollo-del-agro\/#primaryimage\"},\"thumbnailUrl\":\"https:\/\/www.mundoagropecuario.cl\/new\/wp-content\/uploads\/2019\/04\/fedefruta-\u00f1uble-e1554386959362.jpg\",\"keywords\":[\"Corfo\",\"Fedefruta\",\"\u00d1uble\"],\"articleSection\":[\"Titular 2\"],\"inLanguage\":\"es\"},{\"@type\":\"WebPage\",\"@id\":\"https:\/\/www.mundoagropecuario.cl\/new\/corfo-y-fedefruta-instalan-el-primer-instrumento-en-nuble-para-el-desarrollo-del-agro\/\",\"url\":\"https:\/\/www.mundoagropecuario.cl\/new\/corfo-y-fedefruta-instalan-el-primer-instrumento-en-nuble-para-el-desarrollo-del-agro\/\",\"name\":\"Corfo y Fedefruta instalan el primer instrumento en \u00d1uble para el desarrollo del agro - Mundoagropecuario\",\"isPartOf\":{\"@id\":\"https:\/\/www.mundoagropecuario.cl\/new\/#website\"},\"primaryImageOfPage\":{\"@id\":\"https:\/\/www.mundoagropecuario.cl\/new\/corfo-y-fedefruta-instalan-el-primer-instrumento-en-nuble-para-el-desarrollo-del-agro\/#primaryimage\"},\"image\":{\"@id\":\"https:\/\/www.mundoagropecuario.cl\/new\/corfo-y-fedefruta-instalan-el-primer-instrumento-en-nuble-para-el-desarrollo-del-agro\/#primaryimage\"},\"thumbnailUrl\":\"https:\/\/www.mundoagropecuario.cl\/new\/wp-content\/uploads\/2019\/04\/fedefruta-\u00f1uble-e1554386959362.jpg\",\"datePublished\":\"2019-04-04T04:46:04+00:00\",\"breadcrumb\":{\"@id\":\"https:\/\/www.mundoagropecuario.cl\/new\/corfo-y-fedefruta-instalan-el-primer-instrumento-en-nuble-para-el-desarrollo-del-agro\/#breadcrumb\"},\"inLanguage\":\"es\",\"potentialAction\":[{\"@type\":\"ReadAction\",\"target\":[\"https:\/\/www.mundoagropecuario.cl\/new\/corfo-y-fedefruta-instalan-el-primer-instrumento-en-nuble-para-el-desarrollo-del-agro\/\"]}]},{\"@type\":\"ImageObject\",\"inLanguage\":\"es\",\"@id\":\"https:\/\/www.mundoagropecuario.cl\/new\/corfo-y-fedefruta-instalan-el-primer-instrumento-en-nuble-para-el-desarrollo-del-agro\/#primaryimage\",\"url\":\"https:\/\/www.mundoagropecuario.cl\/new\/wp-content\/uploads\/2019\/04\/fedefruta-\u00f1uble-e1554386959362.jpg\",\"contentUrl\":\"https:\/\/www.mundoagropecuario.cl\/new\/wp-content\/uploads\/2019\/04\/fedefruta-\u00f1uble-e1554386959362.jpg\",\"width\":536,\"height\":400},{\"@type\":\"BreadcrumbList\",\"@id\":\"https:\/\/www.mundoagropecuario.cl\/new\/corfo-y-fedefruta-instalan-el-primer-instrumento-en-nuble-para-el-desarrollo-del-agro\/#breadcrumb\",\"itemListElement\":[{\"@type\":\"ListItem\",\"position\":1,\"name\":\"Portada\",\"item\":\"https:\/\/www.mundoagropecuario.cl\/new\/\"},{\"@type\":\"ListItem\",\"position\":2,\"name\":\"Corfo y Fedefruta instalan el primer instrumento en \u00d1uble para el desarrollo del agro\"}]},{\"@type\":\"WebSite\",\"@id\":\"https:\/\/www.mundoagropecuario.cl\/new\/#website\",\"url\":\"https:\/\/www.mundoagropecuario.cl\/new\/\",\"name\":\"Mundoagropecuario\",\"description\":\"Mundo Agropecuario\",\"publisher\":{\"@id\":\"https:\/\/www.mundoagropecuario.cl\/new\/#organization\"},\"potentialAction\":[{\"@type\":\"SearchAction\",\"target\":{\"@type\":\"EntryPoint\",\"urlTemplate\":\"https:\/\/www.mundoagropecuario.cl\/new\/?s={search_term_string}\"},\"query-input\":{\"@type\":\"PropertyValueSpecification\",\"valueRequired\":true,\"valueName\":\"search_term_string\"}}],\"inLanguage\":\"es\"},{\"@type\":\"Organization\",\"@id\":\"https:\/\/www.mundoagropecuario.cl\/new\/#organization\",\"name\":\"Revista de Agricultura\",\"url\":\"https:\/\/www.mundoagropecuario.cl\/new\/\",\"logo\":{\"@type\":\"ImageObject\",\"inLanguage\":\"es\",\"@id\":\"https:\/\/www.mundoagropecuario.cl\/new\/#\/schema\/logo\/image\/\",\"url\":\"https:\/\/www.mundoagropecuario.cl\/new\/wp-content\/uploads\/2020\/11\/PORTAL-1-1.png\",\"contentUrl\":\"https:\/\/www.mundoagropecuario.cl\/new\/wp-content\/uploads\/2020\/11\/PORTAL-1-1.png\",\"width\":1026,\"height\":100,\"caption\":\"Revista de Agricultura\"},\"image\":{\"@id\":\"https:\/\/www.mundoagropecuario.cl\/new\/#\/schema\/logo\/image\/\"},\"sameAs\":[\"https:\/\/www.facebook.com\/mundo.agropecuario.3\",\"https:\/\/x.com\/MundoAgropecuar\",\"https:\/\/www.linkedin.com\/in\/mundo-agropecuario-934009201\/\"]},{\"@type\":\"Person\",\"@id\":\"https:\/\/www.mundoagropecuario.cl\/new\/#\/schema\/person\/0c221050801c74e45256a7a9a1ff0803\",\"name\":\"periodista\",\"url\":\"https:\/\/www.mundoagropecuario.cl\/new\/author\/periodista\/\"}]}<\/script>\n<!-- \/ Yoast SEO plugin. -->","yoast_head_json":{"title":"Corfo y Fedefruta instalan el primer instrumento en \u00d1uble para el desarrollo del agro - Mundoagropecuario","robots":{"index":"index","follow":"follow","max-snippet":"max-snippet:-1","max-image-preview":"max-image-preview:large","max-video-preview":"max-video-preview:-1"},"canonical":"https:\/\/www.mundoagropecuario.cl\/new\/corfo-y-fedefruta-instalan-el-primer-instrumento-en-nuble-para-el-desarrollo-del-agro\/","og_locale":"es_ES","og_type":"article","og_title":"Corfo y Fedefruta instalan el primer instrumento en \u00d1uble para el desarrollo del agro - Mundoagropecuario","og_description":"Iniciativa busca mejorar la competitividad de los fruticultores, a trav\u00e9s de la difusi\u00f3n y transferencia de nuevas tecnolog\u00edas emergentes en informaci\u00f3n y comunicaci\u00f3n, a modo de alcanzar un mayor detalle...","og_url":"https:\/\/www.mundoagropecuario.cl\/new\/corfo-y-fedefruta-instalan-el-primer-instrumento-en-nuble-para-el-desarrollo-del-agro\/","og_site_name":"Mundoagropecuario","article_publisher":"https:\/\/www.facebook.com\/mundo.agropecuario.3","article_published_time":"2019-04-04T04:46:04+00:00","og_image":[{"width":863,"height":644,"url":"https:\/\/www.mundoagropecuario.cl\/new\/wp-content\/uploads\/2019\/04\/fedefruta-\u00f1uble-e1554386959362.jpg","type":"image\/jpeg"}],"author":"periodista","twitter_card":"summary_large_image","twitter_creator":"@MundoAgropecuar","twitter_site":"@MundoAgropecuar","twitter_misc":{"Escrito por":"periodista","Tiempo de lectura":"4 minutos"},"schema":{"@context":"https:\/\/schema.org","@graph":[{"@type":"Article","@id":"https:\/\/www.mundoagropecuario.cl\/new\/corfo-y-fedefruta-instalan-el-primer-instrumento-en-nuble-para-el-desarrollo-del-agro\/#article","isPartOf":{"@id":"https:\/\/www.mundoagropecuario.cl\/new\/corfo-y-fedefruta-instalan-el-primer-instrumento-en-nuble-para-el-desarrollo-del-agro\/"},"author":{"name":"periodista","@id":"https:\/\/www.mundoagropecuario.cl\/new\/#\/schema\/person\/0c221050801c74e45256a7a9a1ff0803"},"headline":"Corfo y Fedefruta instalan el primer instrumento en \u00d1uble para el desarrollo del agro","datePublished":"2019-04-04T04:46:04+00:00","mainEntityOfPage":{"@id":"https:\/\/www.mundoagropecuario.cl\/new\/corfo-y-fedefruta-instalan-el-primer-instrumento-en-nuble-para-el-desarrollo-del-agro\/"},"wordCount":903,"publisher":{"@id":"https:\/\/www.mundoagropecuario.cl\/new\/#organization"},"image":{"@id":"https:\/\/www.mundoagropecuario.cl\/new\/corfo-y-fedefruta-instalan-el-primer-instrumento-en-nuble-para-el-desarrollo-del-agro\/#primaryimage"},"thumbnailUrl":"https:\/\/www.mundoagropecuario.cl\/new\/wp-content\/uploads\/2019\/04\/fedefruta-\u00f1uble-e1554386959362.jpg","keywords":["Corfo","Fedefruta","\u00d1uble"],"articleSection":["Titular 2"],"inLanguage":"es"},{"@type":"WebPage","@id":"https:\/\/www.mundoagropecuario.cl\/new\/corfo-y-fedefruta-instalan-el-primer-instrumento-en-nuble-para-el-desarrollo-del-agro\/","url":"https:\/\/www.mundoagropecuario.cl\/new\/corfo-y-fedefruta-instalan-el-primer-instrumento-en-nuble-para-el-desarrollo-del-agro\/","name":"Corfo y Fedefruta instalan el primer instrumento en \u00d1uble para el desarrollo del agro - Mundoagropecuario","isPartOf":{"@id":"https:\/\/www.mundoagropecuario.cl\/new\/#website"},"primaryImageOfPage":{"@id":"https:\/\/www.mundoagropecuario.cl\/new\/corfo-y-fedefruta-instalan-el-primer-instrumento-en-nuble-para-el-desarrollo-del-agro\/#primaryimage"},"image":{"@id":"https:\/\/www.mundoagropecuario.cl\/new\/corfo-y-fedefruta-instalan-el-primer-instrumento-en-nuble-para-el-desarrollo-del-agro\/#primaryimage"},"thumbnailUrl":"https:\/\/www.mundoagropecuario.cl\/new\/wp-content\/uploads\/2019\/04\/fedefruta-\u00f1uble-e1554386959362.jpg","datePublished":"2019-04-04T04:46:04+00:00","breadcrumb":{"@id":"https:\/\/www.mundoagropecuario.cl\/new\/corfo-y-fedefruta-instalan-el-primer-instrumento-en-nuble-para-el-desarrollo-del-agro\/#breadcrumb"},"inLanguage":"es","potentialAction":[{"@type":"ReadAction","target":["https:\/\/www.mundoagropecuario.cl\/new\/corfo-y-fedefruta-instalan-el-primer-instrumento-en-nuble-para-el-desarrollo-del-agro\/"]}]},{"@type":"ImageObject","inLanguage":"es","@id":"https:\/\/www.mundoagropecuario.cl\/new\/corfo-y-fedefruta-instalan-el-primer-instrumento-en-nuble-para-el-desarrollo-del-agro\/#primaryimage","url":"https:\/\/www.mundoagropecuario.cl\/new\/wp-content\/uploads\/2019\/04\/fedefruta-\u00f1uble-e1554386959362.jpg","contentUrl":"https:\/\/www.mundoagropecuario.cl\/new\/wp-content\/uploads\/2019\/04\/fedefruta-\u00f1uble-e1554386959362.jpg","width":536,"height":400},{"@type":"BreadcrumbList","@id":"https:\/\/www.mundoagropecuario.cl\/new\/corfo-y-fedefruta-instalan-el-primer-instrumento-en-nuble-para-el-desarrollo-del-agro\/#breadcrumb","itemListElement":[{"@type":"ListItem","position":1,"name":"Portada","item":"https:\/\/www.mundoagropecuario.cl\/new\/"},{"@type":"ListItem","position":2,"name":"Corfo y Fedefruta instalan el primer instrumento en \u00d1uble para el desarrollo del agro"}]},{"@type":"WebSite","@id":"https:\/\/www.mundoagropecuario.cl\/new\/#website","url":"https:\/\/www.mundoagropecuario.cl\/new\/","name":"Mundoagropecuario","description":"Mundo Agropecuario","publisher":{"@id":"https:\/\/www.mundoagropecuario.cl\/new\/#organization"},"potentialAction":[{"@type":"SearchAction","target":{"@type":"EntryPoint","urlTemplate":"https:\/\/www.mundoagropecuario.cl\/new\/?s={search_term_string}"},"query-input":{"@type":"PropertyValueSpecification","valueRequired":true,"valueName":"search_term_string"}}],"inLanguage":"es"},{"@type":"Organization","@id":"https:\/\/www.mundoagropecuario.cl\/new\/#organization","name":"Revista de Agricultura","url":"https:\/\/www.mundoagropecuario.cl\/new\/","logo":{"@type":"ImageObject","inLanguage":"es","@id":"https:\/\/www.mundoagropecuario.cl\/new\/#\/schema\/logo\/image\/","url":"https:\/\/www.mundoagropecuario.cl\/new\/wp-content\/uploads\/2020\/11\/PORTAL-1-1.png","contentUrl":"https:\/\/www.mundoagropecuario.cl\/new\/wp-content\/uploads\/2020\/11\/PORTAL-1-1.png","width":1026,"height":100,"caption":"Revista de Agricultura"},"image":{"@id":"https:\/\/www.mundoagropecuario.cl\/new\/#\/schema\/logo\/image\/"},"sameAs":["https:\/\/www.facebook.com\/mundo.agropecuario.3","https:\/\/x.com\/MundoAgropecuar","https:\/\/www.linkedin.com\/in\/mundo-agropecuario-934009201\/"]},{"@type":"Person","@id":"https:\/\/www.mundoagropecuario.cl\/new\/#\/schema\/person\/0c221050801c74e45256a7a9a1ff0803","name":"periodista","url":"https:\/\/www.mundoagropecuario.cl\/new\/author\/periodista\/"}]}},"_links":{"self":[{"href":"https:\/\/www.mundoagropecuario.cl\/new\/wp-json\/wp\/v2\/posts\/11295","targetHints":{"allow":["GET"]}}],"collection":[{"href":"https:\/\/www.mundoagropecuario.cl\/new\/wp-json\/wp\/v2\/posts"}],"about":[{"href":"https:\/\/www.mundoagropecuario.cl\/new\/wp-json\/wp\/v2\/types\/post"}],"author":[{"embeddable":true,"href":"https:\/\/www.mundoagropecuario.cl\/new\/wp-json\/wp\/v2\/users\/3"}],"replies":[{"embeddable":true,"href":"https:\/\/www.mundoagropecuario.cl\/new\/wp-json\/wp\/v2\/comments?post=11295"}],"version-history":[{"count":1,"href":"https:\/\/www.mundoagropecuario.cl\/new\/wp-json\/wp\/v2\/posts\/11295\/revisions"}],"predecessor-version":[{"id":11297,"href":"https:\/\/www.mundoagropecuario.cl\/new\/wp-json\/wp\/v2\/posts\/11295\/revisions\/11297"}],"wp:featuredmedia":[{"embeddable":true,"href":"https:\/\/www.mundoagropecuario.cl\/new\/wp-json\/wp\/v2\/media\/11296"}],"wp:attachment":[{"href":"https:\/\/www.mundoagropecuario.cl\/new\/wp-json\/wp\/v2\/media?parent=11295"}],"wp:term":[{"taxonomy":"category","embeddable":true,"href":"https:\/\/www.mundoagropecuario.cl\/new\/wp-json\/wp\/v2\/categories?post=11295"},{"taxonomy":"post_tag","embeddable":true,"href":"https:\/\/www.mundoagropecuario.cl\/new\/wp-json\/wp\/v2\/tags?post=11295"}],"curies":[{"name":"wp","href":"https:\/\/api.w.org\/{rel}","templated":true}]}}