{"id":11246,"date":"2019-04-02T02:21:31","date_gmt":"2019-04-02T05:21:31","guid":{"rendered":"http:\/\/www.mundoagropecuario.cl\/new\/?p=11246"},"modified":"2019-04-02T02:21:31","modified_gmt":"2019-04-02T05:21:31","slug":"familias-agricultoras-de-quemchi-reciben-fondos-indap-en-el-marco-del-programa-de-praderas-suplementarias","status":"publish","type":"post","link":"https:\/\/www.mundoagropecuario.cl\/new\/familias-agricultoras-de-quemchi-reciben-fondos-indap-en-el-marco-del-programa-de-praderas-suplementarias\/","title":{"rendered":"Familias agricultoras de Quemchi reciben fondos INDAP en el marco del Programa de Praderas Suplementarias"},"content":{"rendered":"<blockquote><p><em>Los productores ganaderos recibieron 29 millones de pesos con el fin de mantener su nivel productivo de cara al invierno (Mundo Agropecuario).<\/em><\/p><\/blockquote>\n<p>El aporte fue destinado a los usuarios de los programas Prodesal, PDTI y Asesor\u00edas T\u00e9cnicas, como fomento forrajero que se entrega de forma proactiva, previo a los meses de menor temperatura y en donde se hace m\u00e1s complejo acceder al agua y alimentaci\u00f3n para sus animales.<\/p>\n<p>El Director Regional de INDAP (s) Rafael Olgu\u00edn, destac\u00f3 la entrega de los recursos en la primera parte del a\u00f1o, para que los agricultores puedan mantener su nivel de producci\u00f3n \u201cConsiderando que este a\u00f1o estamos llegando por primera vez con los recursos de forma oportuna, lo cual ha sido destacado por los agricultores. Hoy han podido establecer estas praderas a tiempo, lo cual les est\u00e1 asegurando el recurso forrajero para el invierno y eso es lo que nosotros t\u00e9cnicamente como instituci\u00f3n perseguimos\u201d.<\/p>\n<p>Por su parte Gustavo Lobos, alcalde de la Comuna de Quemchi, destac\u00f3 el trabajo en conjunto del municipio con el Servicio en beneficio de los agricultores \u201cEsta mancomuni\u00f3n que existe con INDAP es muy importante, porque uno de los principales problemas que tienen los agricultores en Chilo\u00e9 son estos inviernos tan duros, en donde deben alimentar a sus animales. La entrega t\u00e9cnica que hace PRODESAL y estos aportes claramente van en apoyo de los agricultores y les va a servir mucho\u201d.<\/p>\n<p>Finalmente, Editha Ojeda, Agricultora del Sector Yuco Monta\u00f1a, valor\u00f3 tener los recursos agropecuarios \u201cporque es un beneficio que da seguridad de tener nuestra empastada temprana. A veces se llegaba muy tarde con los recursos y no se pod\u00eda hacer\u201d.<\/p>\n<p>El programa de Praderas Suplementarias de INDAP ha entregado hasta el momento aportes superiores a los 50 millones de pesos en las comunas de Quinchao y Curaco de V\u00e9lez, adem\u00e1s de 32 millones de pesos para la comuna de Dalcahue.<\/p>\n","protected":false},"excerpt":{"rendered":"<p>Los productores ganaderos recibieron 29 millones de pesos con el fin de mantener su nivel productivo de cara al invierno (Mundo Agropecuario). El aporte fue destinado a los usuarios de&#8230;<\/p>\n","protected":false},"author":3,"featured_media":11247,"comment_status":"closed","ping_status":"closed","sticky":false,"template":"","format":"standard","meta":{"footnotes":""},"categories":[1987],"tags":[2835,2197,2091,3475],"class_list":["post-11246","post","type-post","status-publish","format-standard","has-post-thumbnail","hentry","category-instituciones","tag-agricultores","tag-ganaderos","tag-prodesal","tag-quemchi"],"yoast_head":"<!-- This site is optimized with the Yoast SEO plugin v26.6 - https:\/\/yoast.com\/wordpress\/plugins\/seo\/ -->\n<title>Familias agricultoras de Quemchi reciben fondos INDAP en el marco del Programa de Praderas Suplementarias - Mundoagropecuario<\/title>\n<meta name=\"robots\" content=\"index, follow, max-snippet:-1, max-image-preview:large, max-video-preview:-1\" \/>\n<link rel=\"canonical\" href=\"https:\/\/www.mundoagropecuario.cl\/new\/familias-agricultoras-de-quemchi-reciben-fondos-indap-en-el-marco-del-programa-de-praderas-suplementarias\/\" \/>\n<meta property=\"og:locale\" content=\"es_ES\" \/>\n<meta property=\"og:type\" content=\"article\" \/>\n<meta property=\"og:title\" content=\"Familias agricultoras de Quemchi reciben fondos INDAP en el marco del Programa de Praderas Suplementarias - Mundoagropecuario\" \/>\n<meta property=\"og:description\" content=\"Los productores ganaderos recibieron 29 millones de pesos con el fin de mantener su nivel productivo de cara al invierno (Mundo Agropecuario). El aporte fue destinado a los usuarios de...\" \/>\n<meta property=\"og:url\" content=\"https:\/\/www.mundoagropecuario.cl\/new\/familias-agricultoras-de-quemchi-reciben-fondos-indap-en-el-marco-del-programa-de-praderas-suplementarias\/\" \/>\n<meta property=\"og:site_name\" content=\"Mundoagropecuario\" \/>\n<meta property=\"article:publisher\" content=\"https:\/\/www.facebook.com\/mundo.agropecuario.3\" \/>\n<meta property=\"article:published_time\" content=\"2019-04-02T05:21:31+00:00\" \/>\n<meta property=\"og:image\" content=\"https:\/\/www.mundoagropecuario.cl\/new\/wp-content\/uploads\/2019\/04\/Quemchi-agricultores.jpg\" \/>\n\t<meta property=\"og:image:width\" content=\"1024\" \/>\n\t<meta property=\"og:image:height\" content=\"683\" \/>\n\t<meta property=\"og:image:type\" content=\"image\/jpeg\" \/>\n<meta name=\"author\" content=\"periodista\" \/>\n<meta name=\"twitter:card\" content=\"summary_large_image\" \/>\n<meta name=\"twitter:creator\" content=\"@MundoAgropecuar\" \/>\n<meta name=\"twitter:site\" content=\"@MundoAgropecuar\" \/>\n<meta name=\"twitter:label1\" content=\"Escrito por\" \/>\n\t<meta name=\"twitter:data1\" content=\"periodista\" \/>\n\t<meta name=\"twitter:label2\" content=\"Tiempo de lectura\" \/>\n\t<meta name=\"twitter:data2\" content=\"2 minutos\" \/>\n<script type=\"application\/ld+json\" class=\"yoast-schema-graph\">{\"@context\":\"https:\/\/schema.org\",\"@graph\":[{\"@type\":\"Article\",\"@id\":\"https:\/\/www.mundoagropecuario.cl\/new\/familias-agricultoras-de-quemchi-reciben-fondos-indap-en-el-marco-del-programa-de-praderas-suplementarias\/#article\",\"isPartOf\":{\"@id\":\"https:\/\/www.mundoagropecuario.cl\/new\/familias-agricultoras-de-quemchi-reciben-fondos-indap-en-el-marco-del-programa-de-praderas-suplementarias\/\"},\"author\":{\"name\":\"periodista\",\"@id\":\"https:\/\/www.mundoagropecuario.cl\/new\/#\/schema\/person\/0c221050801c74e45256a7a9a1ff0803\"},\"headline\":\"Familias agricultoras de Quemchi reciben fondos INDAP en el marco del Programa de Praderas Suplementarias\",\"datePublished\":\"2019-04-02T05:21:31+00:00\",\"mainEntityOfPage\":{\"@id\":\"https:\/\/www.mundoagropecuario.cl\/new\/familias-agricultoras-de-quemchi-reciben-fondos-indap-en-el-marco-del-programa-de-praderas-suplementarias\/\"},\"wordCount\":338,\"publisher\":{\"@id\":\"https:\/\/www.mundoagropecuario.cl\/new\/#organization\"},\"image\":{\"@id\":\"https:\/\/www.mundoagropecuario.cl\/new\/familias-agricultoras-de-quemchi-reciben-fondos-indap-en-el-marco-del-programa-de-praderas-suplementarias\/#primaryimage\"},\"thumbnailUrl\":\"https:\/\/www.mundoagropecuario.cl\/new\/wp-content\/uploads\/2019\/04\/Quemchi-agricultores.jpg\",\"keywords\":[\"agricultores\",\"Ganaderos\",\"Prodesal\",\"Quemchi\"],\"articleSection\":[\"Instituciones\"],\"inLanguage\":\"es\"},{\"@type\":\"WebPage\",\"@id\":\"https:\/\/www.mundoagropecuario.cl\/new\/familias-agricultoras-de-quemchi-reciben-fondos-indap-en-el-marco-del-programa-de-praderas-suplementarias\/\",\"url\":\"https:\/\/www.mundoagropecuario.cl\/new\/familias-agricultoras-de-quemchi-reciben-fondos-indap-en-el-marco-del-programa-de-praderas-suplementarias\/\",\"name\":\"Familias agricultoras de Quemchi reciben fondos INDAP en el marco del Programa de Praderas Suplementarias - Mundoagropecuario\",\"isPartOf\":{\"@id\":\"https:\/\/www.mundoagropecuario.cl\/new\/#website\"},\"primaryImageOfPage\":{\"@id\":\"https:\/\/www.mundoagropecuario.cl\/new\/familias-agricultoras-de-quemchi-reciben-fondos-indap-en-el-marco-del-programa-de-praderas-suplementarias\/#primaryimage\"},\"image\":{\"@id\":\"https:\/\/www.mundoagropecuario.cl\/new\/familias-agricultoras-de-quemchi-reciben-fondos-indap-en-el-marco-del-programa-de-praderas-suplementarias\/#primaryimage\"},\"thumbnailUrl\":\"https:\/\/www.mundoagropecuario.cl\/new\/wp-content\/uploads\/2019\/04\/Quemchi-agricultores.jpg\",\"datePublished\":\"2019-04-02T05:21:31+00:00\",\"breadcrumb\":{\"@id\":\"https:\/\/www.mundoagropecuario.cl\/new\/familias-agricultoras-de-quemchi-reciben-fondos-indap-en-el-marco-del-programa-de-praderas-suplementarias\/#breadcrumb\"},\"inLanguage\":\"es\",\"potentialAction\":[{\"@type\":\"ReadAction\",\"target\":[\"https:\/\/www.mundoagropecuario.cl\/new\/familias-agricultoras-de-quemchi-reciben-fondos-indap-en-el-marco-del-programa-de-praderas-suplementarias\/\"]}]},{\"@type\":\"ImageObject\",\"inLanguage\":\"es\",\"@id\":\"https:\/\/www.mundoagropecuario.cl\/new\/familias-agricultoras-de-quemchi-reciben-fondos-indap-en-el-marco-del-programa-de-praderas-suplementarias\/#primaryimage\",\"url\":\"https:\/\/www.mundoagropecuario.cl\/new\/wp-content\/uploads\/2019\/04\/Quemchi-agricultores.jpg\",\"contentUrl\":\"https:\/\/www.mundoagropecuario.cl\/new\/wp-content\/uploads\/2019\/04\/Quemchi-agricultores.jpg\",\"width\":600,\"height\":400},{\"@type\":\"BreadcrumbList\",\"@id\":\"https:\/\/www.mundoagropecuario.cl\/new\/familias-agricultoras-de-quemchi-reciben-fondos-indap-en-el-marco-del-programa-de-praderas-suplementarias\/#breadcrumb\",\"itemListElement\":[{\"@type\":\"ListItem\",\"position\":1,\"name\":\"Portada\",\"item\":\"https:\/\/www.mundoagropecuario.cl\/new\/\"},{\"@type\":\"ListItem\",\"position\":2,\"name\":\"Familias agricultoras de Quemchi reciben fondos INDAP en el marco del Programa de Praderas Suplementarias\"}]},{\"@type\":\"WebSite\",\"@id\":\"https:\/\/www.mundoagropecuario.cl\/new\/#website\",\"url\":\"https:\/\/www.mundoagropecuario.cl\/new\/\",\"name\":\"Mundoagropecuario\",\"description\":\"Mundo Agropecuario\",\"publisher\":{\"@id\":\"https:\/\/www.mundoagropecuario.cl\/new\/#organization\"},\"potentialAction\":[{\"@type\":\"SearchAction\",\"target\":{\"@type\":\"EntryPoint\",\"urlTemplate\":\"https:\/\/www.mundoagropecuario.cl\/new\/?s={search_term_string}\"},\"query-input\":{\"@type\":\"PropertyValueSpecification\",\"valueRequired\":true,\"valueName\":\"search_term_string\"}}],\"inLanguage\":\"es\"},{\"@type\":\"Organization\",\"@id\":\"https:\/\/www.mundoagropecuario.cl\/new\/#organization\",\"name\":\"Revista de Agricultura\",\"url\":\"https:\/\/www.mundoagropecuario.cl\/new\/\",\"logo\":{\"@type\":\"ImageObject\",\"inLanguage\":\"es\",\"@id\":\"https:\/\/www.mundoagropecuario.cl\/new\/#\/schema\/logo\/image\/\",\"url\":\"https:\/\/www.mundoagropecuario.cl\/new\/wp-content\/uploads\/2020\/11\/PORTAL-1-1.png\",\"contentUrl\":\"https:\/\/www.mundoagropecuario.cl\/new\/wp-content\/uploads\/2020\/11\/PORTAL-1-1.png\",\"width\":1026,\"height\":100,\"caption\":\"Revista de Agricultura\"},\"image\":{\"@id\":\"https:\/\/www.mundoagropecuario.cl\/new\/#\/schema\/logo\/image\/\"},\"sameAs\":[\"https:\/\/www.facebook.com\/mundo.agropecuario.3\",\"https:\/\/x.com\/MundoAgropecuar\",\"https:\/\/www.linkedin.com\/in\/mundo-agropecuario-934009201\/\"]},{\"@type\":\"Person\",\"@id\":\"https:\/\/www.mundoagropecuario.cl\/new\/#\/schema\/person\/0c221050801c74e45256a7a9a1ff0803\",\"name\":\"periodista\",\"url\":\"https:\/\/www.mundoagropecuario.cl\/new\/author\/periodista\/\"}]}<\/script>\n<!-- \/ Yoast SEO plugin. -->","yoast_head_json":{"title":"Familias agricultoras de Quemchi reciben fondos INDAP en el marco del Programa de Praderas Suplementarias - Mundoagropecuario","robots":{"index":"index","follow":"follow","max-snippet":"max-snippet:-1","max-image-preview":"max-image-preview:large","max-video-preview":"max-video-preview:-1"},"canonical":"https:\/\/www.mundoagropecuario.cl\/new\/familias-agricultoras-de-quemchi-reciben-fondos-indap-en-el-marco-del-programa-de-praderas-suplementarias\/","og_locale":"es_ES","og_type":"article","og_title":"Familias agricultoras de Quemchi reciben fondos INDAP en el marco del Programa de Praderas Suplementarias - Mundoagropecuario","og_description":"Los productores ganaderos recibieron 29 millones de pesos con el fin de mantener su nivel productivo de cara al invierno (Mundo Agropecuario). El aporte fue destinado a los usuarios de...","og_url":"https:\/\/www.mundoagropecuario.cl\/new\/familias-agricultoras-de-quemchi-reciben-fondos-indap-en-el-marco-del-programa-de-praderas-suplementarias\/","og_site_name":"Mundoagropecuario","article_publisher":"https:\/\/www.facebook.com\/mundo.agropecuario.3","article_published_time":"2019-04-02T05:21:31+00:00","og_image":[{"width":1024,"height":683,"url":"https:\/\/www.mundoagropecuario.cl\/new\/wp-content\/uploads\/2019\/04\/Quemchi-agricultores.jpg","type":"image\/jpeg"}],"author":"periodista","twitter_card":"summary_large_image","twitter_creator":"@MundoAgropecuar","twitter_site":"@MundoAgropecuar","twitter_misc":{"Escrito por":"periodista","Tiempo de lectura":"2 minutos"},"schema":{"@context":"https:\/\/schema.org","@graph":[{"@type":"Article","@id":"https:\/\/www.mundoagropecuario.cl\/new\/familias-agricultoras-de-quemchi-reciben-fondos-indap-en-el-marco-del-programa-de-praderas-suplementarias\/#article","isPartOf":{"@id":"https:\/\/www.mundoagropecuario.cl\/new\/familias-agricultoras-de-quemchi-reciben-fondos-indap-en-el-marco-del-programa-de-praderas-suplementarias\/"},"author":{"name":"periodista","@id":"https:\/\/www.mundoagropecuario.cl\/new\/#\/schema\/person\/0c221050801c74e45256a7a9a1ff0803"},"headline":"Familias agricultoras de Quemchi reciben fondos INDAP en el marco del Programa de Praderas Suplementarias","datePublished":"2019-04-02T05:21:31+00:00","mainEntityOfPage":{"@id":"https:\/\/www.mundoagropecuario.cl\/new\/familias-agricultoras-de-quemchi-reciben-fondos-indap-en-el-marco-del-programa-de-praderas-suplementarias\/"},"wordCount":338,"publisher":{"@id":"https:\/\/www.mundoagropecuario.cl\/new\/#organization"},"image":{"@id":"https:\/\/www.mundoagropecuario.cl\/new\/familias-agricultoras-de-quemchi-reciben-fondos-indap-en-el-marco-del-programa-de-praderas-suplementarias\/#primaryimage"},"thumbnailUrl":"https:\/\/www.mundoagropecuario.cl\/new\/wp-content\/uploads\/2019\/04\/Quemchi-agricultores.jpg","keywords":["agricultores","Ganaderos","Prodesal","Quemchi"],"articleSection":["Instituciones"],"inLanguage":"es"},{"@type":"WebPage","@id":"https:\/\/www.mundoagropecuario.cl\/new\/familias-agricultoras-de-quemchi-reciben-fondos-indap-en-el-marco-del-programa-de-praderas-suplementarias\/","url":"https:\/\/www.mundoagropecuario.cl\/new\/familias-agricultoras-de-quemchi-reciben-fondos-indap-en-el-marco-del-programa-de-praderas-suplementarias\/","name":"Familias agricultoras de Quemchi reciben fondos INDAP en el marco del Programa de Praderas Suplementarias - Mundoagropecuario","isPartOf":{"@id":"https:\/\/www.mundoagropecuario.cl\/new\/#website"},"primaryImageOfPage":{"@id":"https:\/\/www.mundoagropecuario.cl\/new\/familias-agricultoras-de-quemchi-reciben-fondos-indap-en-el-marco-del-programa-de-praderas-suplementarias\/#primaryimage"},"image":{"@id":"https:\/\/www.mundoagropecuario.cl\/new\/familias-agricultoras-de-quemchi-reciben-fondos-indap-en-el-marco-del-programa-de-praderas-suplementarias\/#primaryimage"},"thumbnailUrl":"https:\/\/www.mundoagropecuario.cl\/new\/wp-content\/uploads\/2019\/04\/Quemchi-agricultores.jpg","datePublished":"2019-04-02T05:21:31+00:00","breadcrumb":{"@id":"https:\/\/www.mundoagropecuario.cl\/new\/familias-agricultoras-de-quemchi-reciben-fondos-indap-en-el-marco-del-programa-de-praderas-suplementarias\/#breadcrumb"},"inLanguage":"es","potentialAction":[{"@type":"ReadAction","target":["https:\/\/www.mundoagropecuario.cl\/new\/familias-agricultoras-de-quemchi-reciben-fondos-indap-en-el-marco-del-programa-de-praderas-suplementarias\/"]}]},{"@type":"ImageObject","inLanguage":"es","@id":"https:\/\/www.mundoagropecuario.cl\/new\/familias-agricultoras-de-quemchi-reciben-fondos-indap-en-el-marco-del-programa-de-praderas-suplementarias\/#primaryimage","url":"https:\/\/www.mundoagropecuario.cl\/new\/wp-content\/uploads\/2019\/04\/Quemchi-agricultores.jpg","contentUrl":"https:\/\/www.mundoagropecuario.cl\/new\/wp-content\/uploads\/2019\/04\/Quemchi-agricultores.jpg","width":600,"height":400},{"@type":"BreadcrumbList","@id":"https:\/\/www.mundoagropecuario.cl\/new\/familias-agricultoras-de-quemchi-reciben-fondos-indap-en-el-marco-del-programa-de-praderas-suplementarias\/#breadcrumb","itemListElement":[{"@type":"ListItem","position":1,"name":"Portada","item":"https:\/\/www.mundoagropecuario.cl\/new\/"},{"@type":"ListItem","position":2,"name":"Familias agricultoras de Quemchi reciben fondos INDAP en el marco del Programa de Praderas Suplementarias"}]},{"@type":"WebSite","@id":"https:\/\/www.mundoagropecuario.cl\/new\/#website","url":"https:\/\/www.mundoagropecuario.cl\/new\/","name":"Mundoagropecuario","description":"Mundo Agropecuario","publisher":{"@id":"https:\/\/www.mundoagropecuario.cl\/new\/#organization"},"potentialAction":[{"@type":"SearchAction","target":{"@type":"EntryPoint","urlTemplate":"https:\/\/www.mundoagropecuario.cl\/new\/?s={search_term_string}"},"query-input":{"@type":"PropertyValueSpecification","valueRequired":true,"valueName":"search_term_string"}}],"inLanguage":"es"},{"@type":"Organization","@id":"https:\/\/www.mundoagropecuario.cl\/new\/#organization","name":"Revista de Agricultura","url":"https:\/\/www.mundoagropecuario.cl\/new\/","logo":{"@type":"ImageObject","inLanguage":"es","@id":"https:\/\/www.mundoagropecuario.cl\/new\/#\/schema\/logo\/image\/","url":"https:\/\/www.mundoagropecuario.cl\/new\/wp-content\/uploads\/2020\/11\/PORTAL-1-1.png","contentUrl":"https:\/\/www.mundoagropecuario.cl\/new\/wp-content\/uploads\/2020\/11\/PORTAL-1-1.png","width":1026,"height":100,"caption":"Revista de Agricultura"},"image":{"@id":"https:\/\/www.mundoagropecuario.cl\/new\/#\/schema\/logo\/image\/"},"sameAs":["https:\/\/www.facebook.com\/mundo.agropecuario.3","https:\/\/x.com\/MundoAgropecuar","https:\/\/www.linkedin.com\/in\/mundo-agropecuario-934009201\/"]},{"@type":"Person","@id":"https:\/\/www.mundoagropecuario.cl\/new\/#\/schema\/person\/0c221050801c74e45256a7a9a1ff0803","name":"periodista","url":"https:\/\/www.mundoagropecuario.cl\/new\/author\/periodista\/"}]}},"_links":{"self":[{"href":"https:\/\/www.mundoagropecuario.cl\/new\/wp-json\/wp\/v2\/posts\/11246","targetHints":{"allow":["GET"]}}],"collection":[{"href":"https:\/\/www.mundoagropecuario.cl\/new\/wp-json\/wp\/v2\/posts"}],"about":[{"href":"https:\/\/www.mundoagropecuario.cl\/new\/wp-json\/wp\/v2\/types\/post"}],"author":[{"embeddable":true,"href":"https:\/\/www.mundoagropecuario.cl\/new\/wp-json\/wp\/v2\/users\/3"}],"replies":[{"embeddable":true,"href":"https:\/\/www.mundoagropecuario.cl\/new\/wp-json\/wp\/v2\/comments?post=11246"}],"version-history":[{"count":1,"href":"https:\/\/www.mundoagropecuario.cl\/new\/wp-json\/wp\/v2\/posts\/11246\/revisions"}],"predecessor-version":[{"id":11248,"href":"https:\/\/www.mundoagropecuario.cl\/new\/wp-json\/wp\/v2\/posts\/11246\/revisions\/11248"}],"wp:featuredmedia":[{"embeddable":true,"href":"https:\/\/www.mundoagropecuario.cl\/new\/wp-json\/wp\/v2\/media\/11247"}],"wp:attachment":[{"href":"https:\/\/www.mundoagropecuario.cl\/new\/wp-json\/wp\/v2\/media?parent=11246"}],"wp:term":[{"taxonomy":"category","embeddable":true,"href":"https:\/\/www.mundoagropecuario.cl\/new\/wp-json\/wp\/v2\/categories?post=11246"},{"taxonomy":"post_tag","embeddable":true,"href":"https:\/\/www.mundoagropecuario.cl\/new\/wp-json\/wp\/v2\/tags?post=11246"}],"curies":[{"name":"wp","href":"https:\/\/api.w.org\/{rel}","templated":true}]}}