{"id":11227,"date":"2019-04-01T01:28:19","date_gmt":"2019-04-01T04:28:19","guid":{"rendered":"http:\/\/www.mundoagropecuario.cl\/new\/?p=11227"},"modified":"2019-04-01T01:28:19","modified_gmt":"2019-04-01T04:28:19","slug":"cambio-climatico-obliga-a-productores-ganaderos-a-incorporar-nuevas-especies-forrajeras","status":"publish","type":"post","link":"https:\/\/www.mundoagropecuario.cl\/new\/cambio-climatico-obliga-a-productores-ganaderos-a-incorporar-nuevas-especies-forrajeras\/","title":{"rendered":"Cambio clim\u00e1tico obliga a productores ganaderos a incorporar nuevas especies forrajeras"},"content":{"rendered":"<blockquote><p><em>En seminario \u201cPraderas adaptadas al Cambio Clim\u00e1tico\u201d, organizado por el INIA Remehue con el apoyo de la empresa SG 2000, especialistas analizaron la importancia de utilizar distintas especies y variedades forrajeras (Mundo Agropecuario-INIA).<\/em><\/p><\/blockquote>\n<p>Bajo las actuales condiciones, los productores ganaderos est\u00e1n obligados a incorporar nuevas especies forrajeras que resistan mejor las altas temperaturas y el d\u00e9ficit h\u00eddrico. Esa fue la principal conclusi\u00f3n del seminario \u201cPraderas adaptadas al Cambio Clim\u00e1tico\u201d, organizado por el Instituto de Investigaciones Agropecuarias (INIA), con el apoyo de la empresa SG 2000.<\/p>\n<p>La subdirectora regional de I+D de INIA Remehue, Ivette Acu\u00f1a, se refiri\u00f3 a los estudios realizados por el INIA para evaluar el comportamiento de diferentes especies y tambi\u00e9n el desarrollo de variedades espec\u00edficas como el bromo P\u00f3ker-INIA.<\/p>\n<p>\u201cEl aumento de las temperaturas y el d\u00e9ficit h\u00eddrico han impuesto un nuevo desaf\u00edo para los productores ganaderos en el sur de Chile. Ante este escenario de Cambio Clim\u00e1tico, el INIA ha realizado estudios que han demostrado que hay especies como pasto ovillo, bromo, festulolium y festuca, que muestran una mayor producci\u00f3n de verano -en algunos casos m\u00e1s del doble- y un mejor grado de resistencia a algunas plagas, en comparaci\u00f3n con ballica perenne, la especie m\u00e1s utilizada en el sur de Chile. Adicionalmente, el INIA ha generado variedades adaptadas al cambio clim\u00e1tico como P\u00f3ker-INIA, una la mezcla forrajera derivada de las variedades Bronco-INIA y Bromino-INIA generadas en Chile en un trabajo realizado en INIA Carillanca\u201d, indic\u00f3.<\/p>\n<p>Fernando Ortega, mejorador gen\u00e9tico de forrajeras y actual Coordinador Nacional de Cultivos y Recursos Gen\u00e9ticos del INIA, destac\u00f3 las caracter\u00edsticas del bromo P\u00f3ker-INIA. \u201cEsta mezcla forrajera se caracteriza por su mayor rendimiento de forraje tanto en condiciones normales como de estr\u00e9s h\u00eddrico; una buena persistencia productiva, crecimiento relativamente uniforme a trav\u00e9s del a\u00f1o y resistencia al ataque de gusanos blancos y otros insectos del suelo.<\/p>\n<p>El experto dijo que esta mezcla debe ser pastoreada en forma intensa y frecuente y es ideal para sistemas de producci\u00f3n de carne bovina y ovina a pastoreo.<\/p>\n<p>Alfredo Torres, investigador de INIA Remehue, especialista en praderas y cultivos forrajeros, dio a conocer los resultados de los trabajos de investigaci\u00f3n realizados por el INIA. Explic\u00f3 que \u201cen los ensayos del proyecto Innova Corfo: Mejoramiento de la competitividad del sector l\u00e1cteo en el sur de Chile, mediante la b\u00fasqueda de germoplasma forrajero para \u00e9pocas cr\u00edticas, ejecutado por el INIA con el apoyo del Consorcio Lechero, Aproleche Osorno y productores de la zona, qued\u00f3 demostrada la importancia de incorporar otras especies en los sistemas productivos\u201d.<\/p>\n<p>A\u00f1adi\u00f3 que \u201cen todas las localidades, la balllica perenne tuvo menos rendimiento que las otras especies evaluadas. En Pelchuquin, en las cercan\u00edas de San Jos\u00e9 de la Mariquina, que fue la localidad que present\u00f3 un mayor d\u00e9ficit h\u00eddrico de los 5 predios evaluados, el bromo logr\u00f3 m\u00e1s que el doble del rendimiento de verano que el que se obtuvo con ballica. En esta localidad, caracterizada por los veranos secos, el bromo obtuvo un 133 por ciento m\u00e1s de forraje, medido en toneladas de materia seca por hect\u00e1rea, mientras que el pasto ovillo obtuvo un 100 por ciento, la festuca un 83 por ciento 5 y festulolium 50 por ciento m\u00e1s que la ballica perenne\u201d.<\/p>\n<p>De esta forma qued\u00f3 demostrado que la ballica no siempre es la mejor alternativa a la hora de elegir una especie forrajera en las diferentes zonas agroclim\u00e1ticas del sur de Chile.<\/p>\n<p>&nbsp;<\/p>\n<p>&nbsp;<\/p>\n<p>&nbsp;<\/p>\n","protected":false},"excerpt":{"rendered":"<p>En seminario \u201cPraderas adaptadas al Cambio Clim\u00e1tico\u201d, organizado por el INIA Remehue con el apoyo de la empresa SG 2000, especialistas analizaron la importancia de utilizar distintas especies y variedades&#8230;<\/p>\n","protected":false},"author":3,"featured_media":7125,"comment_status":"closed","ping_status":"closed","sticky":false,"template":"","format":"standard","meta":{"footnotes":""},"categories":[398],"tags":[2699,2052],"class_list":["post-11227","post","type-post","status-publish","format-standard","has-post-thumbnail","hentry","category-titular-1","tag-forraje","tag-inia"],"yoast_head":"<!-- This site is optimized with the Yoast SEO plugin v26.6 - https:\/\/yoast.com\/wordpress\/plugins\/seo\/ -->\n<title>Cambio clim\u00e1tico obliga a productores ganaderos a incorporar nuevas especies forrajeras - Mundoagropecuario<\/title>\n<meta name=\"robots\" content=\"index, follow, max-snippet:-1, max-image-preview:large, max-video-preview:-1\" \/>\n<link rel=\"canonical\" href=\"https:\/\/www.mundoagropecuario.cl\/new\/cambio-climatico-obliga-a-productores-ganaderos-a-incorporar-nuevas-especies-forrajeras\/\" \/>\n<meta property=\"og:locale\" content=\"es_ES\" \/>\n<meta property=\"og:type\" content=\"article\" \/>\n<meta property=\"og:title\" content=\"Cambio clim\u00e1tico obliga a productores ganaderos a incorporar nuevas especies forrajeras - Mundoagropecuario\" \/>\n<meta property=\"og:description\" content=\"En seminario \u201cPraderas adaptadas al Cambio Clim\u00e1tico\u201d, organizado por el INIA Remehue con el apoyo de la empresa SG 2000, especialistas analizaron la importancia de utilizar distintas especies y variedades...\" \/>\n<meta property=\"og:url\" content=\"https:\/\/www.mundoagropecuario.cl\/new\/cambio-climatico-obliga-a-productores-ganaderos-a-incorporar-nuevas-especies-forrajeras\/\" \/>\n<meta property=\"og:site_name\" content=\"Mundoagropecuario\" \/>\n<meta property=\"article:publisher\" content=\"https:\/\/www.facebook.com\/mundo.agropecuario.3\" \/>\n<meta property=\"article:published_time\" content=\"2019-04-01T04:28:19+00:00\" \/>\n<meta property=\"og:image\" content=\"https:\/\/www.mundoagropecuario.cl\/new\/wp-content\/uploads\/2018\/06\/ganado-Chile-2018-768x512.jpg\" \/>\n\t<meta property=\"og:image:width\" content=\"900\" \/>\n\t<meta property=\"og:image:height\" content=\"600\" \/>\n\t<meta property=\"og:image:type\" content=\"image\/jpeg\" \/>\n<meta name=\"author\" content=\"periodista\" \/>\n<meta name=\"twitter:card\" content=\"summary_large_image\" \/>\n<meta name=\"twitter:creator\" content=\"@MundoAgropecuar\" \/>\n<meta name=\"twitter:site\" content=\"@MundoAgropecuar\" \/>\n<meta name=\"twitter:label1\" content=\"Escrito por\" \/>\n\t<meta name=\"twitter:data1\" content=\"periodista\" \/>\n\t<meta name=\"twitter:label2\" content=\"Tiempo de lectura\" \/>\n\t<meta name=\"twitter:data2\" content=\"3 minutos\" \/>\n<script type=\"application\/ld+json\" class=\"yoast-schema-graph\">{\"@context\":\"https:\/\/schema.org\",\"@graph\":[{\"@type\":\"Article\",\"@id\":\"https:\/\/www.mundoagropecuario.cl\/new\/cambio-climatico-obliga-a-productores-ganaderos-a-incorporar-nuevas-especies-forrajeras\/#article\",\"isPartOf\":{\"@id\":\"https:\/\/www.mundoagropecuario.cl\/new\/cambio-climatico-obliga-a-productores-ganaderos-a-incorporar-nuevas-especies-forrajeras\/\"},\"author\":{\"name\":\"periodista\",\"@id\":\"https:\/\/www.mundoagropecuario.cl\/new\/#\/schema\/person\/0c221050801c74e45256a7a9a1ff0803\"},\"headline\":\"Cambio clim\u00e1tico obliga a productores ganaderos a incorporar nuevas especies forrajeras\",\"datePublished\":\"2019-04-01T04:28:19+00:00\",\"mainEntityOfPage\":{\"@id\":\"https:\/\/www.mundoagropecuario.cl\/new\/cambio-climatico-obliga-a-productores-ganaderos-a-incorporar-nuevas-especies-forrajeras\/\"},\"wordCount\":612,\"publisher\":{\"@id\":\"https:\/\/www.mundoagropecuario.cl\/new\/#organization\"},\"image\":{\"@id\":\"https:\/\/www.mundoagropecuario.cl\/new\/cambio-climatico-obliga-a-productores-ganaderos-a-incorporar-nuevas-especies-forrajeras\/#primaryimage\"},\"thumbnailUrl\":\"https:\/\/www.mundoagropecuario.cl\/new\/wp-content\/uploads\/2018\/06\/ganado-Chile-2018-768x512.jpg\",\"keywords\":[\"forraje\",\"INIA\"],\"articleSection\":[\"Titular 1\"],\"inLanguage\":\"es\"},{\"@type\":\"WebPage\",\"@id\":\"https:\/\/www.mundoagropecuario.cl\/new\/cambio-climatico-obliga-a-productores-ganaderos-a-incorporar-nuevas-especies-forrajeras\/\",\"url\":\"https:\/\/www.mundoagropecuario.cl\/new\/cambio-climatico-obliga-a-productores-ganaderos-a-incorporar-nuevas-especies-forrajeras\/\",\"name\":\"Cambio clim\u00e1tico obliga a productores ganaderos a incorporar nuevas especies forrajeras - Mundoagropecuario\",\"isPartOf\":{\"@id\":\"https:\/\/www.mundoagropecuario.cl\/new\/#website\"},\"primaryImageOfPage\":{\"@id\":\"https:\/\/www.mundoagropecuario.cl\/new\/cambio-climatico-obliga-a-productores-ganaderos-a-incorporar-nuevas-especies-forrajeras\/#primaryimage\"},\"image\":{\"@id\":\"https:\/\/www.mundoagropecuario.cl\/new\/cambio-climatico-obliga-a-productores-ganaderos-a-incorporar-nuevas-especies-forrajeras\/#primaryimage\"},\"thumbnailUrl\":\"https:\/\/www.mundoagropecuario.cl\/new\/wp-content\/uploads\/2018\/06\/ganado-Chile-2018-768x512.jpg\",\"datePublished\":\"2019-04-01T04:28:19+00:00\",\"breadcrumb\":{\"@id\":\"https:\/\/www.mundoagropecuario.cl\/new\/cambio-climatico-obliga-a-productores-ganaderos-a-incorporar-nuevas-especies-forrajeras\/#breadcrumb\"},\"inLanguage\":\"es\",\"potentialAction\":[{\"@type\":\"ReadAction\",\"target\":[\"https:\/\/www.mundoagropecuario.cl\/new\/cambio-climatico-obliga-a-productores-ganaderos-a-incorporar-nuevas-especies-forrajeras\/\"]}]},{\"@type\":\"ImageObject\",\"inLanguage\":\"es\",\"@id\":\"https:\/\/www.mundoagropecuario.cl\/new\/cambio-climatico-obliga-a-productores-ganaderos-a-incorporar-nuevas-especies-forrajeras\/#primaryimage\",\"url\":\"https:\/\/www.mundoagropecuario.cl\/new\/wp-content\/uploads\/2018\/06\/ganado-Chile-2018-768x512.jpg\",\"contentUrl\":\"https:\/\/www.mundoagropecuario.cl\/new\/wp-content\/uploads\/2018\/06\/ganado-Chile-2018-768x512.jpg\",\"width\":600,\"height\":400},{\"@type\":\"BreadcrumbList\",\"@id\":\"https:\/\/www.mundoagropecuario.cl\/new\/cambio-climatico-obliga-a-productores-ganaderos-a-incorporar-nuevas-especies-forrajeras\/#breadcrumb\",\"itemListElement\":[{\"@type\":\"ListItem\",\"position\":1,\"name\":\"Portada\",\"item\":\"https:\/\/www.mundoagropecuario.cl\/new\/\"},{\"@type\":\"ListItem\",\"position\":2,\"name\":\"Cambio clim\u00e1tico obliga a productores ganaderos a incorporar nuevas especies forrajeras\"}]},{\"@type\":\"WebSite\",\"@id\":\"https:\/\/www.mundoagropecuario.cl\/new\/#website\",\"url\":\"https:\/\/www.mundoagropecuario.cl\/new\/\",\"name\":\"Mundoagropecuario\",\"description\":\"Mundo Agropecuario\",\"publisher\":{\"@id\":\"https:\/\/www.mundoagropecuario.cl\/new\/#organization\"},\"potentialAction\":[{\"@type\":\"SearchAction\",\"target\":{\"@type\":\"EntryPoint\",\"urlTemplate\":\"https:\/\/www.mundoagropecuario.cl\/new\/?s={search_term_string}\"},\"query-input\":{\"@type\":\"PropertyValueSpecification\",\"valueRequired\":true,\"valueName\":\"search_term_string\"}}],\"inLanguage\":\"es\"},{\"@type\":\"Organization\",\"@id\":\"https:\/\/www.mundoagropecuario.cl\/new\/#organization\",\"name\":\"Revista de Agricultura\",\"url\":\"https:\/\/www.mundoagropecuario.cl\/new\/\",\"logo\":{\"@type\":\"ImageObject\",\"inLanguage\":\"es\",\"@id\":\"https:\/\/www.mundoagropecuario.cl\/new\/#\/schema\/logo\/image\/\",\"url\":\"https:\/\/www.mundoagropecuario.cl\/new\/wp-content\/uploads\/2020\/11\/PORTAL-1-1.png\",\"contentUrl\":\"https:\/\/www.mundoagropecuario.cl\/new\/wp-content\/uploads\/2020\/11\/PORTAL-1-1.png\",\"width\":1026,\"height\":100,\"caption\":\"Revista de Agricultura\"},\"image\":{\"@id\":\"https:\/\/www.mundoagropecuario.cl\/new\/#\/schema\/logo\/image\/\"},\"sameAs\":[\"https:\/\/www.facebook.com\/mundo.agropecuario.3\",\"https:\/\/x.com\/MundoAgropecuar\",\"https:\/\/www.linkedin.com\/in\/mundo-agropecuario-934009201\/\"]},{\"@type\":\"Person\",\"@id\":\"https:\/\/www.mundoagropecuario.cl\/new\/#\/schema\/person\/0c221050801c74e45256a7a9a1ff0803\",\"name\":\"periodista\",\"url\":\"https:\/\/www.mundoagropecuario.cl\/new\/author\/periodista\/\"}]}<\/script>\n<!-- \/ Yoast SEO plugin. -->","yoast_head_json":{"title":"Cambio clim\u00e1tico obliga a productores ganaderos a incorporar nuevas especies forrajeras - Mundoagropecuario","robots":{"index":"index","follow":"follow","max-snippet":"max-snippet:-1","max-image-preview":"max-image-preview:large","max-video-preview":"max-video-preview:-1"},"canonical":"https:\/\/www.mundoagropecuario.cl\/new\/cambio-climatico-obliga-a-productores-ganaderos-a-incorporar-nuevas-especies-forrajeras\/","og_locale":"es_ES","og_type":"article","og_title":"Cambio clim\u00e1tico obliga a productores ganaderos a incorporar nuevas especies forrajeras - Mundoagropecuario","og_description":"En seminario \u201cPraderas adaptadas al Cambio Clim\u00e1tico\u201d, organizado por el INIA Remehue con el apoyo de la empresa SG 2000, especialistas analizaron la importancia de utilizar distintas especies y variedades...","og_url":"https:\/\/www.mundoagropecuario.cl\/new\/cambio-climatico-obliga-a-productores-ganaderos-a-incorporar-nuevas-especies-forrajeras\/","og_site_name":"Mundoagropecuario","article_publisher":"https:\/\/www.facebook.com\/mundo.agropecuario.3","article_published_time":"2019-04-01T04:28:19+00:00","og_image":[{"width":900,"height":600,"url":"https:\/\/www.mundoagropecuario.cl\/new\/wp-content\/uploads\/2018\/06\/ganado-Chile-2018-768x512.jpg","type":"image\/jpeg"}],"author":"periodista","twitter_card":"summary_large_image","twitter_creator":"@MundoAgropecuar","twitter_site":"@MundoAgropecuar","twitter_misc":{"Escrito por":"periodista","Tiempo de lectura":"3 minutos"},"schema":{"@context":"https:\/\/schema.org","@graph":[{"@type":"Article","@id":"https:\/\/www.mundoagropecuario.cl\/new\/cambio-climatico-obliga-a-productores-ganaderos-a-incorporar-nuevas-especies-forrajeras\/#article","isPartOf":{"@id":"https:\/\/www.mundoagropecuario.cl\/new\/cambio-climatico-obliga-a-productores-ganaderos-a-incorporar-nuevas-especies-forrajeras\/"},"author":{"name":"periodista","@id":"https:\/\/www.mundoagropecuario.cl\/new\/#\/schema\/person\/0c221050801c74e45256a7a9a1ff0803"},"headline":"Cambio clim\u00e1tico obliga a productores ganaderos a incorporar nuevas especies forrajeras","datePublished":"2019-04-01T04:28:19+00:00","mainEntityOfPage":{"@id":"https:\/\/www.mundoagropecuario.cl\/new\/cambio-climatico-obliga-a-productores-ganaderos-a-incorporar-nuevas-especies-forrajeras\/"},"wordCount":612,"publisher":{"@id":"https:\/\/www.mundoagropecuario.cl\/new\/#organization"},"image":{"@id":"https:\/\/www.mundoagropecuario.cl\/new\/cambio-climatico-obliga-a-productores-ganaderos-a-incorporar-nuevas-especies-forrajeras\/#primaryimage"},"thumbnailUrl":"https:\/\/www.mundoagropecuario.cl\/new\/wp-content\/uploads\/2018\/06\/ganado-Chile-2018-768x512.jpg","keywords":["forraje","INIA"],"articleSection":["Titular 1"],"inLanguage":"es"},{"@type":"WebPage","@id":"https:\/\/www.mundoagropecuario.cl\/new\/cambio-climatico-obliga-a-productores-ganaderos-a-incorporar-nuevas-especies-forrajeras\/","url":"https:\/\/www.mundoagropecuario.cl\/new\/cambio-climatico-obliga-a-productores-ganaderos-a-incorporar-nuevas-especies-forrajeras\/","name":"Cambio clim\u00e1tico obliga a productores ganaderos a incorporar nuevas especies forrajeras - Mundoagropecuario","isPartOf":{"@id":"https:\/\/www.mundoagropecuario.cl\/new\/#website"},"primaryImageOfPage":{"@id":"https:\/\/www.mundoagropecuario.cl\/new\/cambio-climatico-obliga-a-productores-ganaderos-a-incorporar-nuevas-especies-forrajeras\/#primaryimage"},"image":{"@id":"https:\/\/www.mundoagropecuario.cl\/new\/cambio-climatico-obliga-a-productores-ganaderos-a-incorporar-nuevas-especies-forrajeras\/#primaryimage"},"thumbnailUrl":"https:\/\/www.mundoagropecuario.cl\/new\/wp-content\/uploads\/2018\/06\/ganado-Chile-2018-768x512.jpg","datePublished":"2019-04-01T04:28:19+00:00","breadcrumb":{"@id":"https:\/\/www.mundoagropecuario.cl\/new\/cambio-climatico-obliga-a-productores-ganaderos-a-incorporar-nuevas-especies-forrajeras\/#breadcrumb"},"inLanguage":"es","potentialAction":[{"@type":"ReadAction","target":["https:\/\/www.mundoagropecuario.cl\/new\/cambio-climatico-obliga-a-productores-ganaderos-a-incorporar-nuevas-especies-forrajeras\/"]}]},{"@type":"ImageObject","inLanguage":"es","@id":"https:\/\/www.mundoagropecuario.cl\/new\/cambio-climatico-obliga-a-productores-ganaderos-a-incorporar-nuevas-especies-forrajeras\/#primaryimage","url":"https:\/\/www.mundoagropecuario.cl\/new\/wp-content\/uploads\/2018\/06\/ganado-Chile-2018-768x512.jpg","contentUrl":"https:\/\/www.mundoagropecuario.cl\/new\/wp-content\/uploads\/2018\/06\/ganado-Chile-2018-768x512.jpg","width":600,"height":400},{"@type":"BreadcrumbList","@id":"https:\/\/www.mundoagropecuario.cl\/new\/cambio-climatico-obliga-a-productores-ganaderos-a-incorporar-nuevas-especies-forrajeras\/#breadcrumb","itemListElement":[{"@type":"ListItem","position":1,"name":"Portada","item":"https:\/\/www.mundoagropecuario.cl\/new\/"},{"@type":"ListItem","position":2,"name":"Cambio clim\u00e1tico obliga a productores ganaderos a incorporar nuevas especies forrajeras"}]},{"@type":"WebSite","@id":"https:\/\/www.mundoagropecuario.cl\/new\/#website","url":"https:\/\/www.mundoagropecuario.cl\/new\/","name":"Mundoagropecuario","description":"Mundo Agropecuario","publisher":{"@id":"https:\/\/www.mundoagropecuario.cl\/new\/#organization"},"potentialAction":[{"@type":"SearchAction","target":{"@type":"EntryPoint","urlTemplate":"https:\/\/www.mundoagropecuario.cl\/new\/?s={search_term_string}"},"query-input":{"@type":"PropertyValueSpecification","valueRequired":true,"valueName":"search_term_string"}}],"inLanguage":"es"},{"@type":"Organization","@id":"https:\/\/www.mundoagropecuario.cl\/new\/#organization","name":"Revista de Agricultura","url":"https:\/\/www.mundoagropecuario.cl\/new\/","logo":{"@type":"ImageObject","inLanguage":"es","@id":"https:\/\/www.mundoagropecuario.cl\/new\/#\/schema\/logo\/image\/","url":"https:\/\/www.mundoagropecuario.cl\/new\/wp-content\/uploads\/2020\/11\/PORTAL-1-1.png","contentUrl":"https:\/\/www.mundoagropecuario.cl\/new\/wp-content\/uploads\/2020\/11\/PORTAL-1-1.png","width":1026,"height":100,"caption":"Revista de Agricultura"},"image":{"@id":"https:\/\/www.mundoagropecuario.cl\/new\/#\/schema\/logo\/image\/"},"sameAs":["https:\/\/www.facebook.com\/mundo.agropecuario.3","https:\/\/x.com\/MundoAgropecuar","https:\/\/www.linkedin.com\/in\/mundo-agropecuario-934009201\/"]},{"@type":"Person","@id":"https:\/\/www.mundoagropecuario.cl\/new\/#\/schema\/person\/0c221050801c74e45256a7a9a1ff0803","name":"periodista","url":"https:\/\/www.mundoagropecuario.cl\/new\/author\/periodista\/"}]}},"_links":{"self":[{"href":"https:\/\/www.mundoagropecuario.cl\/new\/wp-json\/wp\/v2\/posts\/11227","targetHints":{"allow":["GET"]}}],"collection":[{"href":"https:\/\/www.mundoagropecuario.cl\/new\/wp-json\/wp\/v2\/posts"}],"about":[{"href":"https:\/\/www.mundoagropecuario.cl\/new\/wp-json\/wp\/v2\/types\/post"}],"author":[{"embeddable":true,"href":"https:\/\/www.mundoagropecuario.cl\/new\/wp-json\/wp\/v2\/users\/3"}],"replies":[{"embeddable":true,"href":"https:\/\/www.mundoagropecuario.cl\/new\/wp-json\/wp\/v2\/comments?post=11227"}],"version-history":[{"count":1,"href":"https:\/\/www.mundoagropecuario.cl\/new\/wp-json\/wp\/v2\/posts\/11227\/revisions"}],"predecessor-version":[{"id":11228,"href":"https:\/\/www.mundoagropecuario.cl\/new\/wp-json\/wp\/v2\/posts\/11227\/revisions\/11228"}],"wp:featuredmedia":[{"embeddable":true,"href":"https:\/\/www.mundoagropecuario.cl\/new\/wp-json\/wp\/v2\/media\/7125"}],"wp:attachment":[{"href":"https:\/\/www.mundoagropecuario.cl\/new\/wp-json\/wp\/v2\/media?parent=11227"}],"wp:term":[{"taxonomy":"category","embeddable":true,"href":"https:\/\/www.mundoagropecuario.cl\/new\/wp-json\/wp\/v2\/categories?post=11227"},{"taxonomy":"post_tag","embeddable":true,"href":"https:\/\/www.mundoagropecuario.cl\/new\/wp-json\/wp\/v2\/tags?post=11227"}],"curies":[{"name":"wp","href":"https:\/\/api.w.org\/{rel}","templated":true}]}}