{"id":11194,"date":"2019-03-28T01:04:10","date_gmt":"2019-03-28T04:04:10","guid":{"rendered":"http:\/\/www.mundoagropecuario.cl\/new\/?p=11194"},"modified":"2019-03-28T01:04:10","modified_gmt":"2019-03-28T04:04:10","slug":"realizan-interesante-charla-sobre-tuberculosis-bovina-y-diagnostico-de-enfermedades-abortivas","status":"publish","type":"post","link":"https:\/\/www.mundoagropecuario.cl\/new\/realizan-interesante-charla-sobre-tuberculosis-bovina-y-diagnostico-de-enfermedades-abortivas\/","title":{"rendered":"Realizan interesante charla sobre tuberculosis bovina y diagn\u00f3stico de enfermedades abortivas"},"content":{"rendered":"<blockquote>\n<p style=\"text-align: left;\"><em>Charla trat\u00f3 espec\u00edficamente lo que se refiere a la prevenci\u00f3n y diagn\u00f3stico temprano de las enfermedades m\u00e1s comunes que se presentan en bovinos (Mundo Agropecuario).<\/em><\/p>\n<\/blockquote>\n<p>En la sala de reuniones del Laboratorio Diagn\u00f3stico Veterinario de Cooprinsem se realiz\u00f3 una charla t\u00e9cnica en la que se abordaron temas relacionados al manejo sanitario y reproductivo eficiente del ganado vacuno, espec\u00edficamente en lo que se refiere a la prevenci\u00f3n y diagn\u00f3stico temprano de las enfermedades m\u00e1s comunes que se presentan en bovinos.<\/p>\n<p>Esta cita convoc\u00f3 a m\u00e9dicos veterinarios, asesores prediales y profesionales del \u00e1rea agr\u00edcola, quienes profundizaron sobre la importancia del uso de pruebas de medici\u00f3n de la liberaci\u00f3n de interfer\u00f3n-gamma (IFN-g) en la vigilancia epidemiol\u00f3gica de la tuberculosis bovina. Asimismo, los asistentes ahondaron sobre los m\u00e9todos de mayor especificidad para demostrar las infecciones abortivas en ganader\u00eda, como los son las pruebas moleculares e inmunoenzim\u00e1ticas Elisa (ensayo por inmunoabsorci\u00f3n ligado a enzimas) y PCR (Reacci\u00f3n en Cadena de la Polimerasa).<\/p>\n<p>Fue el M\u00e9dico Veterinario de la Universidad de La Salle, Colombia, David Forero C., el encargado de abordar estas tem\u00e1ticas junto a los cerca de veinte asistentes. En su alocuci\u00f3n, el Gerente T\u00e9cnico para Latinoam\u00e9rica de ID-Vet y experto en t\u00e9cnicas diagn\u00f3sticas de Elisa y PCR, explic\u00f3 que la tuberculosis bovina es una enfermedad de distribuci\u00f3n mundial, producida por el bacilo del Mycobacterium bovis. Presenta con mayor incidencia en los pa\u00edses en v\u00edas de desarrollo, donde crea problemas de salud p\u00fablica y de tipo econ\u00f3mico por la capacidad del agente causal de producir enfermedad en los humanos (zoonosis) y en animales. El profesional explic\u00f3 que actualmente el diagn\u00f3stico se basa en la prueba tubercul\u00ednica, mientras que a nivel de laboratorio se lleva a cabo la confirmaci\u00f3n mediante pruebas bioqu\u00edmicas para la tipificaci\u00f3n del agente.<\/p>\n<p>Respecto a la actividad, la Bernardita Le\u00f3n V., Jefe Laboratorio de Diagn\u00f3stico Veterinario de Cooprinsem, explic\u00f3 que el objetivo central de la actividad fue actualizar conocimientos en torno a los sistemas de control y erradicaci\u00f3n de esta enfermedad en bovinos por el impacto econ\u00f3mico y sanitario que ellas generan en la ganader\u00eda. \u201cComo Cooperativa estamos conscientes de lo generan la aparici\u00f3n de estos cuadros en el ganado, del impacto en la eficiencia de los sistemas productivos y en la industria del sector pecuario, provocando importantes p\u00e9rdidas en la producci\u00f3n de carne y de leche\u201d, explic\u00f3 la M\u00e9dico Veterinario.<\/p>\n<p>Sobre la audiencia, la profesional indic\u00f3, \u201choy convocamos a profesionales que participan en la ejecuci\u00f3n de las pruebas de campo de diagn\u00f3stico de la tuberculosis bovina, a quienes intervienen en el an\u00e1lisis y diagn\u00f3stico a nivel de laboratorio, y a expertos en t\u00e9cnicas diagn\u00f3sticas. La idea es que, a trav\u00e9s del di\u00e1logo y el intercambio de experiencias, generemos nuevas competencias en torno al diagn\u00f3stico de las principales enfermedades reproductivas de origen infeccioso que generan aborto o dificultades para lograr el nacimiento de una cr\u00eda viable en hembras bovinas\u201d, dijo Bernardita Le\u00f3n.<\/p>\n<p>La Jefe de Laboratorio de Diagn\u00f3stico Veterinario de Cooprinsem se\u00f1al\u00f3 adem\u00e1s que desde 1998 el laboratorio de la Cooperativa cuenta con acreditaci\u00f3n del SAG Tipo II, para el diagn\u00f3stico de brucelosis bovina. \u201cEn Chile fuimos pioneros en la incorporaci\u00f3n del test de Elisa para la detecci\u00f3n de enfermedades en bovinos. Esto nos ha dado reconocimiento internacional, a trav\u00e9s del Servicio Veterinario del Departamento de Agricultura de los Estados Unidos, para el diagn\u00f3stico de paratuberculosis bovina a trav\u00e9s de esta t\u00e9cnica\u201d, se\u00f1al\u00f3.<\/p>\n<p>&nbsp;<\/p>\n<p>&nbsp;<\/p>\n<p>&nbsp;<\/p>\n","protected":false},"excerpt":{"rendered":"<p>Charla trat\u00f3 espec\u00edficamente lo que se refiere a la prevenci\u00f3n y diagn\u00f3stico temprano de las enfermedades m\u00e1s comunes que se presentan en bovinos (Mundo Agropecuario). En la sala de reuniones&#8230;<\/p>\n","protected":false},"author":3,"featured_media":8276,"comment_status":"closed","ping_status":"closed","sticky":false,"template":"","format":"standard","meta":{"footnotes":""},"categories":[398],"tags":[2724,2261,2194],"class_list":["post-11194","post","type-post","status-publish","format-standard","has-post-thumbnail","hentry","category-titular-1","tag-bovinos","tag-cooprinsem","tag-tuberculosis-bovina"],"yoast_head":"<!-- This site is optimized with the Yoast SEO plugin v26.6 - https:\/\/yoast.com\/wordpress\/plugins\/seo\/ -->\n<title>Realizan interesante charla sobre tuberculosis bovina y diagn\u00f3stico de enfermedades abortivas - Mundoagropecuario<\/title>\n<meta name=\"robots\" content=\"index, follow, max-snippet:-1, max-image-preview:large, max-video-preview:-1\" \/>\n<link rel=\"canonical\" href=\"https:\/\/www.mundoagropecuario.cl\/new\/realizan-interesante-charla-sobre-tuberculosis-bovina-y-diagnostico-de-enfermedades-abortivas\/\" \/>\n<meta property=\"og:locale\" content=\"es_ES\" \/>\n<meta property=\"og:type\" content=\"article\" \/>\n<meta property=\"og:title\" content=\"Realizan interesante charla sobre tuberculosis bovina y diagn\u00f3stico de enfermedades abortivas - Mundoagropecuario\" \/>\n<meta property=\"og:description\" content=\"Charla trat\u00f3 espec\u00edficamente lo que se refiere a la prevenci\u00f3n y diagn\u00f3stico temprano de las enfermedades m\u00e1s comunes que se presentan en bovinos (Mundo Agropecuario). En la sala de reuniones...\" \/>\n<meta property=\"og:url\" content=\"https:\/\/www.mundoagropecuario.cl\/new\/realizan-interesante-charla-sobre-tuberculosis-bovina-y-diagnostico-de-enfermedades-abortivas\/\" \/>\n<meta property=\"og:site_name\" content=\"Mundoagropecuario\" \/>\n<meta property=\"article:publisher\" content=\"https:\/\/www.facebook.com\/mundo.agropecuario.3\" \/>\n<meta property=\"article:published_time\" content=\"2019-03-28T04:04:10+00:00\" \/>\n<meta property=\"og:image\" content=\"https:\/\/www.mundoagropecuario.cl\/new\/wp-content\/uploads\/2018\/08\/bovinos.jpg\" \/>\n\t<meta property=\"og:image:width\" content=\"900\" \/>\n\t<meta property=\"og:image:height\" content=\"675\" \/>\n\t<meta property=\"og:image:type\" content=\"image\/jpeg\" \/>\n<meta name=\"author\" content=\"periodista\" \/>\n<meta name=\"twitter:card\" content=\"summary_large_image\" \/>\n<meta name=\"twitter:creator\" content=\"@MundoAgropecuar\" \/>\n<meta name=\"twitter:site\" content=\"@MundoAgropecuar\" \/>\n<meta name=\"twitter:label1\" content=\"Escrito por\" \/>\n\t<meta name=\"twitter:data1\" content=\"periodista\" \/>\n\t<meta name=\"twitter:label2\" content=\"Tiempo de lectura\" \/>\n\t<meta name=\"twitter:data2\" content=\"3 minutos\" \/>\n<script type=\"application\/ld+json\" class=\"yoast-schema-graph\">{\"@context\":\"https:\/\/schema.org\",\"@graph\":[{\"@type\":\"Article\",\"@id\":\"https:\/\/www.mundoagropecuario.cl\/new\/realizan-interesante-charla-sobre-tuberculosis-bovina-y-diagnostico-de-enfermedades-abortivas\/#article\",\"isPartOf\":{\"@id\":\"https:\/\/www.mundoagropecuario.cl\/new\/realizan-interesante-charla-sobre-tuberculosis-bovina-y-diagnostico-de-enfermedades-abortivas\/\"},\"author\":{\"name\":\"periodista\",\"@id\":\"https:\/\/www.mundoagropecuario.cl\/new\/#\/schema\/person\/0c221050801c74e45256a7a9a1ff0803\"},\"headline\":\"Realizan interesante charla sobre tuberculosis bovina y diagn\u00f3stico de enfermedades abortivas\",\"datePublished\":\"2019-03-28T04:04:10+00:00\",\"mainEntityOfPage\":{\"@id\":\"https:\/\/www.mundoagropecuario.cl\/new\/realizan-interesante-charla-sobre-tuberculosis-bovina-y-diagnostico-de-enfermedades-abortivas\/\"},\"wordCount\":645,\"publisher\":{\"@id\":\"https:\/\/www.mundoagropecuario.cl\/new\/#organization\"},\"image\":{\"@id\":\"https:\/\/www.mundoagropecuario.cl\/new\/realizan-interesante-charla-sobre-tuberculosis-bovina-y-diagnostico-de-enfermedades-abortivas\/#primaryimage\"},\"thumbnailUrl\":\"https:\/\/www.mundoagropecuario.cl\/new\/wp-content\/uploads\/2018\/08\/bovinos.jpg\",\"keywords\":[\"bovinos\",\"Cooprinsem\",\"Tuberculosis bovina\"],\"articleSection\":[\"Titular 1\"],\"inLanguage\":\"es\"},{\"@type\":\"WebPage\",\"@id\":\"https:\/\/www.mundoagropecuario.cl\/new\/realizan-interesante-charla-sobre-tuberculosis-bovina-y-diagnostico-de-enfermedades-abortivas\/\",\"url\":\"https:\/\/www.mundoagropecuario.cl\/new\/realizan-interesante-charla-sobre-tuberculosis-bovina-y-diagnostico-de-enfermedades-abortivas\/\",\"name\":\"Realizan interesante charla sobre tuberculosis bovina y diagn\u00f3stico de enfermedades abortivas - Mundoagropecuario\",\"isPartOf\":{\"@id\":\"https:\/\/www.mundoagropecuario.cl\/new\/#website\"},\"primaryImageOfPage\":{\"@id\":\"https:\/\/www.mundoagropecuario.cl\/new\/realizan-interesante-charla-sobre-tuberculosis-bovina-y-diagnostico-de-enfermedades-abortivas\/#primaryimage\"},\"image\":{\"@id\":\"https:\/\/www.mundoagropecuario.cl\/new\/realizan-interesante-charla-sobre-tuberculosis-bovina-y-diagnostico-de-enfermedades-abortivas\/#primaryimage\"},\"thumbnailUrl\":\"https:\/\/www.mundoagropecuario.cl\/new\/wp-content\/uploads\/2018\/08\/bovinos.jpg\",\"datePublished\":\"2019-03-28T04:04:10+00:00\",\"breadcrumb\":{\"@id\":\"https:\/\/www.mundoagropecuario.cl\/new\/realizan-interesante-charla-sobre-tuberculosis-bovina-y-diagnostico-de-enfermedades-abortivas\/#breadcrumb\"},\"inLanguage\":\"es\",\"potentialAction\":[{\"@type\":\"ReadAction\",\"target\":[\"https:\/\/www.mundoagropecuario.cl\/new\/realizan-interesante-charla-sobre-tuberculosis-bovina-y-diagnostico-de-enfermedades-abortivas\/\"]}]},{\"@type\":\"ImageObject\",\"inLanguage\":\"es\",\"@id\":\"https:\/\/www.mundoagropecuario.cl\/new\/realizan-interesante-charla-sobre-tuberculosis-bovina-y-diagnostico-de-enfermedades-abortivas\/#primaryimage\",\"url\":\"https:\/\/www.mundoagropecuario.cl\/new\/wp-content\/uploads\/2018\/08\/bovinos.jpg\",\"contentUrl\":\"https:\/\/www.mundoagropecuario.cl\/new\/wp-content\/uploads\/2018\/08\/bovinos.jpg\",\"width\":533,\"height\":400},{\"@type\":\"BreadcrumbList\",\"@id\":\"https:\/\/www.mundoagropecuario.cl\/new\/realizan-interesante-charla-sobre-tuberculosis-bovina-y-diagnostico-de-enfermedades-abortivas\/#breadcrumb\",\"itemListElement\":[{\"@type\":\"ListItem\",\"position\":1,\"name\":\"Portada\",\"item\":\"https:\/\/www.mundoagropecuario.cl\/new\/\"},{\"@type\":\"ListItem\",\"position\":2,\"name\":\"Realizan interesante charla sobre tuberculosis bovina y diagn\u00f3stico de enfermedades abortivas\"}]},{\"@type\":\"WebSite\",\"@id\":\"https:\/\/www.mundoagropecuario.cl\/new\/#website\",\"url\":\"https:\/\/www.mundoagropecuario.cl\/new\/\",\"name\":\"Mundoagropecuario\",\"description\":\"Mundo Agropecuario\",\"publisher\":{\"@id\":\"https:\/\/www.mundoagropecuario.cl\/new\/#organization\"},\"potentialAction\":[{\"@type\":\"SearchAction\",\"target\":{\"@type\":\"EntryPoint\",\"urlTemplate\":\"https:\/\/www.mundoagropecuario.cl\/new\/?s={search_term_string}\"},\"query-input\":{\"@type\":\"PropertyValueSpecification\",\"valueRequired\":true,\"valueName\":\"search_term_string\"}}],\"inLanguage\":\"es\"},{\"@type\":\"Organization\",\"@id\":\"https:\/\/www.mundoagropecuario.cl\/new\/#organization\",\"name\":\"Revista de Agricultura\",\"url\":\"https:\/\/www.mundoagropecuario.cl\/new\/\",\"logo\":{\"@type\":\"ImageObject\",\"inLanguage\":\"es\",\"@id\":\"https:\/\/www.mundoagropecuario.cl\/new\/#\/schema\/logo\/image\/\",\"url\":\"https:\/\/www.mundoagropecuario.cl\/new\/wp-content\/uploads\/2020\/11\/PORTAL-1-1.png\",\"contentUrl\":\"https:\/\/www.mundoagropecuario.cl\/new\/wp-content\/uploads\/2020\/11\/PORTAL-1-1.png\",\"width\":1026,\"height\":100,\"caption\":\"Revista de Agricultura\"},\"image\":{\"@id\":\"https:\/\/www.mundoagropecuario.cl\/new\/#\/schema\/logo\/image\/\"},\"sameAs\":[\"https:\/\/www.facebook.com\/mundo.agropecuario.3\",\"https:\/\/x.com\/MundoAgropecuar\",\"https:\/\/www.linkedin.com\/in\/mundo-agropecuario-934009201\/\"]},{\"@type\":\"Person\",\"@id\":\"https:\/\/www.mundoagropecuario.cl\/new\/#\/schema\/person\/0c221050801c74e45256a7a9a1ff0803\",\"name\":\"periodista\",\"url\":\"https:\/\/www.mundoagropecuario.cl\/new\/author\/periodista\/\"}]}<\/script>\n<!-- \/ Yoast SEO plugin. -->","yoast_head_json":{"title":"Realizan interesante charla sobre tuberculosis bovina y diagn\u00f3stico de enfermedades abortivas - Mundoagropecuario","robots":{"index":"index","follow":"follow","max-snippet":"max-snippet:-1","max-image-preview":"max-image-preview:large","max-video-preview":"max-video-preview:-1"},"canonical":"https:\/\/www.mundoagropecuario.cl\/new\/realizan-interesante-charla-sobre-tuberculosis-bovina-y-diagnostico-de-enfermedades-abortivas\/","og_locale":"es_ES","og_type":"article","og_title":"Realizan interesante charla sobre tuberculosis bovina y diagn\u00f3stico de enfermedades abortivas - Mundoagropecuario","og_description":"Charla trat\u00f3 espec\u00edficamente lo que se refiere a la prevenci\u00f3n y diagn\u00f3stico temprano de las enfermedades m\u00e1s comunes que se presentan en bovinos (Mundo Agropecuario). En la sala de reuniones...","og_url":"https:\/\/www.mundoagropecuario.cl\/new\/realizan-interesante-charla-sobre-tuberculosis-bovina-y-diagnostico-de-enfermedades-abortivas\/","og_site_name":"Mundoagropecuario","article_publisher":"https:\/\/www.facebook.com\/mundo.agropecuario.3","article_published_time":"2019-03-28T04:04:10+00:00","og_image":[{"width":900,"height":675,"url":"https:\/\/www.mundoagropecuario.cl\/new\/wp-content\/uploads\/2018\/08\/bovinos.jpg","type":"image\/jpeg"}],"author":"periodista","twitter_card":"summary_large_image","twitter_creator":"@MundoAgropecuar","twitter_site":"@MundoAgropecuar","twitter_misc":{"Escrito por":"periodista","Tiempo de lectura":"3 minutos"},"schema":{"@context":"https:\/\/schema.org","@graph":[{"@type":"Article","@id":"https:\/\/www.mundoagropecuario.cl\/new\/realizan-interesante-charla-sobre-tuberculosis-bovina-y-diagnostico-de-enfermedades-abortivas\/#article","isPartOf":{"@id":"https:\/\/www.mundoagropecuario.cl\/new\/realizan-interesante-charla-sobre-tuberculosis-bovina-y-diagnostico-de-enfermedades-abortivas\/"},"author":{"name":"periodista","@id":"https:\/\/www.mundoagropecuario.cl\/new\/#\/schema\/person\/0c221050801c74e45256a7a9a1ff0803"},"headline":"Realizan interesante charla sobre tuberculosis bovina y diagn\u00f3stico de enfermedades abortivas","datePublished":"2019-03-28T04:04:10+00:00","mainEntityOfPage":{"@id":"https:\/\/www.mundoagropecuario.cl\/new\/realizan-interesante-charla-sobre-tuberculosis-bovina-y-diagnostico-de-enfermedades-abortivas\/"},"wordCount":645,"publisher":{"@id":"https:\/\/www.mundoagropecuario.cl\/new\/#organization"},"image":{"@id":"https:\/\/www.mundoagropecuario.cl\/new\/realizan-interesante-charla-sobre-tuberculosis-bovina-y-diagnostico-de-enfermedades-abortivas\/#primaryimage"},"thumbnailUrl":"https:\/\/www.mundoagropecuario.cl\/new\/wp-content\/uploads\/2018\/08\/bovinos.jpg","keywords":["bovinos","Cooprinsem","Tuberculosis bovina"],"articleSection":["Titular 1"],"inLanguage":"es"},{"@type":"WebPage","@id":"https:\/\/www.mundoagropecuario.cl\/new\/realizan-interesante-charla-sobre-tuberculosis-bovina-y-diagnostico-de-enfermedades-abortivas\/","url":"https:\/\/www.mundoagropecuario.cl\/new\/realizan-interesante-charla-sobre-tuberculosis-bovina-y-diagnostico-de-enfermedades-abortivas\/","name":"Realizan interesante charla sobre tuberculosis bovina y diagn\u00f3stico de enfermedades abortivas - Mundoagropecuario","isPartOf":{"@id":"https:\/\/www.mundoagropecuario.cl\/new\/#website"},"primaryImageOfPage":{"@id":"https:\/\/www.mundoagropecuario.cl\/new\/realizan-interesante-charla-sobre-tuberculosis-bovina-y-diagnostico-de-enfermedades-abortivas\/#primaryimage"},"image":{"@id":"https:\/\/www.mundoagropecuario.cl\/new\/realizan-interesante-charla-sobre-tuberculosis-bovina-y-diagnostico-de-enfermedades-abortivas\/#primaryimage"},"thumbnailUrl":"https:\/\/www.mundoagropecuario.cl\/new\/wp-content\/uploads\/2018\/08\/bovinos.jpg","datePublished":"2019-03-28T04:04:10+00:00","breadcrumb":{"@id":"https:\/\/www.mundoagropecuario.cl\/new\/realizan-interesante-charla-sobre-tuberculosis-bovina-y-diagnostico-de-enfermedades-abortivas\/#breadcrumb"},"inLanguage":"es","potentialAction":[{"@type":"ReadAction","target":["https:\/\/www.mundoagropecuario.cl\/new\/realizan-interesante-charla-sobre-tuberculosis-bovina-y-diagnostico-de-enfermedades-abortivas\/"]}]},{"@type":"ImageObject","inLanguage":"es","@id":"https:\/\/www.mundoagropecuario.cl\/new\/realizan-interesante-charla-sobre-tuberculosis-bovina-y-diagnostico-de-enfermedades-abortivas\/#primaryimage","url":"https:\/\/www.mundoagropecuario.cl\/new\/wp-content\/uploads\/2018\/08\/bovinos.jpg","contentUrl":"https:\/\/www.mundoagropecuario.cl\/new\/wp-content\/uploads\/2018\/08\/bovinos.jpg","width":533,"height":400},{"@type":"BreadcrumbList","@id":"https:\/\/www.mundoagropecuario.cl\/new\/realizan-interesante-charla-sobre-tuberculosis-bovina-y-diagnostico-de-enfermedades-abortivas\/#breadcrumb","itemListElement":[{"@type":"ListItem","position":1,"name":"Portada","item":"https:\/\/www.mundoagropecuario.cl\/new\/"},{"@type":"ListItem","position":2,"name":"Realizan interesante charla sobre tuberculosis bovina y diagn\u00f3stico de enfermedades abortivas"}]},{"@type":"WebSite","@id":"https:\/\/www.mundoagropecuario.cl\/new\/#website","url":"https:\/\/www.mundoagropecuario.cl\/new\/","name":"Mundoagropecuario","description":"Mundo Agropecuario","publisher":{"@id":"https:\/\/www.mundoagropecuario.cl\/new\/#organization"},"potentialAction":[{"@type":"SearchAction","target":{"@type":"EntryPoint","urlTemplate":"https:\/\/www.mundoagropecuario.cl\/new\/?s={search_term_string}"},"query-input":{"@type":"PropertyValueSpecification","valueRequired":true,"valueName":"search_term_string"}}],"inLanguage":"es"},{"@type":"Organization","@id":"https:\/\/www.mundoagropecuario.cl\/new\/#organization","name":"Revista de Agricultura","url":"https:\/\/www.mundoagropecuario.cl\/new\/","logo":{"@type":"ImageObject","inLanguage":"es","@id":"https:\/\/www.mundoagropecuario.cl\/new\/#\/schema\/logo\/image\/","url":"https:\/\/www.mundoagropecuario.cl\/new\/wp-content\/uploads\/2020\/11\/PORTAL-1-1.png","contentUrl":"https:\/\/www.mundoagropecuario.cl\/new\/wp-content\/uploads\/2020\/11\/PORTAL-1-1.png","width":1026,"height":100,"caption":"Revista de Agricultura"},"image":{"@id":"https:\/\/www.mundoagropecuario.cl\/new\/#\/schema\/logo\/image\/"},"sameAs":["https:\/\/www.facebook.com\/mundo.agropecuario.3","https:\/\/x.com\/MundoAgropecuar","https:\/\/www.linkedin.com\/in\/mundo-agropecuario-934009201\/"]},{"@type":"Person","@id":"https:\/\/www.mundoagropecuario.cl\/new\/#\/schema\/person\/0c221050801c74e45256a7a9a1ff0803","name":"periodista","url":"https:\/\/www.mundoagropecuario.cl\/new\/author\/periodista\/"}]}},"_links":{"self":[{"href":"https:\/\/www.mundoagropecuario.cl\/new\/wp-json\/wp\/v2\/posts\/11194","targetHints":{"allow":["GET"]}}],"collection":[{"href":"https:\/\/www.mundoagropecuario.cl\/new\/wp-json\/wp\/v2\/posts"}],"about":[{"href":"https:\/\/www.mundoagropecuario.cl\/new\/wp-json\/wp\/v2\/types\/post"}],"author":[{"embeddable":true,"href":"https:\/\/www.mundoagropecuario.cl\/new\/wp-json\/wp\/v2\/users\/3"}],"replies":[{"embeddable":true,"href":"https:\/\/www.mundoagropecuario.cl\/new\/wp-json\/wp\/v2\/comments?post=11194"}],"version-history":[{"count":1,"href":"https:\/\/www.mundoagropecuario.cl\/new\/wp-json\/wp\/v2\/posts\/11194\/revisions"}],"predecessor-version":[{"id":11195,"href":"https:\/\/www.mundoagropecuario.cl\/new\/wp-json\/wp\/v2\/posts\/11194\/revisions\/11195"}],"wp:featuredmedia":[{"embeddable":true,"href":"https:\/\/www.mundoagropecuario.cl\/new\/wp-json\/wp\/v2\/media\/8276"}],"wp:attachment":[{"href":"https:\/\/www.mundoagropecuario.cl\/new\/wp-json\/wp\/v2\/media?parent=11194"}],"wp:term":[{"taxonomy":"category","embeddable":true,"href":"https:\/\/www.mundoagropecuario.cl\/new\/wp-json\/wp\/v2\/categories?post=11194"},{"taxonomy":"post_tag","embeddable":true,"href":"https:\/\/www.mundoagropecuario.cl\/new\/wp-json\/wp\/v2\/tags?post=11194"}],"curies":[{"name":"wp","href":"https:\/\/api.w.org\/{rel}","templated":true}]}}