{"id":11188,"date":"2019-03-28T00:59:58","date_gmt":"2019-03-28T03:59:58","guid":{"rendered":"http:\/\/www.mundoagropecuario.cl\/new\/?p=11188"},"modified":"2019-03-28T00:59:58","modified_gmt":"2019-03-28T03:59:58","slug":"el-bid-y-el-iica-ponen-en-marcha-una-agenda-de-trabajo-conjunta-para-el-sector-agropecuario","status":"publish","type":"post","link":"https:\/\/www.mundoagropecuario.cl\/new\/el-bid-y-el-iica-ponen-en-marcha-una-agenda-de-trabajo-conjunta-para-el-sector-agropecuario\/","title":{"rendered":"El BID y el IICA ponen en marcha una agenda de trabajo conjunta para el sector agropecuario"},"content":{"rendered":"<blockquote><p><em>Se enfocar\u00e1 en sanidad e inocuidad, bioeconom\u00eda, desarrollo rural y edici\u00f3n g\u00e9nica. Fue acordada por una delegaci\u00f3n del BID encabezada por Pedro Martel, jefe de la Divisi\u00f3n de Medio Ambiente, Desarrollo Rural y Administraci\u00f3n de Riesgos por Desastres, y un equipo liderado por el Director General del IICA, Manuel Otero (Mundo Agropecuario).<\/em><\/p><\/blockquote>\n<p>Altos funcionarios del Banco Interamericano de Desarrollo (BID) y el Instituto Interamericano de Cooperaci\u00f3n para la Agricultura (IICA), reunidos en Costa Rica, definieron la puesta en marcha de una agenda conjunta de trabajo para el sector agropecuario, que estar\u00e1 enfocada en sanidad e inocuidad, bioeconom\u00eda, desarrollo rural y edici\u00f3n g\u00e9nica.<\/p>\n<p>La agenda de trabajo fue acordada por una delegaci\u00f3n del BID encabezada por Pedro Martel, Jefe de la Divisi\u00f3n de Medio Ambiente, Desarrollo Rural y Administraci\u00f3n de Riesgos por Desastres de la instituci\u00f3n crediticia multilateral, y un equipo de trabajo liderado por el Director General del IICA, Manuel Otero.<\/p>\n<p>\u201cLo que hemos definido es una agenda de trabajo a futuro para ir profundizando en temas como desarrollo de la ruralidad, bioeconom\u00eda -que creo que es central para la regi\u00f3n- y manejo de recursos naturales, y sostenibilidad ambiental. Tambi\u00e9n sanidad agropecuaria, al igual que los temas de desarrollo rural y cambio clim\u00e1tico. Son asuntos centrales para nosotros como banco y coinciden con la agenda de trabajo y de cooperaci\u00f3n t\u00e9cnica que tiene el IICA en la regi\u00f3n. Fue una reuni\u00f3n sumamente fruct\u00edfera\u201d, dijo Martel al t\u00e9rmino del encuentro.<\/p>\n<p>En la reuni\u00f3n, funcionarios del IICA detallaron a la delegaci\u00f3n del BID, integrada tambi\u00e9n por el Representante en Costa Rica, Fidel Jaramillo, y por Juan Manuel Murgu\u00eda, Especialista Senior en Recursos Naturales, sus proyectos y programas de trabajo.<\/p>\n<p>El BID tiene una cartera de proyectos en ejecuci\u00f3n para el sector agropecuario que involucran recursos por m\u00e1s de 1.300 millones de d\u00f3lares en 15 pa\u00edses del continente americano.<\/p>\n<p>La entidad multilateral, siempre en el rubro relacionado con agricultura y ganader\u00eda, se enfoca en el apoyo a la agricultura familiar, est\u00edmulo a la productividad, gesti\u00f3n de riesgos de desastres y manejo de recursos naturales.<\/p>\n<p>\u201cEl BID y el IICA forman parte del sistema interamericano. Son instituciones hermanas con mandatos espec\u00edficos y complementarios. El IICA desde la cooperaci\u00f3n t\u00e9cnica para la agricultura y el BID para financiar acciones en favor del desarrollo sostenible. A partir de esta cercan\u00eda lo que hicimos fue identificar una hoja de ruta com\u00fan con temas y modalidades de cooperaci\u00f3n\u201d, dijo el Director General del IICA.<\/p>\n<p>\u201cLa construcci\u00f3n de la relaci\u00f3n BID-IICA tiene que estar abonada por acciones tanto a nivel hemisf\u00e9rico, como por temas regionales y por acciones de las agendas nacionales\u201d, agreg\u00f3 Otero.<\/p>\n<p>Martel coincidi\u00f3, indicando que \u201cel IICA es una instituci\u00f3n hermana en el tema de desarrollo agropecuario de la regi\u00f3n. Nuestros temas centrales coinciden con la agenda de trabajo y de cooperaci\u00f3n t\u00e9cnica que tiene el IICA en la regi\u00f3n. Entonces las posibilidades de trabajo conjunto se intensifican a partir de este encuentro\u201d.<\/p>\n<p>El funcionario del BID, adem\u00e1s, destac\u00f3 el inter\u00e9s de la instituci\u00f3n en el tema de edici\u00f3n g\u00e9nica. \u201cEs un tema que es relevante hoy y va a ser relevante para adelante. El banco est\u00e1 muy interesado en conocer los temas regulatorios y de marco normativo alrededor de esto. El IICA tiene un conocimiento t\u00e9cnico que nos favorece y vamos a poder trabajar juntos\u201d, concluy\u00f3.<\/p>\n<p>El BID y el IICA monitorear\u00e1n los avances de la agenda a trav\u00e9s de encuentros regulares. El IICA es el organismo internacional especializado en agricultura del Sistema Interamericano, cuya misi\u00f3n es estimular, promover y apoyar los esfuerzos de sus 34 Estados Miembros para lograr el desarrollo agr\u00edcola y el bienestar rural por medio de la cooperaci\u00f3n t\u00e9cnica internacional de excelencia.<\/p>\n<p>&nbsp;<\/p>\n<p>&nbsp;<\/p>\n<p>&nbsp;<\/p>\n","protected":false},"excerpt":{"rendered":"<p>Se enfocar\u00e1 en sanidad e inocuidad, bioeconom\u00eda, desarrollo rural y edici\u00f3n g\u00e9nica. Fue acordada por una delegaci\u00f3n del BID encabezada por Pedro Martel, jefe de la Divisi\u00f3n de Medio Ambiente,&#8230;<\/p>\n","protected":false},"author":3,"featured_media":11189,"comment_status":"closed","ping_status":"closed","sticky":false,"template":"","format":"standard","meta":{"footnotes":""},"categories":[405],"tags":[3457,3015],"class_list":["post-11188","post","type-post","status-publish","format-standard","has-post-thumbnail","hentry","category-titular-3","tag-bid","tag-iica"],"yoast_head":"<!-- This site is optimized with the Yoast SEO plugin v26.6 - https:\/\/yoast.com\/wordpress\/plugins\/seo\/ -->\n<title>El BID y el IICA ponen en marcha una agenda de trabajo conjunta para el sector agropecuario - Mundoagropecuario<\/title>\n<meta name=\"robots\" content=\"index, follow, max-snippet:-1, max-image-preview:large, max-video-preview:-1\" \/>\n<link rel=\"canonical\" href=\"https:\/\/www.mundoagropecuario.cl\/new\/el-bid-y-el-iica-ponen-en-marcha-una-agenda-de-trabajo-conjunta-para-el-sector-agropecuario\/\" \/>\n<meta property=\"og:locale\" content=\"es_ES\" \/>\n<meta property=\"og:type\" content=\"article\" \/>\n<meta property=\"og:title\" content=\"El BID y el IICA ponen en marcha una agenda de trabajo conjunta para el sector agropecuario - Mundoagropecuario\" \/>\n<meta property=\"og:description\" content=\"Se enfocar\u00e1 en sanidad e inocuidad, bioeconom\u00eda, desarrollo rural y edici\u00f3n g\u00e9nica. Fue acordada por una delegaci\u00f3n del BID encabezada por Pedro Martel, jefe de la Divisi\u00f3n de Medio Ambiente,...\" \/>\n<meta property=\"og:url\" content=\"https:\/\/www.mundoagropecuario.cl\/new\/el-bid-y-el-iica-ponen-en-marcha-una-agenda-de-trabajo-conjunta-para-el-sector-agropecuario\/\" \/>\n<meta property=\"og:site_name\" content=\"Mundoagropecuario\" \/>\n<meta property=\"article:publisher\" content=\"https:\/\/www.facebook.com\/mundo.agropecuario.3\" \/>\n<meta property=\"article:published_time\" content=\"2019-03-28T03:59:58+00:00\" \/>\n<meta property=\"og:image\" content=\"https:\/\/www.mundoagropecuario.cl\/new\/wp-content\/uploads\/2019\/03\/IICA.jpg\" \/>\n\t<meta property=\"og:image:width\" content=\"1024\" \/>\n\t<meta property=\"og:image:height\" content=\"683\" \/>\n\t<meta property=\"og:image:type\" content=\"image\/jpeg\" \/>\n<meta name=\"author\" content=\"periodista\" \/>\n<meta name=\"twitter:card\" content=\"summary_large_image\" \/>\n<meta name=\"twitter:creator\" content=\"@MundoAgropecuar\" \/>\n<meta name=\"twitter:site\" content=\"@MundoAgropecuar\" \/>\n<meta name=\"twitter:label1\" content=\"Escrito por\" \/>\n\t<meta name=\"twitter:data1\" content=\"periodista\" \/>\n\t<meta name=\"twitter:label2\" content=\"Tiempo de lectura\" \/>\n\t<meta name=\"twitter:data2\" content=\"3 minutos\" \/>\n<script type=\"application\/ld+json\" class=\"yoast-schema-graph\">{\"@context\":\"https:\/\/schema.org\",\"@graph\":[{\"@type\":\"Article\",\"@id\":\"https:\/\/www.mundoagropecuario.cl\/new\/el-bid-y-el-iica-ponen-en-marcha-una-agenda-de-trabajo-conjunta-para-el-sector-agropecuario\/#article\",\"isPartOf\":{\"@id\":\"https:\/\/www.mundoagropecuario.cl\/new\/el-bid-y-el-iica-ponen-en-marcha-una-agenda-de-trabajo-conjunta-para-el-sector-agropecuario\/\"},\"author\":{\"name\":\"periodista\",\"@id\":\"https:\/\/www.mundoagropecuario.cl\/new\/#\/schema\/person\/0c221050801c74e45256a7a9a1ff0803\"},\"headline\":\"El BID y el IICA ponen en marcha una agenda de trabajo conjunta para el sector agropecuario\",\"datePublished\":\"2019-03-28T03:59:58+00:00\",\"mainEntityOfPage\":{\"@id\":\"https:\/\/www.mundoagropecuario.cl\/new\/el-bid-y-el-iica-ponen-en-marcha-una-agenda-de-trabajo-conjunta-para-el-sector-agropecuario\/\"},\"wordCount\":689,\"publisher\":{\"@id\":\"https:\/\/www.mundoagropecuario.cl\/new\/#organization\"},\"image\":{\"@id\":\"https:\/\/www.mundoagropecuario.cl\/new\/el-bid-y-el-iica-ponen-en-marcha-una-agenda-de-trabajo-conjunta-para-el-sector-agropecuario\/#primaryimage\"},\"thumbnailUrl\":\"https:\/\/www.mundoagropecuario.cl\/new\/wp-content\/uploads\/2019\/03\/IICA.jpg\",\"keywords\":[\"BID\",\"IICA\"],\"articleSection\":[\"Titular 3\"],\"inLanguage\":\"es\"},{\"@type\":\"WebPage\",\"@id\":\"https:\/\/www.mundoagropecuario.cl\/new\/el-bid-y-el-iica-ponen-en-marcha-una-agenda-de-trabajo-conjunta-para-el-sector-agropecuario\/\",\"url\":\"https:\/\/www.mundoagropecuario.cl\/new\/el-bid-y-el-iica-ponen-en-marcha-una-agenda-de-trabajo-conjunta-para-el-sector-agropecuario\/\",\"name\":\"El BID y el IICA ponen en marcha una agenda de trabajo conjunta para el sector agropecuario - Mundoagropecuario\",\"isPartOf\":{\"@id\":\"https:\/\/www.mundoagropecuario.cl\/new\/#website\"},\"primaryImageOfPage\":{\"@id\":\"https:\/\/www.mundoagropecuario.cl\/new\/el-bid-y-el-iica-ponen-en-marcha-una-agenda-de-trabajo-conjunta-para-el-sector-agropecuario\/#primaryimage\"},\"image\":{\"@id\":\"https:\/\/www.mundoagropecuario.cl\/new\/el-bid-y-el-iica-ponen-en-marcha-una-agenda-de-trabajo-conjunta-para-el-sector-agropecuario\/#primaryimage\"},\"thumbnailUrl\":\"https:\/\/www.mundoagropecuario.cl\/new\/wp-content\/uploads\/2019\/03\/IICA.jpg\",\"datePublished\":\"2019-03-28T03:59:58+00:00\",\"breadcrumb\":{\"@id\":\"https:\/\/www.mundoagropecuario.cl\/new\/el-bid-y-el-iica-ponen-en-marcha-una-agenda-de-trabajo-conjunta-para-el-sector-agropecuario\/#breadcrumb\"},\"inLanguage\":\"es\",\"potentialAction\":[{\"@type\":\"ReadAction\",\"target\":[\"https:\/\/www.mundoagropecuario.cl\/new\/el-bid-y-el-iica-ponen-en-marcha-una-agenda-de-trabajo-conjunta-para-el-sector-agropecuario\/\"]}]},{\"@type\":\"ImageObject\",\"inLanguage\":\"es\",\"@id\":\"https:\/\/www.mundoagropecuario.cl\/new\/el-bid-y-el-iica-ponen-en-marcha-una-agenda-de-trabajo-conjunta-para-el-sector-agropecuario\/#primaryimage\",\"url\":\"https:\/\/www.mundoagropecuario.cl\/new\/wp-content\/uploads\/2019\/03\/IICA.jpg\",\"contentUrl\":\"https:\/\/www.mundoagropecuario.cl\/new\/wp-content\/uploads\/2019\/03\/IICA.jpg\",\"width\":600,\"height\":400},{\"@type\":\"BreadcrumbList\",\"@id\":\"https:\/\/www.mundoagropecuario.cl\/new\/el-bid-y-el-iica-ponen-en-marcha-una-agenda-de-trabajo-conjunta-para-el-sector-agropecuario\/#breadcrumb\",\"itemListElement\":[{\"@type\":\"ListItem\",\"position\":1,\"name\":\"Portada\",\"item\":\"https:\/\/www.mundoagropecuario.cl\/new\/\"},{\"@type\":\"ListItem\",\"position\":2,\"name\":\"El BID y el IICA ponen en marcha una agenda de trabajo conjunta para el sector agropecuario\"}]},{\"@type\":\"WebSite\",\"@id\":\"https:\/\/www.mundoagropecuario.cl\/new\/#website\",\"url\":\"https:\/\/www.mundoagropecuario.cl\/new\/\",\"name\":\"Mundoagropecuario\",\"description\":\"Mundo Agropecuario\",\"publisher\":{\"@id\":\"https:\/\/www.mundoagropecuario.cl\/new\/#organization\"},\"potentialAction\":[{\"@type\":\"SearchAction\",\"target\":{\"@type\":\"EntryPoint\",\"urlTemplate\":\"https:\/\/www.mundoagropecuario.cl\/new\/?s={search_term_string}\"},\"query-input\":{\"@type\":\"PropertyValueSpecification\",\"valueRequired\":true,\"valueName\":\"search_term_string\"}}],\"inLanguage\":\"es\"},{\"@type\":\"Organization\",\"@id\":\"https:\/\/www.mundoagropecuario.cl\/new\/#organization\",\"name\":\"Revista de Agricultura\",\"url\":\"https:\/\/www.mundoagropecuario.cl\/new\/\",\"logo\":{\"@type\":\"ImageObject\",\"inLanguage\":\"es\",\"@id\":\"https:\/\/www.mundoagropecuario.cl\/new\/#\/schema\/logo\/image\/\",\"url\":\"https:\/\/www.mundoagropecuario.cl\/new\/wp-content\/uploads\/2020\/11\/PORTAL-1-1.png\",\"contentUrl\":\"https:\/\/www.mundoagropecuario.cl\/new\/wp-content\/uploads\/2020\/11\/PORTAL-1-1.png\",\"width\":1026,\"height\":100,\"caption\":\"Revista de Agricultura\"},\"image\":{\"@id\":\"https:\/\/www.mundoagropecuario.cl\/new\/#\/schema\/logo\/image\/\"},\"sameAs\":[\"https:\/\/www.facebook.com\/mundo.agropecuario.3\",\"https:\/\/x.com\/MundoAgropecuar\",\"https:\/\/www.linkedin.com\/in\/mundo-agropecuario-934009201\/\"]},{\"@type\":\"Person\",\"@id\":\"https:\/\/www.mundoagropecuario.cl\/new\/#\/schema\/person\/0c221050801c74e45256a7a9a1ff0803\",\"name\":\"periodista\",\"url\":\"https:\/\/www.mundoagropecuario.cl\/new\/author\/periodista\/\"}]}<\/script>\n<!-- \/ Yoast SEO plugin. -->","yoast_head_json":{"title":"El BID y el IICA ponen en marcha una agenda de trabajo conjunta para el sector agropecuario - Mundoagropecuario","robots":{"index":"index","follow":"follow","max-snippet":"max-snippet:-1","max-image-preview":"max-image-preview:large","max-video-preview":"max-video-preview:-1"},"canonical":"https:\/\/www.mundoagropecuario.cl\/new\/el-bid-y-el-iica-ponen-en-marcha-una-agenda-de-trabajo-conjunta-para-el-sector-agropecuario\/","og_locale":"es_ES","og_type":"article","og_title":"El BID y el IICA ponen en marcha una agenda de trabajo conjunta para el sector agropecuario - Mundoagropecuario","og_description":"Se enfocar\u00e1 en sanidad e inocuidad, bioeconom\u00eda, desarrollo rural y edici\u00f3n g\u00e9nica. Fue acordada por una delegaci\u00f3n del BID encabezada por Pedro Martel, jefe de la Divisi\u00f3n de Medio Ambiente,...","og_url":"https:\/\/www.mundoagropecuario.cl\/new\/el-bid-y-el-iica-ponen-en-marcha-una-agenda-de-trabajo-conjunta-para-el-sector-agropecuario\/","og_site_name":"Mundoagropecuario","article_publisher":"https:\/\/www.facebook.com\/mundo.agropecuario.3","article_published_time":"2019-03-28T03:59:58+00:00","og_image":[{"width":1024,"height":683,"url":"https:\/\/www.mundoagropecuario.cl\/new\/wp-content\/uploads\/2019\/03\/IICA.jpg","type":"image\/jpeg"}],"author":"periodista","twitter_card":"summary_large_image","twitter_creator":"@MundoAgropecuar","twitter_site":"@MundoAgropecuar","twitter_misc":{"Escrito por":"periodista","Tiempo de lectura":"3 minutos"},"schema":{"@context":"https:\/\/schema.org","@graph":[{"@type":"Article","@id":"https:\/\/www.mundoagropecuario.cl\/new\/el-bid-y-el-iica-ponen-en-marcha-una-agenda-de-trabajo-conjunta-para-el-sector-agropecuario\/#article","isPartOf":{"@id":"https:\/\/www.mundoagropecuario.cl\/new\/el-bid-y-el-iica-ponen-en-marcha-una-agenda-de-trabajo-conjunta-para-el-sector-agropecuario\/"},"author":{"name":"periodista","@id":"https:\/\/www.mundoagropecuario.cl\/new\/#\/schema\/person\/0c221050801c74e45256a7a9a1ff0803"},"headline":"El BID y el IICA ponen en marcha una agenda de trabajo conjunta para el sector agropecuario","datePublished":"2019-03-28T03:59:58+00:00","mainEntityOfPage":{"@id":"https:\/\/www.mundoagropecuario.cl\/new\/el-bid-y-el-iica-ponen-en-marcha-una-agenda-de-trabajo-conjunta-para-el-sector-agropecuario\/"},"wordCount":689,"publisher":{"@id":"https:\/\/www.mundoagropecuario.cl\/new\/#organization"},"image":{"@id":"https:\/\/www.mundoagropecuario.cl\/new\/el-bid-y-el-iica-ponen-en-marcha-una-agenda-de-trabajo-conjunta-para-el-sector-agropecuario\/#primaryimage"},"thumbnailUrl":"https:\/\/www.mundoagropecuario.cl\/new\/wp-content\/uploads\/2019\/03\/IICA.jpg","keywords":["BID","IICA"],"articleSection":["Titular 3"],"inLanguage":"es"},{"@type":"WebPage","@id":"https:\/\/www.mundoagropecuario.cl\/new\/el-bid-y-el-iica-ponen-en-marcha-una-agenda-de-trabajo-conjunta-para-el-sector-agropecuario\/","url":"https:\/\/www.mundoagropecuario.cl\/new\/el-bid-y-el-iica-ponen-en-marcha-una-agenda-de-trabajo-conjunta-para-el-sector-agropecuario\/","name":"El BID y el IICA ponen en marcha una agenda de trabajo conjunta para el sector agropecuario - Mundoagropecuario","isPartOf":{"@id":"https:\/\/www.mundoagropecuario.cl\/new\/#website"},"primaryImageOfPage":{"@id":"https:\/\/www.mundoagropecuario.cl\/new\/el-bid-y-el-iica-ponen-en-marcha-una-agenda-de-trabajo-conjunta-para-el-sector-agropecuario\/#primaryimage"},"image":{"@id":"https:\/\/www.mundoagropecuario.cl\/new\/el-bid-y-el-iica-ponen-en-marcha-una-agenda-de-trabajo-conjunta-para-el-sector-agropecuario\/#primaryimage"},"thumbnailUrl":"https:\/\/www.mundoagropecuario.cl\/new\/wp-content\/uploads\/2019\/03\/IICA.jpg","datePublished":"2019-03-28T03:59:58+00:00","breadcrumb":{"@id":"https:\/\/www.mundoagropecuario.cl\/new\/el-bid-y-el-iica-ponen-en-marcha-una-agenda-de-trabajo-conjunta-para-el-sector-agropecuario\/#breadcrumb"},"inLanguage":"es","potentialAction":[{"@type":"ReadAction","target":["https:\/\/www.mundoagropecuario.cl\/new\/el-bid-y-el-iica-ponen-en-marcha-una-agenda-de-trabajo-conjunta-para-el-sector-agropecuario\/"]}]},{"@type":"ImageObject","inLanguage":"es","@id":"https:\/\/www.mundoagropecuario.cl\/new\/el-bid-y-el-iica-ponen-en-marcha-una-agenda-de-trabajo-conjunta-para-el-sector-agropecuario\/#primaryimage","url":"https:\/\/www.mundoagropecuario.cl\/new\/wp-content\/uploads\/2019\/03\/IICA.jpg","contentUrl":"https:\/\/www.mundoagropecuario.cl\/new\/wp-content\/uploads\/2019\/03\/IICA.jpg","width":600,"height":400},{"@type":"BreadcrumbList","@id":"https:\/\/www.mundoagropecuario.cl\/new\/el-bid-y-el-iica-ponen-en-marcha-una-agenda-de-trabajo-conjunta-para-el-sector-agropecuario\/#breadcrumb","itemListElement":[{"@type":"ListItem","position":1,"name":"Portada","item":"https:\/\/www.mundoagropecuario.cl\/new\/"},{"@type":"ListItem","position":2,"name":"El BID y el IICA ponen en marcha una agenda de trabajo conjunta para el sector agropecuario"}]},{"@type":"WebSite","@id":"https:\/\/www.mundoagropecuario.cl\/new\/#website","url":"https:\/\/www.mundoagropecuario.cl\/new\/","name":"Mundoagropecuario","description":"Mundo Agropecuario","publisher":{"@id":"https:\/\/www.mundoagropecuario.cl\/new\/#organization"},"potentialAction":[{"@type":"SearchAction","target":{"@type":"EntryPoint","urlTemplate":"https:\/\/www.mundoagropecuario.cl\/new\/?s={search_term_string}"},"query-input":{"@type":"PropertyValueSpecification","valueRequired":true,"valueName":"search_term_string"}}],"inLanguage":"es"},{"@type":"Organization","@id":"https:\/\/www.mundoagropecuario.cl\/new\/#organization","name":"Revista de Agricultura","url":"https:\/\/www.mundoagropecuario.cl\/new\/","logo":{"@type":"ImageObject","inLanguage":"es","@id":"https:\/\/www.mundoagropecuario.cl\/new\/#\/schema\/logo\/image\/","url":"https:\/\/www.mundoagropecuario.cl\/new\/wp-content\/uploads\/2020\/11\/PORTAL-1-1.png","contentUrl":"https:\/\/www.mundoagropecuario.cl\/new\/wp-content\/uploads\/2020\/11\/PORTAL-1-1.png","width":1026,"height":100,"caption":"Revista de Agricultura"},"image":{"@id":"https:\/\/www.mundoagropecuario.cl\/new\/#\/schema\/logo\/image\/"},"sameAs":["https:\/\/www.facebook.com\/mundo.agropecuario.3","https:\/\/x.com\/MundoAgropecuar","https:\/\/www.linkedin.com\/in\/mundo-agropecuario-934009201\/"]},{"@type":"Person","@id":"https:\/\/www.mundoagropecuario.cl\/new\/#\/schema\/person\/0c221050801c74e45256a7a9a1ff0803","name":"periodista","url":"https:\/\/www.mundoagropecuario.cl\/new\/author\/periodista\/"}]}},"_links":{"self":[{"href":"https:\/\/www.mundoagropecuario.cl\/new\/wp-json\/wp\/v2\/posts\/11188","targetHints":{"allow":["GET"]}}],"collection":[{"href":"https:\/\/www.mundoagropecuario.cl\/new\/wp-json\/wp\/v2\/posts"}],"about":[{"href":"https:\/\/www.mundoagropecuario.cl\/new\/wp-json\/wp\/v2\/types\/post"}],"author":[{"embeddable":true,"href":"https:\/\/www.mundoagropecuario.cl\/new\/wp-json\/wp\/v2\/users\/3"}],"replies":[{"embeddable":true,"href":"https:\/\/www.mundoagropecuario.cl\/new\/wp-json\/wp\/v2\/comments?post=11188"}],"version-history":[{"count":1,"href":"https:\/\/www.mundoagropecuario.cl\/new\/wp-json\/wp\/v2\/posts\/11188\/revisions"}],"predecessor-version":[{"id":11190,"href":"https:\/\/www.mundoagropecuario.cl\/new\/wp-json\/wp\/v2\/posts\/11188\/revisions\/11190"}],"wp:featuredmedia":[{"embeddable":true,"href":"https:\/\/www.mundoagropecuario.cl\/new\/wp-json\/wp\/v2\/media\/11189"}],"wp:attachment":[{"href":"https:\/\/www.mundoagropecuario.cl\/new\/wp-json\/wp\/v2\/media?parent=11188"}],"wp:term":[{"taxonomy":"category","embeddable":true,"href":"https:\/\/www.mundoagropecuario.cl\/new\/wp-json\/wp\/v2\/categories?post=11188"},{"taxonomy":"post_tag","embeddable":true,"href":"https:\/\/www.mundoagropecuario.cl\/new\/wp-json\/wp\/v2\/tags?post=11188"}],"curies":[{"name":"wp","href":"https:\/\/api.w.org\/{rel}","templated":true}]}}