{"id":11001,"date":"2019-03-18T00:35:49","date_gmt":"2019-03-18T03:35:49","guid":{"rendered":"http:\/\/www.mundoagropecuario.cl\/new\/?p=11001"},"modified":"2019-03-18T00:35:49","modified_gmt":"2019-03-18T03:35:49","slug":"sag-magallanes-y-carabineros-de-chile-trabajan-multisectorialmente-para-combatir-el-abigeato","status":"publish","type":"post","link":"https:\/\/www.mundoagropecuario.cl\/new\/sag-magallanes-y-carabineros-de-chile-trabajan-multisectorialmente-para-combatir-el-abigeato\/","title":{"rendered":"SAG Magallanes y Carabineros de Chile trabajan multisectorialmente para combatir el abigeato"},"content":{"rendered":"<blockquote><p><em>En Porvenir y en Cerro Castillo trazaron lineamientos para combatir este flagelo (Mundo Agropecuario).<\/em><\/p><\/blockquote>\n<p>Con el fin de combatir el abigeato y generar alianzas estrat\u00e9gicas con quienes se ven afectados por este delito en la regi\u00f3n, el director regional de SAG Magallanes, Gerardo Otzen, se reuni\u00f3 con el presidente de la Asociaci\u00f3n de Ganaderos de Torres del Paine, Arturo Kroeger, y con el jefe del ret\u00e9n de Carabineros de Cerro Castillo, Sergio Quintana, con quienes analiz\u00f3 la situaci\u00f3n comunal y proyect\u00f3 acciones que permitan prevenir y terminar con este delito.<\/p>\n<p>Durante la reuni\u00f3n, particip\u00f3 el jefe de la oficina provincial de SAG \u00daltima Esperanza, Carlos Fuentes, quien destac\u00f3 esta medida de acercamiento propiciada por el directivo del agro que permite conocer la realidad de la comuna y generar acciones coordinadas entre productores y productoras que podr\u00edan verse o que han sido afectadas por robos de esta naturaleza, y el sector p\u00fablico.<\/p>\n<p>Paralelamente, en la localidad de Porvenir, el jefe de la oficina provincial de Tierra del Fuego, Cristi\u00e1n G\u00f3mez, se reuni\u00f3 con el comisario de la 3ra Comisar\u00eda de Porvenir, Mayor Manuel Caroca, y con el suboficial Hermis Espinoza, con quienes estableci\u00f3 un plan de trabajo para realizar fiscalizaciones conjuntas en diversos caminos y sectores rurales de la provincia.<\/p>\n<p>En este sentido, Carabineros aport\u00f3 importantes recomendaciones preventivas a tener en consideraci\u00f3n durante las fiscalizaciones en ruta.<\/p>\n<p>Por su parte, SAG comprometi\u00f3 una capacitaci\u00f3n sobre el Programa Trazabilidad Animal a fin de entregar herramientas a los carabineros que realizan vigilancia y custodian la seguridad de la isla.<\/p>\n<p>Al t\u00e9rmino de las actividades, el llamado de ambas instituciones fue tanto a ganaderos como comunidad en general a denunciar todo tipo de actividades que pudieran ser parte de este il\u00edcito como, por ejemplo, la venta de carne en lugares no establecidos, a fin de evitar tener participaci\u00f3n en un presunto delito de abigeato.<\/p>\n","protected":false},"excerpt":{"rendered":"<p>En Porvenir y en Cerro Castillo trazaron lineamientos para combatir este flagelo (Mundo Agropecuario). Con el fin de combatir el abigeato y generar alianzas estrat\u00e9gicas con quienes se ven afectados&#8230;<\/p>\n","protected":false},"author":3,"featured_media":11002,"comment_status":"closed","ping_status":"closed","sticky":false,"template":"","format":"standard","meta":{"footnotes":""},"categories":[398],"tags":[2226,508,2198,2036],"class_list":["post-11001","post","type-post","status-publish","format-standard","has-post-thumbnail","hentry","category-titular-1","tag-abigeato","tag-carabineros","tag-magallanes","tag-sag"],"yoast_head":"<!-- This site is optimized with the Yoast SEO plugin v26.6 - https:\/\/yoast.com\/wordpress\/plugins\/seo\/ -->\n<title>SAG Magallanes y Carabineros de Chile trabajan multisectorialmente para combatir el abigeato - Mundoagropecuario<\/title>\n<meta name=\"robots\" content=\"index, follow, max-snippet:-1, max-image-preview:large, max-video-preview:-1\" \/>\n<link rel=\"canonical\" href=\"https:\/\/www.mundoagropecuario.cl\/new\/sag-magallanes-y-carabineros-de-chile-trabajan-multisectorialmente-para-combatir-el-abigeato\/\" \/>\n<meta property=\"og:locale\" content=\"es_ES\" \/>\n<meta property=\"og:type\" content=\"article\" \/>\n<meta property=\"og:title\" content=\"SAG Magallanes y Carabineros de Chile trabajan multisectorialmente para combatir el abigeato - Mundoagropecuario\" \/>\n<meta property=\"og:description\" content=\"En Porvenir y en Cerro Castillo trazaron lineamientos para combatir este flagelo (Mundo Agropecuario). Con el fin de combatir el abigeato y generar alianzas estrat\u00e9gicas con quienes se ven afectados...\" \/>\n<meta property=\"og:url\" content=\"https:\/\/www.mundoagropecuario.cl\/new\/sag-magallanes-y-carabineros-de-chile-trabajan-multisectorialmente-para-combatir-el-abigeato\/\" \/>\n<meta property=\"og:site_name\" content=\"Mundoagropecuario\" \/>\n<meta property=\"article:publisher\" content=\"https:\/\/www.facebook.com\/mundo.agropecuario.3\" \/>\n<meta property=\"article:published_time\" content=\"2019-03-18T03:35:49+00:00\" \/>\n<meta property=\"og:image\" content=\"https:\/\/www.mundoagropecuario.cl\/new\/wp-content\/uploads\/2019\/03\/SAG-Magallanes-abigeato.jpg\" \/>\n\t<meta property=\"og:image:width\" content=\"1024\" \/>\n\t<meta property=\"og:image:height\" content=\"768\" \/>\n\t<meta property=\"og:image:type\" content=\"image\/jpeg\" \/>\n<meta name=\"author\" content=\"periodista\" \/>\n<meta name=\"twitter:card\" content=\"summary_large_image\" \/>\n<meta name=\"twitter:creator\" content=\"@MundoAgropecuar\" \/>\n<meta name=\"twitter:site\" content=\"@MundoAgropecuar\" \/>\n<meta name=\"twitter:label1\" content=\"Escrito por\" \/>\n\t<meta name=\"twitter:data1\" content=\"periodista\" \/>\n\t<meta name=\"twitter:label2\" content=\"Tiempo de lectura\" \/>\n\t<meta name=\"twitter:data2\" content=\"2 minutos\" \/>\n<script type=\"application\/ld+json\" class=\"yoast-schema-graph\">{\"@context\":\"https:\/\/schema.org\",\"@graph\":[{\"@type\":\"Article\",\"@id\":\"https:\/\/www.mundoagropecuario.cl\/new\/sag-magallanes-y-carabineros-de-chile-trabajan-multisectorialmente-para-combatir-el-abigeato\/#article\",\"isPartOf\":{\"@id\":\"https:\/\/www.mundoagropecuario.cl\/new\/sag-magallanes-y-carabineros-de-chile-trabajan-multisectorialmente-para-combatir-el-abigeato\/\"},\"author\":{\"name\":\"periodista\",\"@id\":\"https:\/\/www.mundoagropecuario.cl\/new\/#\/schema\/person\/0c221050801c74e45256a7a9a1ff0803\"},\"headline\":\"SAG Magallanes y Carabineros de Chile trabajan multisectorialmente para combatir el abigeato\",\"datePublished\":\"2019-03-18T03:35:49+00:00\",\"mainEntityOfPage\":{\"@id\":\"https:\/\/www.mundoagropecuario.cl\/new\/sag-magallanes-y-carabineros-de-chile-trabajan-multisectorialmente-para-combatir-el-abigeato\/\"},\"wordCount\":338,\"publisher\":{\"@id\":\"https:\/\/www.mundoagropecuario.cl\/new\/#organization\"},\"image\":{\"@id\":\"https:\/\/www.mundoagropecuario.cl\/new\/sag-magallanes-y-carabineros-de-chile-trabajan-multisectorialmente-para-combatir-el-abigeato\/#primaryimage\"},\"thumbnailUrl\":\"https:\/\/www.mundoagropecuario.cl\/new\/wp-content\/uploads\/2019\/03\/SAG-Magallanes-abigeato.jpg\",\"keywords\":[\"Abigeato\",\"Carabineros\",\"Magallanes\",\"SAG\"],\"articleSection\":[\"Titular 1\"],\"inLanguage\":\"es\"},{\"@type\":\"WebPage\",\"@id\":\"https:\/\/www.mundoagropecuario.cl\/new\/sag-magallanes-y-carabineros-de-chile-trabajan-multisectorialmente-para-combatir-el-abigeato\/\",\"url\":\"https:\/\/www.mundoagropecuario.cl\/new\/sag-magallanes-y-carabineros-de-chile-trabajan-multisectorialmente-para-combatir-el-abigeato\/\",\"name\":\"SAG Magallanes y Carabineros de Chile trabajan multisectorialmente para combatir el abigeato - Mundoagropecuario\",\"isPartOf\":{\"@id\":\"https:\/\/www.mundoagropecuario.cl\/new\/#website\"},\"primaryImageOfPage\":{\"@id\":\"https:\/\/www.mundoagropecuario.cl\/new\/sag-magallanes-y-carabineros-de-chile-trabajan-multisectorialmente-para-combatir-el-abigeato\/#primaryimage\"},\"image\":{\"@id\":\"https:\/\/www.mundoagropecuario.cl\/new\/sag-magallanes-y-carabineros-de-chile-trabajan-multisectorialmente-para-combatir-el-abigeato\/#primaryimage\"},\"thumbnailUrl\":\"https:\/\/www.mundoagropecuario.cl\/new\/wp-content\/uploads\/2019\/03\/SAG-Magallanes-abigeato.jpg\",\"datePublished\":\"2019-03-18T03:35:49+00:00\",\"breadcrumb\":{\"@id\":\"https:\/\/www.mundoagropecuario.cl\/new\/sag-magallanes-y-carabineros-de-chile-trabajan-multisectorialmente-para-combatir-el-abigeato\/#breadcrumb\"},\"inLanguage\":\"es\",\"potentialAction\":[{\"@type\":\"ReadAction\",\"target\":[\"https:\/\/www.mundoagropecuario.cl\/new\/sag-magallanes-y-carabineros-de-chile-trabajan-multisectorialmente-para-combatir-el-abigeato\/\"]}]},{\"@type\":\"ImageObject\",\"inLanguage\":\"es\",\"@id\":\"https:\/\/www.mundoagropecuario.cl\/new\/sag-magallanes-y-carabineros-de-chile-trabajan-multisectorialmente-para-combatir-el-abigeato\/#primaryimage\",\"url\":\"https:\/\/www.mundoagropecuario.cl\/new\/wp-content\/uploads\/2019\/03\/SAG-Magallanes-abigeato.jpg\",\"contentUrl\":\"https:\/\/www.mundoagropecuario.cl\/new\/wp-content\/uploads\/2019\/03\/SAG-Magallanes-abigeato.jpg\",\"width\":533,\"height\":400},{\"@type\":\"BreadcrumbList\",\"@id\":\"https:\/\/www.mundoagropecuario.cl\/new\/sag-magallanes-y-carabineros-de-chile-trabajan-multisectorialmente-para-combatir-el-abigeato\/#breadcrumb\",\"itemListElement\":[{\"@type\":\"ListItem\",\"position\":1,\"name\":\"Portada\",\"item\":\"https:\/\/www.mundoagropecuario.cl\/new\/\"},{\"@type\":\"ListItem\",\"position\":2,\"name\":\"SAG Magallanes y Carabineros de Chile trabajan multisectorialmente para combatir el abigeato\"}]},{\"@type\":\"WebSite\",\"@id\":\"https:\/\/www.mundoagropecuario.cl\/new\/#website\",\"url\":\"https:\/\/www.mundoagropecuario.cl\/new\/\",\"name\":\"Mundoagropecuario\",\"description\":\"Mundo Agropecuario\",\"publisher\":{\"@id\":\"https:\/\/www.mundoagropecuario.cl\/new\/#organization\"},\"potentialAction\":[{\"@type\":\"SearchAction\",\"target\":{\"@type\":\"EntryPoint\",\"urlTemplate\":\"https:\/\/www.mundoagropecuario.cl\/new\/?s={search_term_string}\"},\"query-input\":{\"@type\":\"PropertyValueSpecification\",\"valueRequired\":true,\"valueName\":\"search_term_string\"}}],\"inLanguage\":\"es\"},{\"@type\":\"Organization\",\"@id\":\"https:\/\/www.mundoagropecuario.cl\/new\/#organization\",\"name\":\"Revista de Agricultura\",\"url\":\"https:\/\/www.mundoagropecuario.cl\/new\/\",\"logo\":{\"@type\":\"ImageObject\",\"inLanguage\":\"es\",\"@id\":\"https:\/\/www.mundoagropecuario.cl\/new\/#\/schema\/logo\/image\/\",\"url\":\"https:\/\/www.mundoagropecuario.cl\/new\/wp-content\/uploads\/2020\/11\/PORTAL-1-1.png\",\"contentUrl\":\"https:\/\/www.mundoagropecuario.cl\/new\/wp-content\/uploads\/2020\/11\/PORTAL-1-1.png\",\"width\":1026,\"height\":100,\"caption\":\"Revista de Agricultura\"},\"image\":{\"@id\":\"https:\/\/www.mundoagropecuario.cl\/new\/#\/schema\/logo\/image\/\"},\"sameAs\":[\"https:\/\/www.facebook.com\/mundo.agropecuario.3\",\"https:\/\/x.com\/MundoAgropecuar\",\"https:\/\/www.linkedin.com\/in\/mundo-agropecuario-934009201\/\"]},{\"@type\":\"Person\",\"@id\":\"https:\/\/www.mundoagropecuario.cl\/new\/#\/schema\/person\/0c221050801c74e45256a7a9a1ff0803\",\"name\":\"periodista\",\"url\":\"https:\/\/www.mundoagropecuario.cl\/new\/author\/periodista\/\"}]}<\/script>\n<!-- \/ Yoast SEO plugin. -->","yoast_head_json":{"title":"SAG Magallanes y Carabineros de Chile trabajan multisectorialmente para combatir el abigeato - Mundoagropecuario","robots":{"index":"index","follow":"follow","max-snippet":"max-snippet:-1","max-image-preview":"max-image-preview:large","max-video-preview":"max-video-preview:-1"},"canonical":"https:\/\/www.mundoagropecuario.cl\/new\/sag-magallanes-y-carabineros-de-chile-trabajan-multisectorialmente-para-combatir-el-abigeato\/","og_locale":"es_ES","og_type":"article","og_title":"SAG Magallanes y Carabineros de Chile trabajan multisectorialmente para combatir el abigeato - Mundoagropecuario","og_description":"En Porvenir y en Cerro Castillo trazaron lineamientos para combatir este flagelo (Mundo Agropecuario). Con el fin de combatir el abigeato y generar alianzas estrat\u00e9gicas con quienes se ven afectados...","og_url":"https:\/\/www.mundoagropecuario.cl\/new\/sag-magallanes-y-carabineros-de-chile-trabajan-multisectorialmente-para-combatir-el-abigeato\/","og_site_name":"Mundoagropecuario","article_publisher":"https:\/\/www.facebook.com\/mundo.agropecuario.3","article_published_time":"2019-03-18T03:35:49+00:00","og_image":[{"width":1024,"height":768,"url":"https:\/\/www.mundoagropecuario.cl\/new\/wp-content\/uploads\/2019\/03\/SAG-Magallanes-abigeato.jpg","type":"image\/jpeg"}],"author":"periodista","twitter_card":"summary_large_image","twitter_creator":"@MundoAgropecuar","twitter_site":"@MundoAgropecuar","twitter_misc":{"Escrito por":"periodista","Tiempo de lectura":"2 minutos"},"schema":{"@context":"https:\/\/schema.org","@graph":[{"@type":"Article","@id":"https:\/\/www.mundoagropecuario.cl\/new\/sag-magallanes-y-carabineros-de-chile-trabajan-multisectorialmente-para-combatir-el-abigeato\/#article","isPartOf":{"@id":"https:\/\/www.mundoagropecuario.cl\/new\/sag-magallanes-y-carabineros-de-chile-trabajan-multisectorialmente-para-combatir-el-abigeato\/"},"author":{"name":"periodista","@id":"https:\/\/www.mundoagropecuario.cl\/new\/#\/schema\/person\/0c221050801c74e45256a7a9a1ff0803"},"headline":"SAG Magallanes y Carabineros de Chile trabajan multisectorialmente para combatir el abigeato","datePublished":"2019-03-18T03:35:49+00:00","mainEntityOfPage":{"@id":"https:\/\/www.mundoagropecuario.cl\/new\/sag-magallanes-y-carabineros-de-chile-trabajan-multisectorialmente-para-combatir-el-abigeato\/"},"wordCount":338,"publisher":{"@id":"https:\/\/www.mundoagropecuario.cl\/new\/#organization"},"image":{"@id":"https:\/\/www.mundoagropecuario.cl\/new\/sag-magallanes-y-carabineros-de-chile-trabajan-multisectorialmente-para-combatir-el-abigeato\/#primaryimage"},"thumbnailUrl":"https:\/\/www.mundoagropecuario.cl\/new\/wp-content\/uploads\/2019\/03\/SAG-Magallanes-abigeato.jpg","keywords":["Abigeato","Carabineros","Magallanes","SAG"],"articleSection":["Titular 1"],"inLanguage":"es"},{"@type":"WebPage","@id":"https:\/\/www.mundoagropecuario.cl\/new\/sag-magallanes-y-carabineros-de-chile-trabajan-multisectorialmente-para-combatir-el-abigeato\/","url":"https:\/\/www.mundoagropecuario.cl\/new\/sag-magallanes-y-carabineros-de-chile-trabajan-multisectorialmente-para-combatir-el-abigeato\/","name":"SAG Magallanes y Carabineros de Chile trabajan multisectorialmente para combatir el abigeato - Mundoagropecuario","isPartOf":{"@id":"https:\/\/www.mundoagropecuario.cl\/new\/#website"},"primaryImageOfPage":{"@id":"https:\/\/www.mundoagropecuario.cl\/new\/sag-magallanes-y-carabineros-de-chile-trabajan-multisectorialmente-para-combatir-el-abigeato\/#primaryimage"},"image":{"@id":"https:\/\/www.mundoagropecuario.cl\/new\/sag-magallanes-y-carabineros-de-chile-trabajan-multisectorialmente-para-combatir-el-abigeato\/#primaryimage"},"thumbnailUrl":"https:\/\/www.mundoagropecuario.cl\/new\/wp-content\/uploads\/2019\/03\/SAG-Magallanes-abigeato.jpg","datePublished":"2019-03-18T03:35:49+00:00","breadcrumb":{"@id":"https:\/\/www.mundoagropecuario.cl\/new\/sag-magallanes-y-carabineros-de-chile-trabajan-multisectorialmente-para-combatir-el-abigeato\/#breadcrumb"},"inLanguage":"es","potentialAction":[{"@type":"ReadAction","target":["https:\/\/www.mundoagropecuario.cl\/new\/sag-magallanes-y-carabineros-de-chile-trabajan-multisectorialmente-para-combatir-el-abigeato\/"]}]},{"@type":"ImageObject","inLanguage":"es","@id":"https:\/\/www.mundoagropecuario.cl\/new\/sag-magallanes-y-carabineros-de-chile-trabajan-multisectorialmente-para-combatir-el-abigeato\/#primaryimage","url":"https:\/\/www.mundoagropecuario.cl\/new\/wp-content\/uploads\/2019\/03\/SAG-Magallanes-abigeato.jpg","contentUrl":"https:\/\/www.mundoagropecuario.cl\/new\/wp-content\/uploads\/2019\/03\/SAG-Magallanes-abigeato.jpg","width":533,"height":400},{"@type":"BreadcrumbList","@id":"https:\/\/www.mundoagropecuario.cl\/new\/sag-magallanes-y-carabineros-de-chile-trabajan-multisectorialmente-para-combatir-el-abigeato\/#breadcrumb","itemListElement":[{"@type":"ListItem","position":1,"name":"Portada","item":"https:\/\/www.mundoagropecuario.cl\/new\/"},{"@type":"ListItem","position":2,"name":"SAG Magallanes y Carabineros de Chile trabajan multisectorialmente para combatir el abigeato"}]},{"@type":"WebSite","@id":"https:\/\/www.mundoagropecuario.cl\/new\/#website","url":"https:\/\/www.mundoagropecuario.cl\/new\/","name":"Mundoagropecuario","description":"Mundo Agropecuario","publisher":{"@id":"https:\/\/www.mundoagropecuario.cl\/new\/#organization"},"potentialAction":[{"@type":"SearchAction","target":{"@type":"EntryPoint","urlTemplate":"https:\/\/www.mundoagropecuario.cl\/new\/?s={search_term_string}"},"query-input":{"@type":"PropertyValueSpecification","valueRequired":true,"valueName":"search_term_string"}}],"inLanguage":"es"},{"@type":"Organization","@id":"https:\/\/www.mundoagropecuario.cl\/new\/#organization","name":"Revista de Agricultura","url":"https:\/\/www.mundoagropecuario.cl\/new\/","logo":{"@type":"ImageObject","inLanguage":"es","@id":"https:\/\/www.mundoagropecuario.cl\/new\/#\/schema\/logo\/image\/","url":"https:\/\/www.mundoagropecuario.cl\/new\/wp-content\/uploads\/2020\/11\/PORTAL-1-1.png","contentUrl":"https:\/\/www.mundoagropecuario.cl\/new\/wp-content\/uploads\/2020\/11\/PORTAL-1-1.png","width":1026,"height":100,"caption":"Revista de Agricultura"},"image":{"@id":"https:\/\/www.mundoagropecuario.cl\/new\/#\/schema\/logo\/image\/"},"sameAs":["https:\/\/www.facebook.com\/mundo.agropecuario.3","https:\/\/x.com\/MundoAgropecuar","https:\/\/www.linkedin.com\/in\/mundo-agropecuario-934009201\/"]},{"@type":"Person","@id":"https:\/\/www.mundoagropecuario.cl\/new\/#\/schema\/person\/0c221050801c74e45256a7a9a1ff0803","name":"periodista","url":"https:\/\/www.mundoagropecuario.cl\/new\/author\/periodista\/"}]}},"_links":{"self":[{"href":"https:\/\/www.mundoagropecuario.cl\/new\/wp-json\/wp\/v2\/posts\/11001","targetHints":{"allow":["GET"]}}],"collection":[{"href":"https:\/\/www.mundoagropecuario.cl\/new\/wp-json\/wp\/v2\/posts"}],"about":[{"href":"https:\/\/www.mundoagropecuario.cl\/new\/wp-json\/wp\/v2\/types\/post"}],"author":[{"embeddable":true,"href":"https:\/\/www.mundoagropecuario.cl\/new\/wp-json\/wp\/v2\/users\/3"}],"replies":[{"embeddable":true,"href":"https:\/\/www.mundoagropecuario.cl\/new\/wp-json\/wp\/v2\/comments?post=11001"}],"version-history":[{"count":1,"href":"https:\/\/www.mundoagropecuario.cl\/new\/wp-json\/wp\/v2\/posts\/11001\/revisions"}],"predecessor-version":[{"id":11003,"href":"https:\/\/www.mundoagropecuario.cl\/new\/wp-json\/wp\/v2\/posts\/11001\/revisions\/11003"}],"wp:featuredmedia":[{"embeddable":true,"href":"https:\/\/www.mundoagropecuario.cl\/new\/wp-json\/wp\/v2\/media\/11002"}],"wp:attachment":[{"href":"https:\/\/www.mundoagropecuario.cl\/new\/wp-json\/wp\/v2\/media?parent=11001"}],"wp:term":[{"taxonomy":"category","embeddable":true,"href":"https:\/\/www.mundoagropecuario.cl\/new\/wp-json\/wp\/v2\/categories?post=11001"},{"taxonomy":"post_tag","embeddable":true,"href":"https:\/\/www.mundoagropecuario.cl\/new\/wp-json\/wp\/v2\/tags?post=11001"}],"curies":[{"name":"wp","href":"https:\/\/api.w.org\/{rel}","templated":true}]}}