{"id":10890,"date":"2019-03-08T02:44:56","date_gmt":"2019-03-08T05:44:56","guid":{"rendered":"http:\/\/www.mundoagropecuario.cl\/new\/?p=10890"},"modified":"2019-03-14T11:43:18","modified_gmt":"2019-03-14T14:43:18","slug":"los-lacteos-empujan-precios-mundiales-de-los-alimentos-en-febrero","status":"publish","type":"post","link":"https:\/\/www.mundoagropecuario.cl\/new\/los-lacteos-empujan-precios-mundiales-de-los-alimentos-en-febrero\/","title":{"rendered":"Los l\u00e1cteos empujan precios mundiales de los alimentos en febrero"},"content":{"rendered":"<blockquote><p><em>El \u00edndice de precios de los l\u00e1cteos de la FAO subi\u00f3 un 5,6% con respecto a enero, impulsado por la fuerte demanda de importaciones de queso y leche descremada y leche entera en polvo (Mundo Agropecuario-Aproval).<\/em><\/p><\/blockquote>\n<p>Los precios mundiales de los alimentos subieron en febrero, debido en parte a un aumento del valor de los productos l\u00e1cteos, inform\u00f3 el jueves la agencia de alimentos de Naciones Unidas.<\/p>\n<p>El \u00edndice de precios de los alimentos de la Organizaci\u00f3n de las Naciones Unidas para la Agricultura y la Alimentaci\u00f3n (FAO), que mide los cambios mensuales en los precios de una canasta formada por cereales, semillas oleaginosas, productos l\u00e1cteos, carne y az\u00facar, promedi\u00f3 167,5 puntos el mes pasado, un 1,7% m\u00e1s que en enero.<\/p>\n<p>A pesar del aumento, el \u00edndice a\u00fan est\u00e1 un 2,3 por ciento por debajo de su nivel del mismo mes del a\u00f1o pasado.<\/p>\n<p>El \u00edndice de precios de los l\u00e1cteos de la FAO subi\u00f3 un 5,6% con respecto a enero, impulsado por la fuerte demanda de importaciones de queso y leche descremada y leche entera en polvo.<\/p>\n<p>El \u00edndice de precios del aceite vegetal de la FAO se increment\u00f3 un 1,8% en comparaci\u00f3n con el mes anterior, mientras que su \u00edndice de az\u00facar aument\u00f3 un 1,2%. En tanto, el indicador de los cereales tuvo un avance marginal y el de la carne tambi\u00e9n subi\u00f3 ligeramente.<\/p>\n<p>La FAO redujo su \u00faltimo pron\u00f3stico mundial sobre la producci\u00f3n de cereales para 2018 a 2.609 millones de toneladas, frente a los 2.611 millones que pronostic\u00f3 hace un mes.<\/p>\n<p>\u201cLa \u00faltima revisi\u00f3n se basa casi por completo en una estimaci\u00f3n m\u00e1s baja de la producci\u00f3n de ma\u00edz de Estados Unidos y refuerza una disminuci\u00f3n general en la producci\u00f3n mundial anual de cereales\u201d, dijo la FAO.<\/p>\n<p>&nbsp;<\/p>\n<p>&nbsp;<\/p>\n<p>&nbsp;<\/p>\n<p>&nbsp;<\/p>\n<p>&nbsp;<\/p>\n","protected":false},"excerpt":{"rendered":"<p>El \u00edndice de precios de los l\u00e1cteos de la FAO subi\u00f3 un 5,6% con respecto a enero, impulsado por la fuerte demanda de importaciones de queso y leche descremada y&#8230;<\/p>\n","protected":false},"author":3,"featured_media":7718,"comment_status":"closed","ping_status":"closed","sticky":false,"template":"","format":"standard","meta":{"footnotes":""},"categories":[1946],"tags":[547,2141,2051,3401],"class_list":["post-10890","post","type-post","status-publish","format-standard","has-post-thumbnail","hentry","category-lacteos","tag-fao","tag-lacteos","tag-leche","tag-precios"],"yoast_head":"<!-- This site is optimized with the Yoast SEO plugin v26.6 - https:\/\/yoast.com\/wordpress\/plugins\/seo\/ -->\n<title>Los l\u00e1cteos empujan precios mundiales de los alimentos en febrero - Mundoagropecuario<\/title>\n<meta name=\"robots\" content=\"index, follow, max-snippet:-1, max-image-preview:large, max-video-preview:-1\" \/>\n<link rel=\"canonical\" href=\"https:\/\/www.mundoagropecuario.cl\/new\/los-lacteos-empujan-precios-mundiales-de-los-alimentos-en-febrero\/\" \/>\n<meta property=\"og:locale\" content=\"es_ES\" \/>\n<meta property=\"og:type\" content=\"article\" \/>\n<meta property=\"og:title\" content=\"Los l\u00e1cteos empujan precios mundiales de los alimentos en febrero - Mundoagropecuario\" \/>\n<meta property=\"og:description\" content=\"El \u00edndice de precios de los l\u00e1cteos de la FAO subi\u00f3 un 5,6% con respecto a enero, impulsado por la fuerte demanda de importaciones de queso y leche descremada y...\" \/>\n<meta property=\"og:url\" content=\"https:\/\/www.mundoagropecuario.cl\/new\/los-lacteos-empujan-precios-mundiales-de-los-alimentos-en-febrero\/\" \/>\n<meta property=\"og:site_name\" content=\"Mundoagropecuario\" \/>\n<meta property=\"article:publisher\" content=\"https:\/\/www.facebook.com\/mundo.agropecuario.3\" \/>\n<meta property=\"article:published_time\" content=\"2019-03-08T05:44:56+00:00\" \/>\n<meta property=\"article:modified_time\" content=\"2019-03-14T14:43:18+00:00\" \/>\n<meta property=\"og:image\" content=\"https:\/\/www.mundoagropecuario.cl\/new\/wp-content\/uploads\/2018\/07\/lechepolvoqueso.jpg\" \/>\n\t<meta property=\"og:image:width\" content=\"1000\" \/>\n\t<meta property=\"og:image:height\" content=\"625\" \/>\n\t<meta property=\"og:image:type\" content=\"image\/jpeg\" \/>\n<meta name=\"author\" content=\"periodista\" \/>\n<meta name=\"twitter:card\" content=\"summary_large_image\" \/>\n<meta name=\"twitter:creator\" content=\"@MundoAgropecuar\" \/>\n<meta name=\"twitter:site\" content=\"@MundoAgropecuar\" \/>\n<meta name=\"twitter:label1\" content=\"Escrito por\" \/>\n\t<meta name=\"twitter:data1\" content=\"periodista\" \/>\n\t<meta name=\"twitter:label2\" content=\"Tiempo de lectura\" \/>\n\t<meta name=\"twitter:data2\" content=\"2 minutos\" \/>\n<script type=\"application\/ld+json\" class=\"yoast-schema-graph\">{\"@context\":\"https:\/\/schema.org\",\"@graph\":[{\"@type\":\"Article\",\"@id\":\"https:\/\/www.mundoagropecuario.cl\/new\/los-lacteos-empujan-precios-mundiales-de-los-alimentos-en-febrero\/#article\",\"isPartOf\":{\"@id\":\"https:\/\/www.mundoagropecuario.cl\/new\/los-lacteos-empujan-precios-mundiales-de-los-alimentos-en-febrero\/\"},\"author\":{\"name\":\"periodista\",\"@id\":\"https:\/\/www.mundoagropecuario.cl\/new\/#\/schema\/person\/0c221050801c74e45256a7a9a1ff0803\"},\"headline\":\"Los l\u00e1cteos empujan precios mundiales de los alimentos en febrero\",\"datePublished\":\"2019-03-08T05:44:56+00:00\",\"dateModified\":\"2019-03-14T14:43:18+00:00\",\"mainEntityOfPage\":{\"@id\":\"https:\/\/www.mundoagropecuario.cl\/new\/los-lacteos-empujan-precios-mundiales-de-los-alimentos-en-febrero\/\"},\"wordCount\":319,\"publisher\":{\"@id\":\"https:\/\/www.mundoagropecuario.cl\/new\/#organization\"},\"image\":{\"@id\":\"https:\/\/www.mundoagropecuario.cl\/new\/los-lacteos-empujan-precios-mundiales-de-los-alimentos-en-febrero\/#primaryimage\"},\"thumbnailUrl\":\"https:\/\/www.mundoagropecuario.cl\/new\/wp-content\/uploads\/2018\/07\/lechepolvoqueso.jpg\",\"keywords\":[\"FAO\",\"L\u00e1cteos\",\"Leche\",\"precios\"],\"articleSection\":[\"L\u00e1cteos\"],\"inLanguage\":\"es\"},{\"@type\":\"WebPage\",\"@id\":\"https:\/\/www.mundoagropecuario.cl\/new\/los-lacteos-empujan-precios-mundiales-de-los-alimentos-en-febrero\/\",\"url\":\"https:\/\/www.mundoagropecuario.cl\/new\/los-lacteos-empujan-precios-mundiales-de-los-alimentos-en-febrero\/\",\"name\":\"Los l\u00e1cteos empujan precios mundiales de los alimentos en febrero - Mundoagropecuario\",\"isPartOf\":{\"@id\":\"https:\/\/www.mundoagropecuario.cl\/new\/#website\"},\"primaryImageOfPage\":{\"@id\":\"https:\/\/www.mundoagropecuario.cl\/new\/los-lacteos-empujan-precios-mundiales-de-los-alimentos-en-febrero\/#primaryimage\"},\"image\":{\"@id\":\"https:\/\/www.mundoagropecuario.cl\/new\/los-lacteos-empujan-precios-mundiales-de-los-alimentos-en-febrero\/#primaryimage\"},\"thumbnailUrl\":\"https:\/\/www.mundoagropecuario.cl\/new\/wp-content\/uploads\/2018\/07\/lechepolvoqueso.jpg\",\"datePublished\":\"2019-03-08T05:44:56+00:00\",\"dateModified\":\"2019-03-14T14:43:18+00:00\",\"breadcrumb\":{\"@id\":\"https:\/\/www.mundoagropecuario.cl\/new\/los-lacteos-empujan-precios-mundiales-de-los-alimentos-en-febrero\/#breadcrumb\"},\"inLanguage\":\"es\",\"potentialAction\":[{\"@type\":\"ReadAction\",\"target\":[\"https:\/\/www.mundoagropecuario.cl\/new\/los-lacteos-empujan-precios-mundiales-de-los-alimentos-en-febrero\/\"]}]},{\"@type\":\"ImageObject\",\"inLanguage\":\"es\",\"@id\":\"https:\/\/www.mundoagropecuario.cl\/new\/los-lacteos-empujan-precios-mundiales-de-los-alimentos-en-febrero\/#primaryimage\",\"url\":\"https:\/\/www.mundoagropecuario.cl\/new\/wp-content\/uploads\/2018\/07\/lechepolvoqueso.jpg\",\"contentUrl\":\"https:\/\/www.mundoagropecuario.cl\/new\/wp-content\/uploads\/2018\/07\/lechepolvoqueso.jpg\",\"width\":640,\"height\":400},{\"@type\":\"BreadcrumbList\",\"@id\":\"https:\/\/www.mundoagropecuario.cl\/new\/los-lacteos-empujan-precios-mundiales-de-los-alimentos-en-febrero\/#breadcrumb\",\"itemListElement\":[{\"@type\":\"ListItem\",\"position\":1,\"name\":\"Portada\",\"item\":\"https:\/\/www.mundoagropecuario.cl\/new\/\"},{\"@type\":\"ListItem\",\"position\":2,\"name\":\"Los l\u00e1cteos empujan precios mundiales de los alimentos en febrero\"}]},{\"@type\":\"WebSite\",\"@id\":\"https:\/\/www.mundoagropecuario.cl\/new\/#website\",\"url\":\"https:\/\/www.mundoagropecuario.cl\/new\/\",\"name\":\"Mundoagropecuario\",\"description\":\"Mundo Agropecuario\",\"publisher\":{\"@id\":\"https:\/\/www.mundoagropecuario.cl\/new\/#organization\"},\"potentialAction\":[{\"@type\":\"SearchAction\",\"target\":{\"@type\":\"EntryPoint\",\"urlTemplate\":\"https:\/\/www.mundoagropecuario.cl\/new\/?s={search_term_string}\"},\"query-input\":{\"@type\":\"PropertyValueSpecification\",\"valueRequired\":true,\"valueName\":\"search_term_string\"}}],\"inLanguage\":\"es\"},{\"@type\":\"Organization\",\"@id\":\"https:\/\/www.mundoagropecuario.cl\/new\/#organization\",\"name\":\"Revista de Agricultura\",\"url\":\"https:\/\/www.mundoagropecuario.cl\/new\/\",\"logo\":{\"@type\":\"ImageObject\",\"inLanguage\":\"es\",\"@id\":\"https:\/\/www.mundoagropecuario.cl\/new\/#\/schema\/logo\/image\/\",\"url\":\"https:\/\/www.mundoagropecuario.cl\/new\/wp-content\/uploads\/2020\/11\/PORTAL-1-1.png\",\"contentUrl\":\"https:\/\/www.mundoagropecuario.cl\/new\/wp-content\/uploads\/2020\/11\/PORTAL-1-1.png\",\"width\":1026,\"height\":100,\"caption\":\"Revista de Agricultura\"},\"image\":{\"@id\":\"https:\/\/www.mundoagropecuario.cl\/new\/#\/schema\/logo\/image\/\"},\"sameAs\":[\"https:\/\/www.facebook.com\/mundo.agropecuario.3\",\"https:\/\/x.com\/MundoAgropecuar\",\"https:\/\/www.linkedin.com\/in\/mundo-agropecuario-934009201\/\"]},{\"@type\":\"Person\",\"@id\":\"https:\/\/www.mundoagropecuario.cl\/new\/#\/schema\/person\/0c221050801c74e45256a7a9a1ff0803\",\"name\":\"periodista\",\"url\":\"https:\/\/www.mundoagropecuario.cl\/new\/author\/periodista\/\"}]}<\/script>\n<!-- \/ Yoast SEO plugin. -->","yoast_head_json":{"title":"Los l\u00e1cteos empujan precios mundiales de los alimentos en febrero - Mundoagropecuario","robots":{"index":"index","follow":"follow","max-snippet":"max-snippet:-1","max-image-preview":"max-image-preview:large","max-video-preview":"max-video-preview:-1"},"canonical":"https:\/\/www.mundoagropecuario.cl\/new\/los-lacteos-empujan-precios-mundiales-de-los-alimentos-en-febrero\/","og_locale":"es_ES","og_type":"article","og_title":"Los l\u00e1cteos empujan precios mundiales de los alimentos en febrero - Mundoagropecuario","og_description":"El \u00edndice de precios de los l\u00e1cteos de la FAO subi\u00f3 un 5,6% con respecto a enero, impulsado por la fuerte demanda de importaciones de queso y leche descremada y...","og_url":"https:\/\/www.mundoagropecuario.cl\/new\/los-lacteos-empujan-precios-mundiales-de-los-alimentos-en-febrero\/","og_site_name":"Mundoagropecuario","article_publisher":"https:\/\/www.facebook.com\/mundo.agropecuario.3","article_published_time":"2019-03-08T05:44:56+00:00","article_modified_time":"2019-03-14T14:43:18+00:00","og_image":[{"width":1000,"height":625,"url":"https:\/\/www.mundoagropecuario.cl\/new\/wp-content\/uploads\/2018\/07\/lechepolvoqueso.jpg","type":"image\/jpeg"}],"author":"periodista","twitter_card":"summary_large_image","twitter_creator":"@MundoAgropecuar","twitter_site":"@MundoAgropecuar","twitter_misc":{"Escrito por":"periodista","Tiempo de lectura":"2 minutos"},"schema":{"@context":"https:\/\/schema.org","@graph":[{"@type":"Article","@id":"https:\/\/www.mundoagropecuario.cl\/new\/los-lacteos-empujan-precios-mundiales-de-los-alimentos-en-febrero\/#article","isPartOf":{"@id":"https:\/\/www.mundoagropecuario.cl\/new\/los-lacteos-empujan-precios-mundiales-de-los-alimentos-en-febrero\/"},"author":{"name":"periodista","@id":"https:\/\/www.mundoagropecuario.cl\/new\/#\/schema\/person\/0c221050801c74e45256a7a9a1ff0803"},"headline":"Los l\u00e1cteos empujan precios mundiales de los alimentos en febrero","datePublished":"2019-03-08T05:44:56+00:00","dateModified":"2019-03-14T14:43:18+00:00","mainEntityOfPage":{"@id":"https:\/\/www.mundoagropecuario.cl\/new\/los-lacteos-empujan-precios-mundiales-de-los-alimentos-en-febrero\/"},"wordCount":319,"publisher":{"@id":"https:\/\/www.mundoagropecuario.cl\/new\/#organization"},"image":{"@id":"https:\/\/www.mundoagropecuario.cl\/new\/los-lacteos-empujan-precios-mundiales-de-los-alimentos-en-febrero\/#primaryimage"},"thumbnailUrl":"https:\/\/www.mundoagropecuario.cl\/new\/wp-content\/uploads\/2018\/07\/lechepolvoqueso.jpg","keywords":["FAO","L\u00e1cteos","Leche","precios"],"articleSection":["L\u00e1cteos"],"inLanguage":"es"},{"@type":"WebPage","@id":"https:\/\/www.mundoagropecuario.cl\/new\/los-lacteos-empujan-precios-mundiales-de-los-alimentos-en-febrero\/","url":"https:\/\/www.mundoagropecuario.cl\/new\/los-lacteos-empujan-precios-mundiales-de-los-alimentos-en-febrero\/","name":"Los l\u00e1cteos empujan precios mundiales de los alimentos en febrero - Mundoagropecuario","isPartOf":{"@id":"https:\/\/www.mundoagropecuario.cl\/new\/#website"},"primaryImageOfPage":{"@id":"https:\/\/www.mundoagropecuario.cl\/new\/los-lacteos-empujan-precios-mundiales-de-los-alimentos-en-febrero\/#primaryimage"},"image":{"@id":"https:\/\/www.mundoagropecuario.cl\/new\/los-lacteos-empujan-precios-mundiales-de-los-alimentos-en-febrero\/#primaryimage"},"thumbnailUrl":"https:\/\/www.mundoagropecuario.cl\/new\/wp-content\/uploads\/2018\/07\/lechepolvoqueso.jpg","datePublished":"2019-03-08T05:44:56+00:00","dateModified":"2019-03-14T14:43:18+00:00","breadcrumb":{"@id":"https:\/\/www.mundoagropecuario.cl\/new\/los-lacteos-empujan-precios-mundiales-de-los-alimentos-en-febrero\/#breadcrumb"},"inLanguage":"es","potentialAction":[{"@type":"ReadAction","target":["https:\/\/www.mundoagropecuario.cl\/new\/los-lacteos-empujan-precios-mundiales-de-los-alimentos-en-febrero\/"]}]},{"@type":"ImageObject","inLanguage":"es","@id":"https:\/\/www.mundoagropecuario.cl\/new\/los-lacteos-empujan-precios-mundiales-de-los-alimentos-en-febrero\/#primaryimage","url":"https:\/\/www.mundoagropecuario.cl\/new\/wp-content\/uploads\/2018\/07\/lechepolvoqueso.jpg","contentUrl":"https:\/\/www.mundoagropecuario.cl\/new\/wp-content\/uploads\/2018\/07\/lechepolvoqueso.jpg","width":640,"height":400},{"@type":"BreadcrumbList","@id":"https:\/\/www.mundoagropecuario.cl\/new\/los-lacteos-empujan-precios-mundiales-de-los-alimentos-en-febrero\/#breadcrumb","itemListElement":[{"@type":"ListItem","position":1,"name":"Portada","item":"https:\/\/www.mundoagropecuario.cl\/new\/"},{"@type":"ListItem","position":2,"name":"Los l\u00e1cteos empujan precios mundiales de los alimentos en febrero"}]},{"@type":"WebSite","@id":"https:\/\/www.mundoagropecuario.cl\/new\/#website","url":"https:\/\/www.mundoagropecuario.cl\/new\/","name":"Mundoagropecuario","description":"Mundo Agropecuario","publisher":{"@id":"https:\/\/www.mundoagropecuario.cl\/new\/#organization"},"potentialAction":[{"@type":"SearchAction","target":{"@type":"EntryPoint","urlTemplate":"https:\/\/www.mundoagropecuario.cl\/new\/?s={search_term_string}"},"query-input":{"@type":"PropertyValueSpecification","valueRequired":true,"valueName":"search_term_string"}}],"inLanguage":"es"},{"@type":"Organization","@id":"https:\/\/www.mundoagropecuario.cl\/new\/#organization","name":"Revista de Agricultura","url":"https:\/\/www.mundoagropecuario.cl\/new\/","logo":{"@type":"ImageObject","inLanguage":"es","@id":"https:\/\/www.mundoagropecuario.cl\/new\/#\/schema\/logo\/image\/","url":"https:\/\/www.mundoagropecuario.cl\/new\/wp-content\/uploads\/2020\/11\/PORTAL-1-1.png","contentUrl":"https:\/\/www.mundoagropecuario.cl\/new\/wp-content\/uploads\/2020\/11\/PORTAL-1-1.png","width":1026,"height":100,"caption":"Revista de Agricultura"},"image":{"@id":"https:\/\/www.mundoagropecuario.cl\/new\/#\/schema\/logo\/image\/"},"sameAs":["https:\/\/www.facebook.com\/mundo.agropecuario.3","https:\/\/x.com\/MundoAgropecuar","https:\/\/www.linkedin.com\/in\/mundo-agropecuario-934009201\/"]},{"@type":"Person","@id":"https:\/\/www.mundoagropecuario.cl\/new\/#\/schema\/person\/0c221050801c74e45256a7a9a1ff0803","name":"periodista","url":"https:\/\/www.mundoagropecuario.cl\/new\/author\/periodista\/"}]}},"_links":{"self":[{"href":"https:\/\/www.mundoagropecuario.cl\/new\/wp-json\/wp\/v2\/posts\/10890","targetHints":{"allow":["GET"]}}],"collection":[{"href":"https:\/\/www.mundoagropecuario.cl\/new\/wp-json\/wp\/v2\/posts"}],"about":[{"href":"https:\/\/www.mundoagropecuario.cl\/new\/wp-json\/wp\/v2\/types\/post"}],"author":[{"embeddable":true,"href":"https:\/\/www.mundoagropecuario.cl\/new\/wp-json\/wp\/v2\/users\/3"}],"replies":[{"embeddable":true,"href":"https:\/\/www.mundoagropecuario.cl\/new\/wp-json\/wp\/v2\/comments?post=10890"}],"version-history":[{"count":1,"href":"https:\/\/www.mundoagropecuario.cl\/new\/wp-json\/wp\/v2\/posts\/10890\/revisions"}],"predecessor-version":[{"id":10891,"href":"https:\/\/www.mundoagropecuario.cl\/new\/wp-json\/wp\/v2\/posts\/10890\/revisions\/10891"}],"wp:featuredmedia":[{"embeddable":true,"href":"https:\/\/www.mundoagropecuario.cl\/new\/wp-json\/wp\/v2\/media\/7718"}],"wp:attachment":[{"href":"https:\/\/www.mundoagropecuario.cl\/new\/wp-json\/wp\/v2\/media?parent=10890"}],"wp:term":[{"taxonomy":"category","embeddable":true,"href":"https:\/\/www.mundoagropecuario.cl\/new\/wp-json\/wp\/v2\/categories?post=10890"},{"taxonomy":"post_tag","embeddable":true,"href":"https:\/\/www.mundoagropecuario.cl\/new\/wp-json\/wp\/v2\/tags?post=10890"}],"curies":[{"name":"wp","href":"https:\/\/api.w.org\/{rel}","templated":true}]}}