{"id":10866,"date":"2019-03-07T03:45:38","date_gmt":"2019-03-07T06:45:38","guid":{"rendered":"http:\/\/www.mundoagropecuario.cl\/new\/?p=10866"},"modified":"2019-03-14T11:47:30","modified_gmt":"2019-03-14T14:47:30","slug":"jpmorgan-culpa-a-la-carne-por-alza-de-inflacion-en-argentina","status":"publish","type":"post","link":"https:\/\/www.mundoagropecuario.cl\/new\/jpmorgan-culpa-a-la-carne-por-alza-de-inflacion-en-argentina\/","title":{"rendered":"JPMorgan culpa a la carne por alza de inflaci\u00f3n en Argentina"},"content":{"rendered":"<blockquote><p><em>El banco de inversi\u00f3n elev\u00f3 su proyecci\u00f3n de precios al consumidor para febrero a 3,9% desde 3,2% (Pulso-La Tercera).<\/em><\/p><\/blockquote>\n<p>La famosa carne de vacuna de Argentina habr\u00eda surgido como uno de los principales impulsores de la inflaci\u00f3n en febrero, escribi\u00f3 JPMorgan Chase &amp; Co. en una nota el mi\u00e9rcoles.<\/p>\n<p>El banco elev\u00f3 su proyecci\u00f3n de precios al consumidor para ese mes a un 3,9 por ciento desde un 3,2 por ciento. El principal responsable, seg\u00fan los analistas de JPMorgan Lucila Barbeito y Diego Pereira, es la carne roja, con precios que sorprendieron al alza el mes pasado.<\/p>\n<p>Tras aumentar a un 6,7 por ciento en enero, se espera que los precios de la carne roja en Argentina suban otro 7 por ciento en febrero, seg\u00fan Barbeito y Pereira. Los incrementos de los precios regulados en las cuentas de servicios y transporte p\u00fablico tambi\u00e9n incidieron en la inflaci\u00f3n.<\/p>\n","protected":false},"excerpt":{"rendered":"<p>El banco de inversi\u00f3n elev\u00f3 su proyecci\u00f3n de precios al consumidor para febrero a 3,9% desde 3,2% (Pulso-La Tercera). La famosa carne de vacuna de Argentina habr\u00eda surgido como uno&#8230;<\/p>\n","protected":false},"author":3,"featured_media":7673,"comment_status":"closed","ping_status":"closed","sticky":false,"template":"","format":"standard","meta":{"footnotes":""},"categories":[1944],"tags":[1144,2120],"class_list":["post-10866","post","type-post","status-publish","format-standard","has-post-thumbnail","hentry","category-ganaderia","tag-argentina","tag-carne"],"yoast_head":"<!-- This site is optimized with the Yoast SEO plugin v26.6 - https:\/\/yoast.com\/wordpress\/plugins\/seo\/ -->\n<title>JPMorgan culpa a la carne por alza de inflaci\u00f3n en Argentina - Mundoagropecuario<\/title>\n<meta name=\"robots\" content=\"index, follow, max-snippet:-1, max-image-preview:large, max-video-preview:-1\" \/>\n<link rel=\"canonical\" href=\"https:\/\/www.mundoagropecuario.cl\/new\/jpmorgan-culpa-a-la-carne-por-alza-de-inflacion-en-argentina\/\" \/>\n<meta property=\"og:locale\" content=\"es_ES\" \/>\n<meta property=\"og:type\" content=\"article\" \/>\n<meta property=\"og:title\" content=\"JPMorgan culpa a la carne por alza de inflaci\u00f3n en Argentina - Mundoagropecuario\" \/>\n<meta property=\"og:description\" content=\"El banco de inversi\u00f3n elev\u00f3 su proyecci\u00f3n de precios al consumidor para febrero a 3,9% desde 3,2% (Pulso-La Tercera). La famosa carne de vacuna de Argentina habr\u00eda surgido como uno...\" \/>\n<meta property=\"og:url\" content=\"https:\/\/www.mundoagropecuario.cl\/new\/jpmorgan-culpa-a-la-carne-por-alza-de-inflacion-en-argentina\/\" \/>\n<meta property=\"og:site_name\" content=\"Mundoagropecuario\" \/>\n<meta property=\"article:publisher\" content=\"https:\/\/www.facebook.com\/mundo.agropecuario.3\" \/>\n<meta property=\"article:published_time\" content=\"2019-03-07T06:45:38+00:00\" \/>\n<meta property=\"article:modified_time\" content=\"2019-03-14T14:47:30+00:00\" \/>\n<meta property=\"og:image\" content=\"https:\/\/www.mundoagropecuario.cl\/new\/wp-content\/uploads\/2018\/07\/carne.jpg\" \/>\n\t<meta property=\"og:image:width\" content=\"1000\" \/>\n\t<meta property=\"og:image:height\" content=\"656\" \/>\n\t<meta property=\"og:image:type\" content=\"image\/jpeg\" \/>\n<meta name=\"author\" content=\"periodista\" \/>\n<meta name=\"twitter:card\" content=\"summary_large_image\" \/>\n<meta name=\"twitter:creator\" content=\"@MundoAgropecuar\" \/>\n<meta name=\"twitter:site\" content=\"@MundoAgropecuar\" \/>\n<meta name=\"twitter:label1\" content=\"Escrito por\" \/>\n\t<meta name=\"twitter:data1\" content=\"periodista\" \/>\n\t<meta name=\"twitter:label2\" content=\"Tiempo de lectura\" \/>\n\t<meta name=\"twitter:data2\" content=\"1 minuto\" \/>\n<script type=\"application\/ld+json\" class=\"yoast-schema-graph\">{\"@context\":\"https:\/\/schema.org\",\"@graph\":[{\"@type\":\"Article\",\"@id\":\"https:\/\/www.mundoagropecuario.cl\/new\/jpmorgan-culpa-a-la-carne-por-alza-de-inflacion-en-argentina\/#article\",\"isPartOf\":{\"@id\":\"https:\/\/www.mundoagropecuario.cl\/new\/jpmorgan-culpa-a-la-carne-por-alza-de-inflacion-en-argentina\/\"},\"author\":{\"name\":\"periodista\",\"@id\":\"https:\/\/www.mundoagropecuario.cl\/new\/#\/schema\/person\/0c221050801c74e45256a7a9a1ff0803\"},\"headline\":\"JPMorgan culpa a la carne por alza de inflaci\u00f3n en Argentina\",\"datePublished\":\"2019-03-07T06:45:38+00:00\",\"dateModified\":\"2019-03-14T14:47:30+00:00\",\"mainEntityOfPage\":{\"@id\":\"https:\/\/www.mundoagropecuario.cl\/new\/jpmorgan-culpa-a-la-carne-por-alza-de-inflacion-en-argentina\/\"},\"wordCount\":164,\"publisher\":{\"@id\":\"https:\/\/www.mundoagropecuario.cl\/new\/#organization\"},\"image\":{\"@id\":\"https:\/\/www.mundoagropecuario.cl\/new\/jpmorgan-culpa-a-la-carne-por-alza-de-inflacion-en-argentina\/#primaryimage\"},\"thumbnailUrl\":\"https:\/\/www.mundoagropecuario.cl\/new\/wp-content\/uploads\/2018\/07\/carne.jpg\",\"keywords\":[\"Argentina\",\"Carne\"],\"articleSection\":[\"Ganader\u00eda\"],\"inLanguage\":\"es\"},{\"@type\":\"WebPage\",\"@id\":\"https:\/\/www.mundoagropecuario.cl\/new\/jpmorgan-culpa-a-la-carne-por-alza-de-inflacion-en-argentina\/\",\"url\":\"https:\/\/www.mundoagropecuario.cl\/new\/jpmorgan-culpa-a-la-carne-por-alza-de-inflacion-en-argentina\/\",\"name\":\"JPMorgan culpa a la carne por alza de inflaci\u00f3n en Argentina - Mundoagropecuario\",\"isPartOf\":{\"@id\":\"https:\/\/www.mundoagropecuario.cl\/new\/#website\"},\"primaryImageOfPage\":{\"@id\":\"https:\/\/www.mundoagropecuario.cl\/new\/jpmorgan-culpa-a-la-carne-por-alza-de-inflacion-en-argentina\/#primaryimage\"},\"image\":{\"@id\":\"https:\/\/www.mundoagropecuario.cl\/new\/jpmorgan-culpa-a-la-carne-por-alza-de-inflacion-en-argentina\/#primaryimage\"},\"thumbnailUrl\":\"https:\/\/www.mundoagropecuario.cl\/new\/wp-content\/uploads\/2018\/07\/carne.jpg\",\"datePublished\":\"2019-03-07T06:45:38+00:00\",\"dateModified\":\"2019-03-14T14:47:30+00:00\",\"breadcrumb\":{\"@id\":\"https:\/\/www.mundoagropecuario.cl\/new\/jpmorgan-culpa-a-la-carne-por-alza-de-inflacion-en-argentina\/#breadcrumb\"},\"inLanguage\":\"es\",\"potentialAction\":[{\"@type\":\"ReadAction\",\"target\":[\"https:\/\/www.mundoagropecuario.cl\/new\/jpmorgan-culpa-a-la-carne-por-alza-de-inflacion-en-argentina\/\"]}]},{\"@type\":\"ImageObject\",\"inLanguage\":\"es\",\"@id\":\"https:\/\/www.mundoagropecuario.cl\/new\/jpmorgan-culpa-a-la-carne-por-alza-de-inflacion-en-argentina\/#primaryimage\",\"url\":\"https:\/\/www.mundoagropecuario.cl\/new\/wp-content\/uploads\/2018\/07\/carne.jpg\",\"contentUrl\":\"https:\/\/www.mundoagropecuario.cl\/new\/wp-content\/uploads\/2018\/07\/carne.jpg\",\"width\":610,\"height\":400},{\"@type\":\"BreadcrumbList\",\"@id\":\"https:\/\/www.mundoagropecuario.cl\/new\/jpmorgan-culpa-a-la-carne-por-alza-de-inflacion-en-argentina\/#breadcrumb\",\"itemListElement\":[{\"@type\":\"ListItem\",\"position\":1,\"name\":\"Portada\",\"item\":\"https:\/\/www.mundoagropecuario.cl\/new\/\"},{\"@type\":\"ListItem\",\"position\":2,\"name\":\"JPMorgan culpa a la carne por alza de inflaci\u00f3n en Argentina\"}]},{\"@type\":\"WebSite\",\"@id\":\"https:\/\/www.mundoagropecuario.cl\/new\/#website\",\"url\":\"https:\/\/www.mundoagropecuario.cl\/new\/\",\"name\":\"Mundoagropecuario\",\"description\":\"Mundo Agropecuario\",\"publisher\":{\"@id\":\"https:\/\/www.mundoagropecuario.cl\/new\/#organization\"},\"potentialAction\":[{\"@type\":\"SearchAction\",\"target\":{\"@type\":\"EntryPoint\",\"urlTemplate\":\"https:\/\/www.mundoagropecuario.cl\/new\/?s={search_term_string}\"},\"query-input\":{\"@type\":\"PropertyValueSpecification\",\"valueRequired\":true,\"valueName\":\"search_term_string\"}}],\"inLanguage\":\"es\"},{\"@type\":\"Organization\",\"@id\":\"https:\/\/www.mundoagropecuario.cl\/new\/#organization\",\"name\":\"Revista de Agricultura\",\"url\":\"https:\/\/www.mundoagropecuario.cl\/new\/\",\"logo\":{\"@type\":\"ImageObject\",\"inLanguage\":\"es\",\"@id\":\"https:\/\/www.mundoagropecuario.cl\/new\/#\/schema\/logo\/image\/\",\"url\":\"https:\/\/www.mundoagropecuario.cl\/new\/wp-content\/uploads\/2020\/11\/PORTAL-1-1.png\",\"contentUrl\":\"https:\/\/www.mundoagropecuario.cl\/new\/wp-content\/uploads\/2020\/11\/PORTAL-1-1.png\",\"width\":1026,\"height\":100,\"caption\":\"Revista de Agricultura\"},\"image\":{\"@id\":\"https:\/\/www.mundoagropecuario.cl\/new\/#\/schema\/logo\/image\/\"},\"sameAs\":[\"https:\/\/www.facebook.com\/mundo.agropecuario.3\",\"https:\/\/x.com\/MundoAgropecuar\",\"https:\/\/www.linkedin.com\/in\/mundo-agropecuario-934009201\/\"]},{\"@type\":\"Person\",\"@id\":\"https:\/\/www.mundoagropecuario.cl\/new\/#\/schema\/person\/0c221050801c74e45256a7a9a1ff0803\",\"name\":\"periodista\",\"url\":\"https:\/\/www.mundoagropecuario.cl\/new\/author\/periodista\/\"}]}<\/script>\n<!-- \/ Yoast SEO plugin. -->","yoast_head_json":{"title":"JPMorgan culpa a la carne por alza de inflaci\u00f3n en Argentina - Mundoagropecuario","robots":{"index":"index","follow":"follow","max-snippet":"max-snippet:-1","max-image-preview":"max-image-preview:large","max-video-preview":"max-video-preview:-1"},"canonical":"https:\/\/www.mundoagropecuario.cl\/new\/jpmorgan-culpa-a-la-carne-por-alza-de-inflacion-en-argentina\/","og_locale":"es_ES","og_type":"article","og_title":"JPMorgan culpa a la carne por alza de inflaci\u00f3n en Argentina - Mundoagropecuario","og_description":"El banco de inversi\u00f3n elev\u00f3 su proyecci\u00f3n de precios al consumidor para febrero a 3,9% desde 3,2% (Pulso-La Tercera). La famosa carne de vacuna de Argentina habr\u00eda surgido como uno...","og_url":"https:\/\/www.mundoagropecuario.cl\/new\/jpmorgan-culpa-a-la-carne-por-alza-de-inflacion-en-argentina\/","og_site_name":"Mundoagropecuario","article_publisher":"https:\/\/www.facebook.com\/mundo.agropecuario.3","article_published_time":"2019-03-07T06:45:38+00:00","article_modified_time":"2019-03-14T14:47:30+00:00","og_image":[{"width":1000,"height":656,"url":"https:\/\/www.mundoagropecuario.cl\/new\/wp-content\/uploads\/2018\/07\/carne.jpg","type":"image\/jpeg"}],"author":"periodista","twitter_card":"summary_large_image","twitter_creator":"@MundoAgropecuar","twitter_site":"@MundoAgropecuar","twitter_misc":{"Escrito por":"periodista","Tiempo de lectura":"1 minuto"},"schema":{"@context":"https:\/\/schema.org","@graph":[{"@type":"Article","@id":"https:\/\/www.mundoagropecuario.cl\/new\/jpmorgan-culpa-a-la-carne-por-alza-de-inflacion-en-argentina\/#article","isPartOf":{"@id":"https:\/\/www.mundoagropecuario.cl\/new\/jpmorgan-culpa-a-la-carne-por-alza-de-inflacion-en-argentina\/"},"author":{"name":"periodista","@id":"https:\/\/www.mundoagropecuario.cl\/new\/#\/schema\/person\/0c221050801c74e45256a7a9a1ff0803"},"headline":"JPMorgan culpa a la carne por alza de inflaci\u00f3n en Argentina","datePublished":"2019-03-07T06:45:38+00:00","dateModified":"2019-03-14T14:47:30+00:00","mainEntityOfPage":{"@id":"https:\/\/www.mundoagropecuario.cl\/new\/jpmorgan-culpa-a-la-carne-por-alza-de-inflacion-en-argentina\/"},"wordCount":164,"publisher":{"@id":"https:\/\/www.mundoagropecuario.cl\/new\/#organization"},"image":{"@id":"https:\/\/www.mundoagropecuario.cl\/new\/jpmorgan-culpa-a-la-carne-por-alza-de-inflacion-en-argentina\/#primaryimage"},"thumbnailUrl":"https:\/\/www.mundoagropecuario.cl\/new\/wp-content\/uploads\/2018\/07\/carne.jpg","keywords":["Argentina","Carne"],"articleSection":["Ganader\u00eda"],"inLanguage":"es"},{"@type":"WebPage","@id":"https:\/\/www.mundoagropecuario.cl\/new\/jpmorgan-culpa-a-la-carne-por-alza-de-inflacion-en-argentina\/","url":"https:\/\/www.mundoagropecuario.cl\/new\/jpmorgan-culpa-a-la-carne-por-alza-de-inflacion-en-argentina\/","name":"JPMorgan culpa a la carne por alza de inflaci\u00f3n en Argentina - Mundoagropecuario","isPartOf":{"@id":"https:\/\/www.mundoagropecuario.cl\/new\/#website"},"primaryImageOfPage":{"@id":"https:\/\/www.mundoagropecuario.cl\/new\/jpmorgan-culpa-a-la-carne-por-alza-de-inflacion-en-argentina\/#primaryimage"},"image":{"@id":"https:\/\/www.mundoagropecuario.cl\/new\/jpmorgan-culpa-a-la-carne-por-alza-de-inflacion-en-argentina\/#primaryimage"},"thumbnailUrl":"https:\/\/www.mundoagropecuario.cl\/new\/wp-content\/uploads\/2018\/07\/carne.jpg","datePublished":"2019-03-07T06:45:38+00:00","dateModified":"2019-03-14T14:47:30+00:00","breadcrumb":{"@id":"https:\/\/www.mundoagropecuario.cl\/new\/jpmorgan-culpa-a-la-carne-por-alza-de-inflacion-en-argentina\/#breadcrumb"},"inLanguage":"es","potentialAction":[{"@type":"ReadAction","target":["https:\/\/www.mundoagropecuario.cl\/new\/jpmorgan-culpa-a-la-carne-por-alza-de-inflacion-en-argentina\/"]}]},{"@type":"ImageObject","inLanguage":"es","@id":"https:\/\/www.mundoagropecuario.cl\/new\/jpmorgan-culpa-a-la-carne-por-alza-de-inflacion-en-argentina\/#primaryimage","url":"https:\/\/www.mundoagropecuario.cl\/new\/wp-content\/uploads\/2018\/07\/carne.jpg","contentUrl":"https:\/\/www.mundoagropecuario.cl\/new\/wp-content\/uploads\/2018\/07\/carne.jpg","width":610,"height":400},{"@type":"BreadcrumbList","@id":"https:\/\/www.mundoagropecuario.cl\/new\/jpmorgan-culpa-a-la-carne-por-alza-de-inflacion-en-argentina\/#breadcrumb","itemListElement":[{"@type":"ListItem","position":1,"name":"Portada","item":"https:\/\/www.mundoagropecuario.cl\/new\/"},{"@type":"ListItem","position":2,"name":"JPMorgan culpa a la carne por alza de inflaci\u00f3n en Argentina"}]},{"@type":"WebSite","@id":"https:\/\/www.mundoagropecuario.cl\/new\/#website","url":"https:\/\/www.mundoagropecuario.cl\/new\/","name":"Mundoagropecuario","description":"Mundo Agropecuario","publisher":{"@id":"https:\/\/www.mundoagropecuario.cl\/new\/#organization"},"potentialAction":[{"@type":"SearchAction","target":{"@type":"EntryPoint","urlTemplate":"https:\/\/www.mundoagropecuario.cl\/new\/?s={search_term_string}"},"query-input":{"@type":"PropertyValueSpecification","valueRequired":true,"valueName":"search_term_string"}}],"inLanguage":"es"},{"@type":"Organization","@id":"https:\/\/www.mundoagropecuario.cl\/new\/#organization","name":"Revista de Agricultura","url":"https:\/\/www.mundoagropecuario.cl\/new\/","logo":{"@type":"ImageObject","inLanguage":"es","@id":"https:\/\/www.mundoagropecuario.cl\/new\/#\/schema\/logo\/image\/","url":"https:\/\/www.mundoagropecuario.cl\/new\/wp-content\/uploads\/2020\/11\/PORTAL-1-1.png","contentUrl":"https:\/\/www.mundoagropecuario.cl\/new\/wp-content\/uploads\/2020\/11\/PORTAL-1-1.png","width":1026,"height":100,"caption":"Revista de Agricultura"},"image":{"@id":"https:\/\/www.mundoagropecuario.cl\/new\/#\/schema\/logo\/image\/"},"sameAs":["https:\/\/www.facebook.com\/mundo.agropecuario.3","https:\/\/x.com\/MundoAgropecuar","https:\/\/www.linkedin.com\/in\/mundo-agropecuario-934009201\/"]},{"@type":"Person","@id":"https:\/\/www.mundoagropecuario.cl\/new\/#\/schema\/person\/0c221050801c74e45256a7a9a1ff0803","name":"periodista","url":"https:\/\/www.mundoagropecuario.cl\/new\/author\/periodista\/"}]}},"_links":{"self":[{"href":"https:\/\/www.mundoagropecuario.cl\/new\/wp-json\/wp\/v2\/posts\/10866","targetHints":{"allow":["GET"]}}],"collection":[{"href":"https:\/\/www.mundoagropecuario.cl\/new\/wp-json\/wp\/v2\/posts"}],"about":[{"href":"https:\/\/www.mundoagropecuario.cl\/new\/wp-json\/wp\/v2\/types\/post"}],"author":[{"embeddable":true,"href":"https:\/\/www.mundoagropecuario.cl\/new\/wp-json\/wp\/v2\/users\/3"}],"replies":[{"embeddable":true,"href":"https:\/\/www.mundoagropecuario.cl\/new\/wp-json\/wp\/v2\/comments?post=10866"}],"version-history":[{"count":1,"href":"https:\/\/www.mundoagropecuario.cl\/new\/wp-json\/wp\/v2\/posts\/10866\/revisions"}],"predecessor-version":[{"id":10867,"href":"https:\/\/www.mundoagropecuario.cl\/new\/wp-json\/wp\/v2\/posts\/10866\/revisions\/10867"}],"wp:featuredmedia":[{"embeddable":true,"href":"https:\/\/www.mundoagropecuario.cl\/new\/wp-json\/wp\/v2\/media\/7673"}],"wp:attachment":[{"href":"https:\/\/www.mundoagropecuario.cl\/new\/wp-json\/wp\/v2\/media?parent=10866"}],"wp:term":[{"taxonomy":"category","embeddable":true,"href":"https:\/\/www.mundoagropecuario.cl\/new\/wp-json\/wp\/v2\/categories?post=10866"},{"taxonomy":"post_tag","embeddable":true,"href":"https:\/\/www.mundoagropecuario.cl\/new\/wp-json\/wp\/v2\/tags?post=10866"}],"curies":[{"name":"wp","href":"https:\/\/api.w.org\/{rel}","templated":true}]}}