{"id":10788,"date":"2019-03-04T11:53:12","date_gmt":"2019-03-04T14:53:12","guid":{"rendered":"http:\/\/www.mundoagropecuario.cl\/new\/?p=10788"},"modified":"2019-03-04T11:53:12","modified_gmt":"2019-03-04T14:53:12","slug":"el-aumento-de-insectos-herbivoros-en-plantas-invasoras-aviva-las-plagas","status":"publish","type":"post","link":"https:\/\/www.mundoagropecuario.cl\/new\/el-aumento-de-insectos-herbivoros-en-plantas-invasoras-aviva-las-plagas\/","title":{"rendered":"El aumento de insectos herb\u00edvoros en plantas invasoras aviva las plagas"},"content":{"rendered":"<blockquote><p><em>La mimosa y la u\u00f1a de gato son dos especies ex\u00f3ticas que est\u00e1n causando un gran impacto en los ecosistemas del noroeste de la pen\u00ednsula ib\u00e9rica. Un estudio de la Universidad de Vigo y el Museo de Historia Natural de Nueva York alerta de que la presencia de estas plantas invasoras contribuye a las plagas de insectos herb\u00edvoros (Agencia Sinc).<\/em><\/p><\/blockquote>\n<p>En 2018, un estudio sobre las \u2018100 peores especies ex\u00f3ticas en Europa\u2019 inclu\u00eda a la mimosa (Acacia dealbata) y la u\u00f1a de gato (Carpobrotus edulis) entre ellas. Se trata de dos plantas invasoras muy extendidas por el noroeste peninsular, que acarrean consecuencias negativas en los ecosistemas aut\u00f3ctonos.<\/p>\n<p>Una nueva investigaci\u00f3n de la Universidad de Vigo y el Museo de Historia Natural de Nueva York (EE UU) detalla c\u00f3mo estas dos especies incrementan los insectos ex\u00f3ticos y los generalistas nativos, lo que podr\u00eda favorecer la expansi\u00f3n de enfermedades mediante insectos vectores.<\/p>\n<p>\u201cEstas plantas ex\u00f3ticas fueron introducidas en Europa hace m\u00e1s de un siglo, sin embargo, este es el primer art\u00edculo que analiza las interacciones entre plantas e insectos herb\u00edvoros y los posibles enemigos invertebrados que acumulan\u201d, dice a Sinc Jonatan Rodr\u00edguez, cient\u00edfico de la Universidad de Vigo, Espa\u00f1a, que lidera el estudio publicado en la revista Biological Invasions.<\/p>\n<p>El trabajo lo realizaron a partir de un muestreo de campo de tres meses durante la primavera de 2015 en cinco pinares mixtos, cuatro matorrales y nueve \u00e1reas costeras. Las zonas de muestreo se clasificaron en tres niveles de invasi\u00f3n: bajo, medio, alto, y se inspeccion\u00f3 de forma detallada la presencia de interacciones de las plantas con los insectos herb\u00edvoros mediante observaciones visuales planta por planta e identificando todas las especies encontradas.<\/p>\n<p>Los resultados demuestran que los insectos ex\u00f3ticos est\u00e1n sustentados por plantas introducidas y aumentan la aparici\u00f3n y la variedad de estas plagas. \u201cMuchas especies de plantas nativas pueden verse amenazadas, tanto las presentes en zonas costeras \u2013invadidas por la u\u00f1a de gato\u2013 como zonas forestales o cercanas a cultivos, invadidas por la mimosa\u201d, advierte Rodr\u00edguez.<\/p>\n<p>Aunque las capacidades invasivas de A. dealbata y C. edulis est\u00e1n bien documentadas, hay poca informaci\u00f3n sobre el efecto que producen en el caso de los insectos herb\u00edvoros. El estudio recoge que las plantas ex\u00f3ticas triplicaban la presencia de insectos herb\u00edvoros en comparaci\u00f3n con las plantas nativas. Adem\u00e1s, las plantas introducidas en las \u00e1reas forestales ten\u00edan aproximadamente ocho veces m\u00e1s fuerza de interacci\u00f3n de especies entre herb\u00edvoros y plantas.<\/p>\n<p><strong>Plantas hu\u00e9spedes de una bacteria da\u00f1ina para los cultivos<\/strong><\/p>\n<p>En el trabajo tambi\u00e9n han registrado al menos catorce especies de plantas que pueden ser posibles hu\u00e9spedes de Xylella fastidiosa \u2013una bacteria que amenaza a m\u00faltiples cultivos\u2013 incluyendo dentro de ellas, dos ex\u00f3ticas invasoras como Acacia longifolia o Conyza canadensis.<\/p>\n<p>\u201cAunque no probamos la presencia de pat\u00f3genos en las plantas, si sabemos que algunas especies encontradas como las cigarras espumadoras Philaenus spumarius o Cercopis intermedia son vectores de virus o bacterias que pueden llegar a transmitirse a otras plantas, como es el caso de esta bacteria\u201d, advierte el investigador.<\/p>\n<p>Seg\u00fan los autores, muchas especies nativas podr\u00edan verse amenazadas, ya que a menudo las invasoras est\u00e1n cerca de cultivos o huertos y favorecen la dispersi\u00f3n de enfermedades. \u201cSe podr\u00edan ver afectadas muchas con gran inter\u00e9s econ\u00f3mico como el olivo y la vid\u201d, a\u00f1ade.<\/p>\n<p>Por \u00faltimo, en el art\u00edculo hacen un llamamiento para que las autoridades competentes creen estrategias de manejo de los ecosistemas, que contribuyan a restaurar y proteger las \u00e1reas nativas para la conservaci\u00f3n de la biodiversidad.<\/p>\n<p>&nbsp;<\/p>\n<p>&nbsp;<\/p>\n<p>&nbsp;<\/p>\n","protected":false},"excerpt":{"rendered":"<p>La mimosa y la u\u00f1a de gato son dos especies ex\u00f3ticas que est\u00e1n causando un gran impacto en los ecosistemas del noroeste de la pen\u00ednsula ib\u00e9rica. Un estudio de la&#8230;<\/p>\n","protected":false},"author":3,"featured_media":10789,"comment_status":"closed","ping_status":"closed","sticky":false,"template":"","format":"standard","meta":{"footnotes":""},"categories":[1948],"tags":[2937,3377,2635],"class_list":["post-10788","post","type-post","status-publish","format-standard","has-post-thumbnail","hentry","category-sustentabilidad","tag-espana","tag-especies-invasoras","tag-plagas"],"yoast_head":"<!-- This site is optimized with the Yoast SEO plugin v26.6 - https:\/\/yoast.com\/wordpress\/plugins\/seo\/ -->\n<title>El aumento de insectos herb\u00edvoros en plantas invasoras aviva las plagas - Mundoagropecuario<\/title>\n<meta name=\"robots\" content=\"index, follow, max-snippet:-1, max-image-preview:large, max-video-preview:-1\" \/>\n<link rel=\"canonical\" href=\"https:\/\/www.mundoagropecuario.cl\/new\/el-aumento-de-insectos-herbivoros-en-plantas-invasoras-aviva-las-plagas\/\" \/>\n<meta property=\"og:locale\" content=\"es_ES\" \/>\n<meta property=\"og:type\" content=\"article\" \/>\n<meta property=\"og:title\" content=\"El aumento de insectos herb\u00edvoros en plantas invasoras aviva las plagas - Mundoagropecuario\" \/>\n<meta property=\"og:description\" content=\"La mimosa y la u\u00f1a de gato son dos especies ex\u00f3ticas que est\u00e1n causando un gran impacto en los ecosistemas del noroeste de la pen\u00ednsula ib\u00e9rica. Un estudio de la...\" \/>\n<meta property=\"og:url\" content=\"https:\/\/www.mundoagropecuario.cl\/new\/el-aumento-de-insectos-herbivoros-en-plantas-invasoras-aviva-las-plagas\/\" \/>\n<meta property=\"og:site_name\" content=\"Mundoagropecuario\" \/>\n<meta property=\"article:publisher\" content=\"https:\/\/www.facebook.com\/mundo.agropecuario.3\" \/>\n<meta property=\"article:published_time\" content=\"2019-03-04T14:53:12+00:00\" \/>\n<meta property=\"og:image\" content=\"https:\/\/www.mundoagropecuario.cl\/new\/wp-content\/uploads\/2019\/03\/mimosa-espnha.jpg\" \/>\n\t<meta property=\"og:image:width\" content=\"676\" \/>\n\t<meta property=\"og:image:height\" content=\"380\" \/>\n\t<meta property=\"og:image:type\" content=\"image\/jpeg\" \/>\n<meta name=\"author\" content=\"periodista\" \/>\n<meta name=\"twitter:card\" content=\"summary_large_image\" \/>\n<meta name=\"twitter:creator\" content=\"@MundoAgropecuar\" \/>\n<meta name=\"twitter:site\" content=\"@MundoAgropecuar\" \/>\n<meta name=\"twitter:label1\" content=\"Escrito por\" \/>\n\t<meta name=\"twitter:data1\" content=\"periodista\" \/>\n\t<meta name=\"twitter:label2\" content=\"Tiempo de lectura\" \/>\n\t<meta name=\"twitter:data2\" content=\"3 minutos\" \/>\n<script type=\"application\/ld+json\" class=\"yoast-schema-graph\">{\"@context\":\"https:\/\/schema.org\",\"@graph\":[{\"@type\":\"Article\",\"@id\":\"https:\/\/www.mundoagropecuario.cl\/new\/el-aumento-de-insectos-herbivoros-en-plantas-invasoras-aviva-las-plagas\/#article\",\"isPartOf\":{\"@id\":\"https:\/\/www.mundoagropecuario.cl\/new\/el-aumento-de-insectos-herbivoros-en-plantas-invasoras-aviva-las-plagas\/\"},\"author\":{\"name\":\"periodista\",\"@id\":\"https:\/\/www.mundoagropecuario.cl\/new\/#\/schema\/person\/0c221050801c74e45256a7a9a1ff0803\"},\"headline\":\"El aumento de insectos herb\u00edvoros en plantas invasoras aviva las plagas\",\"datePublished\":\"2019-03-04T14:53:12+00:00\",\"mainEntityOfPage\":{\"@id\":\"https:\/\/www.mundoagropecuario.cl\/new\/el-aumento-de-insectos-herbivoros-en-plantas-invasoras-aviva-las-plagas\/\"},\"wordCount\":648,\"publisher\":{\"@id\":\"https:\/\/www.mundoagropecuario.cl\/new\/#organization\"},\"image\":{\"@id\":\"https:\/\/www.mundoagropecuario.cl\/new\/el-aumento-de-insectos-herbivoros-en-plantas-invasoras-aviva-las-plagas\/#primaryimage\"},\"thumbnailUrl\":\"https:\/\/www.mundoagropecuario.cl\/new\/wp-content\/uploads\/2019\/03\/mimosa-espnha.jpg\",\"keywords\":[\"Espa\u00f1a\",\"especies invasoras\",\"plagas\"],\"articleSection\":[\"Sustentabilidad\"],\"inLanguage\":\"es\"},{\"@type\":\"WebPage\",\"@id\":\"https:\/\/www.mundoagropecuario.cl\/new\/el-aumento-de-insectos-herbivoros-en-plantas-invasoras-aviva-las-plagas\/\",\"url\":\"https:\/\/www.mundoagropecuario.cl\/new\/el-aumento-de-insectos-herbivoros-en-plantas-invasoras-aviva-las-plagas\/\",\"name\":\"El aumento de insectos herb\u00edvoros en plantas invasoras aviva las plagas - Mundoagropecuario\",\"isPartOf\":{\"@id\":\"https:\/\/www.mundoagropecuario.cl\/new\/#website\"},\"primaryImageOfPage\":{\"@id\":\"https:\/\/www.mundoagropecuario.cl\/new\/el-aumento-de-insectos-herbivoros-en-plantas-invasoras-aviva-las-plagas\/#primaryimage\"},\"image\":{\"@id\":\"https:\/\/www.mundoagropecuario.cl\/new\/el-aumento-de-insectos-herbivoros-en-plantas-invasoras-aviva-las-plagas\/#primaryimage\"},\"thumbnailUrl\":\"https:\/\/www.mundoagropecuario.cl\/new\/wp-content\/uploads\/2019\/03\/mimosa-espnha.jpg\",\"datePublished\":\"2019-03-04T14:53:12+00:00\",\"breadcrumb\":{\"@id\":\"https:\/\/www.mundoagropecuario.cl\/new\/el-aumento-de-insectos-herbivoros-en-plantas-invasoras-aviva-las-plagas\/#breadcrumb\"},\"inLanguage\":\"es\",\"potentialAction\":[{\"@type\":\"ReadAction\",\"target\":[\"https:\/\/www.mundoagropecuario.cl\/new\/el-aumento-de-insectos-herbivoros-en-plantas-invasoras-aviva-las-plagas\/\"]}]},{\"@type\":\"ImageObject\",\"inLanguage\":\"es\",\"@id\":\"https:\/\/www.mundoagropecuario.cl\/new\/el-aumento-de-insectos-herbivoros-en-plantas-invasoras-aviva-las-plagas\/#primaryimage\",\"url\":\"https:\/\/www.mundoagropecuario.cl\/new\/wp-content\/uploads\/2019\/03\/mimosa-espnha.jpg\",\"contentUrl\":\"https:\/\/www.mundoagropecuario.cl\/new\/wp-content\/uploads\/2019\/03\/mimosa-espnha.jpg\",\"width\":676,\"height\":380},{\"@type\":\"BreadcrumbList\",\"@id\":\"https:\/\/www.mundoagropecuario.cl\/new\/el-aumento-de-insectos-herbivoros-en-plantas-invasoras-aviva-las-plagas\/#breadcrumb\",\"itemListElement\":[{\"@type\":\"ListItem\",\"position\":1,\"name\":\"Portada\",\"item\":\"https:\/\/www.mundoagropecuario.cl\/new\/\"},{\"@type\":\"ListItem\",\"position\":2,\"name\":\"El aumento de insectos herb\u00edvoros en plantas invasoras aviva las plagas\"}]},{\"@type\":\"WebSite\",\"@id\":\"https:\/\/www.mundoagropecuario.cl\/new\/#website\",\"url\":\"https:\/\/www.mundoagropecuario.cl\/new\/\",\"name\":\"Mundoagropecuario\",\"description\":\"Mundo Agropecuario\",\"publisher\":{\"@id\":\"https:\/\/www.mundoagropecuario.cl\/new\/#organization\"},\"potentialAction\":[{\"@type\":\"SearchAction\",\"target\":{\"@type\":\"EntryPoint\",\"urlTemplate\":\"https:\/\/www.mundoagropecuario.cl\/new\/?s={search_term_string}\"},\"query-input\":{\"@type\":\"PropertyValueSpecification\",\"valueRequired\":true,\"valueName\":\"search_term_string\"}}],\"inLanguage\":\"es\"},{\"@type\":\"Organization\",\"@id\":\"https:\/\/www.mundoagropecuario.cl\/new\/#organization\",\"name\":\"Revista de Agricultura\",\"url\":\"https:\/\/www.mundoagropecuario.cl\/new\/\",\"logo\":{\"@type\":\"ImageObject\",\"inLanguage\":\"es\",\"@id\":\"https:\/\/www.mundoagropecuario.cl\/new\/#\/schema\/logo\/image\/\",\"url\":\"https:\/\/www.mundoagropecuario.cl\/new\/wp-content\/uploads\/2020\/11\/PORTAL-1-1.png\",\"contentUrl\":\"https:\/\/www.mundoagropecuario.cl\/new\/wp-content\/uploads\/2020\/11\/PORTAL-1-1.png\",\"width\":1026,\"height\":100,\"caption\":\"Revista de Agricultura\"},\"image\":{\"@id\":\"https:\/\/www.mundoagropecuario.cl\/new\/#\/schema\/logo\/image\/\"},\"sameAs\":[\"https:\/\/www.facebook.com\/mundo.agropecuario.3\",\"https:\/\/x.com\/MundoAgropecuar\",\"https:\/\/www.linkedin.com\/in\/mundo-agropecuario-934009201\/\"]},{\"@type\":\"Person\",\"@id\":\"https:\/\/www.mundoagropecuario.cl\/new\/#\/schema\/person\/0c221050801c74e45256a7a9a1ff0803\",\"name\":\"periodista\",\"url\":\"https:\/\/www.mundoagropecuario.cl\/new\/author\/periodista\/\"}]}<\/script>\n<!-- \/ Yoast SEO plugin. -->","yoast_head_json":{"title":"El aumento de insectos herb\u00edvoros en plantas invasoras aviva las plagas - Mundoagropecuario","robots":{"index":"index","follow":"follow","max-snippet":"max-snippet:-1","max-image-preview":"max-image-preview:large","max-video-preview":"max-video-preview:-1"},"canonical":"https:\/\/www.mundoagropecuario.cl\/new\/el-aumento-de-insectos-herbivoros-en-plantas-invasoras-aviva-las-plagas\/","og_locale":"es_ES","og_type":"article","og_title":"El aumento de insectos herb\u00edvoros en plantas invasoras aviva las plagas - Mundoagropecuario","og_description":"La mimosa y la u\u00f1a de gato son dos especies ex\u00f3ticas que est\u00e1n causando un gran impacto en los ecosistemas del noroeste de la pen\u00ednsula ib\u00e9rica. Un estudio de la...","og_url":"https:\/\/www.mundoagropecuario.cl\/new\/el-aumento-de-insectos-herbivoros-en-plantas-invasoras-aviva-las-plagas\/","og_site_name":"Mundoagropecuario","article_publisher":"https:\/\/www.facebook.com\/mundo.agropecuario.3","article_published_time":"2019-03-04T14:53:12+00:00","og_image":[{"width":676,"height":380,"url":"https:\/\/www.mundoagropecuario.cl\/new\/wp-content\/uploads\/2019\/03\/mimosa-espnha.jpg","type":"image\/jpeg"}],"author":"periodista","twitter_card":"summary_large_image","twitter_creator":"@MundoAgropecuar","twitter_site":"@MundoAgropecuar","twitter_misc":{"Escrito por":"periodista","Tiempo de lectura":"3 minutos"},"schema":{"@context":"https:\/\/schema.org","@graph":[{"@type":"Article","@id":"https:\/\/www.mundoagropecuario.cl\/new\/el-aumento-de-insectos-herbivoros-en-plantas-invasoras-aviva-las-plagas\/#article","isPartOf":{"@id":"https:\/\/www.mundoagropecuario.cl\/new\/el-aumento-de-insectos-herbivoros-en-plantas-invasoras-aviva-las-plagas\/"},"author":{"name":"periodista","@id":"https:\/\/www.mundoagropecuario.cl\/new\/#\/schema\/person\/0c221050801c74e45256a7a9a1ff0803"},"headline":"El aumento de insectos herb\u00edvoros en plantas invasoras aviva las plagas","datePublished":"2019-03-04T14:53:12+00:00","mainEntityOfPage":{"@id":"https:\/\/www.mundoagropecuario.cl\/new\/el-aumento-de-insectos-herbivoros-en-plantas-invasoras-aviva-las-plagas\/"},"wordCount":648,"publisher":{"@id":"https:\/\/www.mundoagropecuario.cl\/new\/#organization"},"image":{"@id":"https:\/\/www.mundoagropecuario.cl\/new\/el-aumento-de-insectos-herbivoros-en-plantas-invasoras-aviva-las-plagas\/#primaryimage"},"thumbnailUrl":"https:\/\/www.mundoagropecuario.cl\/new\/wp-content\/uploads\/2019\/03\/mimosa-espnha.jpg","keywords":["Espa\u00f1a","especies invasoras","plagas"],"articleSection":["Sustentabilidad"],"inLanguage":"es"},{"@type":"WebPage","@id":"https:\/\/www.mundoagropecuario.cl\/new\/el-aumento-de-insectos-herbivoros-en-plantas-invasoras-aviva-las-plagas\/","url":"https:\/\/www.mundoagropecuario.cl\/new\/el-aumento-de-insectos-herbivoros-en-plantas-invasoras-aviva-las-plagas\/","name":"El aumento de insectos herb\u00edvoros en plantas invasoras aviva las plagas - Mundoagropecuario","isPartOf":{"@id":"https:\/\/www.mundoagropecuario.cl\/new\/#website"},"primaryImageOfPage":{"@id":"https:\/\/www.mundoagropecuario.cl\/new\/el-aumento-de-insectos-herbivoros-en-plantas-invasoras-aviva-las-plagas\/#primaryimage"},"image":{"@id":"https:\/\/www.mundoagropecuario.cl\/new\/el-aumento-de-insectos-herbivoros-en-plantas-invasoras-aviva-las-plagas\/#primaryimage"},"thumbnailUrl":"https:\/\/www.mundoagropecuario.cl\/new\/wp-content\/uploads\/2019\/03\/mimosa-espnha.jpg","datePublished":"2019-03-04T14:53:12+00:00","breadcrumb":{"@id":"https:\/\/www.mundoagropecuario.cl\/new\/el-aumento-de-insectos-herbivoros-en-plantas-invasoras-aviva-las-plagas\/#breadcrumb"},"inLanguage":"es","potentialAction":[{"@type":"ReadAction","target":["https:\/\/www.mundoagropecuario.cl\/new\/el-aumento-de-insectos-herbivoros-en-plantas-invasoras-aviva-las-plagas\/"]}]},{"@type":"ImageObject","inLanguage":"es","@id":"https:\/\/www.mundoagropecuario.cl\/new\/el-aumento-de-insectos-herbivoros-en-plantas-invasoras-aviva-las-plagas\/#primaryimage","url":"https:\/\/www.mundoagropecuario.cl\/new\/wp-content\/uploads\/2019\/03\/mimosa-espnha.jpg","contentUrl":"https:\/\/www.mundoagropecuario.cl\/new\/wp-content\/uploads\/2019\/03\/mimosa-espnha.jpg","width":676,"height":380},{"@type":"BreadcrumbList","@id":"https:\/\/www.mundoagropecuario.cl\/new\/el-aumento-de-insectos-herbivoros-en-plantas-invasoras-aviva-las-plagas\/#breadcrumb","itemListElement":[{"@type":"ListItem","position":1,"name":"Portada","item":"https:\/\/www.mundoagropecuario.cl\/new\/"},{"@type":"ListItem","position":2,"name":"El aumento de insectos herb\u00edvoros en plantas invasoras aviva las plagas"}]},{"@type":"WebSite","@id":"https:\/\/www.mundoagropecuario.cl\/new\/#website","url":"https:\/\/www.mundoagropecuario.cl\/new\/","name":"Mundoagropecuario","description":"Mundo Agropecuario","publisher":{"@id":"https:\/\/www.mundoagropecuario.cl\/new\/#organization"},"potentialAction":[{"@type":"SearchAction","target":{"@type":"EntryPoint","urlTemplate":"https:\/\/www.mundoagropecuario.cl\/new\/?s={search_term_string}"},"query-input":{"@type":"PropertyValueSpecification","valueRequired":true,"valueName":"search_term_string"}}],"inLanguage":"es"},{"@type":"Organization","@id":"https:\/\/www.mundoagropecuario.cl\/new\/#organization","name":"Revista de Agricultura","url":"https:\/\/www.mundoagropecuario.cl\/new\/","logo":{"@type":"ImageObject","inLanguage":"es","@id":"https:\/\/www.mundoagropecuario.cl\/new\/#\/schema\/logo\/image\/","url":"https:\/\/www.mundoagropecuario.cl\/new\/wp-content\/uploads\/2020\/11\/PORTAL-1-1.png","contentUrl":"https:\/\/www.mundoagropecuario.cl\/new\/wp-content\/uploads\/2020\/11\/PORTAL-1-1.png","width":1026,"height":100,"caption":"Revista de Agricultura"},"image":{"@id":"https:\/\/www.mundoagropecuario.cl\/new\/#\/schema\/logo\/image\/"},"sameAs":["https:\/\/www.facebook.com\/mundo.agropecuario.3","https:\/\/x.com\/MundoAgropecuar","https:\/\/www.linkedin.com\/in\/mundo-agropecuario-934009201\/"]},{"@type":"Person","@id":"https:\/\/www.mundoagropecuario.cl\/new\/#\/schema\/person\/0c221050801c74e45256a7a9a1ff0803","name":"periodista","url":"https:\/\/www.mundoagropecuario.cl\/new\/author\/periodista\/"}]}},"_links":{"self":[{"href":"https:\/\/www.mundoagropecuario.cl\/new\/wp-json\/wp\/v2\/posts\/10788","targetHints":{"allow":["GET"]}}],"collection":[{"href":"https:\/\/www.mundoagropecuario.cl\/new\/wp-json\/wp\/v2\/posts"}],"about":[{"href":"https:\/\/www.mundoagropecuario.cl\/new\/wp-json\/wp\/v2\/types\/post"}],"author":[{"embeddable":true,"href":"https:\/\/www.mundoagropecuario.cl\/new\/wp-json\/wp\/v2\/users\/3"}],"replies":[{"embeddable":true,"href":"https:\/\/www.mundoagropecuario.cl\/new\/wp-json\/wp\/v2\/comments?post=10788"}],"version-history":[{"count":1,"href":"https:\/\/www.mundoagropecuario.cl\/new\/wp-json\/wp\/v2\/posts\/10788\/revisions"}],"predecessor-version":[{"id":10790,"href":"https:\/\/www.mundoagropecuario.cl\/new\/wp-json\/wp\/v2\/posts\/10788\/revisions\/10790"}],"wp:featuredmedia":[{"embeddable":true,"href":"https:\/\/www.mundoagropecuario.cl\/new\/wp-json\/wp\/v2\/media\/10789"}],"wp:attachment":[{"href":"https:\/\/www.mundoagropecuario.cl\/new\/wp-json\/wp\/v2\/media?parent=10788"}],"wp:term":[{"taxonomy":"category","embeddable":true,"href":"https:\/\/www.mundoagropecuario.cl\/new\/wp-json\/wp\/v2\/categories?post=10788"},{"taxonomy":"post_tag","embeddable":true,"href":"https:\/\/www.mundoagropecuario.cl\/new\/wp-json\/wp\/v2\/tags?post=10788"}],"curies":[{"name":"wp","href":"https:\/\/api.w.org\/{rel}","templated":true}]}}